{"id":51988,"date":"2020-07-21T20:36:01","date_gmt":"2020-07-22T01:36:01","guid":{"rendered":"http:\/\/www.grieta.org.mx\/?p=51988"},"modified":"2020-07-22T22:41:18","modified_gmt":"2020-07-23T03:41:18","slug":"234-mujeres-asesinadas-en-oaxaca-a-dos-anos-de-la-alerta-de-violencia-de-genero","status":"publish","type":"post","link":"http:\/\/www.grieta.org.mx\/index.php\/2020\/07\/21\/234-mujeres-asesinadas-en-oaxaca-a-dos-anos-de-la-alerta-de-violencia-de-genero\/","title":{"rendered":"234 mujeres asesinadas en Oaxaca, a dos a\u00f1os de la Alerta de Violencia de G\u00e9nero"},"content":{"rendered":"<p>Noticias \/ Citlalli Luciana.<\/p>\n<p>*AVGM fue emitida en 40 municipios de Oaxaca<\/p>\n<p><img loading=\"lazy\" decoding=\"async\" data-attachment-id=\"51989\" data-permalink=\"http:\/\/www.grieta.org.mx\/index.php\/2020\/07\/21\/234-mujeres-asesinadas-en-oaxaca-a-dos-anos-de-la-alerta-de-violencia-de-genero\/1-78\/\" data-orig-file=\"http:\/\/www.grieta.org.mx\/wp-content\/uploads\/2020\/07\/1.png\" data-orig-size=\"1144,645\" data-comments-opened=\"0\" data-image-meta=\"{&quot;aperture&quot;:&quot;0&quot;,&quot;credit&quot;:&quot;&quot;,&quot;camera&quot;:&quot;&quot;,&quot;caption&quot;:&quot;&quot;,&quot;created_timestamp&quot;:&quot;0&quot;,&quot;copyright&quot;:&quot;&quot;,&quot;focal_length&quot;:&quot;0&quot;,&quot;iso&quot;:&quot;0&quot;,&quot;shutter_speed&quot;:&quot;0&quot;,&quot;title&quot;:&quot;&quot;,&quot;orientation&quot;:&quot;0&quot;}\" data-image-title=\"1\" data-image-description=\"\" data-image-caption=\"\" data-medium-file=\"http:\/\/www.grieta.org.mx\/wp-content\/uploads\/2020\/07\/1-300x169.png\" data-large-file=\"http:\/\/www.grieta.org.mx\/wp-content\/uploads\/2020\/07\/1-1024x577.png\" class=\"aligncenter wp-image-51989\" src=\"http:\/\/www.grieta.org.mx\/wp-content\/uploads\/2020\/07\/1.png\" alt=\"\" width=\"800\" height=\"451\" srcset=\"http:\/\/www.grieta.org.mx\/wp-content\/uploads\/2020\/07\/1.png 1144w, http:\/\/www.grieta.org.mx\/wp-content\/uploads\/2020\/07\/1-300x169.png 300w, http:\/\/www.grieta.org.mx\/wp-content\/uploads\/2020\/07\/1-768x433.png 768w, http:\/\/www.grieta.org.mx\/wp-content\/uploads\/2020\/07\/1-1024x577.png 1024w, http:\/\/www.grieta.org.mx\/wp-content\/uploads\/2020\/07\/1-887x500.png 887w\" sizes=\"auto, (max-width: 800px) 100vw, 800px\" \/><\/p>\n<p>A casi dos a\u00f1os de que se emitiera la Alerta de Violencia de G\u00e9nero contra las Mujeres en 40 municipios de Oaxaca, los \u00edndices de violencia feminicida evidencian la falta de impacto para salvaguardar su vida.<\/p>\n<p>En ese lapso un total de 234 mujeres y ni\u00f1as han sido asesinadas de maneras cada vez m\u00e1s crueles, el de Evelin, feminicidio cometido en Mazatl\u00e1n Villa de Flores como el m\u00e1s recientente de la larga lista, da cuenta de ello.<\/p>\n<p>La joven quien era trabajadora en una tienda de renta de computadoras, fue torturada sexualmente antes de ser asesinada.<\/p>\n<p>\u201cA cada una de las 234 mujeres asesinadas, el estado les fall\u00f3. Dolor, indignaci\u00f3n e impunidad es lo que enfrentan sus hijos, hijas, madres, familias enteras como consecuencia de acciones u omisiones de estado que vulneran sus derechos\u201d, se\u00f1al\u00f3 Ang\u00e9lica Ayala Ortiz, presidenta del Grupo de Estudios Sobre la Mujer Rosario Castellanos (GESMujer).<\/p>\n<p>Violencia agravada<\/p>\n<p>Las cifras del Centro de Documentaci\u00f3n del Grupo de Estudios Sobre la Mujer Rosario Castellanos (GESMujer), detallan que de los 66 casos registrados en lo que va del a\u00f1o, el 21 por ciento fueron contra menores de edad, mientras que un 24 por ciento se cometieron al interior de los hogares.<\/p>\n<p>\u201cLamentablemente la violencia feminicida en Oaxaca ha aumentado, la declaratoria de alerta por violencia de g\u00e9nero emitida en 40 municipios del estado no ha mostrado impacto alguno, pues al 19 de julio 234 ni\u00f1as y mujeres han sido v\u00edctimas de la m\u00e1xima violaci\u00f3n a derechos humanos: el feminicidio. La violencia feminicida se est\u00e1 incrementando en contra de la poblaci\u00f3n m\u00e1s vulnerable\u201d, declar\u00f3.<\/p>\n<p>El 30 de agosto de 2018, la Secretaria de Gobernaci\u00f3n (Segob) a trav\u00e9s de la Comisi\u00f3n Nacional para Prevenir y Erradicar la Violencia Contra las Mujeres (Conavim) emiti\u00f3 la resoluci\u00f3n respecto a la solicitud AVGM\/042017 de Alerta de Violencia de Genero contra las Mujeres (AVGM) para el Estado de Oaxaca.<\/p>\n<p>El procedimiento deriv\u00f3 de la solicitud presentada por la Defensor\u00eda de los Derechos Humanos del Pueblo de Oaxaca el 3 de julio de 2017.<\/p>\n<p>La violencia feminicida -agreg\u00f3- no s\u00f3lo no ha cedido, sino que se ha agravado en el periodo de confinamiento social, pues \u00fanicamente en lo que va de estos cuatro meses ha cobrado la vida de 36 mujeres y ni\u00f1as.<\/p>\n<p>\u201cM\u00e1s all\u00e1 de las estad\u00edsticas, cada ni\u00f1a y mujer v\u00edctima de una violencia feminicida que crece, se extiende, nos preocupa porque a cada una de ellas el estado les fall\u00f3\u201d.<\/p>\n<p><a href=\"https:\/\/www.nvinoticias.com\/nota\/153763\/234-mujeres-asesinadas-en-oaxaca-dos-anos-de-la-alerta-de-violencia-de-genero\" target=\"_blank\" rel=\"noopener noreferrer\">https:\/\/www.nvinoticias.com\/nota\/153763\/234-mujeres-asesinadas-en-oaxaca-dos-anos-de-la-alerta-de-violencia-de-genero<\/a><\/p>\n","protected":false},"excerpt":{"rendered":"<p>Noticias \/ Citlalli Luciana. *AVGM fue emitida en 40 municipios de Oaxaca A casi dos a\u00f1os de que se emitiera la Alerta de Violencia de G\u00e9nero contra las Mujeres en &hellip; <a href=\"http:\/\/www.grieta.org.mx\/index.php\/2020\/07\/21\/234-mujeres-asesinadas-en-oaxaca-a-dos-anos-de-la-alerta-de-violencia-de-genero\/\" class=\"more-link\">Leer m\u00e1s<\/a><\/p>\n","protected":false},"author":2,"featured_media":21928,"comment_status":"closed","ping_status":"closed","sticky":false,"template":"","format":"standard","meta":{"ngg_post_thumbnail":0,"_jetpack_newsletter_access":"","_jetpack_dont_email_post_to_subs":false,"_jetpack_newsletter_tier_id":0,"_jetpack_memberships_contains_paywalled_content":false,"_jetpack_memberships_contains_paid_content":false,"footnotes":""},"categories":[80,1325,2,25,1665],"tags":[],"class_list":["post-51988","post","type-post","status-publish","format-standard","has-post-thumbnail","hentry","category-cintillo","category-feminicidios-en-oaxaca-oaxaca","category-noticias-nacionales","category-oaxaca","category-violencia-contra-las-mujeres-en-oaxaca","entry"],"jetpack_featured_media_url":"http:\/\/www.grieta.org.mx\/wp-content\/uploads\/2018\/03\/14524434_1106112876131411_958039263622046936_o.jpg","jetpack_sharing_enabled":true,"jetpack_shortlink":"https:\/\/wp.me\/p7ZJR4-dww","jetpack_likes_enabled":false,"jetpack-related-posts":[{"id":52887,"url":"http:\/\/www.grieta.org.mx\/index.php\/2020\/08\/28\/mujeres-desaparecidas-y-feminicidios-a-dos-anos-de-la-alerta-de-violencia-de-genero-en-oaxaca\/","url_meta":{"origin":51988,"position":0},"title":"Mujeres desaparecidas y feminicidios a dos a\u00f1os de la Alerta de Violencia de G\u00e9nero en Oaxaca","author":"grieta","date":"28 agosto, 2020","format":false,"excerpt":"P\u00e1gina 3 \/ Comunicados * La desaparici\u00f3n de mujeres se ha incrementado 74.5% (349 casos) respecto a los 200 casos registrados antes de la activaci\u00f3n del decreto. * Los feminicidios incrementaron 12% (142 casos) en comparaci\u00f3n con los 127 registrados durante los dos primeros a\u00f1os del gobierno estatal actual. En\u2026","rel":"","context":"En &quot;CINTILLO&quot;","block_context":{"text":"CINTILLO","link":"http:\/\/www.grieta.org.mx\/index.php\/category\/cintillo\/"},"img":{"alt_text":"","src":"https:\/\/i0.wp.com\/www.grieta.org.mx\/wp-content\/uploads\/2020\/08\/7.jpg?resize=350%2C200","width":350,"height":200,"srcset":"https:\/\/i0.wp.com\/www.grieta.org.mx\/wp-content\/uploads\/2020\/08\/7.jpg?resize=350%2C200 1x, https:\/\/i0.wp.com\/www.grieta.org.mx\/wp-content\/uploads\/2020\/08\/7.jpg?resize=525%2C300 1.5x, https:\/\/i0.wp.com\/www.grieta.org.mx\/wp-content\/uploads\/2020\/08\/7.jpg?resize=700%2C400 2x"},"classes":[]},{"id":52987,"url":"http:\/\/www.grieta.org.mx\/index.php\/2020\/08\/31\/gesmujer-perfila-al-gobierno-de-murat-como-el-de-mayor-violencia-feminicida-oaxaca\/","url_meta":{"origin":51988,"position":1},"title":"GESMujer perfila al gobierno de Murat como el de mayor violencia feminicida (Oaxaca)","author":"grieta","date":"31 agosto, 2020","format":false,"excerpt":"Proceso \/ Pedro Mat\u00edas. Alertan por feminicidios en Oaxaca. Foto: Twitter @GES_Mujer OAXACA, Oax. (apro).- El gobierno de Alejandro Murat Hinojosa se perfila como el de mayor violencia feminicida en la historia reciente de Oaxaca, con 458 casos de mujeres asesinadas, afirm\u00f3 el Grupo de Estudios sobre la Mujer \u201cRosario\u2026","rel":"","context":"En &quot;CINTILLO&quot;","block_context":{"text":"CINTILLO","link":"http:\/\/www.grieta.org.mx\/index.php\/category\/cintillo\/"},"img":{"alt_text":"","src":"https:\/\/i0.wp.com\/www.grieta.org.mx\/wp-content\/uploads\/2020\/09\/ges-1.jpg?resize=350%2C200","width":350,"height":200,"srcset":"https:\/\/i0.wp.com\/www.grieta.org.mx\/wp-content\/uploads\/2020\/09\/ges-1.jpg?resize=350%2C200 1x, https:\/\/i0.wp.com\/www.grieta.org.mx\/wp-content\/uploads\/2020\/09\/ges-1.jpg?resize=525%2C300 1.5x, https:\/\/i0.wp.com\/www.grieta.org.mx\/wp-content\/uploads\/2020\/09\/ges-1.jpg?resize=700%2C400 2x, https:\/\/i0.wp.com\/www.grieta.org.mx\/wp-content\/uploads\/2020\/09\/ges-1.jpg?resize=1050%2C600 3x"},"classes":[]},{"id":38424,"url":"http:\/\/www.grieta.org.mx\/index.php\/2019\/08\/27\/a-menos-de-un-ano-de-la-alerta-de-genero-van-122-mujeres-asesinadas-en-oaxaca\/","url_meta":{"origin":51988,"position":2},"title":"A menos de un a\u00f1o de la Alerta de G\u00e9nero, van 122 mujeres asesinadas en Oaxaca","author":"grieta","date":"27 agosto, 2019","format":false,"excerpt":"Jaime Guerrero \/ P\u00e1gina 3. A casi un a\u00f1o de decretarse la Alerta de Violencia de G\u00e9nero en Oaxaca en 40 municipios, la violencia feminicida se ha cobrado la vida de 122 mujeres en la entidad. Un total de 337 mujeres en lo que va de la administraci\u00f3n de Alejandro\u2026","rel":"","context":"En &quot;CINTILLO&quot;","block_context":{"text":"CINTILLO","link":"http:\/\/www.grieta.org.mx\/index.php\/category\/cintillo\/"},"img":{"alt_text":"","src":"https:\/\/i0.wp.com\/www.grieta.org.mx\/wp-content\/uploads\/2018\/03\/14524434_1106112876131411_958039263622046936_o.jpg?resize=350%2C200","width":350,"height":200,"srcset":"https:\/\/i0.wp.com\/www.grieta.org.mx\/wp-content\/uploads\/2018\/03\/14524434_1106112876131411_958039263622046936_o.jpg?resize=350%2C200 1x, https:\/\/i0.wp.com\/www.grieta.org.mx\/wp-content\/uploads\/2018\/03\/14524434_1106112876131411_958039263622046936_o.jpg?resize=525%2C300 1.5x, https:\/\/i0.wp.com\/www.grieta.org.mx\/wp-content\/uploads\/2018\/03\/14524434_1106112876131411_958039263622046936_o.jpg?resize=700%2C400 2x"},"classes":[]},{"id":38860,"url":"http:\/\/www.grieta.org.mx\/index.php\/2019\/09\/03\/alerta-de-genero-simulacion-complicidad-y-omision-el-estado-fallido-mata-mujeres-oaxaca\/","url_meta":{"origin":51988,"position":3},"title":"Alerta de G\u00e9nero: simulaci\u00f3n, complicidad y omisi\u00f3n; el Estado fallido mata mujeres (Oaxaca)","author":"grieta","date":"3 septiembre, 2019","format":false,"excerpt":"Pedro Mat\u00edas \/ P\u00e1gina 3. *Alejandro Murat ni siquiera cuenta con una pol\u00edtica p\u00fablica para atender este problema. *Van 127 mujeres y ni\u00f1as asesinadas desde que se decret\u00f3 la alerta de g\u00e9nero. OAXACA, Oax. (pagina3.mx).- A un a\u00f1o de que la Secretar\u00eda de Gobernaci\u00f3n decret\u00f3 la Alerta por Violencia de\u2026","rel":"","context":"En &quot;CINTILLO&quot;","block_context":{"text":"CINTILLO","link":"http:\/\/www.grieta.org.mx\/index.php\/category\/cintillo\/"},"img":{"alt_text":"","src":"https:\/\/i0.wp.com\/www.grieta.org.mx\/wp-content\/uploads\/2018\/03\/14524434_1106112876131411_958039263622046936_o.jpg?resize=350%2C200","width":350,"height":200,"srcset":"https:\/\/i0.wp.com\/www.grieta.org.mx\/wp-content\/uploads\/2018\/03\/14524434_1106112876131411_958039263622046936_o.jpg?resize=350%2C200 1x, https:\/\/i0.wp.com\/www.grieta.org.mx\/wp-content\/uploads\/2018\/03\/14524434_1106112876131411_958039263622046936_o.jpg?resize=525%2C300 1.5x, https:\/\/i0.wp.com\/www.grieta.org.mx\/wp-content\/uploads\/2018\/03\/14524434_1106112876131411_958039263622046936_o.jpg?resize=700%2C400 2x"},"classes":[]},{"id":24684,"url":"http:\/\/www.grieta.org.mx\/index.php\/2018\/05\/19\/en-una-semana-cinco-mujeres-asesinadas-en-oaxaca\/","url_meta":{"origin":51988,"position":4},"title":"En una semana, cinco mujeres asesinadas en Oaxaca","author":"grieta","date":"19 mayo, 2018","format":false,"excerpt":"Noticias. Citlalli Luciana, Oaxaca.-Los asesinatos contra las mujeres en Oaxaca se encuentran imparables. Tan s\u00f3lo en la semana que termina fueron cinco v\u00edctimas. En cuatro casos los cr\u00edmenes se cometieron con arma de fuego, forma cada vez m\u00e1s recurrente por la falta de control de \u00e9stas. En los \u00faltimos dos\u2026","rel":"","context":"En &quot;CINTILLO&quot;","block_context":{"text":"CINTILLO","link":"http:\/\/www.grieta.org.mx\/index.php\/category\/cintillo\/"},"img":{"alt_text":"","src":"https:\/\/i0.wp.com\/www.grieta.org.mx\/wp-content\/uploads\/2018\/07\/portada_-_feminicidios_4.jpg?resize=350%2C200","width":350,"height":200,"srcset":"https:\/\/i0.wp.com\/www.grieta.org.mx\/wp-content\/uploads\/2018\/07\/portada_-_feminicidios_4.jpg?resize=350%2C200 1x, https:\/\/i0.wp.com\/www.grieta.org.mx\/wp-content\/uploads\/2018\/07\/portada_-_feminicidios_4.jpg?resize=525%2C300 1.5x, https:\/\/i0.wp.com\/www.grieta.org.mx\/wp-content\/uploads\/2018\/07\/portada_-_feminicidios_4.jpg?resize=700%2C400 2x, https:\/\/i0.wp.com\/www.grieta.org.mx\/wp-content\/uploads\/2018\/07\/portada_-_feminicidios_4.jpg?resize=1050%2C600 3x"},"classes":[]},{"id":24773,"url":"http:\/\/www.grieta.org.mx\/index.php\/2018\/07\/16\/mas-de-198-feminicidios-en-oaxaca-urge-declarar-alerta-de-genero\/","url_meta":{"origin":51988,"position":5},"title":"M\u00e1s de 198 feminicidios en Oaxaca, urge declarar alerta de g\u00e9nero","author":"grieta","date":"16 julio, 2018","format":false,"excerpt":"P\u00e1gina 3. Diana Manzo \/ Corresponsal, Juchit\u00e1n, Oaxaca.- Paulina Tolentino L\u00f3pez de 16 a\u00f1os de edad desapareci\u00f3 hace una semana en Juchit\u00e1n y todav\u00eda no aparece, seg\u00fan la organizaci\u00f3n social Consorcio para la Equidad y G\u00e9nero suman 278 mujeres las desaparecidas en Oaxaca desde la administraci\u00f3n del actual gobernador Alejandro\u2026","rel":"","context":"En &quot;CINTILLO&quot;","block_context":{"text":"CINTILLO","link":"http:\/\/www.grieta.org.mx\/index.php\/category\/cintillo\/"},"img":{"alt_text":"","src":"https:\/\/i0.wp.com\/www.grieta.org.mx\/wp-content\/uploads\/2018\/07\/feminicidio-en-Oaxaca.jpg?resize=350%2C200","width":350,"height":200,"srcset":"https:\/\/i0.wp.com\/www.grieta.org.mx\/wp-content\/uploads\/2018\/07\/feminicidio-en-Oaxaca.jpg?resize=350%2C200 1x, https:\/\/i0.wp.com\/www.grieta.org.mx\/wp-content\/uploads\/2018\/07\/feminicidio-en-Oaxaca.jpg?resize=525%2C300 1.5x, https:\/\/i0.wp.com\/www.grieta.org.mx\/wp-content\/uploads\/2018\/07\/feminicidio-en-Oaxaca.jpg?resize=700%2C400 2x"},"classes":[]}],"_links":{"self":[{"href":"http:\/\/www.grieta.org.mx\/index.php\/wp-json\/wp\/v2\/posts\/51988","targetHints":{"allow":["GET"]}}],"collection":[{"href":"http:\/\/www.grieta.org.mx\/index.php\/wp-json\/wp\/v2\/posts"}],"about":[{"href":"http:\/\/www.grieta.org.mx\/index.php\/wp-json\/wp\/v2\/types\/post"}],"author":[{"embeddable":true,"href":"http:\/\/www.grieta.org.mx\/index.php\/wp-json\/wp\/v2\/users\/2"}],"replies":[{"embeddable":true,"href":"http:\/\/www.grieta.org.mx\/index.php\/wp-json\/wp\/v2\/comments?post=51988"}],"version-history":[{"count":1,"href":"http:\/\/www.grieta.org.mx\/index.php\/wp-json\/wp\/v2\/posts\/51988\/revisions"}],"predecessor-version":[{"id":51990,"href":"http:\/\/www.grieta.org.mx\/index.php\/wp-json\/wp\/v2\/posts\/51988\/revisions\/51990"}],"wp:featuredmedia":[{"embeddable":true,"href":"http:\/\/www.grieta.org.mx\/index.php\/wp-json\/wp\/v2\/media\/21928"}],"wp:attachment":[{"href":"http:\/\/www.grieta.org.mx\/index.php\/wp-json\/wp\/v2\/media?parent=51988"}],"wp:term":[{"taxonomy":"category","embeddable":true,"href":"http:\/\/www.grieta.org.mx\/index.php\/wp-json\/wp\/v2\/categories?post=51988"},{"taxonomy":"post_tag","embeddable":true,"href":"http:\/\/www.grieta.org.mx\/index.php\/wp-json\/wp\/v2\/tags?post=51988"}],"curies":[{"name":"wp","href":"https:\/\/api.w.org\/{rel}","templated":true}]}}