{"id":51918,"date":"2020-07-05T19:31:56","date_gmt":"2020-07-06T00:31:56","guid":{"rendered":"http:\/\/www.grieta.org.mx\/?p=51918"},"modified":"2020-07-18T19:58:18","modified_gmt":"2020-07-19T00:58:18","slug":"asi-fue-la-rodada-contra-el-tren-maya-en-ciudad-de-mexico","status":"publish","type":"post","link":"http:\/\/www.grieta.org.mx\/index.php\/2020\/07\/05\/asi-fue-la-rodada-contra-el-tren-maya-en-ciudad-de-mexico\/","title":{"rendered":"As\u00ed fue la rodada contra el Tren Maya en Ciudad de M\u00e9xico"},"content":{"rendered":"<p><img loading=\"lazy\" decoding=\"async\" data-attachment-id=\"51919\" data-permalink=\"http:\/\/www.grieta.org.mx\/index.php\/2020\/07\/05\/asi-fue-la-rodada-contra-el-tren-maya-en-ciudad-de-mexico\/asi-fue-la-rodada-contra-el-tren-maya-en-ciudad-de-mexico-jul\/\" data-orig-file=\"http:\/\/www.grieta.org.mx\/wp-content\/uploads\/2020\/07\/As\u00ed-fue-la-rodada-contra-el-Tren-Maya-en-Ciudad-de-M\u00e9xico-jul.jpg\" data-orig-size=\"300,168\" data-comments-opened=\"0\" data-image-meta=\"{&quot;aperture&quot;:&quot;0&quot;,&quot;credit&quot;:&quot;&quot;,&quot;camera&quot;:&quot;&quot;,&quot;caption&quot;:&quot;&quot;,&quot;created_timestamp&quot;:&quot;0&quot;,&quot;copyright&quot;:&quot;&quot;,&quot;focal_length&quot;:&quot;0&quot;,&quot;iso&quot;:&quot;0&quot;,&quot;shutter_speed&quot;:&quot;0&quot;,&quot;title&quot;:&quot;&quot;,&quot;orientation&quot;:&quot;0&quot;}\" data-image-title=\"As\u00ed fue la rodada contra el Tren Maya en Ciudad de M\u00e9xico jul\" data-image-description=\"\" data-image-caption=\"\" data-medium-file=\"http:\/\/www.grieta.org.mx\/wp-content\/uploads\/2020\/07\/As\u00ed-fue-la-rodada-contra-el-Tren-Maya-en-Ciudad-de-M\u00e9xico-jul-300x168.jpg\" data-large-file=\"http:\/\/www.grieta.org.mx\/wp-content\/uploads\/2020\/07\/As\u00ed-fue-la-rodada-contra-el-Tren-Maya-en-Ciudad-de-M\u00e9xico-jul.jpg\" class=\"aligncenter size-full wp-image-51919\" src=\"http:\/\/www.grieta.org.mx\/wp-content\/uploads\/2020\/07\/As\u00ed-fue-la-rodada-contra-el-Tren-Maya-en-Ciudad-de-M\u00e9xico-jul.jpg\" alt=\"\" width=\"300\" height=\"168\" \/><br \/>\nFoto tomada de: www.poresto.net<\/p>\n<p>Por Esto<\/p>\n<blockquote><p>&#8220;Sabotaje al Tren Maya&#8221; y &#8220;Yo prefiero la selva&#8221; fueron algunos de los mensajes que portaron los<br \/>\nmanifestantes durante la rodada<\/p><\/blockquote>\n<p>Distintos colectivos se manifestaron contra la construcci\u00f3n del Tren Maya con una rodada en Ciudad de M\u00e9xico.<\/p>\n<p>Los manifestantes iniciaron su recorrido alrededor de las 10 horas partiendo del edificio del Fondo Nacional del Fomento al Turismo (Fonatur) con rumbo al \u00c1ngel de la independencia.<\/p>\n<p>Previo a la rodada, se realiz\u00f3 una intervenci\u00f3n art\u00edstica, que consisti\u00f3 en escribir mensajes como &#8220;sabotaje al Tren Maya&#8221; y &#8220;Fuego a las fronteras&#8221;, en distintos edificios de la zona.<\/p>\n<p>\u201cUna rodada es una forma de visibilizar y nunca callar, ya que sin importar qu\u00e9 tipo de gobierno llegue al poder\u2026No apelamos al pacifismo sino a la violencia siendo ejercida a trav\u00e9s de lo art\u00edstico\u201d, explic\u00f3 en redes sociales el colectivo \u201cTlacuacha Compartida\u201d, uno de los organizadores.<\/p>\n<p>Los participantes portaban carteles con frases como &#8220;Prefiero la selva&#8221; y algunos ten\u00edan m\u00e1scaras de animales propios de la regi\u00f3n como jaguares.<\/p>\n<p>La asociaci\u00f3n civil &#8220;Ecoactivista&#8221; fue otra de las participantes en la rodada.<\/p>\n<p><a href=\"https:\/\/www.poresto.net\/republica\/2020\/7\/5\/asi-fue-la-rodada-contra-el-tren-maya-en-ciudad-de-mexico-1178.html\" target=\"_blank\" rel=\"noopener noreferrer\">https:\/\/www.poresto.net\/republica\/2020\/7\/5\/asi-fue-la-rodada-contra-el-tren-maya-en-ciudad-de-mexico-1178.html<\/a><\/p>\n","protected":false},"excerpt":{"rendered":"<p>Foto tomada de: www.poresto.net Por Esto &#8220;Sabotaje al Tren Maya&#8221; y &#8220;Yo prefiero la selva&#8221; fueron algunos de los mensajes que portaron los manifestantes durante la rodada Distintos colectivos se &hellip; <a href=\"http:\/\/www.grieta.org.mx\/index.php\/2020\/07\/05\/asi-fue-la-rodada-contra-el-tren-maya-en-ciudad-de-mexico\/\" class=\"more-link\">Leer m\u00e1s<\/a><\/p>\n","protected":false},"author":2,"featured_media":51919,"comment_status":"closed","ping_status":"closed","sticky":false,"template":"","format":"standard","meta":{"ngg_post_thumbnail":0,"_jetpack_newsletter_access":"","_jetpack_dont_email_post_to_subs":false,"_jetpack_newsletter_tier_id":0,"_jetpack_memberships_contains_paywalled_content":false,"_jetpack_memberships_contains_paid_content":false,"footnotes":""},"categories":[80,14,3,922,2065,2,2026],"tags":[96,1878],"class_list":["post-51918","post","type-post","status-publish","format-standard","has-post-thumbnail","hentry","category-cintillo","category-ciudad-de-mexico","category-megaproyectos","category-megaproyectos-estados","category-movilizaciones-y-protestas-de-habitantes-de-la-ciudad-de-mexico","category-noticias-nacionales","category-tren-maya","tag-megaproyectos","tag-tren-maya","entry"],"jetpack_featured_media_url":"http:\/\/www.grieta.org.mx\/wp-content\/uploads\/2020\/07\/As\u00ed-fue-la-rodada-contra-el-Tren-Maya-en-Ciudad-de-M\u00e9xico-jul.jpg","jetpack_sharing_enabled":true,"jetpack_shortlink":"https:\/\/wp.me\/p7ZJR4-dvo","jetpack_likes_enabled":false,"jetpack-related-posts":[{"id":66097,"url":"http:\/\/www.grieta.org.mx\/index.php\/2023\/01\/17\/el-tren-maya-requerira-6-mil-500-guardias-militares\/","url_meta":{"origin":51918,"position":0},"title":"El Tren Maya requerir\u00e1 6 mil 500 guardias militares","author":"grieta","date":"17 enero, 2023","format":false,"excerpt":"Revista Proceso Ciudad de M\u00e9xico (AP) \u2014 Los costos ambientales y financieros del planeado Tren Maya en M\u00e9xico ya son colosales, pero las autoridades revelaron el martes 17 otro costo inesperado del proyecto impulsado por el presidente Andr\u00e9s Manuel L\u00f3pez Obrador. La Secretar\u00eda de la Defensa Nacional (Sedena) revel\u00f3 que\u2026","rel":"","context":"En &quot;Campeche&quot;","block_context":{"text":"Campeche","link":"http:\/\/www.grieta.org.mx\/index.php\/category\/noticias-nacionales\/campeche\/"},"img":{"alt_text":"","src":"https:\/\/i0.wp.com\/www.grieta.org.mx\/wp-content\/uploads\/2023\/01\/TrenMallaMilitarizacion-e1674339121228.jpg?resize=350%2C200","width":350,"height":200,"srcset":"https:\/\/i0.wp.com\/www.grieta.org.mx\/wp-content\/uploads\/2023\/01\/TrenMallaMilitarizacion-e1674339121228.jpg?resize=350%2C200 1x, https:\/\/i0.wp.com\/www.grieta.org.mx\/wp-content\/uploads\/2023\/01\/TrenMallaMilitarizacion-e1674339121228.jpg?resize=525%2C300 1.5x, https:\/\/i0.wp.com\/www.grieta.org.mx\/wp-content\/uploads\/2023\/01\/TrenMallaMilitarizacion-e1674339121228.jpg?resize=700%2C400 2x"},"classes":[]},{"id":70639,"url":"http:\/\/www.grieta.org.mx\/index.php\/2024\/12\/07\/contrato-del-tren-maya-contra-jaguares-venados-y-tapires-desata-indignacion-entre-ambientalistas\/","url_meta":{"origin":51918,"position":1},"title":"Contrato del Tren Maya contra jaguares, venados y tapires desata indignaci\u00f3n entre ambientalistas","author":"grieta","date":"7 diciembre, 2024","format":false,"excerpt":"Octavio Mart\u00ednez \/ Revista Proceso Tras revelarse la asignaci\u00f3n de un contrato de la empresa Tren Maya, que califica a jaguares y venados, entre otros animales, como fauna nociva para el proyecto, organizaciones ambientalistas se manifestaron en Quintana Roo y Ciudad de M\u00e9xico contra la designaci\u00f3n. PLAYA DEL CARMEN, Q.\u2026","rel":"","context":"En &quot;Campeche&quot;","block_context":{"text":"Campeche","link":"http:\/\/www.grieta.org.mx\/index.php\/category\/noticias-nacionales\/campeche\/"},"img":{"alt_text":"","src":"https:\/\/i0.wp.com\/www.grieta.org.mx\/wp-content\/uploads\/2024\/12\/Fauna-e1733709245363.jpg?resize=350%2C200","width":350,"height":200,"srcset":"https:\/\/i0.wp.com\/www.grieta.org.mx\/wp-content\/uploads\/2024\/12\/Fauna-e1733709245363.jpg?resize=350%2C200 1x, https:\/\/i0.wp.com\/www.grieta.org.mx\/wp-content\/uploads\/2024\/12\/Fauna-e1733709245363.jpg?resize=525%2C300 1.5x, https:\/\/i0.wp.com\/www.grieta.org.mx\/wp-content\/uploads\/2024\/12\/Fauna-e1733709245363.jpg?resize=700%2C400 2x"},"classes":[]},{"id":50803,"url":"http:\/\/www.grieta.org.mx\/index.php\/2020\/06\/11\/marchan-en-contra-del-tren-maya-jalisco\/","url_meta":{"origin":51918,"position":2},"title":"Marchan en contra del Tren Maya (Jalisco)","author":"grieta","date":"11 junio, 2020","format":false,"excerpt":"Foto: Antonio Miramontes Manifestantes bloquearon parte de los carriles rumbo a Chapultepec, en donde entonaron consignas diversas en contra del Gobierno federal Elizabeth R\u00edos \/ El Occidental Al grito de \"No es progreso, es ecocidio\", docenas de j\u00f3venes se manifestaron este jueves en contra del Tren Maya; exigieron al gobierno\u2026","rel":"","context":"En &quot;CINTILLO&quot;","block_context":{"text":"CINTILLO","link":"http:\/\/www.grieta.org.mx\/index.php\/category\/cintillo\/"},"img":{"alt_text":"","src":"https:\/\/i0.wp.com\/www.grieta.org.mx\/wp-content\/uploads\/2020\/06\/marcha-tren-maya.jpg?resize=350%2C200","width":350,"height":200,"srcset":"https:\/\/i0.wp.com\/www.grieta.org.mx\/wp-content\/uploads\/2020\/06\/marcha-tren-maya.jpg?resize=350%2C200 1x, https:\/\/i0.wp.com\/www.grieta.org.mx\/wp-content\/uploads\/2020\/06\/marcha-tren-maya.jpg?resize=525%2C300 1.5x, https:\/\/i0.wp.com\/www.grieta.org.mx\/wp-content\/uploads\/2020\/06\/marcha-tren-maya.jpg?resize=700%2C400 2x"},"classes":[]},{"id":64433,"url":"http:\/\/www.grieta.org.mx\/index.php\/2022\/06\/09\/con-omisiones-e-imprecisiones-la-manifestacion-de-impacto-ambiental-para-el-tren-maya-ong\/","url_meta":{"origin":51918,"position":3},"title":"Con omisiones e imprecisiones, la Manifestaci\u00f3n de Impacto Ambiental para el Tren Maya: ONG","author":"grieta","date":"9 junio, 2022","format":false,"excerpt":"Proceso CIUDAD DE M\u00c9XICO (apro).\u2013 La Manifestaci\u00f3n de Impacto Ambiental (MIA) que el Fondo Nacional de Fomento al Turismo (Fonatur) elabor\u00f3 para reiniciar las obras del Tramo 5 Sur del Tren Maya tiene \u201cuna gran cantidad de omisiones e imprecisiones\u201d en informaci\u00f3n \u201cesencial\u201d para determinar los impactos ambientales del megaproyecto\u2026","rel":"","context":"En &quot;Campeche&quot;","block_context":{"text":"Campeche","link":"http:\/\/www.grieta.org.mx\/index.php\/category\/noticias-nacionales\/campeche\/"},"img":{"alt_text":"","src":"https:\/\/i0.wp.com\/www.grieta.org.mx\/wp-content\/uploads\/2022\/06\/MIATren-e1655851330619.png?resize=350%2C200","width":350,"height":200,"srcset":"https:\/\/i0.wp.com\/www.grieta.org.mx\/wp-content\/uploads\/2022\/06\/MIATren-e1655851330619.png?resize=350%2C200 1x, https:\/\/i0.wp.com\/www.grieta.org.mx\/wp-content\/uploads\/2022\/06\/MIATren-e1655851330619.png?resize=525%2C300 1.5x, https:\/\/i0.wp.com\/www.grieta.org.mx\/wp-content\/uploads\/2022\/06\/MIATren-e1655851330619.png?resize=700%2C400 2x"},"classes":[]},{"id":66094,"url":"http:\/\/www.grieta.org.mx\/index.php\/2023\/01\/18\/tribunal-otorga-nueva-suspension-contra-las-obras-del-tramo-5-del-tren-maya\/","url_meta":{"origin":51918,"position":4},"title":"Tribunal otorga nueva suspensi\u00f3n contra las obras del Tramo 5 del Tren Maya","author":"grieta","date":"18 enero, 2023","format":false,"excerpt":"Octavio Mart\u00ednez \/ Revista Proceso Un Tribunal Colegiado otorg\u00f3 una suspensi\u00f3n provisional de amparo contra las obras del Tramo 5 del Tren Maya, con lo que deber\u00e1n detenerse los trabajos de desmonte en la ruta de Canc\u00fan a Tulum. CIUDAD DE M\u00c9XICO (apro).\u2013 Una suspensi\u00f3n provisional de amparo fue otorgada\u2026","rel":"","context":"En &quot;Campeche&quot;","block_context":{"text":"Campeche","link":"http:\/\/www.grieta.org.mx\/index.php\/category\/noticias-nacionales\/campeche\/"},"img":{"alt_text":"","src":"https:\/\/i0.wp.com\/www.grieta.org.mx\/wp-content\/uploads\/2023\/01\/TrenMayaAmparo-e1674338538762.jpg?resize=350%2C200","width":350,"height":200,"srcset":"https:\/\/i0.wp.com\/www.grieta.org.mx\/wp-content\/uploads\/2023\/01\/TrenMayaAmparo-e1674338538762.jpg?resize=350%2C200 1x, https:\/\/i0.wp.com\/www.grieta.org.mx\/wp-content\/uploads\/2023\/01\/TrenMayaAmparo-e1674338538762.jpg?resize=525%2C300 1.5x, https:\/\/i0.wp.com\/www.grieta.org.mx\/wp-content\/uploads\/2023\/01\/TrenMayaAmparo-e1674338538762.jpg?resize=700%2C400 2x"},"classes":[]},{"id":67059,"url":"http:\/\/www.grieta.org.mx\/index.php\/2023\/05\/03\/caravana-el-sur-resiste-pide-a-la-sedena-suspender-obras-en-el-tramo-7-del-tren-maya-campeche\/","url_meta":{"origin":51918,"position":5},"title":"Caravana El Sur Resiste pide a la Sedena suspender obras en el Tramo 7 del Tren Maya (Campeche)","author":"grieta","date":"3 mayo, 2023","format":false,"excerpt":"Cambio 22 XPUJIL, CAMPECHE, 3 de mayo.- Los integrantes del movimiento Caravana El Sur Resiste llegaron al campamento de la Secretar\u00eda de la Defensa Nacional (Sedena) en Xpujil, municipio de Calakmul, Campeche, para hacer entrega a los ingenieros militares de documentos que acreditan que el Tramo 7 del Tren Maya\u2026","rel":"","context":"En &quot;25. Xpujil&quot;","block_context":{"text":"25. Xpujil","link":"http:\/\/www.grieta.org.mx\/index.php\/category\/espejos-de-la-resistencia\/25-xpujil\/"},"img":{"alt_text":"","src":"https:\/\/i0.wp.com\/www.grieta.org.mx\/wp-content\/uploads\/2023\/06\/SurResiste-e1687537548743.jpg?resize=350%2C200","width":350,"height":200,"srcset":"https:\/\/i0.wp.com\/www.grieta.org.mx\/wp-content\/uploads\/2023\/06\/SurResiste-e1687537548743.jpg?resize=350%2C200 1x, https:\/\/i0.wp.com\/www.grieta.org.mx\/wp-content\/uploads\/2023\/06\/SurResiste-e1687537548743.jpg?resize=525%2C300 1.5x, https:\/\/i0.wp.com\/www.grieta.org.mx\/wp-content\/uploads\/2023\/06\/SurResiste-e1687537548743.jpg?resize=700%2C400 2x"},"classes":[]}],"_links":{"self":[{"href":"http:\/\/www.grieta.org.mx\/index.php\/wp-json\/wp\/v2\/posts\/51918","targetHints":{"allow":["GET"]}}],"collection":[{"href":"http:\/\/www.grieta.org.mx\/index.php\/wp-json\/wp\/v2\/posts"}],"about":[{"href":"http:\/\/www.grieta.org.mx\/index.php\/wp-json\/wp\/v2\/types\/post"}],"author":[{"embeddable":true,"href":"http:\/\/www.grieta.org.mx\/index.php\/wp-json\/wp\/v2\/users\/2"}],"replies":[{"embeddable":true,"href":"http:\/\/www.grieta.org.mx\/index.php\/wp-json\/wp\/v2\/comments?post=51918"}],"version-history":[{"count":1,"href":"http:\/\/www.grieta.org.mx\/index.php\/wp-json\/wp\/v2\/posts\/51918\/revisions"}],"predecessor-version":[{"id":51920,"href":"http:\/\/www.grieta.org.mx\/index.php\/wp-json\/wp\/v2\/posts\/51918\/revisions\/51920"}],"wp:featuredmedia":[{"embeddable":true,"href":"http:\/\/www.grieta.org.mx\/index.php\/wp-json\/wp\/v2\/media\/51919"}],"wp:attachment":[{"href":"http:\/\/www.grieta.org.mx\/index.php\/wp-json\/wp\/v2\/media?parent=51918"}],"wp:term":[{"taxonomy":"category","embeddable":true,"href":"http:\/\/www.grieta.org.mx\/index.php\/wp-json\/wp\/v2\/categories?post=51918"},{"taxonomy":"post_tag","embeddable":true,"href":"http:\/\/www.grieta.org.mx\/index.php\/wp-json\/wp\/v2\/tags?post=51918"}],"curies":[{"name":"wp","href":"https:\/\/api.w.org\/{rel}","templated":true}]}}