{"id":51908,"date":"2020-07-17T18:27:57","date_gmt":"2020-07-17T23:27:57","guid":{"rendered":"http:\/\/www.grieta.org.mx\/?p=51908"},"modified":"2020-07-18T18:36:53","modified_gmt":"2020-07-18T23:36:53","slug":"gano-la-gentrificacion-el-cafe-trevi-se-va-ciudad-de-mexico","status":"publish","type":"post","link":"http:\/\/www.grieta.org.mx\/index.php\/2020\/07\/17\/gano-la-gentrificacion-el-cafe-trevi-se-va-ciudad-de-mexico\/","title":{"rendered":"\u00abGan\u00f3 la gentrificaci\u00f3n\u00bb, el Caf\u00e9 Trevi se va (Ciudad de M\u00e9xico)"},"content":{"rendered":"<p><img loading=\"lazy\" decoding=\"async\" data-attachment-id=\"51909\" data-permalink=\"http:\/\/www.grieta.org.mx\/index.php\/2020\/07\/17\/gano-la-gentrificacion-el-cafe-trevi-se-va-ciudad-de-mexico\/gano-la-gentrificacion-el-cafe-trevi-se-va-cdmx-jul\/\" data-orig-file=\"http:\/\/www.grieta.org.mx\/wp-content\/uploads\/2020\/07\/\u00abGan\u00f3-la-gentrificaci\u00f3n\u00bb-el-Caf\u00e9-Trevi-se-va-cdmx-jul.jpg\" data-orig-size=\"1280,800\" data-comments-opened=\"0\" data-image-meta=\"{&quot;aperture&quot;:&quot;0&quot;,&quot;credit&quot;:&quot;&quot;,&quot;camera&quot;:&quot;&quot;,&quot;caption&quot;:&quot;&quot;,&quot;created_timestamp&quot;:&quot;0&quot;,&quot;copyright&quot;:&quot;&quot;,&quot;focal_length&quot;:&quot;0&quot;,&quot;iso&quot;:&quot;0&quot;,&quot;shutter_speed&quot;:&quot;0&quot;,&quot;title&quot;:&quot;&quot;,&quot;orientation&quot;:&quot;1&quot;}\" data-image-title=\"\u00abGan\u00f3 la gentrificaci\u00f3n\u00bb, el Caf\u00e9 Trevi se va cdmx jul\" data-image-description=\"\" data-image-caption=\"\" data-medium-file=\"http:\/\/www.grieta.org.mx\/wp-content\/uploads\/2020\/07\/\u00abGan\u00f3-la-gentrificaci\u00f3n\u00bb-el-Caf\u00e9-Trevi-se-va-cdmx-jul-300x188.jpg\" data-large-file=\"http:\/\/www.grieta.org.mx\/wp-content\/uploads\/2020\/07\/\u00abGan\u00f3-la-gentrificaci\u00f3n\u00bb-el-Caf\u00e9-Trevi-se-va-cdmx-jul-1024x640.jpg\" class=\"aligncenter wp-image-51909\" src=\"http:\/\/www.grieta.org.mx\/wp-content\/uploads\/2020\/07\/\u00abGan\u00f3-la-gentrificaci\u00f3n\u00bb-el-Caf\u00e9-Trevi-se-va-cdmx-jul.jpg\" alt=\"\" width=\"624\" height=\"390\" srcset=\"http:\/\/www.grieta.org.mx\/wp-content\/uploads\/2020\/07\/\u00abGan\u00f3-la-gentrificaci\u00f3n\u00bb-el-Caf\u00e9-Trevi-se-va-cdmx-jul.jpg 1280w, http:\/\/www.grieta.org.mx\/wp-content\/uploads\/2020\/07\/\u00abGan\u00f3-la-gentrificaci\u00f3n\u00bb-el-Caf\u00e9-Trevi-se-va-cdmx-jul-300x188.jpg 300w, http:\/\/www.grieta.org.mx\/wp-content\/uploads\/2020\/07\/\u00abGan\u00f3-la-gentrificaci\u00f3n\u00bb-el-Caf\u00e9-Trevi-se-va-cdmx-jul-768x480.jpg 768w, http:\/\/www.grieta.org.mx\/wp-content\/uploads\/2020\/07\/\u00abGan\u00f3-la-gentrificaci\u00f3n\u00bb-el-Caf\u00e9-Trevi-se-va-cdmx-jul-1024x640.jpg 1024w, http:\/\/www.grieta.org.mx\/wp-content\/uploads\/2020\/07\/\u00abGan\u00f3-la-gentrificaci\u00f3n\u00bb-el-Caf\u00e9-Trevi-se-va-cdmx-jul-800x500.jpg 800w\" sizes=\"auto, (max-width: 624px) 100vw, 624px\" \/><\/p>\n<p>Texto: Arturo Contreras<br \/>\nFotos: Arturo Contreras Camero y Andrei Mart\u00ednez<br \/>\nPie de P\u00e1gina<\/p>\n<blockquote><p>Los due\u00f1os de la cafeter\u00eda y los inquilinos del edificio Trevi firmaron un convenio para dejar el inmueble que ser\u00e1 un espacio de coworking. Banca Mifel, fiduciarios, y por ello casi due\u00f1os de la ic\u00f3nica construcci\u00f3n junto a la Alameda Central en Ciudad de M\u00e9xico, anunciaron el resultado de una larga batalla legal<\/p><\/blockquote>\n<p>\u201cDespu\u00e9s de dos a\u00f1os de litigio, decidimos desistir y hacer un convenio por medio de una indemnizaci\u00f3n, que no nos parece justa y no estamos nada conformes con ella\u201d, dice Julio C\u00e9sar Castillo con el codo en la mesa y el pu\u00f1o bien apretado. Desde hace 20 a\u00f1os, \u00e9l comanda la cafeter\u00eda Trevi, que ha visto la historia de la Alameda Central desde la construcci\u00f3n del edificio hace m\u00e1s de 60 a\u00f1os.<\/p>\n<p>En 2018 una empresa llamada P\u00fablico lleg\u00f3 al edificio. Su intenci\u00f3n es transformar la ic\u00f3nica construcci\u00f3n Art-Dec\u00f3 en un espacio de coworking, un tipo de oficinas compartidas. Tambi\u00e9n, en un desarrollo de departamentos que se rentar\u00edan a partir de aplicaciones de internet. P\u00fablico, sin embargo, no es el due\u00f1o legal del edificio, sino que el propietario es el Fideicomiso 2476\/2017.<\/p>\n<p>Desde entonces, Bancamifel, la fideicomitente, ejerci\u00f3 acciones para echar del edificio a sus inquilinos. \u00c9stos intentaron negociar para comprar los departamentos donde viven, pero fueron orillados a dejar el edificio poco a poco.<\/p>\n<p>\u201cEstos tipos son muy abusivos, y abusan de su poder econ\u00f3mico. No les importa que la gente tenga 15 o 30 a\u00f1os en sus casas, o como nosotros, que hemos estado rentando por 65 a\u00f1os\u201d, reconoce Julio C\u00e9sar. Menea la cabeza de lado a lado, aprieta los p\u00e1rpados y contin\u00faa.<\/p>\n<p>\u201cGan\u00f3 la gentrificaci\u00f3n. Un d\u00eda va a venir gente con dinero a desplazarte. No te va a dar opci\u00f3n para permanecer s\u00f3lo por el hecho de que no tienes su potencial econ\u00f3mico.\u201d<\/p>\n<p>\u201cMe molesta mucho que quieran transformar esta parte de la Alameda. Esta parte de la ciudad es para el pueblo, \u00e9se es el mensaje de Diego Rivera con su mural Un paseo en la alameda\u201d. Julio C\u00e9sar se refiere a Sue\u00f1o de una tarde dominical en la Alameda Central, mural que se puede ver en un museo en la misma cuadra del edificio Trevi. \u201cEs para todos, pero ya no va a ser as\u00ed. El proyecto que est\u00e1n haciendo es para hacer una diferencia, es hacer algo clasista, con negocios que no van a estar al alcance de la mayor\u00eda de la gente\u201d.<\/p>\n<p>Crisol de luchas<\/p>\n<p>A pesar del resultado final, vale la pena numerar las ganancias de una lucha vecinal.<\/p>\n<p>La lucha del Trevi sirvi\u00f3 como un crisol en el que se articularon diversas luchas vecinales, de personas desalojadas, de vecinos organizados, de artistas y activistas. La indemnizaci\u00f3n obtenida es resultado de esa lucha, en la que un grupo de ciudadanos decidi\u00f3 luchar por sus derechos; tambi\u00e9n la organizaci\u00f3n que teji\u00f3.<\/p>\n<p>Sus vecinos participaron en la defensa contra la reforma al art\u00edculo 60 de la Ley de Derechos Humanos de la Ciudad. La ley obligaba al gobierno a garantizar la vivienda a personas v\u00edctimas de desalojos extrajudiciales, o forzados, pero una mala redacci\u00f3n y una campa\u00f1a medi\u00e1tica en contra hicieron que esa protecci\u00f3n se anulara. Tambi\u00e9n formaron parte de la propuesta de cambio a las leyes que regulan las relaciones arrendatarias en la ciudad y que impulsan una Ley Inquilinaria para la Ciudad de M\u00e9xico.<\/p>\n<p>Gentrificadores y juego sucio: la firma que era verdadera<\/p>\n<p>Muchos de los inquilinos empezaron juicios legales para defender su permanencia en el edificio. Sin embargo, poco a poco fueron desechados en los tribunales bajo sospechas de los demandantes por faltas al debido proceso y corrupci\u00f3n.<\/p>\n<p>El caso del Trevi, como el de otros vecinos, por ejemplo, empez\u00f3 a flaquear porque Banca Mifel meti\u00f3 una demanda en la que alegaban que las firmas en los contratos de arrendamiento que exist\u00edan eran falsas.<\/p>\n<p>\u201cFuimos a hacer pruebas con peritos graf\u00f3logos\u201d, cuenta Carlos Acu\u00f1a, quien fue desalojado varias veces del edificio. \u201cJos\u00e9 Luis D\u00e1vila \u2013el due\u00f1o legal de la cafeter\u00eda Trevi\u2013 est\u00e1 muy mal de salud y no pudo ir a la reuni\u00f3n de peritos. Pues fue la asistente del juez a su casa, pero Jos\u00e9 Luis es una persona de edad muy avanzada, tiene artritis y est\u00e1 semiconsciente, y pues no pudo hacer su firma\u201d.<\/p>\n<p>Esto puso en severos aprietos el caso de los inquilinos y puso las probabilidades en favor de Banca Mifel, como le advirti\u00f3 la abogada a Julio C\u00e9sar, sobrino de Jos\u00e9 Luis D\u00e1vila y quien comanda el Trevi.<\/p>\n<p>\u201cSi no hubi\u00e9ramos concertado, nos hubieran echado con un desalojo violento y horrible y sin nada del dinero de indemnizaci\u00f3n\u201d, dice.<\/p>\n<p>Esta indemnizaci\u00f3n ser\u00e1 usada para la liquidaci\u00f3n de los 15 empleados de la cafeter\u00eda. Una cocinera y dos meseros son de la tercera edad y llevan d\u00e9cadas trabajando en el lugar. Junto con el Trevi, los casos del resto de los vecinos tambi\u00e9n se complican, por lo que muchos tambi\u00e9n desistir\u00e1n.<\/p>\n<p>\u201cNo quer\u00edamos dinero, quer\u00edamos que nos vendieran nuestros departamentos. El inicio de la negociaci\u00f3n fue porque ellos cedieron, los del Trevi. Nosotros ya no pod\u00edamos sostenerlo. Es un acto de solidaridad con ellos. Por supuesto que no es una victoria. Es no dejar que se vaya a la mala, sin poder pagar liquidaciones y arriesgando la vida y la salud del se\u00f1or Jos\u00e9 Luis\u201d, dice al respecto Carlos Acu\u00f1a.<\/p>\n<p>Seg\u00fan el antiguo vecino, en el edificio quedaba una se\u00f1ora de la tercera edad a la que no sabe si le dierona alg\u00fan tipo de indemnizaci\u00f3n. \u201cLos fueron a sacar, no fue un desalojo, pero s\u00ed los sacaron\u201d.<\/p>\n<p><img loading=\"lazy\" decoding=\"async\" data-attachment-id=\"51910\" data-permalink=\"http:\/\/www.grieta.org.mx\/index.php\/2020\/07\/17\/gano-la-gentrificacion-el-cafe-trevi-se-va-ciudad-de-mexico\/gano-la-gentrificacio-trevi\/\" data-orig-file=\"http:\/\/www.grieta.org.mx\/wp-content\/uploads\/2020\/07\/gano-la-gentrificacio-trevi.jpg\" data-orig-size=\"992,620\" data-comments-opened=\"0\" data-image-meta=\"{&quot;aperture&quot;:&quot;0&quot;,&quot;credit&quot;:&quot;&quot;,&quot;camera&quot;:&quot;&quot;,&quot;caption&quot;:&quot;&quot;,&quot;created_timestamp&quot;:&quot;0&quot;,&quot;copyright&quot;:&quot;&quot;,&quot;focal_length&quot;:&quot;0&quot;,&quot;iso&quot;:&quot;0&quot;,&quot;shutter_speed&quot;:&quot;0&quot;,&quot;title&quot;:&quot;&quot;,&quot;orientation&quot;:&quot;1&quot;}\" data-image-title=\"gano la gentrificacio trevi\" data-image-description=\"\" data-image-caption=\"\" data-medium-file=\"http:\/\/www.grieta.org.mx\/wp-content\/uploads\/2020\/07\/gano-la-gentrificacio-trevi-300x188.jpg\" data-large-file=\"http:\/\/www.grieta.org.mx\/wp-content\/uploads\/2020\/07\/gano-la-gentrificacio-trevi.jpg\" class=\"aligncenter wp-image-51910\" src=\"http:\/\/www.grieta.org.mx\/wp-content\/uploads\/2020\/07\/gano-la-gentrificacio-trevi.jpg\" alt=\"\" width=\"621\" height=\"388\" srcset=\"http:\/\/www.grieta.org.mx\/wp-content\/uploads\/2020\/07\/gano-la-gentrificacio-trevi.jpg 992w, http:\/\/www.grieta.org.mx\/wp-content\/uploads\/2020\/07\/gano-la-gentrificacio-trevi-300x188.jpg 300w, http:\/\/www.grieta.org.mx\/wp-content\/uploads\/2020\/07\/gano-la-gentrificacio-trevi-768x480.jpg 768w, http:\/\/www.grieta.org.mx\/wp-content\/uploads\/2020\/07\/gano-la-gentrificacio-trevi-800x500.jpg 800w\" sizes=\"auto, (max-width: 621px) 100vw, 621px\" \/><br \/>\nFotos: Andrei Mart\u00ednez<\/p>\n<p>Tambi\u00e9n quedaba Arturo, otro vecino que ten\u00eda un hijo peque\u00f1o, quien se vio obligado a dejar su casa hace casi un a\u00f1o, cuando P\u00fablico empez\u00f3 a remodelar el interior del Trevi. El estr\u00e9s de vivir en un lugar en obra constante los hizo irse.<\/p>\n<p>Durante la pandemia de covid 19, el se\u00f1or Jaime, adulto mayor que es velador en una escuela p\u00fablica, sufri\u00f3 un intento de desalojo. Ahora vive en la Magdalena Mixhuca, despu\u00e9s de haber habitado toda su vida en el centro. En el edificio a\u00fan quedan dos inquilinos en posesi\u00f3n de sus departamentos, aunque no se sabe si a\u00fan lo habitan, pues con los constantes cortes de luz y agua y el ruido de la remodelaci\u00f3n vivir ah\u00ed es imposible.<\/p>\n<p>\u201cAl parecer las tortas s\u00ed se quedan\u201d, dice Carlos de quienes lograron negociar su permanencia. \u201cLa rayuela, un bar LGBT, fue desalojado hace meses, y hay otro cafecito que lleg\u00f3 con la intenci\u00f3n gentrificadora junto con otro bar, que se van a quedar porque tienen un contrato largo\u201d.<\/p>\n<p>Un espacio de encuentro vecinal<\/p>\n<p>La lucha del Trevi sirvi\u00f3 como un crisol en el que se articularon diversas luchas vecinales, de personas desalojadas, de vecinos organizados, de artistas y activistas. La indemnizaci\u00f3n obtenida es resultado de esa lucha, en la que un grupo de ciudadanos decidi\u00f3 luchar por sus derechos; tambi\u00e9n la organizaci\u00f3n que teji\u00f3.<\/p>\n<p>Sus vecinos participaron en luchas como la defensa contra reforma al art\u00edculo 60 de la Ley de Derechos Humanos de la Ciudad. La ley obligaba al gobierno a garantizar la vivienda a personas v\u00edctimas de desalojos extrajudiciales, o forzados, pero una mala redacci\u00f3n y una campa\u00f1a medi\u00e1tica en contra hicieron que esa protecci\u00f3n se eliminara. Tambi\u00e9n formaron parte de la propuesta de cambio a las leyes que regulan las relaciones arrendatarias en la ciudad y que impulsan una Ley Inquilinaria para la Ciudad de M\u00e9xico.<\/p>\n<p><a href=\"https:\/\/piedepagina.mx\/gano-la-gentrificacion-el-cafe-trevi-se-va\/\" target=\"_blank\" rel=\"noopener noreferrer\">https:\/\/piedepagina.mx\/gano-la-gentrificacion-el-cafe-trevi-se-va\/<\/a><\/p>\n","protected":false},"excerpt":{"rendered":"<p>Texto: Arturo Contreras Fotos: Arturo Contreras Camero y Andrei Mart\u00ednez Pie de P\u00e1gina Los due\u00f1os de la cafeter\u00eda y los inquilinos del edificio Trevi firmaron un convenio para dejar el &hellip; <a href=\"http:\/\/www.grieta.org.mx\/index.php\/2020\/07\/17\/gano-la-gentrificacion-el-cafe-trevi-se-va-ciudad-de-mexico\/\" class=\"more-link\">Leer m\u00e1s<\/a><\/p>\n","protected":false},"author":2,"featured_media":51909,"comment_status":"closed","ping_status":"closed","sticky":false,"template":"","format":"standard","meta":{"ngg_post_thumbnail":0,"_jetpack_newsletter_access":"","_jetpack_dont_email_post_to_subs":false,"_jetpack_newsletter_tier_id":0,"_jetpack_memberships_contains_paywalled_content":false,"_jetpack_memberships_contains_paid_content":false,"footnotes":""},"categories":[80,14,1044,2615,2065,2],"tags":[870],"class_list":["post-51908","post","type-post","status-publish","format-standard","has-post-thumbnail","hentry","category-cintillo","category-ciudad-de-mexico","category-desarrollos-inmobiliarios-en-la-ciudad-de-mexico","category-desalojos-en-la-ciudad-de-mexico","category-movilizaciones-y-protestas-de-habitantes-de-la-ciudad-de-mexico","category-noticias-nacionales","tag-gentrificacion","entry"],"jetpack_featured_media_url":"http:\/\/www.grieta.org.mx\/wp-content\/uploads\/2020\/07\/\u00abGan\u00f3-la-gentrificaci\u00f3n\u00bb-el-Caf\u00e9-Trevi-se-va-cdmx-jul.jpg","jetpack_sharing_enabled":true,"jetpack_shortlink":"https:\/\/wp.me\/p7ZJR4-dve","jetpack_likes_enabled":false,"jetpack-related-posts":[{"id":38268,"url":"http:\/\/www.grieta.org.mx\/index.php\/2019\/08\/20\/desalojan-a-vecino-del-edificio-trevi-tenia-contrato-vigente-y-amparos-en-tramite\/","url_meta":{"origin":51908,"position":0},"title":"Desalojan a vecino del edificio Trevi, ten\u00eda contrato vigente y amparos en tr\u00e1mite","author":"grieta","date":"20 agosto, 2019","format":false,"excerpt":"Redacci\u00f3n\/ Animal Pol\u00edtico Acu\u00f1a dijo que el proceso judicial fue ilegal porque no le notificaron con cinco d\u00edas de anticipaci\u00f3n como lo indica la ley. Uno de los inquilinos del edificio Trevi, el periodista Carlos Acu\u00f1a, fue desalojado este martes a pesar de tener un contrato vigente, dos amparos en\u2026","rel":"","context":"En &quot;CINTILLO&quot;","block_context":{"text":"CINTILLO","link":"http:\/\/www.grieta.org.mx\/index.php\/category\/cintillo\/"},"img":{"alt_text":"","src":"https:\/\/i0.wp.com\/www.grieta.org.mx\/wp-content\/uploads\/2019\/08\/Captura-de-pantalla-2019-08-20-a-las-14.40.49.png?resize=350%2C200","width":350,"height":200},"classes":[]},{"id":36391,"url":"http:\/\/www.grieta.org.mx\/index.php\/2019\/07\/16\/13-vecinos-locatarios-un-edificio-donde-han-estado-anos-un-banco-y-una-inmobiliaria-los-acorralan\/","url_meta":{"origin":51908,"position":1},"title":"13 vecinos, locatarios. Un edificio, donde han estado a\u00f1os. Un banco y una inmobiliaria los acorralan (Ciudad de M\u00e9xico)","author":"grieta","date":"16 julio, 2019","format":false,"excerpt":"Dulce Olvera\/SinEmbargo \u00a0 La Ciudad de M\u00e9xico se transforma. Como cortes\u00eda de inmobiliarias y autoridades gubernamentales, se posiciona como la ciudad de los negocios, de los turistas, del coworking, con departamentos cada vez m\u00e1s peque\u00f1os con precios de alquiler desproporcionales a los salarios. Y en esta vor\u00e1gine, a un lado\u2026","rel":"","context":"En &quot;CINTILLO&quot;","block_context":{"text":"CINTILLO","link":"http:\/\/www.grieta.org.mx\/index.php\/category\/cintillo\/"},"img":{"alt_text":"","src":"https:\/\/i0.wp.com\/www.grieta.org.mx\/wp-content\/uploads\/2019\/07\/inquilinos-edificio-trevi.jpg?resize=350%2C200","width":350,"height":200,"srcset":"https:\/\/i0.wp.com\/www.grieta.org.mx\/wp-content\/uploads\/2019\/07\/inquilinos-edificio-trevi.jpg?resize=350%2C200 1x, https:\/\/i0.wp.com\/www.grieta.org.mx\/wp-content\/uploads\/2019\/07\/inquilinos-edificio-trevi.jpg?resize=525%2C300 1.5x, https:\/\/i0.wp.com\/www.grieta.org.mx\/wp-content\/uploads\/2019\/07\/inquilinos-edificio-trevi.jpg?resize=700%2C400 2x, https:\/\/i0.wp.com\/www.grieta.org.mx\/wp-content\/uploads\/2019\/07\/inquilinos-edificio-trevi.jpg?resize=1050%2C600 3x"},"classes":[]},{"id":69732,"url":"http:\/\/www.grieta.org.mx\/index.php\/2024\/09\/08\/vecinos-se-unen-contra-airbnb-ciudad-de-mexico\/","url_meta":{"origin":51908,"position":2},"title":"Vecinos se unen contra Airbnb (Ciudad de M\u00e9xico)","author":"grieta","date":"8 septiembre, 2024","format":false,"excerpt":"Jorge Alejandro Medell\u00edn Hern\u00e1ndez \/ El Universal Foto: En el edificio ubicado en Progreso 25 los vecinos acordaron prohibir la renta por\u00a0 aplicaciones. TOMADA DE GOOGLE MAPS 8 de Septiembre del 2024 Ante la operaci\u00f3n de plataformas de renta de inmuebles a corto plazo, vecinos de la Escand\u00f3n I y\u2026","rel":"","context":"En &quot;CINTILLO&quot;","block_context":{"text":"CINTILLO","link":"http:\/\/www.grieta.org.mx\/index.php\/category\/cintillo\/"},"img":{"alt_text":"","src":"https:\/\/i0.wp.com\/www.grieta.org.mx\/wp-content\/uploads\/2024\/09\/Vecinos-se-unen-contra-Airbnb.jpg?resize=350%2C200","width":350,"height":200,"srcset":"https:\/\/i0.wp.com\/www.grieta.org.mx\/wp-content\/uploads\/2024\/09\/Vecinos-se-unen-contra-Airbnb.jpg?resize=350%2C200 1x, https:\/\/i0.wp.com\/www.grieta.org.mx\/wp-content\/uploads\/2024\/09\/Vecinos-se-unen-contra-Airbnb.jpg?resize=525%2C300 1.5x, https:\/\/i0.wp.com\/www.grieta.org.mx\/wp-content\/uploads\/2024\/09\/Vecinos-se-unen-contra-Airbnb.jpg?resize=700%2C400 2x"},"classes":[]},{"id":63278,"url":"http:\/\/www.grieta.org.mx\/index.php\/2022\/01\/22\/el-proyecto-estadio-azteca-significa-gentrificacion-para-los-vecinos-ciudad-de-mexico\/","url_meta":{"origin":51908,"position":3},"title":"El Proyecto Estadio Azteca significa gentrificaci\u00f3n para los vecinos (Ciudad de M\u00e9xico)","author":"grieta","date":"22 enero, 2022","format":false,"excerpt":"Texto: Arturo Contreras Camero \/ Pie de P\u00e1gina Imagen: Proyecto Estadio Azteca Bajo el pretexto de mejorar el Estadio Azteca para el mundial de 2026, Grupo Televisa quiere construir una plaza comercial con hotel que se conecte al Coloso de Santa \u00darsula. El gobierno de la Ciudad de M\u00e9xico pide\u2026","rel":"","context":"En &quot;CINTILLO&quot;","block_context":{"text":"CINTILLO","link":"http:\/\/www.grieta.org.mx\/index.php\/category\/cintillo\/"},"img":{"alt_text":"","src":"https:\/\/i0.wp.com\/www.grieta.org.mx\/wp-content\/uploads\/2022\/02\/El-Proyecto-Estadio-Azteca-significa-gentrificacion-para-los-vecinos-cdmx-feb.jpg?resize=350%2C200","width":350,"height":200,"srcset":"https:\/\/i0.wp.com\/www.grieta.org.mx\/wp-content\/uploads\/2022\/02\/El-Proyecto-Estadio-Azteca-significa-gentrificacion-para-los-vecinos-cdmx-feb.jpg?resize=350%2C200 1x, https:\/\/i0.wp.com\/www.grieta.org.mx\/wp-content\/uploads\/2022\/02\/El-Proyecto-Estadio-Azteca-significa-gentrificacion-para-los-vecinos-cdmx-feb.jpg?resize=525%2C300 1.5x, https:\/\/i0.wp.com\/www.grieta.org.mx\/wp-content\/uploads\/2022\/02\/El-Proyecto-Estadio-Azteca-significa-gentrificacion-para-los-vecinos-cdmx-feb.jpg?resize=700%2C400 2x"},"classes":[]},{"id":43850,"url":"http:\/\/www.grieta.org.mx\/index.php\/2020\/02\/01\/nuevas-construcciones-inmobiliarias-burlan-control-de-agua-en-cdmx\/","url_meta":{"origin":51908,"position":4},"title":"Nuevas construcciones inmobiliarias burlan control de agua en CDMX","author":"grieta","date":"1 febrero, 2020","format":false,"excerpt":"Texto: Arturo Contreras Camero Foto: Duilio Rodr\u00edguez Pie de P\u00e1gina La Ciudad de M\u00e9xico cobrar\u00e1 35 por ciento m\u00e1s por uso excesivo de agua en algunas colonias. Vecinos de la colonia Roma Sur, en donde no se aplicar\u00e1 la medida, acusan que en su colonia la construcciones de unidades habitacionales\u2026","rel":"","context":"En &quot;CINTILLO&quot;","block_context":{"text":"CINTILLO","link":"http:\/\/www.grieta.org.mx\/index.php\/category\/cintillo\/"},"img":{"alt_text":"","src":"https:\/\/i0.wp.com\/www.grieta.org.mx\/wp-content\/uploads\/2020\/02\/Nuevas-construcciones-inmobiliarias-burlan-control-de-agua-en-CDMX.jpg?resize=350%2C200","width":350,"height":200,"srcset":"https:\/\/i0.wp.com\/www.grieta.org.mx\/wp-content\/uploads\/2020\/02\/Nuevas-construcciones-inmobiliarias-burlan-control-de-agua-en-CDMX.jpg?resize=350%2C200 1x, https:\/\/i0.wp.com\/www.grieta.org.mx\/wp-content\/uploads\/2020\/02\/Nuevas-construcciones-inmobiliarias-burlan-control-de-agua-en-CDMX.jpg?resize=525%2C300 1.5x, https:\/\/i0.wp.com\/www.grieta.org.mx\/wp-content\/uploads\/2020\/02\/Nuevas-construcciones-inmobiliarias-burlan-control-de-agua-en-CDMX.jpg?resize=700%2C400 2x, https:\/\/i0.wp.com\/www.grieta.org.mx\/wp-content\/uploads\/2020\/02\/Nuevas-construcciones-inmobiliarias-burlan-control-de-agua-en-CDMX.jpg?resize=1050%2C600 3x"},"classes":[]},{"id":71911,"url":"http:\/\/www.grieta.org.mx\/index.php\/2025\/07\/03\/encuentro-de-resistencias-mas-alla-de-la-aviacion-la-turistificacion-y-el-capitalismo-en-san-gregorio-atlapulco-xochimilco-ciudad-de-mexico\/","url_meta":{"origin":51908,"position":5},"title":"Encuentro de Resistencias &#8220;M\u00e1s all\u00e1 de la aviaci\u00f3n, la turistificaci\u00f3n y el capitalismo&#8221; en San Gregorio Atlapulco, Xochimilco. (Ciudad de M\u00e9xico)","author":"grieta","date":"3 julio, 2025","format":false,"excerpt":"Del Barrio News Este jueves 03 de julio fueron inaugurados los trabajos del Encuentro de Resistencias \"M\u00e1s all\u00e1 de la aviaci\u00f3n, la turistificaci\u00f3n y el capitalismo\" en San Gregorio Atlapulco, Xochimilco, el cual re\u00fane a diversos movimientos en defensa del territorio, iniciativas anti-turistificaci\u00f3n y luchas por el agua y la\u2026","rel":"","context":"En &quot;CINTILLO&quot;","block_context":{"text":"CINTILLO","link":"http:\/\/www.grieta.org.mx\/index.php\/category\/cintillo\/"},"img":{"alt_text":"","src":"https:\/\/i0.wp.com\/www.grieta.org.mx\/wp-content\/uploads\/2025\/07\/b7.jpg?resize=350%2C200","width":350,"height":200,"srcset":"https:\/\/i0.wp.com\/www.grieta.org.mx\/wp-content\/uploads\/2025\/07\/b7.jpg?resize=350%2C200 1x, https:\/\/i0.wp.com\/www.grieta.org.mx\/wp-content\/uploads\/2025\/07\/b7.jpg?resize=525%2C300 1.5x, https:\/\/i0.wp.com\/www.grieta.org.mx\/wp-content\/uploads\/2025\/07\/b7.jpg?resize=700%2C400 2x, https:\/\/i0.wp.com\/www.grieta.org.mx\/wp-content\/uploads\/2025\/07\/b7.jpg?resize=1050%2C600 3x, https:\/\/i0.wp.com\/www.grieta.org.mx\/wp-content\/uploads\/2025\/07\/b7.jpg?resize=1400%2C800 4x"},"classes":[]}],"_links":{"self":[{"href":"http:\/\/www.grieta.org.mx\/index.php\/wp-json\/wp\/v2\/posts\/51908","targetHints":{"allow":["GET"]}}],"collection":[{"href":"http:\/\/www.grieta.org.mx\/index.php\/wp-json\/wp\/v2\/posts"}],"about":[{"href":"http:\/\/www.grieta.org.mx\/index.php\/wp-json\/wp\/v2\/types\/post"}],"author":[{"embeddable":true,"href":"http:\/\/www.grieta.org.mx\/index.php\/wp-json\/wp\/v2\/users\/2"}],"replies":[{"embeddable":true,"href":"http:\/\/www.grieta.org.mx\/index.php\/wp-json\/wp\/v2\/comments?post=51908"}],"version-history":[{"count":1,"href":"http:\/\/www.grieta.org.mx\/index.php\/wp-json\/wp\/v2\/posts\/51908\/revisions"}],"predecessor-version":[{"id":51911,"href":"http:\/\/www.grieta.org.mx\/index.php\/wp-json\/wp\/v2\/posts\/51908\/revisions\/51911"}],"wp:featuredmedia":[{"embeddable":true,"href":"http:\/\/www.grieta.org.mx\/index.php\/wp-json\/wp\/v2\/media\/51909"}],"wp:attachment":[{"href":"http:\/\/www.grieta.org.mx\/index.php\/wp-json\/wp\/v2\/media?parent=51908"}],"wp:term":[{"taxonomy":"category","embeddable":true,"href":"http:\/\/www.grieta.org.mx\/index.php\/wp-json\/wp\/v2\/categories?post=51908"},{"taxonomy":"post_tag","embeddable":true,"href":"http:\/\/www.grieta.org.mx\/index.php\/wp-json\/wp\/v2\/tags?post=51908"}],"curies":[{"name":"wp","href":"https:\/\/api.w.org\/{rel}","templated":true}]}}