{"id":5190,"date":"2016-03-10T04:19:01","date_gmt":"2016-03-10T04:19:01","guid":{"rendered":"http:\/\/50.22.11.12\/~grietaor\/?p=5190"},"modified":"2016-03-26T04:21:05","modified_gmt":"2016-03-26T04:21:05","slug":"el-estado-castiga-a-activistas-y-premia-a-criminales-dice-familia-de-ildefonso-zamora-video","status":"publish","type":"post","link":"http:\/\/www.grieta.org.mx\/index.php\/2016\/03\/10\/el-estado-castiga-a-activistas-y-premia-a-criminales-dice-familia-de-ildefonso-zamora-video\/","title":{"rendered":"El Estado castiga a activistas y premia a criminales, dice familia de Ildefonso Zamora (VIDEO)"},"content":{"rendered":"<p>Ivette Lira<\/p>\n<div class=\"jetpack-video-wrapper\"><iframe loading=\"lazy\" title=\"El delito que cometi\u00f3 mi padre fue defender y cuidar los bosques: Misael Zamora\" width=\"1170\" height=\"658\" src=\"https:\/\/www.youtube.com\/embed\/CPik7lCSVXQ?feature=oembed\" frameborder=\"0\" allow=\"accelerometer; autoplay; clipboard-write; encrypted-media; gyroscope; picture-in-picture\" allowfullscreen><\/iframe><\/div>\n<p>San Juan Atzingo, Estado de M\u00e9xico, 10 de marzo (SinEmbargo).\u2013 \u00c1rboles muertos, despojos de troncos, aserr\u00edn, hojas secas: \u00e1reas verdes en el Estado de M\u00e9xico, gobernado por el Partido Revolucionario Institucional (PRI), han sido convertidas por talamontes, en l\u00fagubres caminos de tierra, en un cementerio de arbustos.<\/p>\n<p>La familia Zamora Baldomero, en su intento por detener este ecocidio desde 1988, ha visto c\u00f3mo callan a sus integrantes: apenas el 20 de noviembre pasado, Ildefonso, cabeza del hogar, fue encarcelado acusado de robo y allanamiento de morada, y Aldo, uno de sus hijos, fue asesinado el 15 de mayo de 2007, sin que hasta ahora se haya hecho justicia.<\/p>\n<p>Desde el a\u00f1o 2004, las amenazas de muerte comenzaron a llegar a los Zamora, durante una manifestaci\u00f3n en contra de los taladores ilegales, Ildefonso fue advertido por primera vez: \u201ctienes tus d\u00edas contados, si no le bajas te vamos a dar donde m\u00e1s te duela\u201d.<\/p>\n<p>Y as\u00ed fue. Hoy Ildefonso llora la muerte de Aldo en una celda compartida con 14 reos m\u00e1s, donde pasa los d\u00edas y las noches lejos de su familia, cobijado por los achaques que la diabetes le ha desencadenado.<\/p>\n<p>Modesta G\u00f3mez Procopio, esposa del defensor, evidencia desde su c\u00e1lida cocina, hecha con trozos de madera, que tanto Felipe Calder\u00f3n Hinojosa, como Enrique Pe\u00f1a Nieto, le prometieron a Ildefonso \u2013hasta entonces libre\u2013 justicia por el asesinato de su hijo. El primero mientras fung\u00eda como Presidente de M\u00e9xico, y el segundo, cuando se encontraba a cargo del Edomex.<\/p>\n<p>\u201cPor lo visto s\u00ed qued\u00f3 impune porque no ha pasado nada bueno, al contrario, lo que le est\u00e1n haciendo [las autoridades] a mi esposo no se vale y los asesinos de mi hijo siguen libres. En lugar de atacar a personas inocentes, mejor que ataquen a quienes deveras la deben. Mi esposo le ped\u00eda a Calder\u00f3n que nos echara la mano en cuesti\u00f3n de que cayeran los asesinos, \u00e9l prometi\u00f3 que los asesinos de nuestro hijo estar\u00edan tras las rejas y no ha cumplido\u201d, dijo en entrevista para SinEmbargo desde San Juan Atzingo, Ocuilan.<\/p>\n<p>Y agreg\u00f3: \u201cPe\u00f1a Nieto dec\u00eda que estaba en la mejor disposici\u00f3n, que \u00e9l iba a hacer todo lo posible para lograr lo que nosotros quer\u00edamos, justicia para Aldo, pero tampoco ha hecho nada\u201d.<\/p>\n<p>A pesar de que Misael identific\u00f3 a los atacantes, s\u00f3lo han sido detenidos dos de ellos, sin que hasta la fecha se les haya dictado sentencia. Sin embargo, los autores materiales de este asesinato, los hermanos Luis y Alejo Encarnaci\u00f3n Neri, contin\u00faan en libertad pese a que est\u00e1n plenamente identificados y existen \u00f3rdenes de aprehensi\u00f3n en su contra desde el 24 de mayo de 2007, de acuerdo con Greenpeace M\u00e9xico.<\/p>\n<p>En el mismo sentido, Teresa Baldomero Aguilar, madre de Ildefonso, narr\u00f3 a este medio: \u201ca mi hijo lo empezaron a mal ver mucho, \u00e9l par\u00f3 la tala, empez\u00f3 a reforestar los bosques, el monte ya se ve\u00eda bonito, pero ahora otra vez ya todo est\u00e1 bien acabado\u201d.<\/p>\n<p>\u201c\u00c9l no debe nada, lo acusan de robar una casa, pero mi hijo no est\u00e1 acostumbrado a esas cosas. Somos muy pobres, pero somos honrados, nada de que nos andamos metiendo en alguna casa. Lo que queremos es que salga, que lo dejen libre, \u00e9l est\u00e1 pagando injustamente, sin deber nada \u00bfpor qu\u00e9 est\u00e1 detenido desde el 20 de noviembre? No hallan como acabar con mi hijo\u201d, asegur\u00f3.<\/p>\n<p>Con l\u00e1grimas rodando en sus mejillas, marcadas por el paso de los a\u00f1os, la mujer que dio a luz a Ildefonso en 1961, cuestion\u00f3 a las autoridades mexicanas: \u201cno se conforman con que mataron a mi nieto hace 8 a\u00f1os, \u00bfqu\u00e9 han hecho ellos [las autoridades], qu\u00e9 justicia nos han hecho? Nada. Est\u00e1n detenidos los c\u00f3mplices, \u00bfy los meros hechores? Se fueron y andan paseando \u00bfy mi hijo? Yo quiero que lo dejen libre porque la verdad no debe nada, \u00e9l no tiene porque estar all\u00e1 encerrado\u201d.<\/p>\n<p>\u201cPara nosotros no hay justicia, no hay nada. Los responsables de buscar a los asesinos de mi nieto, son ellos, la autoridad. \u00bfNosotros c\u00f3mo vamos a saber d\u00f3nde est\u00e1n? Quieren terminar con mi hijo, pero primeramente dios, le pedimos a dios que mi hijo salga. A los que deveras la deben, a esos nunca los persiguen, andan libres, andan sueltos y a nosotros \u00bfpor qu\u00e9 nos hacen esto?\u201d, lament\u00f3 sumida en un llanto incontenible.<\/p>\n<p>Don Ildefonso fue detenido arbitrariamente el 20 de noviembre de 2015 sin una orden de aprehensi\u00f3n por una acusaci\u00f3n fabricada por el Ministerio P\u00fablico de Tenancingo, adem\u00e1s, ninguna autoridad le notific\u00f3 que hab\u00eda una averiguaci\u00f3n en su contra desde 2012. Resulta imposible que Ildefonso haya cometido el supuesto robo del que se le acusa pues \u201c\u00e9l se encontraba en otro lugar el d\u00eda en que se se\u00f1alan los hechos, existen testimonios y pruebas que lo acreditan\u201d, han reiterado en diversas ocasiones, representantes del Centro de Derechos Humanos Miguel Agust\u00edn Pro Ju\u00e1rez (Centro Prodh) y de Greenpeace M\u00e9xico.<\/p>\n<p>Al visitar El Jaral, uno de los territorios reforestados por Ildefonso y m\u00e1s de 70 personas en el a\u00f1o 2005, Miguel \u00c1ngel Soto, vocero de Greenpeace lanz\u00f3 una pregunta a los gobernantes:<\/p>\n<p>\u201c\u00bfPor qu\u00e9 a la persona que lider\u00f3 todo este esfuerzo para recuperar zonas como estas la meten a la c\u00e1rcel, en lugar de estarla apoyando?, \u00e9l se atrevi\u00f3 a hacer el trabajo que ni los inspectores de la Procuradur\u00eda Federal de Protecci\u00f3n al Ambiente (Profepa) se atreven muchas veces a hacer, y ahora est\u00e1 detenido. Por eso la exigencia del Centro Prodh, de Greenpeace, de la familia y los vecinos de que \u00e9l salga cuanto antes, que se le dejen de estar fabricando cargos, se le deje de estar persiguiendo a trav\u00e9s de los aparatos del Estado, en este caso el Ministerio P\u00fablico de Tenancingo\u201d.<\/p>\n<p>Soto, de pie, con el fr\u00edo de la ma\u00f1ana y un rayo de sol rozando su cara, record\u00f3 que hace 11 a\u00f1os, junto con los comuneros, la organizaci\u00f3n traz\u00f3 un \u201cSOS\u201d gigante para alertar sobre la terrible situaci\u00f3n de los bosques, en aquel entonces la zona estaba devastada y gracias al trabajo de los pobladores y los activistas, hoy se respira aire limpio y el color verde se aprecia en cada rinc\u00f3n.<\/p>\n<p>No obstante, Misael Zamora, hijo del activista tlahuica, denunci\u00f3 que a\u00fan existe tala en otros bosques del territorio gobernado por Eruviel \u00c1vila y los talamontes llegan de poblados cercanos como Santa Luc\u00eda, Santa Martha y San Jos\u00e9. \u201cSigue siendo algo preocupante, esto no ha cesado, esto no ha parado\u201d, revel\u00f3 a este medio.<\/p>\n<p>Lo anterior, a pesar de que el asesinato de Aldo hab\u00eda tra\u00eddo hasta el a\u00f1o 2011, la detenci\u00f3n de la tala ilegal en un 90 por ciento, seg\u00fan palabras del joven de 25 a\u00f1os.<\/p>\n<p>Con la llegada de Leobardo Neri Jacinto, presidente de Bienes Comunales de San Juan Atzingo, \u2013asegur\u00f3\u2013, se promovi\u00f3 la tala \u201cen lugar de seguir cuidando los bosques, de seguir vigilando las labores de cuidados, involucr\u00f3 en su equipo a gente que se dedica a esta actividad y les brind\u00f3 toda la protecci\u00f3n\u201d.<\/p>\n<p>Adem\u00e1s del homicidio de su hermano y el encarcelamiento de su padre, Misael tambi\u00e9n ha sido puesto como objeto de intimidaci\u00f3n para que la familia desista de defender a los bosques de su comunidad, primero al resultar herido durante la emboscada donde falleci\u00f3 Aldo, y recientemente, al ser detenido por polic\u00edas estatales, militares, miembros de Profepa y Probosque, acusado de tala il\u00edcita, no obstante por presi\u00f3n de pobladores, el joven fue liberado horas despu\u00e9s.<\/p>\n<p>\u201cUn oficial de la polic\u00eda estatal, de nombre Juan Carlos Lara, me dijo: \u2018me tard\u00e9, pero te ten\u00eda que encontrar\u2019\u201d, narr\u00f3. Familiares, amigos y vecinos de Misael intentaron dialogar con las autoridades, pero la respuesta de los federales fue a balazos \u201cdispararon en contra de la gente y por fortuna tenemos cartuchos percutidos de esa ocasi\u00f3n\u201d, acus\u00f3.<\/p>\n<p>Al ver a los colonos, el polic\u00eda que se encontraba a cargo de aquel grupo de autoridades, llam\u00f3 a Misael para advertirle: \u201cs\u00e1cate a chingar a tu madre antes de que los matemos a todos\u201d, por lo que, inmediatamente, el joven y todas las personas que llegaron para auxiliarlo, se fueron del lugar. Misael decidi\u00f3 no denunciar los hechos.<\/p>\n<p>Sin embargo, Gabriela Carre\u00f3n Lee, abogada del \u00c1rea de Defensa Integral del Centro Prodh, inform\u00f3 que a inicios de febrero de este a\u00f1o se present\u00f3 una queja ante la Comisi\u00f3n Nacional de Derechos Humanos (CNDH) a ra\u00edz de la detenci\u00f3n ilegal que sufri\u00f3 Misael.<\/p>\n<p>Sobre la detenci\u00f3n de Ildefonso, la especialista puntualiz\u00f3: \u201cse da lo que en muchos casos, el MP est\u00e1 coludido y est\u00e1 fabricando un delito en contra de don Ildefonso. Finalmente es otro acto m\u00e1s de criminalizaci\u00f3n en contra de un defensor de los bosques, algo que lamentablemente no es nuevo en M\u00e9xico\u201d.<\/p>\n<p>Hoy a Ildefonso lo esperan do\u00f1a Teresa, su madre; la se\u00f1ora Modesta, su esposa; sus hijos, X\u00f3chitl, Misael, Esther y Rosario; y sus nietos Jonathan, Alexis, Aron, Gabino, Perla y Nicol\u00e1s. Lo esperan como a \u00e9l le gusta: con frijoles y caf\u00e9 de olla; tlacoyos de haba y chicharr\u00f3n, adem\u00e1s de abrazos que han guardado durante estos meses de encierro.<\/p>\n<p><a href=\"http:\/\/www.sinembargo.mx\/10-03-2016\/1633864\" target=\"_blank\">www.sinembargo.mx\/10-03-2016\/1633864<\/a><\/p>\n","protected":false},"excerpt":{"rendered":"<p>Ivette Lira San Juan Atzingo, Estado de M\u00e9xico, 10 de marzo (SinEmbargo).\u2013 \u00c1rboles muertos, despojos de troncos, aserr\u00edn, hojas secas: \u00e1reas verdes en el Estado de M\u00e9xico, gobernado por el &hellip; <a href=\"http:\/\/www.grieta.org.mx\/index.php\/2016\/03\/10\/el-estado-castiga-a-activistas-y-premia-a-criminales-dice-familia-de-ildefonso-zamora-video\/\" class=\"more-link\">Leer m\u00e1s<\/a><\/p>\n","protected":false},"author":2,"featured_media":21928,"comment_status":"closed","ping_status":"open","sticky":false,"template":"","format":"standard","meta":{"ngg_post_thumbnail":0,"_jetpack_newsletter_access":"","_jetpack_dont_email_post_to_subs":false,"_jetpack_newsletter_tier_id":0,"_jetpack_memberships_contains_paywalled_content":false,"_jetpack_memberships_contains_paid_content":false,"footnotes":""},"categories":[80],"tags":[92],"class_list":["post-5190","post","type-post","status-publish","format-standard","has-post-thumbnail","hentry","category-cintillo","tag-estado-de-mexico","entry"],"jetpack_featured_media_url":"http:\/\/www.grieta.org.mx\/wp-content\/uploads\/2018\/03\/14524434_1106112876131411_958039263622046936_o.jpg","jetpack_sharing_enabled":true,"jetpack_shortlink":"https:\/\/wp.me\/p7ZJR4-1lI","jetpack_likes_enabled":false,"jetpack-related-posts":[{"id":5186,"url":"http:\/\/www.grieta.org.mx\/index.php\/2016\/03\/22\/en-dia-de-los-bosques-ildefonso-zamora-cumple-4-meses-en-prision\/","url_meta":{"origin":5190,"position":0},"title":"En D\u00eda de los Bosques, Ildefonso Zamora cumple 4 meses en prisi\u00f3n","author":"grieta","date":"22 marzo, 2016","format":false,"excerpt":"CIUDAD DE MEXICO, D.F. 21 de marzo del 2016.- La agrupaci\u00f3n ambientalista Greenpeace se\u00f1al\u00f3 que el l\u00edder ind\u00edgena tlahuica y defensor de los bosques mexicanos, Ildefonso Zamora, cumpli\u00f3 este 20 de marzo, cuatro meses en prisi\u00f3n, luego de que las autoridades del Estado de M\u00e9xico le fabricaran cargos de robo,\u2026","rel":"","context":"En &quot;CINTILLO&quot;","block_context":{"text":"CINTILLO","link":"http:\/\/www.grieta.org.mx\/index.php\/category\/cintillo\/"},"img":{"alt_text":"","src":"https:\/\/i0.wp.com\/www.grieta.org.mx\/wp-content\/uploads\/2018\/03\/14524434_1106112876131411_958039263622046936_o.jpg?resize=350%2C200","width":350,"height":200,"srcset":"https:\/\/i0.wp.com\/www.grieta.org.mx\/wp-content\/uploads\/2018\/03\/14524434_1106112876131411_958039263622046936_o.jpg?resize=350%2C200 1x, https:\/\/i0.wp.com\/www.grieta.org.mx\/wp-content\/uploads\/2018\/03\/14524434_1106112876131411_958039263622046936_o.jpg?resize=525%2C300 1.5x, https:\/\/i0.wp.com\/www.grieta.org.mx\/wp-content\/uploads\/2018\/03\/14524434_1106112876131411_958039263622046936_o.jpg?resize=700%2C400 2x"},"classes":[]},{"id":14511,"url":"http:\/\/www.grieta.org.mx\/index.php\/2016\/06\/16\/ildefonso-zamora-podria-obtener-su-libertad-en-los-proximos-dias\/","url_meta":{"origin":5190,"position":1},"title":"Ildefonso Zamora podr\u00eda obtener su libertad en los pr\u00f3ximos d\u00edas","author":"grieta","date":"16 junio, 2016","format":false,"excerpt":"V\u00edctor Cluna Ciudad de M\u00e9xico, 16 de junio de 2016. Por medio de un comunicado se dio a conocer que un juez federal otorg\u00f3 un amparo a favor del defensor ind\u00edgena ambientalista, Ildefonso Zamora, quien se encuentra el en Centro de Prevenci\u00f3n y Readaptaci\u00f3n Social de Tenancingo, Estado de M\u00e9xico,\u2026","rel":"","context":"En &quot;CINTILLO&quot;","block_context":{"text":"CINTILLO","link":"http:\/\/www.grieta.org.mx\/index.php\/category\/cintillo\/"},"img":{"alt_text":"","src":"https:\/\/i0.wp.com\/www.grieta.org.mx\/wp-content\/uploads\/2018\/03\/14524434_1106112876131411_958039263622046936_o.jpg?resize=350%2C200","width":350,"height":200,"srcset":"https:\/\/i0.wp.com\/www.grieta.org.mx\/wp-content\/uploads\/2018\/03\/14524434_1106112876131411_958039263622046936_o.jpg?resize=350%2C200 1x, https:\/\/i0.wp.com\/www.grieta.org.mx\/wp-content\/uploads\/2018\/03\/14524434_1106112876131411_958039263622046936_o.jpg?resize=525%2C300 1.5x, https:\/\/i0.wp.com\/www.grieta.org.mx\/wp-content\/uploads\/2018\/03\/14524434_1106112876131411_958039263622046936_o.jpg?resize=700%2C400 2x"},"classes":[]},{"id":5196,"url":"http:\/\/www.grieta.org.mx\/index.php\/2016\/08\/14\/encarcelan-a-ecologista-por-defender-el-bosque-en-san-juan-atzingo\/","url_meta":{"origin":5190,"position":2},"title":"Encarcelan a ecologista por defender el bosque en San Juan Atzingo","author":"grieta","date":"14 agosto, 2016","format":false,"excerpt":"14\/08\/16. Ildefonso Zamora est\u00e1 libre, pero la corrupci\u00f3n e intereses acosan a activistas en M\u00e9xico, denuncianSin Embargo 16\/06\/16. Ildefonso Zamora podr\u00eda obtener su libertad en los pr\u00f3ximos d\u00edasSomos el Medio 13\/05\/16. Lo \u00fanico que podr\u00eda frenar libertad de Ildefonso Zamora es el autoritarismo de Eruviel \u00c1vila: hijoRevoluci\u00f3n 3.0 09\/05\/16. \u201cDetr\u00e1s\u2026","rel":"","context":"En &quot;Estado de M\u00e9xico&quot;","block_context":{"text":"Estado de M\u00e9xico","link":"http:\/\/www.grieta.org.mx\/index.php\/category\/noticias-nacionales\/estado-de-mexico\/"},"img":{"alt_text":"","src":"https:\/\/i0.wp.com\/www.grieta.org.mx\/wp-content\/uploads\/2018\/03\/14524434_1106112876131411_958039263622046936_o.jpg?resize=350%2C200","width":350,"height":200,"srcset":"https:\/\/i0.wp.com\/www.grieta.org.mx\/wp-content\/uploads\/2018\/03\/14524434_1106112876131411_958039263622046936_o.jpg?resize=350%2C200 1x, https:\/\/i0.wp.com\/www.grieta.org.mx\/wp-content\/uploads\/2018\/03\/14524434_1106112876131411_958039263622046936_o.jpg?resize=525%2C300 1.5x, https:\/\/i0.wp.com\/www.grieta.org.mx\/wp-content\/uploads\/2018\/03\/14524434_1106112876131411_958039263622046936_o.jpg?resize=700%2C400 2x"},"classes":[]},{"id":12236,"url":"http:\/\/www.grieta.org.mx\/index.php\/2016\/05\/13\/lo-unico-que-podria-frenar-libertad-de-ildefonso-zamora-es-el-autoritarismo-de-eruviel-avila-hijo\/","url_meta":{"origin":5190,"position":3},"title":"Lo \u00fanico que podr\u00eda frenar libertad de Ildefonso Zamora es el autoritarismo de Eruviel \u00c1vila: hijo","author":"grieta","date":"13 mayo, 2016","format":false,"excerpt":"Sergio Rinc\u00f3n (13 de mayo, 2016. Revoluci\u00f3n TRESPUNTOCERO).- A m\u00e1s de cinco meses del arresto de Ildefonso Zamora, el caso comienza avanzar, pues el pasado 27 de abril se realiz\u00f3 la audiencia constitucional del juicio de amparo, por lo que ahora queda en manos de un juez el fallo que\u2026","rel":"","context":"En &quot;CINTILLO&quot;","block_context":{"text":"CINTILLO","link":"http:\/\/www.grieta.org.mx\/index.php\/category\/cintillo\/"},"img":{"alt_text":"","src":"https:\/\/i0.wp.com\/www.grieta.org.mx\/wp-content\/uploads\/2018\/03\/14524434_1106112876131411_958039263622046936_o.jpg?resize=350%2C200","width":350,"height":200,"srcset":"https:\/\/i0.wp.com\/www.grieta.org.mx\/wp-content\/uploads\/2018\/03\/14524434_1106112876131411_958039263622046936_o.jpg?resize=350%2C200 1x, https:\/\/i0.wp.com\/www.grieta.org.mx\/wp-content\/uploads\/2018\/03\/14524434_1106112876131411_958039263622046936_o.jpg?resize=525%2C300 1.5x, https:\/\/i0.wp.com\/www.grieta.org.mx\/wp-content\/uploads\/2018\/03\/14524434_1106112876131411_958039263622046936_o.jpg?resize=700%2C400 2x"},"classes":[]},{"id":5191,"url":"http:\/\/www.grieta.org.mx\/index.php\/2016\/02\/25\/gobernador-del-pri-mantiene-encarcelado-a-ecologista-al-que-se-acusa-de-delitos-que-no-cometio\/","url_meta":{"origin":5190,"position":4},"title":"Gobernador del PRI mantiene encarcelado a ecologista, al que se acusa de delitos que no cometi\u00f3","author":"grieta","date":"25 febrero, 2016","format":false,"excerpt":"Jos\u00e9 Due\u00f1as M\u00e9xico, D.F.- El Centro de Derechos Humanos Miguel Agust\u00edn Pro Ju\u00e1rez (Centro Prodh) denunci\u00f3 que las autoridades del Estado de M\u00e9xico, encabezadas por el gobernador pri\u00edsta Eruviel \u00c1vila, mantienen desde hace tres meses en prisi\u00f3n al defensor de bosques Ildefonso Zamora, \u201cmediante un proceso plagado de irregularidades, faltas\u2026","rel":"","context":"En &quot;CINTILLO&quot;","block_context":{"text":"CINTILLO","link":"http:\/\/www.grieta.org.mx\/index.php\/category\/cintillo\/"},"img":{"alt_text":"","src":"https:\/\/i0.wp.com\/www.grieta.org.mx\/wp-content\/uploads\/2018\/03\/14524434_1106112876131411_958039263622046936_o.jpg?resize=350%2C200","width":350,"height":200,"srcset":"https:\/\/i0.wp.com\/www.grieta.org.mx\/wp-content\/uploads\/2018\/03\/14524434_1106112876131411_958039263622046936_o.jpg?resize=350%2C200 1x, https:\/\/i0.wp.com\/www.grieta.org.mx\/wp-content\/uploads\/2018\/03\/14524434_1106112876131411_958039263622046936_o.jpg?resize=525%2C300 1.5x, https:\/\/i0.wp.com\/www.grieta.org.mx\/wp-content\/uploads\/2018\/03\/14524434_1106112876131411_958039263622046936_o.jpg?resize=700%2C400 2x"},"classes":[]},{"id":5192,"url":"http:\/\/www.grieta.org.mx\/index.php\/2016\/01\/22\/talamontes-matan-a-su-hijo-policias-le-fabrican-delitos-la-historia-de-ildefonso-zamora-defensor-de-bosques\/","url_meta":{"origin":5190,"position":5},"title":"Talamontes matan a su hijo; polic\u00edas le fabrican delitos: la historia de Ildefonso Zamora, defensor de bosques","author":"grieta","date":"22 enero, 2016","format":false,"excerpt":"Cecilia Balderas (22 de enero, 2016. Revoluci\u00f3n TRESPUNTOCERO).- Por defender los bosques y denunciar la tala ilegal de los mismos, Ildefonso Zamora ha tenido que soportar el asesinato de uno de sus hijos, perder la libertad y que ahora su vida penda de un hilo pues en el Penal de\u2026","rel":"","context":"En &quot;CINTILLO&quot;","block_context":{"text":"CINTILLO","link":"http:\/\/www.grieta.org.mx\/index.php\/category\/cintillo\/"},"img":{"alt_text":"","src":"https:\/\/i0.wp.com\/www.grieta.org.mx\/wp-content\/uploads\/2018\/03\/14524434_1106112876131411_958039263622046936_o.jpg?resize=350%2C200","width":350,"height":200,"srcset":"https:\/\/i0.wp.com\/www.grieta.org.mx\/wp-content\/uploads\/2018\/03\/14524434_1106112876131411_958039263622046936_o.jpg?resize=350%2C200 1x, https:\/\/i0.wp.com\/www.grieta.org.mx\/wp-content\/uploads\/2018\/03\/14524434_1106112876131411_958039263622046936_o.jpg?resize=525%2C300 1.5x, https:\/\/i0.wp.com\/www.grieta.org.mx\/wp-content\/uploads\/2018\/03\/14524434_1106112876131411_958039263622046936_o.jpg?resize=700%2C400 2x"},"classes":[]}],"_links":{"self":[{"href":"http:\/\/www.grieta.org.mx\/index.php\/wp-json\/wp\/v2\/posts\/5190","targetHints":{"allow":["GET"]}}],"collection":[{"href":"http:\/\/www.grieta.org.mx\/index.php\/wp-json\/wp\/v2\/posts"}],"about":[{"href":"http:\/\/www.grieta.org.mx\/index.php\/wp-json\/wp\/v2\/types\/post"}],"author":[{"embeddable":true,"href":"http:\/\/www.grieta.org.mx\/index.php\/wp-json\/wp\/v2\/users\/2"}],"replies":[{"embeddable":true,"href":"http:\/\/www.grieta.org.mx\/index.php\/wp-json\/wp\/v2\/comments?post=5190"}],"version-history":[{"count":1,"href":"http:\/\/www.grieta.org.mx\/index.php\/wp-json\/wp\/v2\/posts\/5190\/revisions"}],"predecessor-version":[{"id":5193,"href":"http:\/\/www.grieta.org.mx\/index.php\/wp-json\/wp\/v2\/posts\/5190\/revisions\/5193"}],"wp:featuredmedia":[{"embeddable":true,"href":"http:\/\/www.grieta.org.mx\/index.php\/wp-json\/wp\/v2\/media\/21928"}],"wp:attachment":[{"href":"http:\/\/www.grieta.org.mx\/index.php\/wp-json\/wp\/v2\/media?parent=5190"}],"wp:term":[{"taxonomy":"category","embeddable":true,"href":"http:\/\/www.grieta.org.mx\/index.php\/wp-json\/wp\/v2\/categories?post=5190"},{"taxonomy":"post_tag","embeddable":true,"href":"http:\/\/www.grieta.org.mx\/index.php\/wp-json\/wp\/v2\/tags?post=5190"}],"curies":[{"name":"wp","href":"https:\/\/api.w.org\/{rel}","templated":true}]}}