{"id":51878,"date":"2020-07-13T15:01:29","date_gmt":"2020-07-13T20:01:29","guid":{"rendered":"http:\/\/www.grieta.org.mx\/?p=51878"},"modified":"2020-07-18T15:08:45","modified_gmt":"2020-07-18T20:08:45","slug":"acusan-falta-de-insumos-en-la-clinica-46-del-imss-jalisco","status":"publish","type":"post","link":"http:\/\/www.grieta.org.mx\/index.php\/2020\/07\/13\/acusan-falta-de-insumos-en-la-clinica-46-del-imss-jalisco\/","title":{"rendered":"Acusan falta de insumos en la Cl\u00ednica 46 del IMSS (Jalisco)"},"content":{"rendered":"<p><img loading=\"lazy\" decoding=\"async\" data-attachment-id=\"51879\" data-permalink=\"http:\/\/www.grieta.org.mx\/index.php\/2020\/07\/13\/acusan-falta-de-insumos-en-la-clinica-46-del-imss-jalisco\/2020-07-13_12-07-49___4920\/\" data-orig-file=\"http:\/\/www.grieta.org.mx\/wp-content\/uploads\/2020\/07\/2020-07-13_12-07-49___4920.jpg\" data-orig-size=\"490,330\" data-comments-opened=\"0\" data-image-meta=\"{&quot;aperture&quot;:&quot;0&quot;,&quot;credit&quot;:&quot;&quot;,&quot;camera&quot;:&quot;&quot;,&quot;caption&quot;:&quot;&quot;,&quot;created_timestamp&quot;:&quot;0&quot;,&quot;copyright&quot;:&quot;&quot;,&quot;focal_length&quot;:&quot;0&quot;,&quot;iso&quot;:&quot;0&quot;,&quot;shutter_speed&quot;:&quot;0&quot;,&quot;title&quot;:&quot;&quot;,&quot;orientation&quot;:&quot;1&quot;}\" data-image-title=\"2020-07-13_12-07-49___4920\" data-image-description=\"\" data-image-caption=\"\" data-medium-file=\"http:\/\/www.grieta.org.mx\/wp-content\/uploads\/2020\/07\/2020-07-13_12-07-49___4920-300x202.jpg\" data-large-file=\"http:\/\/www.grieta.org.mx\/wp-content\/uploads\/2020\/07\/2020-07-13_12-07-49___4920.jpg\" class=\"aligncenter wp-image-51879\" src=\"http:\/\/www.grieta.org.mx\/wp-content\/uploads\/2020\/07\/2020-07-13_12-07-49___4920.jpg\" alt=\"\" width=\"800\" height=\"538\" srcset=\"http:\/\/www.grieta.org.mx\/wp-content\/uploads\/2020\/07\/2020-07-13_12-07-49___4920.jpg 490w, http:\/\/www.grieta.org.mx\/wp-content\/uploads\/2020\/07\/2020-07-13_12-07-49___4920-300x202.jpg 300w\" sizes=\"auto, (max-width: 800px) 100vw, 800px\" \/><\/p>\n<p>Foto: Especial<\/p>\n<p>Edgar Flores \/ El Diario NTR<\/p>\n<p>La Cl\u00ednica 46 del Instituto Mexicano del Seguro Social (IMSS) Jalisco sigue\u00a0dando de qu\u00e9 hablar\u00a0por\u00a0falta de insumos de protecci\u00f3n para su personal.<\/p>\n<p>Seg\u00fan\u00a0Juan, un enfermero que prefiere identificarse como tal y no dar a conocer su identidad por cuestiones de seguridad, al\u00a0personal de enfermer\u00eda que est\u00e1 al frente de los pacientes internados por\u00a0Covid-19 no se le\u00a0entrega\u00a0material completo\u00a0y necesario para su protecci\u00f3n.<\/p>\n<p>Pr\u00e1cticamente desde el inicio de la pandemia se han difundido quejas por falta de materiales en la cl\u00ednica y ahora se repiten.<\/p>\n<p>Entre los materiales que desde hace d\u00edas escasean se encuentran los\u00a0trajes blancos desechables con capucha\u00a0que protegen la mayor parte del cuerpo\u00a0de los enfermeros. \u201cAhorita nos est\u00e1n dando uniformes quir\u00fargicos desechables\u00a0y una bata encima, es todo; esto nos deja al descubierto parte de la nuca, cuello y parte de la espalda\u201d, comparte.<\/p>\n<p>Juan asegura que\u00a0los trabajadores\u00a0han externado las carencias. En respuesta, el instituto les ha informado que\u00a0\u201cya no hay, no hay presupuesto y no les pueden dar\u201d.<\/p>\n<p>Los guantes quir\u00fargicos es otro insumo que falta en el nosocomio, pero ante su ausencia y la de otros materiales nadie da respuestas. Ni la direcci\u00f3n del hospital y menos la representaci\u00f3n sindical.<\/p>\n<p>Otro pendiente es\u00a0el bono\u00a0Covid. Juan asegura que en m\u00e1s de 3 meses no le ha llegado y a\u00f1ade que hay otras personas en una situaci\u00f3n similar.<\/p>\n<p>El escenario actual ha obligado\u00a0a Juan\u00a0y a otros compa\u00f1eros\u00a0a adquirir insumos por su cuenta.\u00a0En el caso de los\u00a0trajes desechables, detalla que\u00a0pueden\u00a0llegar a costar hasta 600 pesos\u00a0y s\u00f3lo\u00a0sirven\u00a0una semana, no m\u00e1s.<\/p>\n<p>Ante la interrogante de una posible\u00a0manifestaci\u00f3n, paro de labores\u00a0o alguna actividad que haga evidente ante la sociedad y autoridades la precariedad y el riesgo al que se enfrentan, Juan\u00a0comenta\u00a0que no es posible:\u00a0\u201cEstamos hablando de una instituci\u00f3n que desde siempre\u00a0tiene acostumbrados a sus trabajadores a laborar con lo que tienen\u201d.<\/p>\n<p>Aunque en la 46 se pasa por una situaci\u00f3n dif\u00edcil,\u00a0Juan\u00a0asegura que\u00a0en la Cl\u00ednica 110\u00a0la situaci\u00f3n se encuentra peor. \u201cHay compa\u00f1eros que entran sin protecci\u00f3n o botas porque no hay\u201d.<\/p>\n<p>M\u00e1s all\u00e1 de la falta de insumos, comenta que el Covid-19 es\u00a0m\u00e1s delicado de lo que se piensa. Seg\u00fan\u00a0c\u00e1lculos propios, tan s\u00f3lo en la Cl\u00ednica 46\u00a0puede haber, por d\u00eda, entre\u00a0cinco\u00a0y 15 muertos por\u00a0coronavirus.<\/p>\n<p>\u2026Y en\u00a0GDL\u00a0laboran\u00a0empleados\u00a0en riesgo<\/p>\n<p>En el Ayuntamiento de\u00a0Guadalajara no se permite faltar a trabajadores suplentes pese a ser vulnerables al Covid-19, asegura No\u00e9, un empleado en esta condici\u00f3n.<\/p>\n<p>\u201cEn el Ayuntamiento de Guadalajara\u00a0casi 50 por ciento de los trabajadores suplentes de todas las \u00e1reas tiene\u00a0enfermedades persistentes o son mayores de 60 a\u00f1os. Ellos conforme a la pandemia, interrogaron cu\u00e1l ser\u00eda\u00a0la seguridad que iban a tener y Recursos Humanos lo \u00fanico que les dijo fue que si no laboraban,\u00a0los dar\u00edan de baja\u201d, explica.<\/p>\n<p>No\u00e9 asegura que la exigencia de trabajar\u00a0aun siendo personas vulnerables al virus\u00a0ya cobr\u00f3 la vida de una persona del \u00e1rea de intendencia.\u00a0\u201cLa\u00a0situaci\u00f3n es que o trabajan o no comen, como estamos muchos, y ellos, en riesgo, pues acuden a trabajar por necesidad y esos son los resultados\u201d.<\/p>\n<p><a href=\"https:\/\/www.ntrguadalajara.com\/post.php?id_nota=151593\">https:\/\/www.ntrguadalajara.com\/post.php?id_nota=151593<\/a><\/p>\n","protected":false},"excerpt":{"rendered":"<p>Foto: Especial Edgar Flores \/ El Diario NTR La Cl\u00ednica 46 del Instituto Mexicano del Seguro Social (IMSS) Jalisco sigue\u00a0dando de qu\u00e9 hablar\u00a0por\u00a0falta de insumos de protecci\u00f3n para su personal. &hellip; <a href=\"http:\/\/www.grieta.org.mx\/index.php\/2020\/07\/13\/acusan-falta-de-insumos-en-la-clinica-46-del-imss-jalisco\/\" class=\"more-link\">Leer m\u00e1s<\/a><\/p>\n","protected":false},"author":2,"featured_media":51879,"comment_status":"closed","ping_status":"closed","sticky":false,"template":"","format":"standard","meta":{"ngg_post_thumbnail":0,"_jetpack_newsletter_access":"","_jetpack_dont_email_post_to_subs":false,"_jetpack_newsletter_tier_id":0,"_jetpack_memberships_contains_paywalled_content":false,"_jetpack_memberships_contains_paid_content":false,"footnotes":""},"categories":[80,918,2535,20,2,83],"tags":[3133,2367,3247,166],"class_list":["post-51878","post","type-post","status-publish","format-standard","has-post-thumbnail","hentry","category-cintillo","category-privatizacion-del-sector-salud","category-crisis-del-sector-salud-en-jalisco","category-jalisco","category-noticias-nacionales","category-temas-nacionales","tag-crisis-del-sector-salud","tag-crisis-en-el-sector-salud","tag-falta-de-insumos-medicos","tag-imss","entry"],"jetpack_featured_media_url":"http:\/\/www.grieta.org.mx\/wp-content\/uploads\/2020\/07\/2020-07-13_12-07-49___4920.jpg","jetpack_sharing_enabled":true,"jetpack_shortlink":"https:\/\/wp.me\/p7ZJR4-duK","jetpack_likes_enabled":false,"jetpack-related-posts":[{"id":47165,"url":"http:\/\/www.grieta.org.mx\/index.php\/2020\/04\/01\/temen-por-falta-de-insumos-en-el-imss-jalisco\/","url_meta":{"origin":51878,"position":0},"title":"Temen por falta de insumos en el IMSS (Jalisco)","author":"grieta","date":"1 abril, 2020","format":false,"excerpt":"Foto: Jorge Alberto Mendoza Edgar Flores \/ El Diario NTR Desde hace d\u00edas se han difundido quejas de personal del Instituto Mexicano del Seguro Social (IMSS) Jalisco por la falta de insumos para enfrentar la contingencia del Covid-19. A la fecha, la incertidumbre prevalece. Una empleada del IMSS, quien por\u2026","rel":"","context":"En &quot;CINTILLO&quot;","block_context":{"text":"CINTILLO","link":"http:\/\/www.grieta.org.mx\/index.php\/category\/cintillo\/"},"img":{"alt_text":"","src":"https:\/\/i0.wp.com\/www.grieta.org.mx\/wp-content\/uploads\/2020\/04\/2020-03-31_11-03-56___874.jpg?resize=350%2C200","width":350,"height":200,"srcset":"https:\/\/i0.wp.com\/www.grieta.org.mx\/wp-content\/uploads\/2020\/04\/2020-03-31_11-03-56___874.jpg?resize=350%2C200 1x, https:\/\/i0.wp.com\/www.grieta.org.mx\/wp-content\/uploads\/2020\/04\/2020-03-31_11-03-56___874.jpg?resize=525%2C300 1.5x, https:\/\/i0.wp.com\/www.grieta.org.mx\/wp-content\/uploads\/2020\/04\/2020-03-31_11-03-56___874.jpg?resize=700%2C400 2x"},"classes":[]},{"id":46771,"url":"http:\/\/www.grieta.org.mx\/index.php\/2020\/03\/24\/trabajadores-del-imss-exigen-medidas-e-insumos-jalisco\/","url_meta":{"origin":51878,"position":1},"title":"Trabajadores del IMSS exigen medidas e insumos (Jalisco)","author":"grieta","date":"24 marzo, 2020","format":false,"excerpt":"Foto: Especial Edgar Flores \/ El Diario NTR Al mediod\u00eda de ayer trabajadores de la Hospital General Regional (HGR) 46 del Instituto Mexicano del Seguro Social (IMSS) se manifestaron a las afueras del nosocomio para exigir insumos y medidas de protecci\u00f3n a prop\u00f3sito de la contingencia sanitaria por el Covid-19.\u2026","rel":"","context":"En &quot;CINTILLO&quot;","block_context":{"text":"CINTILLO","link":"http:\/\/www.grieta.org.mx\/index.php\/category\/cintillo\/"},"img":{"alt_text":"","src":"https:\/\/i0.wp.com\/www.grieta.org.mx\/wp-content\/uploads\/2020\/03\/2020-03-24_12-03-18___7035.jpg?resize=350%2C200","width":350,"height":200,"srcset":"https:\/\/i0.wp.com\/www.grieta.org.mx\/wp-content\/uploads\/2020\/03\/2020-03-24_12-03-18___7035.jpg?resize=350%2C200 1x, https:\/\/i0.wp.com\/www.grieta.org.mx\/wp-content\/uploads\/2020\/03\/2020-03-24_12-03-18___7035.jpg?resize=525%2C300 1.5x, https:\/\/i0.wp.com\/www.grieta.org.mx\/wp-content\/uploads\/2020\/03\/2020-03-24_12-03-18___7035.jpg?resize=700%2C400 2x"},"classes":[]},{"id":44282,"url":"http:\/\/www.grieta.org.mx\/index.php\/2020\/02\/14\/actos-de-discriminacion-hostigamiento-y-falta-de-insumos-denuncian-trabajadores-del-imss-jalisco\/","url_meta":{"origin":51878,"position":2},"title":"Actos de discriminaci\u00f3n, hostigamiento y falta de insumos denuncian trabajadores del IMSS Jalisco","author":"grieta","date":"14 febrero, 2020","format":false,"excerpt":"Foto: Isaura L\u00f3pez Isaura L\u00f3pez \/ El Occidental Por d\u00e9cadas, integrantes del Sindicato Nacional Libre de los Trabajadores del Seguro Social (SNLTSS), cap\u00edtulo Jalisco denuncian que han ido perdiendo sus derechos, jornadas laborales, el r\u00e9gimen de jubilaci\u00f3n y pensiones en riesgo. Adem\u00e1s, reprueban que han padecido discriminaci\u00f3n, hostigamiento y falta\u2026","rel":"","context":"En &quot;CINTILLO&quot;","block_context":{"text":"CINTILLO","link":"http:\/\/www.grieta.org.mx\/index.php\/category\/cintillo\/"},"img":{"alt_text":"","src":"https:\/\/i0.wp.com\/www.grieta.org.mx\/wp-content\/uploads\/2020\/02\/WhatsApp-Image-2020-02-14-at-10.28.19.jpeg?resize=350%2C200","width":350,"height":200,"srcset":"https:\/\/i0.wp.com\/www.grieta.org.mx\/wp-content\/uploads\/2020\/02\/WhatsApp-Image-2020-02-14-at-10.28.19.jpeg?resize=350%2C200 1x, https:\/\/i0.wp.com\/www.grieta.org.mx\/wp-content\/uploads\/2020\/02\/WhatsApp-Image-2020-02-14-at-10.28.19.jpeg?resize=525%2C300 1.5x, https:\/\/i0.wp.com\/www.grieta.org.mx\/wp-content\/uploads\/2020\/02\/WhatsApp-Image-2020-02-14-at-10.28.19.jpeg?resize=700%2C400 2x"},"classes":[]},{"id":33086,"url":"http:\/\/www.grieta.org.mx\/index.php\/2019\/05\/01\/trabajadores-marchan-en-demandas-de-mejoras-de-hospitales-del-imss-nayarit\/","url_meta":{"origin":51878,"position":3},"title":"Trabajadores marchan en demandas de mejoras de hospitales del IMSS (Jalisco)","author":"grieta","date":"1 mayo, 2019","format":false,"excerpt":"Oseas Lorenzo Bravo \/ Noticias DLB.COM En el marco de la celebraci\u00f3n del d\u00eda del trabajo, m\u00e1s de 350 trabajadores del IMSS, marcharon desde el crucero de El Pitillal hasta la cl\u00ednica 42, en demanda de insumos e infraestructura hospitalaria que permita brindar un servicio de calidad. Norma Isela L\u00f3pez\u2026","rel":"","context":"En &quot;CINTILLO&quot;","block_context":{"text":"CINTILLO","link":"http:\/\/www.grieta.org.mx\/index.php\/category\/cintillo\/"},"img":{"alt_text":"","src":"https:\/\/i0.wp.com\/www.grieta.org.mx\/wp-content\/uploads\/2019\/05\/imss-seguri.jpg?resize=350%2C200","width":350,"height":200},"classes":[]},{"id":47237,"url":"http:\/\/www.grieta.org.mx\/index.php\/2020\/03\/30\/se-suma-imss-michoacan-a-protesta-por-falta-de-insumos-contra-covid-19\/","url_meta":{"origin":51878,"position":4},"title":"Se suma IMSS Michoac\u00e1n a protesta por falta de insumos contra Covid-19","author":"grieta","date":"30 marzo, 2020","format":false,"excerpt":"Francisco Castellanos | 30 de marzo de 2020 Uruapan, Michoac\u00e1n.-La atenci\u00f3n a derechohabientes en la Cl\u00ednica Hospital N\u00famero 8 del Instituto Mexicano del Seguro Social (IMSS), se detuvo la ma\u00f1ana de este lunes, debido a que m\u00e9dicos, enfermeros y personal de distintas \u00e1reas, se manifestaron ante la falta de materiales\u2026","rel":"","context":"En &quot;CINTILLO&quot;","block_context":{"text":"CINTILLO","link":"http:\/\/www.grieta.org.mx\/index.php\/category\/cintillo\/"},"img":{"alt_text":"","src":"https:\/\/i0.wp.com\/www.grieta.org.mx\/wp-content\/uploads\/2020\/04\/imss.jpg?resize=350%2C200","width":350,"height":200,"srcset":"https:\/\/i0.wp.com\/www.grieta.org.mx\/wp-content\/uploads\/2020\/04\/imss.jpg?resize=350%2C200 1x, https:\/\/i0.wp.com\/www.grieta.org.mx\/wp-content\/uploads\/2020\/04\/imss.jpg?resize=525%2C300 1.5x, https:\/\/i0.wp.com\/www.grieta.org.mx\/wp-content\/uploads\/2020\/04\/imss.jpg?resize=700%2C400 2x"},"classes":[]},{"id":47560,"url":"http:\/\/www.grieta.org.mx\/index.php\/2020\/04\/06\/medicos-y-enfermeros-protestan-ante-la-falta-de-insumos-en-la-clinica-76-del-imss-estado-de-mexico\/","url_meta":{"origin":51878,"position":5},"title":"M\u00e9dicos y enfermeros protestan ante la falta de insumos en la cl\u00ednica 76 del IMSS (Estado de M\u00e9xico)","author":"grieta","date":"6 abril, 2020","format":false,"excerpt":"Fotos: Osvaldo Muller Orlando Salinas \/ El Sol de Toluca Ubicada en el municipio de Ecatepec Trabajadores del Hospital General #76 del Instituto Mexicano del Seguro Social (IMSS), ubicado en el municipio de Ecatepec, protestan por la falta de insumos para tratar casos sospechosos de COVID-19. Por segunda ocasi\u00f3n, un\u2026","rel":"","context":"En &quot;CINTILLO&quot;","block_context":{"text":"CINTILLO","link":"http:\/\/www.grieta.org.mx\/index.php\/category\/cintillo\/"},"img":{"alt_text":"","src":"https:\/\/i0.wp.com\/www.grieta.org.mx\/wp-content\/uploads\/2020\/04\/M%C3%A9dicos-y-enfermeros-protestan-ante-la-falta-de-insumos-en-la-cl%C3%ADnica-76-del-IMSS-edomex-abr.jpg?resize=350%2C200","width":350,"height":200,"srcset":"https:\/\/i0.wp.com\/www.grieta.org.mx\/wp-content\/uploads\/2020\/04\/M%C3%A9dicos-y-enfermeros-protestan-ante-la-falta-de-insumos-en-la-cl%C3%ADnica-76-del-IMSS-edomex-abr.jpg?resize=350%2C200 1x, https:\/\/i0.wp.com\/www.grieta.org.mx\/wp-content\/uploads\/2020\/04\/M%C3%A9dicos-y-enfermeros-protestan-ante-la-falta-de-insumos-en-la-cl%C3%ADnica-76-del-IMSS-edomex-abr.jpg?resize=525%2C300 1.5x, https:\/\/i0.wp.com\/www.grieta.org.mx\/wp-content\/uploads\/2020\/04\/M%C3%A9dicos-y-enfermeros-protestan-ante-la-falta-de-insumos-en-la-cl%C3%ADnica-76-del-IMSS-edomex-abr.jpg?resize=700%2C400 2x"},"classes":[]}],"_links":{"self":[{"href":"http:\/\/www.grieta.org.mx\/index.php\/wp-json\/wp\/v2\/posts\/51878","targetHints":{"allow":["GET"]}}],"collection":[{"href":"http:\/\/www.grieta.org.mx\/index.php\/wp-json\/wp\/v2\/posts"}],"about":[{"href":"http:\/\/www.grieta.org.mx\/index.php\/wp-json\/wp\/v2\/types\/post"}],"author":[{"embeddable":true,"href":"http:\/\/www.grieta.org.mx\/index.php\/wp-json\/wp\/v2\/users\/2"}],"replies":[{"embeddable":true,"href":"http:\/\/www.grieta.org.mx\/index.php\/wp-json\/wp\/v2\/comments?post=51878"}],"version-history":[{"count":1,"href":"http:\/\/www.grieta.org.mx\/index.php\/wp-json\/wp\/v2\/posts\/51878\/revisions"}],"predecessor-version":[{"id":51881,"href":"http:\/\/www.grieta.org.mx\/index.php\/wp-json\/wp\/v2\/posts\/51878\/revisions\/51881"}],"wp:featuredmedia":[{"embeddable":true,"href":"http:\/\/www.grieta.org.mx\/index.php\/wp-json\/wp\/v2\/media\/51879"}],"wp:attachment":[{"href":"http:\/\/www.grieta.org.mx\/index.php\/wp-json\/wp\/v2\/media?parent=51878"}],"wp:term":[{"taxonomy":"category","embeddable":true,"href":"http:\/\/www.grieta.org.mx\/index.php\/wp-json\/wp\/v2\/categories?post=51878"},{"taxonomy":"post_tag","embeddable":true,"href":"http:\/\/www.grieta.org.mx\/index.php\/wp-json\/wp\/v2\/tags?post=51878"}],"curies":[{"name":"wp","href":"https:\/\/api.w.org\/{rel}","templated":true}]}}