{"id":51773,"date":"2020-07-08T14:39:38","date_gmt":"2020-07-08T19:39:38","guid":{"rendered":"http:\/\/www.grieta.org.mx\/?p=51773"},"modified":"2020-07-15T14:47:56","modified_gmt":"2020-07-15T19:47:56","slug":"denuncian-mujeres-trans-agresiones-de-la-policia-municipal-capitalina-de-aguascalientes","status":"publish","type":"post","link":"http:\/\/www.grieta.org.mx\/index.php\/2020\/07\/08\/denuncian-mujeres-trans-agresiones-de-la-policia-municipal-capitalina-de-aguascalientes\/","title":{"rendered":"Denuncian mujeres trans agresiones de la polic\u00eda municipal capitalina de Aguascalientes"},"content":{"rendered":"<p>Gabriel Soriano\/La Jornada Aguascalientes<br \/>\n8 julio 2020<\/p>\n<p><img loading=\"lazy\" decoding=\"async\" data-attachment-id=\"51774\" data-permalink=\"http:\/\/www.grieta.org.mx\/index.php\/2020\/07\/08\/denuncian-mujeres-trans-agresiones-de-la-policia-municipal-capitalina-de-aguascalientes\/45095311824_88748f1670_b\/\" data-orig-file=\"http:\/\/www.grieta.org.mx\/wp-content\/uploads\/2020\/07\/45095311824_88748f1670_b.jpg\" data-orig-size=\"1024,683\" data-comments-opened=\"0\" data-image-meta=\"{&quot;aperture&quot;:&quot;0&quot;,&quot;credit&quot;:&quot;&quot;,&quot;camera&quot;:&quot;&quot;,&quot;caption&quot;:&quot;&quot;,&quot;created_timestamp&quot;:&quot;0&quot;,&quot;copyright&quot;:&quot;&quot;,&quot;focal_length&quot;:&quot;0&quot;,&quot;iso&quot;:&quot;0&quot;,&quot;shutter_speed&quot;:&quot;0&quot;,&quot;title&quot;:&quot;&quot;,&quot;orientation&quot;:&quot;0&quot;}\" data-image-title=\"45095311824_88748f1670_b\" data-image-description=\"\" data-image-caption=\"\" data-medium-file=\"http:\/\/www.grieta.org.mx\/wp-content\/uploads\/2020\/07\/45095311824_88748f1670_b-300x200.jpg\" data-large-file=\"http:\/\/www.grieta.org.mx\/wp-content\/uploads\/2020\/07\/45095311824_88748f1670_b-1024x683.jpg\" class=\"aligncenter wp-image-51774\" src=\"http:\/\/www.grieta.org.mx\/wp-content\/uploads\/2020\/07\/45095311824_88748f1670_b.jpg\" alt=\"\" width=\"800\" height=\"534\" srcset=\"http:\/\/www.grieta.org.mx\/wp-content\/uploads\/2020\/07\/45095311824_88748f1670_b.jpg 1024w, http:\/\/www.grieta.org.mx\/wp-content\/uploads\/2020\/07\/45095311824_88748f1670_b-300x200.jpg 300w, http:\/\/www.grieta.org.mx\/wp-content\/uploads\/2020\/07\/45095311824_88748f1670_b-768x512.jpg 768w, http:\/\/www.grieta.org.mx\/wp-content\/uploads\/2020\/07\/45095311824_88748f1670_b-750x500.jpg 750w\" sizes=\"auto, (max-width: 800px) 100vw, 800px\" \/><\/p>\n<p>Trabajadoras sexuales trans presentan denuncia ante la Fiscal\u00eda General del Estado por robo, acoso sexual, extorsi\u00f3n y discriminaci\u00f3n contra elementos municipales<br \/>\nFueron discriminadas por parte del IMMA cuando intentaron buscar su apoyo en esta situaci\u00f3n<br \/>\nMujeres trans trabajadoras sexuales presentan denuncia ante la Fiscal\u00eda General del Estado por violaci\u00f3n sexual, acoso, robo, extorci\u00f3n y discriminaci\u00f3n contra elementos de la polic\u00eda municipal. Exigen al gobierno de Teresa Jim\u00e9nez que tome cartas en el asunto y de una soluci\u00f3n para evitar que sigan las violaciones a sus derechos.<\/p>\n<p>Desde la administraci\u00f3n pasada, el entonces regidor Mauricio Gonz\u00e1lez L\u00f3pez denunci\u00f3 que dentro de la corporaci\u00f3n policiaca hab\u00eda elementos que acosaban sexualmente y extorsionaban a las mujeres trans trabajadoras sexuales. Aunque Mar\u00eda Teresa Jim\u00e9nez Esquivel fue reelecta para este periodo municipal y tambi\u00e9n se ratific\u00f3 a Antonio Mart\u00ednez Romo como titular de la Secretar\u00eda de Seguridad P\u00fablica Municipal poco se ha hecho para atender estas observaciones.<\/p>\n<p>Seg\u00fan se\u00f1al\u00f3 la asociaci\u00f3n civil Fangoria Nice esta actitud de los polic\u00edas municipales ha sido frecuente a lo largo de los a\u00f1os, solo que hasta ahora se est\u00e1 empoderando a las trabajadoras para que presenten una denuncia formal ante las instancias correspondientes.<\/p>\n<p>Ayer, junto con la Asociaci\u00f3n de Abogadas, Profesionistas y Estudiantes en Defensa de los ni\u00f1os, mujeres y adultos mayores, presentaron ante los medios la denuncia que se hizo ante la Fiscal\u00eda General del Estado de Aguascalientes y posteriormente la notificaron al Gobierno Municipal.<\/p>\n<p>En el documento, las trabajadoras sexuales pertenecientes a la comunidad trans denuncian que fueron v\u00edctimas de violaci\u00f3n sexual por parte de elementos municipales, adem\u00e1s de que sigue siendo frecuente ellos les roben, extorsionen y las discriminen.<\/p>\n<p>\u201cNos piden que nos coloquemos de espaldas, esto con la finalidad de que no se logre identificarlos, ni a ellos, ni a los n\u00fameros de las unidades que tripulan, y nos exigen que les entreguemos cantidades de dinero como cobro de piso de trescientos pesos. Adem\u00e1s de que nos exigen favores sexuales bajo amenazas de detenernos y presentarnos ante la autoridad municipal si hay negativa de nuestra parte\u201d, coment\u00f3 Wendy Soto, coordinadora de Fangoria Nice.<\/p>\n<p>Son un total de treinta trabajadoras transg\u00e9nero que est\u00e1n siendo afectadas por elementos municipales.<\/p>\n<p>Seg\u00fan la denuncia, tambi\u00e9n se han acercado al Instituto Municipal de la Mujer de Aguascalientes (IMMA) en donde se les ha negado atenderlas y las han discriminado.<\/p>\n<p>\u201cSe\u00f1ora presidenta, su gobierno ha sido insensible a nosotras, a nuestros empleos, ya que no hemos encontrado ning\u00fan tipo de apoyo, todo lo contrario, solamente insensibilidad y falta de empat\u00eda ante la situaci\u00f3n que hemos vivido durante esta pandemia, aprovech\u00e1ndose su cuerpo de seguridad de nosotras y de lo poco que podemos sacar para llevar a nuestras familias para el sustento diario\u201d, declaran en la denuncia.<\/p>\n<p>Exigen a la alcaldesa que tome cartas en el asunto, sancione y destituya del cargo a los elementos responsables de estos abusos.<\/p>\n<p><a href=\"https:\/\/www.lja.mx\/2020\/07\/denuncian-mujeres-trans-agresiones-de-la-policia-municipal-capitalina-de-aguascalientes\/\" rel=\"noopener noreferrer\" target=\"_blank\">https:\/\/www.lja.mx\/2020\/07\/denuncian-mujeres-trans-agresiones-de-la-policia-municipal-capitalina-de-aguascalientes\/<\/a><\/p>\n","protected":false},"excerpt":{"rendered":"<p>Gabriel Soriano\/La Jornada Aguascalientes 8 julio 2020 Trabajadoras sexuales trans presentan denuncia ante la Fiscal\u00eda General del Estado por robo, acoso sexual, extorsi\u00f3n y discriminaci\u00f3n contra elementos municipales Fueron discriminadas &hellip; <a href=\"http:\/\/www.grieta.org.mx\/index.php\/2020\/07\/08\/denuncian-mujeres-trans-agresiones-de-la-policia-municipal-capitalina-de-aguascalientes\/\" class=\"more-link\">Leer m\u00e1s<\/a><\/p>\n","protected":false},"author":2,"featured_media":51776,"comment_status":"closed","ping_status":"closed","sticky":false,"template":"","format":"standard","meta":{"ngg_post_thumbnail":0,"_jetpack_newsletter_access":"","_jetpack_dont_email_post_to_subs":false,"_jetpack_newsletter_tier_id":0,"_jetpack_memberships_contains_paywalled_content":false,"_jetpack_memberships_contains_paid_content":false,"footnotes":""},"categories":[1376,4,80,3290,2],"tags":[3370,3241,3369,703],"class_list":["post-51773","post","type-post","status-publish","format-standard","has-post-thumbnail","hentry","category-tortura-en-aguascalientes","category-aguascalientes","category-cintillo","category-covid-19-en-aguascalientes","category-noticias-nacionales","tag-comunidad-trans","tag-covid-19","tag-trabajadoras-sexuales","tag-violencia-policiaca","entry"],"jetpack_featured_media_url":"http:\/\/www.grieta.org.mx\/wp-content\/uploads\/2020\/07\/45095311824_88748f1670_b-1.jpg","jetpack_sharing_enabled":true,"jetpack_shortlink":"https:\/\/wp.me\/p7ZJR4-dt3","jetpack_likes_enabled":false,"jetpack-related-posts":[{"id":49263,"url":"http:\/\/www.grieta.org.mx\/index.php\/2020\/04\/25\/lo-que-exigen-trabajadoras-de-las-violetas-al-municipio-de-aguascalientes-durante-el-paro-del-covid-19\/","url_meta":{"origin":51773,"position":0},"title":"LO QUE EXIGEN TRABAJADORAS DE LAS VIOLETAS AL MUNICIPIO DE AGUASCALIENTES DURANTE EL PARO DEL COVID-19","author":"grieta","date":"25 abril, 2020","format":false,"excerpt":"Claudia Rodr\u00edguez Loera\/La Jornada Aguascalientes 25 abril 2020 Foto tomada de La Jornada Aguascalientes Logran recursos econ\u00f3micos, despensas y pago de recibos de agua Estimular\u00e1n a quienes estudian o quieren capacitarse La ma\u00f1ana de este viernes un grupo de trabajadoras de bares y antros de la zona de tolerancia de\u2026","rel":"","context":"En &quot;Aguascalientes&quot;","block_context":{"text":"Aguascalientes","link":"http:\/\/www.grieta.org.mx\/index.php\/category\/noticias-nacionales\/aguascalientes\/"},"img":{"alt_text":"","src":"https:\/\/i0.wp.com\/www.grieta.org.mx\/wp-content\/uploads\/2020\/05\/photo_2020-04-24_22-20-51.jpg?resize=350%2C200","width":350,"height":200,"srcset":"https:\/\/i0.wp.com\/www.grieta.org.mx\/wp-content\/uploads\/2020\/05\/photo_2020-04-24_22-20-51.jpg?resize=350%2C200 1x, https:\/\/i0.wp.com\/www.grieta.org.mx\/wp-content\/uploads\/2020\/05\/photo_2020-04-24_22-20-51.jpg?resize=525%2C300 1.5x, https:\/\/i0.wp.com\/www.grieta.org.mx\/wp-content\/uploads\/2020\/05\/photo_2020-04-24_22-20-51.jpg?resize=700%2C400 2x"},"classes":[]},{"id":49053,"url":"http:\/\/www.grieta.org.mx\/index.php\/2020\/04\/24\/quieren-apoyos-por-covid-19-en-aguascalientes-se-manifiestan-musicos-gente-sin-agua-y-trabajadoras-sexuales\/","url_meta":{"origin":51773,"position":1},"title":"Quieren apoyos por COVID-19: En Aguascalientes se manifiestan m\u00fasicos, gente sin agua y trabajadoras sexuales","author":"grieta","date":"24 abril, 2020","format":false,"excerpt":"Francisco Corona Trejo\/La Jornada Aguascalientes 24\/04\/2020 Tan s\u00f3lo va la mitad del viernes 24 de abril, d\u00eda que tradicionalmente ser\u00eda de fiesta por su naturaleza previa a los festejos de San Marcos en plena verbena abrile\u00f1a de Aguascalientes, y ya hubo tres manifestaciones diferentes en el centro de Aguascalientes debido\u2026","rel":"","context":"En &quot;Aguascalientes&quot;","block_context":{"text":"Aguascalientes","link":"http:\/\/www.grieta.org.mx\/index.php\/category\/noticias-nacionales\/aguascalientes\/"},"img":{"alt_text":"","src":"https:\/\/i0.wp.com\/www.grieta.org.mx\/wp-content\/uploads\/2020\/05\/photo5557507267084003254.jpg?resize=350%2C200","width":350,"height":200,"srcset":"https:\/\/i0.wp.com\/www.grieta.org.mx\/wp-content\/uploads\/2020\/05\/photo5557507267084003254.jpg?resize=350%2C200 1x, https:\/\/i0.wp.com\/www.grieta.org.mx\/wp-content\/uploads\/2020\/05\/photo5557507267084003254.jpg?resize=525%2C300 1.5x, https:\/\/i0.wp.com\/www.grieta.org.mx\/wp-content\/uploads\/2020\/05\/photo5557507267084003254.jpg?resize=700%2C400 2x"},"classes":[]},{"id":43578,"url":"http:\/\/www.grieta.org.mx\/index.php\/2020\/01\/23\/aguascalientes-20-mil-casos-de-abuso-sexual-pero-no-se-investiga-ninguno\/","url_meta":{"origin":51773,"position":2},"title":"Aguascalientes: 20 mil casos de abuso sexual, pero no se investiga ninguno","author":"grieta","date":"23 enero, 2020","format":false,"excerpt":"Redacci\u00f3n\/La Silla Rota 23 enero 2020. En esta entidad, donde hay 672 mil 453 mujeres y 640 mil 91 hombres, son ellas las que vuelven a ser v\u00edctimas de violencia sexual y acoso. En Aguascalientes, un estado con un alto \u00cdndice de Desarrollo Humano, las agresiones contra las mujeres y\u2026","rel":"","context":"En &quot;Aguascalientes&quot;","block_context":{"text":"Aguascalientes","link":"http:\/\/www.grieta.org.mx\/index.php\/category\/noticias-nacionales\/aguascalientes\/"},"img":{"alt_text":"","src":"https:\/\/i0.wp.com\/www.grieta.org.mx\/wp-content\/uploads\/2020\/01\/mujeres-focus-min0.05-0.28-983-557.jpg?resize=350%2C200","width":350,"height":200,"srcset":"https:\/\/i0.wp.com\/www.grieta.org.mx\/wp-content\/uploads\/2020\/01\/mujeres-focus-min0.05-0.28-983-557.jpg?resize=350%2C200 1x, https:\/\/i0.wp.com\/www.grieta.org.mx\/wp-content\/uploads\/2020\/01\/mujeres-focus-min0.05-0.28-983-557.jpg?resize=525%2C300 1.5x, https:\/\/i0.wp.com\/www.grieta.org.mx\/wp-content\/uploads\/2020\/01\/mujeres-focus-min0.05-0.28-983-557.jpg?resize=700%2C400 2x"},"classes":[]},{"id":38843,"url":"http:\/\/www.grieta.org.mx\/index.php\/2019\/07\/22\/complicado-escenario-para-las-trabajadoras-de-limpieza-aguascalientes\/","url_meta":{"origin":51773,"position":3},"title":"Complicado escenario para las trabajadoras de limpieza (Aguascalientes)","author":"grieta","date":"22 julio, 2019","format":false,"excerpt":"Entre la explotaci\u00f3n y la vulnerabilidad El Heraldo de Aguascalientes, 22 de julio de 2019 Redacci\u00f3n Aguascalientes, Ags.- Las trabajadoras de limpieza son un gremio muy explotado, donde no se respetan sus derechos y son expuestas a jornadas laborales excesivas, y en ocasiones hasta son objeto de acoso sexual por\u2026","rel":"","context":"En &quot;Aguascalientes&quot;","block_context":{"text":"Aguascalientes","link":"http:\/\/www.grieta.org.mx\/index.php\/category\/noticias-nacionales\/aguascalientes\/"},"img":{"alt_text":"","src":"https:\/\/i0.wp.com\/www.grieta.org.mx\/wp-content\/uploads\/2019\/09\/http-_www.heraldo.mx_wp-content_uploads_2019_03_trabajadoras-del-hogar-aseo-limpieza-ASC_0749-696x442.jpg?resize=350%2C200","width":350,"height":200,"srcset":"https:\/\/i0.wp.com\/www.grieta.org.mx\/wp-content\/uploads\/2019\/09\/http-_www.heraldo.mx_wp-content_uploads_2019_03_trabajadoras-del-hogar-aseo-limpieza-ASC_0749-696x442.jpg?resize=350%2C200 1x, https:\/\/i0.wp.com\/www.grieta.org.mx\/wp-content\/uploads\/2019\/09\/http-_www.heraldo.mx_wp-content_uploads_2019_03_trabajadoras-del-hogar-aseo-limpieza-ASC_0749-696x442.jpg?resize=525%2C300 1.5x"},"classes":[]},{"id":32383,"url":"http:\/\/www.grieta.org.mx\/index.php\/2019\/03\/30\/uaa-destaca-por-denuncias-de-acoso-sexual-en-el-pais-metooacademicos-aguacalientes\/","url_meta":{"origin":51773,"position":4},"title":"UAA destaca por denuncias de acoso sexual en el pa\u00eds: #MeTooAcad\u00e9micos (Aguacalientes)","author":"grieta","date":"30 marzo, 2019","format":false,"excerpt":"Redacci\u00f3n\/Proceso AGUASCALIENTES, Ags. (apro).- Un estudio realizado por quienes conforman la plataforma #MeTooAcad\u00e9micos en redes sociales, posiciona a la Universidad Aut\u00f3noma de Aguascalientes (UAA) como una de las instituciones con mayor n\u00famero de denuncias por acoso y violencia de g\u00e9nero en el pa\u00eds. A trav\u00e9s de denuncias an\u00f3nimas, m\u00e1s de\u2026","rel":"","context":"En &quot;Aguascalientes&quot;","block_context":{"text":"Aguascalientes","link":"http:\/\/www.grieta.org.mx\/index.php\/category\/noticias-nacionales\/aguascalientes\/"},"img":{"alt_text":"","src":"https:\/\/i0.wp.com\/www.grieta.org.mx\/wp-content\/uploads\/2019\/04\/metoo-1078x808.jpg?resize=350%2C200","width":350,"height":200,"srcset":"https:\/\/i0.wp.com\/www.grieta.org.mx\/wp-content\/uploads\/2019\/04\/metoo-1078x808.jpg?resize=350%2C200 1x, https:\/\/i0.wp.com\/www.grieta.org.mx\/wp-content\/uploads\/2019\/04\/metoo-1078x808.jpg?resize=525%2C300 1.5x, https:\/\/i0.wp.com\/www.grieta.org.mx\/wp-content\/uploads\/2019\/04\/metoo-1078x808.jpg?resize=700%2C400 2x, https:\/\/i0.wp.com\/www.grieta.org.mx\/wp-content\/uploads\/2019\/04\/metoo-1078x808.jpg?resize=1050%2C600 3x"},"classes":[]},{"id":11160,"url":"http:\/\/www.grieta.org.mx\/index.php\/2016\/05\/29\/movilizacion-contra-la-violencia-hacia-las-mujeres-en-aguascalientes\/","url_meta":{"origin":51773,"position":5},"title":"Movilizaci\u00f3n contra la violencia hacia las mujeres en Aguascalientes","author":"grieta","date":"29 mayo, 2016","format":false,"excerpt":"29\/05\/16. Edad promedio de mujeres ante primer acoso en Aguascalientes es de 14 a\u00f1os La Jornada Aguascalientes 24\/04\/16. Movilizaci\u00f3n en contra de las violencias machistas La Jornada Aguascalientes","rel":"","context":"En &quot;Aguascalientes&quot;","block_context":{"text":"Aguascalientes","link":"http:\/\/www.grieta.org.mx\/index.php\/category\/noticias-nacionales\/aguascalientes\/"},"img":{"alt_text":"","src":"https:\/\/i0.wp.com\/www.grieta.org.mx\/wp-content\/uploads\/2018\/03\/14524434_1106112876131411_958039263622046936_o.jpg?resize=350%2C200","width":350,"height":200,"srcset":"https:\/\/i0.wp.com\/www.grieta.org.mx\/wp-content\/uploads\/2018\/03\/14524434_1106112876131411_958039263622046936_o.jpg?resize=350%2C200 1x, https:\/\/i0.wp.com\/www.grieta.org.mx\/wp-content\/uploads\/2018\/03\/14524434_1106112876131411_958039263622046936_o.jpg?resize=525%2C300 1.5x, https:\/\/i0.wp.com\/www.grieta.org.mx\/wp-content\/uploads\/2018\/03\/14524434_1106112876131411_958039263622046936_o.jpg?resize=700%2C400 2x"},"classes":[]}],"_links":{"self":[{"href":"http:\/\/www.grieta.org.mx\/index.php\/wp-json\/wp\/v2\/posts\/51773","targetHints":{"allow":["GET"]}}],"collection":[{"href":"http:\/\/www.grieta.org.mx\/index.php\/wp-json\/wp\/v2\/posts"}],"about":[{"href":"http:\/\/www.grieta.org.mx\/index.php\/wp-json\/wp\/v2\/types\/post"}],"author":[{"embeddable":true,"href":"http:\/\/www.grieta.org.mx\/index.php\/wp-json\/wp\/v2\/users\/2"}],"replies":[{"embeddable":true,"href":"http:\/\/www.grieta.org.mx\/index.php\/wp-json\/wp\/v2\/comments?post=51773"}],"version-history":[{"count":1,"href":"http:\/\/www.grieta.org.mx\/index.php\/wp-json\/wp\/v2\/posts\/51773\/revisions"}],"predecessor-version":[{"id":51775,"href":"http:\/\/www.grieta.org.mx\/index.php\/wp-json\/wp\/v2\/posts\/51773\/revisions\/51775"}],"wp:featuredmedia":[{"embeddable":true,"href":"http:\/\/www.grieta.org.mx\/index.php\/wp-json\/wp\/v2\/media\/51776"}],"wp:attachment":[{"href":"http:\/\/www.grieta.org.mx\/index.php\/wp-json\/wp\/v2\/media?parent=51773"}],"wp:term":[{"taxonomy":"category","embeddable":true,"href":"http:\/\/www.grieta.org.mx\/index.php\/wp-json\/wp\/v2\/categories?post=51773"},{"taxonomy":"post_tag","embeddable":true,"href":"http:\/\/www.grieta.org.mx\/index.php\/wp-json\/wp\/v2\/tags?post=51773"}],"curies":[{"name":"wp","href":"https:\/\/api.w.org\/{rel}","templated":true}]}}