{"id":51723,"date":"2020-07-10T18:35:50","date_gmt":"2020-07-10T23:35:50","guid":{"rendered":"http:\/\/www.grieta.org.mx\/?p=51723"},"modified":"2020-07-12T00:40:16","modified_gmt":"2020-07-12T05:40:16","slug":"vinculan-a-proceso-a-feminicida-que-mato-a-su-madre-a-machetazos-en-oaxaca","status":"publish","type":"post","link":"http:\/\/www.grieta.org.mx\/index.php\/2020\/07\/10\/vinculan-a-proceso-a-feminicida-que-mato-a-su-madre-a-machetazos-en-oaxaca\/","title":{"rendered":"Vinculan a proceso a feminicida que mat\u00f3 a su madre a machetazos, en Oaxaca"},"content":{"rendered":"<p>Proceso \/ Pedro Mat\u00edas.<\/p>\n<p><img loading=\"lazy\" decoding=\"async\" data-attachment-id=\"51724\" data-permalink=\"http:\/\/www.grieta.org.mx\/index.php\/2020\/07\/10\/vinculan-a-proceso-a-feminicida-que-mato-a-su-madre-a-machetazos-en-oaxaca\/estados\/\" data-orig-file=\"http:\/\/www.grieta.org.mx\/wp-content\/uploads\/2020\/07\/estados.jpg\" data-orig-size=\"702,367\" data-comments-opened=\"0\" data-image-meta=\"{&quot;aperture&quot;:&quot;0&quot;,&quot;credit&quot;:&quot;&quot;,&quot;camera&quot;:&quot;&quot;,&quot;caption&quot;:&quot;&quot;,&quot;created_timestamp&quot;:&quot;0&quot;,&quot;copyright&quot;:&quot;&quot;,&quot;focal_length&quot;:&quot;0&quot;,&quot;iso&quot;:&quot;0&quot;,&quot;shutter_speed&quot;:&quot;0&quot;,&quot;title&quot;:&quot;&quot;,&quot;orientation&quot;:&quot;0&quot;}\" data-image-title=\"estados\" data-image-description=\"\" data-image-caption=\"\" data-medium-file=\"http:\/\/www.grieta.org.mx\/wp-content\/uploads\/2020\/07\/estados-300x157.jpg\" data-large-file=\"http:\/\/www.grieta.org.mx\/wp-content\/uploads\/2020\/07\/estados.jpg\" class=\"aligncenter wp-image-51724\" src=\"http:\/\/www.grieta.org.mx\/wp-content\/uploads\/2020\/07\/estados.jpg\" alt=\"\" width=\"800\" height=\"418\" srcset=\"http:\/\/www.grieta.org.mx\/wp-content\/uploads\/2020\/07\/estados.jpg 702w, http:\/\/www.grieta.org.mx\/wp-content\/uploads\/2020\/07\/estados-300x157.jpg 300w\" sizes=\"auto, (max-width: 800px) 100vw, 800px\" \/>OAXACA, Oax. (apro).- El Juzgado de Control dict\u00f3 auto de vinculaci\u00f3n a proceso a Julio C. L. S., quien a machetazos priv\u00f3 de la vida a su propia madre, la calcin\u00f3 y enterr\u00f3 en el patio de su domicilio particular ubicado en la agencia de Agua Dulce, Huajuapan de Le\u00f3n, Oaxaca.<\/p>\n<p>De acuerdo con la causa penal 173\/2020, el 27 de junio pasado, entre las 5 y 6 de la ma\u00f1ana, el presunto feminicida agredi\u00f3 con un objeto corto contundente (machete) a su madre, Reina, priv\u00e1ndola de la vida. Posteriormente prendi\u00f3 fuego al cuerpo y lo inhum\u00f3.<\/p>\n<p>Al iniciar una b\u00fasqueda por el delito de desaparici\u00f3n, los d\u00edas 27 y 28 de junio, la Vice Fiscal\u00eda Regional de la Mixteca realiz\u00f3 un cateo en la vivienda, luego de lo cual obtuvo la orden de aprehensi\u00f3n.<\/p>\n<p>El 2 de julio pasado, elementos de la Agencia Estatal de Investigaci\u00f3n (AEI) detuvieron al presunto feminicida y lo presentaron ante la autoridad judicial que lo requiri\u00f3.<\/p>\n<p>En audiencia, luego de validar los datos de prueba proporcionados por la Fiscal\u00eda General de Justicia de Oaxaca, el juez de Control determin\u00f3 vincular a proceso a Julio C. L. S., a quien impuso la medida cautelar de prisi\u00f3n preventiva y otorg\u00f3 cuatro meses para el cierre de investigaci\u00f3n complementaria.<\/p>\n<p>Violencia contra mujeres adultas<\/p>\n<p>Seg\u00fan registros de Consorcio para el Di\u00e1logo Parlamentario y la Equidad, los feminicidios, la violencia familiar y las desapariciones suman 89% del total de agresiones contra adultas mayores en lo que va del gobierno de Alejandro Murat Hinojosa. Y son los hijos varones quienes ejercen el 71% de la violencia familiar contra las mujeres de 60 a\u00f1os o m\u00e1s.<\/p>\n<p>En M\u00e9xico hay m\u00e1s de 15 millones de personas de 60 a\u00f1os o m\u00e1s, y seis de cada 10 son mujeres. De acuerdo con el Censo de Poblaci\u00f3n y Vivienda 2010, en Oaxaca m\u00e1s de 400 mil personas se encontraban en la tercera edad, lo que representa 10.7% del total de habitantes en la entidad.<\/p>\n<p>La vejez es una etapa de vida que comienza a los 60 a\u00f1os. La Ley de Derechos de Personas Adultas Mayores (LDPAM) establece que las personas en esta edad deber\u00edan ser protegidas por la familia y la comunidad, y el Estado deber\u00eda sancionar cualquier acto de violencia que ponga en riesgo su persona, bienes y derechos.<\/p>\n<p>Sin embargo, la Encuesta Nacional de la Din\u00e1mica Demogr\u00e1fica 2010 demuestra que en M\u00e9xico 17.3% de las mujeres de 60 a\u00f1os o m\u00e1s sufren alg\u00fan tipo de violencia, ya sea emocional, econ\u00f3mica o f\u00edsica.<\/p>\n<p>El registro de Consorcio Oaxaca, realizado del 1 de diciembre de 2016 al 6 de julio de 2020, detalla que 42 mujeres adultas han sido asesinadas. De ese total, 14 fueron v\u00edctimas de violencia familiar, ocho est\u00e1n desaparecidas, cinco terminaron con su propia vida y tres sufrieron una violaci\u00f3n.<\/p>\n<p>El 88% de los feminicidios en la entidad no cuentan con datos sobre la relaci\u00f3n de la v\u00edctima con el agresor. Sin embargo, 12% de los asesinatos de mujeres de 60 a\u00f1os o m\u00e1s han sido perpetrados por los hijos, nietos, familiares y conocidos. Los Valles Centrales, Costa y Mixteca suman 69% del total de asesinatos contra este grupo etario.<\/p>\n<p>En la categor\u00eda de violencia familiar, Consorcio encontr\u00f3 que 71% de los agresores son los hijos varones y 29% los esposos, familiares y\/o conocidos. Las agresiones van desde insultos y golpes hasta el intento de feminicidio.<\/p>\n<p>Por otra parte, la desaparici\u00f3n de mujeres en Oaxaca no respeta condici\u00f3n f\u00edsica ni edad: las adultas mayores representan el 0.9% de los 830 casos registrados durante la administraci\u00f3n actual. Las v\u00edctimas se encuentran en un rango de edad de entre 64 y 94 a\u00f1os.<\/p>\n<p>Datos del Informe sobre Violencia de G\u00e9nero en el Contexto de la Pandemia por Covid-19 reflejan que en M\u00e9xico el sustento de al menos 6.1 millones de mujeres depende de la econom\u00eda informal y ventas diarias, y la proporci\u00f3n de las que dependen de este tipo de ingresos aumenta en estados con altos \u00edndices de pobreza como Oaxaca (Consorcio Oaxaca, 2020), de ah\u00ed que muchas adultas mayores se vean obligadas a salir de casa.<\/p>\n<p>Ya sea para vender productos u ofrecer servicios, podemos encontrarlas en las calles y mercados, en espacios p\u00fablicos y comerciales, urbanos y comunitarios; otras tantas permanecen en casa al cuidado y crianza de sus nietos, sin que esto garantice mayor seguridad, pues la pandemia invisibilizada que representa la violencia feminicida en la entidad termina por convertirlas en v\u00edctimas indirectas de desaparici\u00f3n y asesinato de sus hijas que salieron a buscar empleo y jam\u00e1s regresaron con vida.<\/p>\n<p>En tal sentido, Consorcio Oaxaca exigi\u00f3 al gobierno del estado vigilar que el Sistema para el Desarrollo Integral de la Familia (DIF) garantice a las personas mayores la denuncia ante las autoridades competentes \u2013cuando sea procedente\u2013 de cualquier caso de maltrato, lesiones, abuso f\u00edsico o ps\u00edquico, sexual, abandono, descuido o negligencia, explotaci\u00f3n y en general cualquier acto que las perjudique, como lo establece el art\u00edculo 22o. Fracci\u00f3n VI de la LDPAM.<\/p>\n<p>Asimismo, sancionar el delito de feminicidio conforme al art\u00edculo 412 del C\u00f3digo Penal del Estado de Oaxaca, as\u00ed como el de desaparici\u00f3n forzada previsto por el art\u00edculo 348 Bis D del mismo c\u00f3digo.<\/p>\n<p>A la ciudadan\u00eda le pidi\u00f3 permitirse conocer m\u00e1s a las personas ancianas de la familia, el barrio o la comunidad, encontrando en su experiencia sabias respuestas que, en este aislamiento f\u00edsico, mas no emocional, resultan indispensables.<\/p>\n<p>De igual manera, tener a la mano un directorio con datos de instituciones u organizaciones civiles que ofrecen apoyo m\u00e9dico, terap\u00e9utico y legal a las mujeres adultas mayores que puedan estar en riesgo de sufrir violencia familiar o cualquier otro tipo de agresi\u00f3n a su persona.<\/p>\n<p><a href=\"https:\/\/www.proceso.com.mx\/637836\/vinculan-a-proceso-a-feminicida-que-mato-a-su-madre-a-machetazos-en-oaxaca\" target=\"_blank\" rel=\"noopener noreferrer\">https:\/\/www.proceso.com.mx\/637836\/vinculan-a-proceso-a-feminicida-que-mato-a-su-madre-a-machetazos-en-oaxaca<\/a><\/p>\n","protected":false},"excerpt":{"rendered":"<p>Proceso \/ Pedro Mat\u00edas. OAXACA, Oax. (apro).- El Juzgado de Control dict\u00f3 auto de vinculaci\u00f3n a proceso a Julio C. L. S., quien a machetazos priv\u00f3 de la vida a &hellip; <a href=\"http:\/\/www.grieta.org.mx\/index.php\/2020\/07\/10\/vinculan-a-proceso-a-feminicida-que-mato-a-su-madre-a-machetazos-en-oaxaca\/\" class=\"more-link\">Leer m\u00e1s<\/a><\/p>\n","protected":false},"author":2,"featured_media":51724,"comment_status":"closed","ping_status":"closed","sticky":false,"template":"","format":"standard","meta":{"ngg_post_thumbnail":0,"_jetpack_newsletter_access":"","_jetpack_dont_email_post_to_subs":false,"_jetpack_newsletter_tier_id":0,"_jetpack_memberships_contains_paywalled_content":false,"_jetpack_memberships_contains_paid_content":false,"footnotes":""},"categories":[80,1325,2,25,1665],"tags":[],"class_list":["post-51723","post","type-post","status-publish","format-standard","has-post-thumbnail","hentry","category-cintillo","category-feminicidios-en-oaxaca-oaxaca","category-noticias-nacionales","category-oaxaca","category-violencia-contra-las-mujeres-en-oaxaca","entry"],"jetpack_featured_media_url":"http:\/\/www.grieta.org.mx\/wp-content\/uploads\/2020\/07\/estados.jpg","jetpack_sharing_enabled":true,"jetpack_shortlink":"https:\/\/wp.me\/p7ZJR4-dsf","jetpack_likes_enabled":false,"jetpack-related-posts":[{"id":51726,"url":"http:\/\/www.grieta.org.mx\/index.php\/2020\/07\/10\/alertan-que-feminicidios-violencia-familiar-y-desaparicion-suma-89-de-agresiones-a-mujeres-adultas-oaxaca\/","url_meta":{"origin":51723,"position":0},"title":"Alertan que feminicidios, violencia familiar y desaparici\u00f3n suma 89% de agresiones a mujeres adultas  (Oaxaca)","author":"grieta","date":"10 julio, 2020","format":false,"excerpt":"P\u00e1gina 3 \/ Pedro Mat\u00edas -Vinculan a proceso a feminicida que mat\u00f3 a su madre en la mixteca OAXACA, Oax. (pagina3.mx).- El Juzgado de Control dict\u00f3 auto de vinculaci\u00f3n a proceso a probable feminicida que priv\u00f3 de la vida a su propia madre a machetazos, luego la calcin\u00f3 y la\u2026","rel":"","context":"En &quot;CINTILLO&quot;","block_context":{"text":"CINTILLO","link":"http:\/\/www.grieta.org.mx\/index.php\/category\/cintillo\/"},"img":{"alt_text":"","src":"https:\/\/i0.wp.com\/www.grieta.org.mx\/wp-content\/uploads\/2020\/07\/No-cesa-la-violencia-feminicida-ahora-aparece-mujer-degollada-en-Pinotepa-pagina-3.jpg?resize=350%2C200","width":350,"height":200},"classes":[]},{"id":66578,"url":"http:\/\/www.grieta.org.mx\/index.php\/2023\/03\/14\/madre-de-victima-de-feminicida-de-oaxaca-acusa-de-corrupcion-a-juzgado-cinco-anos-sin-justicia\/","url_meta":{"origin":51723,"position":1},"title":"Madre de v\u00edctima de feminicida de Oaxaca acusa de corrupci\u00f3n a juzgado, cinco a\u00f1os sin justicia","author":"grieta","date":"14 marzo, 2023","format":false,"excerpt":"Imagen: Cortes\u00eda Leslie Aguilar \/ NVI Noticias HUAJUAPAN DE LE\u00d3N, Oaxaca.- La madre de la joven estudiante Joselyn Alejandra Vargas Ortiz, Susana Ortiz \u00c1ngeles, refiri\u00f3 que el caso que se lleva ante el Juzgado de Garant\u00edas ha estado plagado de corrupci\u00f3n, y temen que el presunto feminicida pueda salir en\u2026","rel":"","context":"En &quot;CINTILLO&quot;","block_context":{"text":"CINTILLO","link":"http:\/\/www.grieta.org.mx\/index.php\/category\/cintillo\/"},"img":{"alt_text":"","src":"https:\/\/i0.wp.com\/www.grieta.org.mx\/wp-content\/uploads\/2023\/03\/feminicidio-mixteca.webp?resize=350%2C200","width":350,"height":200,"srcset":"https:\/\/i0.wp.com\/www.grieta.org.mx\/wp-content\/uploads\/2023\/03\/feminicidio-mixteca.webp?resize=350%2C200 1x, https:\/\/i0.wp.com\/www.grieta.org.mx\/wp-content\/uploads\/2023\/03\/feminicidio-mixteca.webp?resize=525%2C300 1.5x, https:\/\/i0.wp.com\/www.grieta.org.mx\/wp-content\/uploads\/2023\/03\/feminicidio-mixteca.webp?resize=700%2C400 2x"},"classes":[]},{"id":62231,"url":"http:\/\/www.grieta.org.mx\/index.php\/2021\/10\/07\/asesinan-a-madre-e-hija-en-nazareno-etla-oaxaca\/","url_meta":{"origin":51723,"position":2},"title":"Asesinan a madre e hija en Nazareno Etla, Oaxaca","author":"grieta","date":"7 octubre, 2021","format":false,"excerpt":"Proceso \/ Pedro Mat\u00edas. La Fiscal\u00eda General de Oaxaca dio a conocer el hallazgo de una mujer de 27 a\u00f1os y su hija, de 1 a\u00f1o de edad, asesinadas en el paraje La Guamuchera, perteneciente al municipio de Nazareno Etla. OAXACA, Oax. (apro).- La Fiscal\u00eda General de Oaxaca dio a\u2026","rel":"","context":"En &quot;CINTILLO&quot;","block_context":{"text":"CINTILLO","link":"http:\/\/www.grieta.org.mx\/index.php\/category\/cintillo\/"},"img":{"alt_text":"","src":"https:\/\/i0.wp.com\/www.grieta.org.mx\/wp-content\/uploads\/2021\/10\/a.jpg?resize=350%2C200","width":350,"height":200,"srcset":"https:\/\/i0.wp.com\/www.grieta.org.mx\/wp-content\/uploads\/2021\/10\/a.jpg?resize=350%2C200 1x, https:\/\/i0.wp.com\/www.grieta.org.mx\/wp-content\/uploads\/2021\/10\/a.jpg?resize=525%2C300 1.5x, https:\/\/i0.wp.com\/www.grieta.org.mx\/wp-content\/uploads\/2021\/10\/a.jpg?resize=700%2C400 2x"},"classes":[]},{"id":51476,"url":"http:\/\/www.grieta.org.mx\/index.php\/2020\/06\/30\/se-agrava-pandemia-de-violencia-feminicida-en-oaxaca-matan-y-queman-a-alumna-de-cobao-y-a-su-hijo\/","url_meta":{"origin":51723,"position":3},"title":"Se agrava pandemia de violencia feminicida en Oaxaca; matan y queman a alumna de Cobao y a su hijo","author":"grieta","date":"30 junio, 2020","format":false,"excerpt":"P\u00e1gina 3 \/ Pedro Mat\u00edas. - Suman 443 mujeres asesinadas en el sexenio de Murat; van 60 solo en el 2020 - Congreso pide a Fiscal investigaci\u00f3n expedita en este feminicidio e infanticidio OAXACA, Oax.- La pandemia de la violencia feminicida se agrava en Oaxaca con el caso de una\u2026","rel":"","context":"En &quot;CINTILLO&quot;","block_context":{"text":"CINTILLO","link":"http:\/\/www.grieta.org.mx\/index.php\/category\/cintillo\/"},"img":{"alt_text":"","src":"https:\/\/i0.wp.com\/www.grieta.org.mx\/wp-content\/uploads\/2020\/06\/A-3.jpg?resize=350%2C200","width":350,"height":200},"classes":[]},{"id":57870,"url":"http:\/\/www.grieta.org.mx\/index.php\/2021\/03\/09\/memoria-y-verdad-el-fiscal-en-oaxaca-renuncia-y-deja-510-feminicidios-impunes\/","url_meta":{"origin":51723,"position":4},"title":"Memoria y verdad El fiscal en Oaxaca renuncia y deja 510 feminicidios impunes","author":"grieta","date":"9 marzo, 2021","format":false,"excerpt":"Pi\u00e9 de P\u00e1gina \/ Diana Manzo y Pedro Mat\u00edas \/ P\u00e1gina 3* Mar\u00eda Elena R\u00edos, la mujer saxofonista que fue agredida con \u00e1cido en 2019, reclama al exfiscal de Oaxaca su incapacidad para atender con perspectiva de g\u00e9nero los cr\u00edmenes contra mujeres. No somos casos, somos vidas, reclamaron las mujeres\u2026","rel":"","context":"En &quot;CINTILLO&quot;","block_context":{"text":"CINTILLO","link":"http:\/\/www.grieta.org.mx\/index.php\/category\/cintillo\/"},"img":{"alt_text":"","src":"https:\/\/i0.wp.com\/www.grieta.org.mx\/wp-content\/uploads\/2021\/03\/Mari%CC%81a-Elena-Ri%CC%81os-Ortiz.jpg?resize=350%2C200","width":350,"height":200,"srcset":"https:\/\/i0.wp.com\/www.grieta.org.mx\/wp-content\/uploads\/2021\/03\/Mari%CC%81a-Elena-Ri%CC%81os-Ortiz.jpg?resize=350%2C200 1x, https:\/\/i0.wp.com\/www.grieta.org.mx\/wp-content\/uploads\/2021\/03\/Mari%CC%81a-Elena-Ri%CC%81os-Ortiz.jpg?resize=525%2C300 1.5x, https:\/\/i0.wp.com\/www.grieta.org.mx\/wp-content\/uploads\/2021\/03\/Mari%CC%81a-Elena-Ri%CC%81os-Ortiz.jpg?resize=700%2C400 2x"},"classes":[]},{"id":52987,"url":"http:\/\/www.grieta.org.mx\/index.php\/2020\/08\/31\/gesmujer-perfila-al-gobierno-de-murat-como-el-de-mayor-violencia-feminicida-oaxaca\/","url_meta":{"origin":51723,"position":5},"title":"GESMujer perfila al gobierno de Murat como el de mayor violencia feminicida (Oaxaca)","author":"grieta","date":"31 agosto, 2020","format":false,"excerpt":"Proceso \/ Pedro Mat\u00edas. Alertan por feminicidios en Oaxaca. Foto: Twitter @GES_Mujer OAXACA, Oax. (apro).- El gobierno de Alejandro Murat Hinojosa se perfila como el de mayor violencia feminicida en la historia reciente de Oaxaca, con 458 casos de mujeres asesinadas, afirm\u00f3 el Grupo de Estudios sobre la Mujer \u201cRosario\u2026","rel":"","context":"En &quot;CINTILLO&quot;","block_context":{"text":"CINTILLO","link":"http:\/\/www.grieta.org.mx\/index.php\/category\/cintillo\/"},"img":{"alt_text":"","src":"https:\/\/i0.wp.com\/www.grieta.org.mx\/wp-content\/uploads\/2020\/09\/ges-1.jpg?resize=350%2C200","width":350,"height":200,"srcset":"https:\/\/i0.wp.com\/www.grieta.org.mx\/wp-content\/uploads\/2020\/09\/ges-1.jpg?resize=350%2C200 1x, https:\/\/i0.wp.com\/www.grieta.org.mx\/wp-content\/uploads\/2020\/09\/ges-1.jpg?resize=525%2C300 1.5x, https:\/\/i0.wp.com\/www.grieta.org.mx\/wp-content\/uploads\/2020\/09\/ges-1.jpg?resize=700%2C400 2x, https:\/\/i0.wp.com\/www.grieta.org.mx\/wp-content\/uploads\/2020\/09\/ges-1.jpg?resize=1050%2C600 3x"},"classes":[]}],"_links":{"self":[{"href":"http:\/\/www.grieta.org.mx\/index.php\/wp-json\/wp\/v2\/posts\/51723","targetHints":{"allow":["GET"]}}],"collection":[{"href":"http:\/\/www.grieta.org.mx\/index.php\/wp-json\/wp\/v2\/posts"}],"about":[{"href":"http:\/\/www.grieta.org.mx\/index.php\/wp-json\/wp\/v2\/types\/post"}],"author":[{"embeddable":true,"href":"http:\/\/www.grieta.org.mx\/index.php\/wp-json\/wp\/v2\/users\/2"}],"replies":[{"embeddable":true,"href":"http:\/\/www.grieta.org.mx\/index.php\/wp-json\/wp\/v2\/comments?post=51723"}],"version-history":[{"count":1,"href":"http:\/\/www.grieta.org.mx\/index.php\/wp-json\/wp\/v2\/posts\/51723\/revisions"}],"predecessor-version":[{"id":51725,"href":"http:\/\/www.grieta.org.mx\/index.php\/wp-json\/wp\/v2\/posts\/51723\/revisions\/51725"}],"wp:featuredmedia":[{"embeddable":true,"href":"http:\/\/www.grieta.org.mx\/index.php\/wp-json\/wp\/v2\/media\/51724"}],"wp:attachment":[{"href":"http:\/\/www.grieta.org.mx\/index.php\/wp-json\/wp\/v2\/media?parent=51723"}],"wp:term":[{"taxonomy":"category","embeddable":true,"href":"http:\/\/www.grieta.org.mx\/index.php\/wp-json\/wp\/v2\/categories?post=51723"},{"taxonomy":"post_tag","embeddable":true,"href":"http:\/\/www.grieta.org.mx\/index.php\/wp-json\/wp\/v2\/tags?post=51723"}],"curies":[{"name":"wp","href":"https:\/\/api.w.org\/{rel}","templated":true}]}}