{"id":51708,"date":"2020-07-11T22:05:27","date_gmt":"2020-07-12T03:05:27","guid":{"rendered":"http:\/\/www.grieta.org.mx\/?p=51708"},"modified":"2020-07-11T22:05:27","modified_gmt":"2020-07-12T03:05:27","slug":"municipio-de-leon-aprobo-desarrollo-inmobiliario-sin-tener-atribuciones-semarnat","status":"publish","type":"post","link":"http:\/\/www.grieta.org.mx\/index.php\/2020\/07\/11\/municipio-de-leon-aprobo-desarrollo-inmobiliario-sin-tener-atribuciones-semarnat\/","title":{"rendered":"Municipio de Le\u00f3n aprob\u00f3 desarrollo inmobiliario sin tener atribuciones: Semarnat"},"content":{"rendered":"<blockquote><p><strong>El municipio de Le\u00f3n autoriz\u00f3 un megaproyecto inmobiliario sin tener facultades y sobrepusieron los intereses de Mexico Retail Properties y Grupo Impulza, por encima de la normatividad. Con ello, uno de los \u00faltimos humedales de Guanajuato corre peligro<\/strong><\/p><\/blockquote>\n<figure id=\"attachment_51709\" aria-describedby=\"caption-attachment-51709\" style=\"width: 800px\" class=\"wp-caption aligncenter\"><img loading=\"lazy\" decoding=\"async\" data-attachment-id=\"51709\" data-permalink=\"http:\/\/www.grieta.org.mx\/index.php\/2020\/07\/11\/municipio-de-leon-aprobo-desarrollo-inmobiliario-sin-tener-atribuciones-semarnat\/guanajuato_humedal_cortesia\/\" data-orig-file=\"http:\/\/www.grieta.org.mx\/wp-content\/uploads\/2020\/07\/Guanajuato_humedal_cortesia-.jpg\" data-orig-size=\"1005,679\" data-comments-opened=\"0\" data-image-meta=\"{&quot;aperture&quot;:&quot;0&quot;,&quot;credit&quot;:&quot;&quot;,&quot;camera&quot;:&quot;&quot;,&quot;caption&quot;:&quot;&quot;,&quot;created_timestamp&quot;:&quot;0&quot;,&quot;copyright&quot;:&quot;&quot;,&quot;focal_length&quot;:&quot;0&quot;,&quot;iso&quot;:&quot;0&quot;,&quot;shutter_speed&quot;:&quot;0&quot;,&quot;title&quot;:&quot;&quot;,&quot;orientation&quot;:&quot;0&quot;}\" data-image-title=\"Guanajuato_humedal_cortesia-\" data-image-description=\"\" data-image-caption=\"&lt;p&gt;Foto: Cortes\u00eda. Tomada de piedepagina.mx&lt;\/p&gt;\n\" data-medium-file=\"http:\/\/www.grieta.org.mx\/wp-content\/uploads\/2020\/07\/Guanajuato_humedal_cortesia--300x203.jpg\" data-large-file=\"http:\/\/www.grieta.org.mx\/wp-content\/uploads\/2020\/07\/Guanajuato_humedal_cortesia-.jpg\" class=\"wp-image-51709\" src=\"http:\/\/www.grieta.org.mx\/wp-content\/uploads\/2020\/07\/Guanajuato_humedal_cortesia-.jpg\" alt=\"\" width=\"800\" height=\"540\" srcset=\"http:\/\/www.grieta.org.mx\/wp-content\/uploads\/2020\/07\/Guanajuato_humedal_cortesia-.jpg 1005w, http:\/\/www.grieta.org.mx\/wp-content\/uploads\/2020\/07\/Guanajuato_humedal_cortesia--300x203.jpg 300w, http:\/\/www.grieta.org.mx\/wp-content\/uploads\/2020\/07\/Guanajuato_humedal_cortesia--768x519.jpg 768w, http:\/\/www.grieta.org.mx\/wp-content\/uploads\/2020\/07\/Guanajuato_humedal_cortesia--740x500.jpg 740w\" sizes=\"auto, (max-width: 800px) 100vw, 800px\" \/><figcaption id=\"caption-attachment-51709\" class=\"wp-caption-text\">Foto: Cortes\u00eda. Tomada de piedepagina.mx<\/figcaption><\/figure>\n<p>Texto: Jos\u00e9 Ignacio De Alba<\/p>\n<p>Foto: Cortes\u00eda<\/p>\n<p>Desde noviembre de 2016, cuando el gobernador Miguel M\u00e1rquez puso la primera piedra del proyecto City Center, dijo a los propietarios del proyecto: \u201cfelicidades a los inversionistas, quienes seguir\u00e1n contando con nuestro apoyo en la ejecuci\u00f3n de este centro comercial-habitacional\u201d, eso pareci\u00f3 sellar el destino de la obra.<\/p>\n<p>En marzo de este a\u00f1o la Secretar\u00eda de Medio Ambiente y Recursos Naturales (Semarnat) inform\u00f3 que la la Direcci\u00f3n de Gesti\u00f3n Ambiental del municipio de Le\u00f3n no ten\u00eda las atribuciones para evaluar y autorizar el proyecto City Center.<\/p>\n<p>La Manifestaci\u00f3n de Impacto Ambiental que se present\u00f3 para el proyecto no corresponde a la dimensi\u00f3n ni a las caracter\u00edsticas del proyecto.<\/p>\n<p>City Center, construido por las empresas Mexico Retail Properties y Grupo Impulza, se encuentra a unos metros del humedal del parque ecol\u00f3gico Los C\u00e1rcamos. Uno de los \u00faltimos cuerpos de agua en su tipo en la regi\u00f3n. Durante la construcci\u00f3n se han provocado da\u00f1os ambientales, seg\u00fan ha reportado la organizaci\u00f3n ciudadana Salvemos el Humedal. Incluso, se amenaza a cuatro especies de aves peligro de extinci\u00f3n y m\u00e1s de 180 especies podr\u00edan perder su h\u00e1bitat.<\/p>\n<p>La empresa anuncia en su p\u00e1gina de internet la construcci\u00f3n de 183 departamentos, hotel con 200 cuartos, un centro comercial y un edificio de 14 pisos de oficinas. Tambi\u00e9n se contempla que el humedal forme parte de las amenities. El abogado Gustavo Lozano explica que el propio proyecto corre riesgo por la posible filtraci\u00f3n de agua subterr\u00e1nea a la cimentaci\u00f3n.<\/p>\n<p>Adem\u00e1s el abogado explica en entrevista telef\u00f3nica que \u201cel gobierno municipal fall\u00f3 en garantizar nuestro derecho a la informaci\u00f3n\u201d.<\/p>\n<p>La organizaci\u00f3n ha reclamado que la ciudadan\u00eda se enter\u00f3 por primera vez del proyecto cuando el gobernador inaugur\u00f3 la obra, frente a los medios de comunicaci\u00f3n.<\/p>\n<p>Lozano asegura: \u201cEl gobierno municipal asumi\u00f3 una competencia que no le correspond\u00eda y en ese sentido ayud\u00f3 a la empresa\u201d.<\/p>\n<p>La plataforma ciudadana Salvemos el Humedal pide \u201cque los promoventes del proyecto deshagan lo que hicieron para que los flujos puedan volver a correr\u201d .<\/p>\n<p>El principal impulsor del proyecto, asegura Lozano, es el presidente municipal H\u00e9ctor L\u00f3pez Santillana. El panista ocup\u00f3 hasta el 2015 la Secretar\u00eda de Desarrollo Econ\u00f3mico Sustentable en el gobierno estatal. Es uno de los promotores de la acelerada industrializaci\u00f3n de Guanajuato.<\/p>\n<p>Lozano explica que el director de Mexico Retail Properties, una de las financiadoras del proyecto, es Jer\u00f3nimo Gerard, cu\u00f1ado del expresidente de M\u00e9xico Carlos Salinas de Gortari. Por su lado Grupo Impulza pertenece a empresarios locales dedicados al entretenimiento.<\/p>\n<p>La Plataforma Salvemos el Humedal public\u00f3 recientemente un monitoreo de control altim\u00e9trico del humedal, donde alertan sobre el r\u00e1pido deterioro del cuerpo de agua.<\/p>\n<p>En el documento se registra que el nivel de agua ha descendido 2 metros desde abril de 2018. La organizaci\u00f3n anunci\u00f3 que se presentar\u00e1 una denuncia a la Procuradur\u00eda Ambiental y de Ordenamiento Territorial del estado. Denunciar\u00e1 el da\u00f1o ambiental provocado por el proyecto.<\/p>\n<p><a href=\"https:\/\/piedepagina.mx\/municipio-de-leon-aprobo-desarrollo-inmobiliario-sin-tener-atribuciones-semarnat\/\">https:\/\/piedepagina.mx\/municipio-de-leon-aprobo-desarrollo-inmobiliario-sin-tener-atribuciones-semarnat\/<\/a><\/p>\n","protected":false},"excerpt":{"rendered":"<p>El municipio de Le\u00f3n autoriz\u00f3 un megaproyecto inmobiliario sin tener facultades y sobrepusieron los intereses de Mexico Retail Properties y Grupo Impulza, por encima de la normatividad. Con ello, uno &hellip; <a href=\"http:\/\/www.grieta.org.mx\/index.php\/2020\/07\/11\/municipio-de-leon-aprobo-desarrollo-inmobiliario-sin-tener-atribuciones-semarnat\/\" class=\"more-link\">Leer m\u00e1s<\/a><\/p>\n","protected":false},"author":2,"featured_media":51709,"comment_status":"closed","ping_status":"closed","sticky":false,"template":"","format":"standard","meta":{"ngg_post_thumbnail":0,"_jetpack_newsletter_access":"","_jetpack_dont_email_post_to_subs":false,"_jetpack_newsletter_tier_id":0,"_jetpack_memberships_contains_paywalled_content":false,"_jetpack_memberships_contains_paid_content":false,"footnotes":""},"categories":[80,1776,2746,17,2910],"tags":[1178,764],"class_list":["post-51708","post","type-post","status-publish","format-standard","has-post-thumbnail","hentry","category-cintillo","category-despojo-de-tierras-y-territorio-en-guanajuato","category-destruccion-de-la-naturaleza-en-guanajuato","category-guanajuato","category-resistencias-en-guanajuato","tag-destruccion-de-la-naturaleza","tag-privatizacion-del-agua","entry"],"jetpack_featured_media_url":"http:\/\/www.grieta.org.mx\/wp-content\/uploads\/2020\/07\/Guanajuato_humedal_cortesia-.jpg","jetpack_sharing_enabled":true,"jetpack_shortlink":"https:\/\/wp.me\/p7ZJR4-ds0","jetpack_likes_enabled":false,"jetpack-related-posts":[{"id":37733,"url":"http:\/\/www.grieta.org.mx\/index.php\/2019\/08\/07\/ong-reprochan-al-gobernador-de-guanajuato-su-apoyo-a-el-zapotillo\/","url_meta":{"origin":51708,"position":0},"title":"ONG reprochan al gobernador de Guanajuato su apoyo a El Zapotillo","author":"grieta","date":"7 agosto, 2019","format":false,"excerpt":"Por Ver\u00f3nica Espinosa , Proceso, 7 de agosto de 2019 GUANAJUATO, Gto., (apro).- En una dura carta, organizaciones civiles ambientalistas de distintos municipios del estado reprocharon al gobernador Diego Sinhue Rodr\u00edguez Vallejo su posici\u00f3n de respaldo total al proyecto de la presa y acueducto de El Zapotillo y lo acusan\u2026","rel":"","context":"En &quot;CINTILLO&quot;","block_context":{"text":"CINTILLO","link":"http:\/\/www.grieta.org.mx\/index.php\/category\/cintillo\/"},"img":{"alt_text":"","src":"https:\/\/i0.wp.com\/www.grieta.org.mx\/wp-content\/uploads\/2019\/08\/zapotillo.jpg?resize=350%2C200","width":350,"height":200,"srcset":"https:\/\/i0.wp.com\/www.grieta.org.mx\/wp-content\/uploads\/2019\/08\/zapotillo.jpg?resize=350%2C200 1x, https:\/\/i0.wp.com\/www.grieta.org.mx\/wp-content\/uploads\/2019\/08\/zapotillo.jpg?resize=525%2C300 1.5x, https:\/\/i0.wp.com\/www.grieta.org.mx\/wp-content\/uploads\/2019\/08\/zapotillo.jpg?resize=700%2C400 2x"},"classes":[]},{"id":57256,"url":"http:\/\/www.grieta.org.mx\/index.php\/2021\/02\/10\/enuncian-a-constructora-aldaba-por-dano-ambiental-en-el-arroyo-las-liebres-guanajuato\/","url_meta":{"origin":51708,"position":1},"title":"Denuncian a constructora Aldaba por da\u00f1o ambiental en el arroyo Las Liebres (Guanajuato)","author":"grieta","date":"10 febrero, 2021","format":false,"excerpt":"Joel Reyes Laura, 10 de febrero de 2021. AM Le\u00f3n Guanajuato Le\u00f3n, Guanajuato.- Arboristas denuncian un da\u00f1o ambiental de gran impacto en el arroyo Las Liebres, se\u00f1alan que constructoras inmobiliarias han afectado peri\u00f3dicamente los \u00e1rboles en la zona para instalar una v\u00eda de acceso que conecte con el bulevar Vicente\u2026","rel":"","context":"En &quot;CINTILLO&quot;","block_context":{"text":"CINTILLO","link":"http:\/\/www.grieta.org.mx\/index.php\/category\/cintillo\/"},"img":{"alt_text":"","src":"https:\/\/i0.wp.com\/www.grieta.org.mx\/wp-content\/uploads\/2021\/02\/Captura-de-pantalla-2021-02-28-a-las-21.59.14-copy.jpg?resize=350%2C200","width":350,"height":200,"srcset":"https:\/\/i0.wp.com\/www.grieta.org.mx\/wp-content\/uploads\/2021\/02\/Captura-de-pantalla-2021-02-28-a-las-21.59.14-copy.jpg?resize=350%2C200 1x, https:\/\/i0.wp.com\/www.grieta.org.mx\/wp-content\/uploads\/2021\/02\/Captura-de-pantalla-2021-02-28-a-las-21.59.14-copy.jpg?resize=525%2C300 1.5x, https:\/\/i0.wp.com\/www.grieta.org.mx\/wp-content\/uploads\/2021\/02\/Captura-de-pantalla-2021-02-28-a-las-21.59.14-copy.jpg?resize=700%2C400 2x, https:\/\/i0.wp.com\/www.grieta.org.mx\/wp-content\/uploads\/2021\/02\/Captura-de-pantalla-2021-02-28-a-las-21.59.14-copy.jpg?resize=1050%2C600 3x, https:\/\/i0.wp.com\/www.grieta.org.mx\/wp-content\/uploads\/2021\/02\/Captura-de-pantalla-2021-02-28-a-las-21.59.14-copy.jpg?resize=1400%2C800 4x"},"classes":[]},{"id":37311,"url":"http:\/\/www.grieta.org.mx\/index.php\/2019\/07\/17\/la-cuenca-de-la-independencia-amenazada-por-proyecto-minero-guanajuato\/","url_meta":{"origin":51708,"position":2},"title":"La Cuenca de la Independencia amenazada por proyecto minero (Guanajuato)","author":"grieta","date":"17 julio, 2019","format":false,"excerpt":"Se contaminar\u00eda el acu\u00edfero que surte a municipios como Dolores Hidalgo y San Miguel de Allende. \u00a0 Redacci\u00f3n La Coperacha Ciudad de M\u00e9xico \/\/ 17 de julio de 2019 a Coalici\u00f3n en Defensa de la Cuenca de la Independencia y el colectivo Guardianes de la Cuenca, advirtieron que el proyecto\u2026","rel":"","context":"En &quot;CINTILLO&quot;","block_context":{"text":"CINTILLO","link":"http:\/\/www.grieta.org.mx\/index.php\/category\/cintillo\/"},"img":{"alt_text":"","src":"https:\/\/i0.wp.com\/www.grieta.org.mx\/wp-content\/uploads\/2019\/08\/cuenca-independencia-amenazada-proyecto-minero.jpg?resize=350%2C200","width":350,"height":200,"srcset":"https:\/\/i0.wp.com\/www.grieta.org.mx\/wp-content\/uploads\/2019\/08\/cuenca-independencia-amenazada-proyecto-minero.jpg?resize=350%2C200 1x, https:\/\/i0.wp.com\/www.grieta.org.mx\/wp-content\/uploads\/2019\/08\/cuenca-independencia-amenazada-proyecto-minero.jpg?resize=525%2C300 1.5x, https:\/\/i0.wp.com\/www.grieta.org.mx\/wp-content\/uploads\/2019\/08\/cuenca-independencia-amenazada-proyecto-minero.jpg?resize=700%2C400 2x, https:\/\/i0.wp.com\/www.grieta.org.mx\/wp-content\/uploads\/2019\/08\/cuenca-independencia-amenazada-proyecto-minero.jpg?resize=1050%2C600 3x"},"classes":[]},{"id":40403,"url":"http:\/\/www.grieta.org.mx\/index.php\/2019\/10\/14\/defensores-de-los-arboles-en-san-miguel-de-allende-guanajuato-son-detenidos-con-violencia-denuncian\/","url_meta":{"origin":51708,"position":3},"title":"Defensores de los \u00e1rboles en San Miguel de Allende, Guanajuato, son detenidos con violencia, denuncian","author":"grieta","date":"14 octubre, 2019","format":false,"excerpt":"Por Redacci\u00f3n \/ Sin Embargo, 14 de octubre de 2019 Activistas del colectivo \u201cSalvemos 41 \u00e1rboles\u201d manten\u00edan una manifestaci\u00f3n pac\u00edfica desde el pasado 8 de octubre en la cual abrazaron los \u00e1rboles de la avenida Guadalupe en San Miguel de Allende, Guanajuato, con el fin de evitar de que fueran\u2026","rel":"","context":"En &quot;CINTILLO&quot;","block_context":{"text":"CINTILLO","link":"http:\/\/www.grieta.org.mx\/index.php\/category\/cintillo\/"},"img":{"alt_text":"","src":"https:\/\/i0.wp.com\/www.grieta.org.mx\/wp-content\/uploads\/2019\/10\/captura-de-pantalla-2019-10-14-a-las-10-50-20.png?resize=350%2C200","width":350,"height":200,"srcset":"https:\/\/i0.wp.com\/www.grieta.org.mx\/wp-content\/uploads\/2019\/10\/captura-de-pantalla-2019-10-14-a-las-10-50-20.png?resize=350%2C200 1x, https:\/\/i0.wp.com\/www.grieta.org.mx\/wp-content\/uploads\/2019\/10\/captura-de-pantalla-2019-10-14-a-las-10-50-20.png?resize=525%2C300 1.5x, https:\/\/i0.wp.com\/www.grieta.org.mx\/wp-content\/uploads\/2019\/10\/captura-de-pantalla-2019-10-14-a-las-10-50-20.png?resize=700%2C400 2x, https:\/\/i0.wp.com\/www.grieta.org.mx\/wp-content\/uploads\/2019\/10\/captura-de-pantalla-2019-10-14-a-las-10-50-20.png?resize=1050%2C600 3x"},"classes":[]},{"id":35301,"url":"http:\/\/www.grieta.org.mx\/index.php\/2019\/05\/16\/city-center-la-destruccion-del-ultimo-humedal-en-leon-guanajuato\/","url_meta":{"origin":51708,"position":4},"title":"City Center: la destrucci\u00f3n del \u00faltimo humedal en Le\u00f3n (Guanajuato)","author":"grieta","date":"16 mayo, 2019","format":false,"excerpt":"Jose Ignacio de Alba \/Pie de P\u00e1gina, 16 de mayo de 2019 La construcci\u00f3n de un centro comercial podr\u00eda desaparecer el \u00fanico humedal del municipio de Le\u00f3n. Diversas organizaciones aseguran que las autoridades locales act\u00faan como facilitadoras del proyecto e ignoran los reclamos sobre da\u00f1os ambientales Fotograf\u00edas: Juan Jos\u00e9 Plascencia\/\u2026","rel":"","context":"En &quot;CINTILLO&quot;","block_context":{"text":"CINTILLO","link":"http:\/\/www.grieta.org.mx\/index.php\/category\/cintillo\/"},"img":{"alt_text":"","src":"https:\/\/i0.wp.com\/www.grieta.org.mx\/wp-content\/uploads\/2019\/06\/PDP_Humedal_Guanajuato_15052019_2-1140x570.jpg?resize=350%2C200","width":350,"height":200,"srcset":"https:\/\/i0.wp.com\/www.grieta.org.mx\/wp-content\/uploads\/2019\/06\/PDP_Humedal_Guanajuato_15052019_2-1140x570.jpg?resize=350%2C200 1x, https:\/\/i0.wp.com\/www.grieta.org.mx\/wp-content\/uploads\/2019\/06\/PDP_Humedal_Guanajuato_15052019_2-1140x570.jpg?resize=525%2C300 1.5x, https:\/\/i0.wp.com\/www.grieta.org.mx\/wp-content\/uploads\/2019\/06\/PDP_Humedal_Guanajuato_15052019_2-1140x570.jpg?resize=700%2C400 2x, https:\/\/i0.wp.com\/www.grieta.org.mx\/wp-content\/uploads\/2019\/06\/PDP_Humedal_Guanajuato_15052019_2-1140x570.jpg?resize=1050%2C600 3x"},"classes":[]},{"id":39256,"url":"http:\/\/www.grieta.org.mx\/index.php\/2019\/08\/02\/activistas-recolectaran-firmas-contra-el-proyecto-minero-en-cerro-del-gallo-guanajuato\/","url_meta":{"origin":51708,"position":5},"title":"Activistas recolectar\u00e1n firmas contra el proyecto minero en Cerro del Gallo (Guanajuato)","author":"grieta","date":"2 agosto, 2019","format":false,"excerpt":"Organizaciones civiles comunales; refirieron sobre las expectativas sobresalientes con respecto a la marcha de inconformidad contra la intenci\u00f3n de hacer miner\u00eda abierta en el Cerro del Gallo. Anuncian nuevas estrategias. Por Roberto Guti\u00e9rrez Torres \/Zona Franca, 2 de agosto de 2019 Dolores Hidalgo, Gto. Defender el territorio, cuidar el agua\u2026","rel":"","context":"En &quot;CINTILLO&quot;","block_context":{"text":"CINTILLO","link":"http:\/\/www.grieta.org.mx\/index.php\/category\/cintillo\/"},"img":{"alt_text":"","src":"https:\/\/i0.wp.com\/www.grieta.org.mx\/wp-content\/uploads\/2019\/09\/photo_2019-07-21_11-29-34.jpg?resize=350%2C200","width":350,"height":200,"srcset":"https:\/\/i0.wp.com\/www.grieta.org.mx\/wp-content\/uploads\/2019\/09\/photo_2019-07-21_11-29-34.jpg?resize=350%2C200 1x, https:\/\/i0.wp.com\/www.grieta.org.mx\/wp-content\/uploads\/2019\/09\/photo_2019-07-21_11-29-34.jpg?resize=525%2C300 1.5x, https:\/\/i0.wp.com\/www.grieta.org.mx\/wp-content\/uploads\/2019\/09\/photo_2019-07-21_11-29-34.jpg?resize=700%2C400 2x"},"classes":[]}],"_links":{"self":[{"href":"http:\/\/www.grieta.org.mx\/index.php\/wp-json\/wp\/v2\/posts\/51708","targetHints":{"allow":["GET"]}}],"collection":[{"href":"http:\/\/www.grieta.org.mx\/index.php\/wp-json\/wp\/v2\/posts"}],"about":[{"href":"http:\/\/www.grieta.org.mx\/index.php\/wp-json\/wp\/v2\/types\/post"}],"author":[{"embeddable":true,"href":"http:\/\/www.grieta.org.mx\/index.php\/wp-json\/wp\/v2\/users\/2"}],"replies":[{"embeddable":true,"href":"http:\/\/www.grieta.org.mx\/index.php\/wp-json\/wp\/v2\/comments?post=51708"}],"version-history":[{"count":1,"href":"http:\/\/www.grieta.org.mx\/index.php\/wp-json\/wp\/v2\/posts\/51708\/revisions"}],"predecessor-version":[{"id":51710,"href":"http:\/\/www.grieta.org.mx\/index.php\/wp-json\/wp\/v2\/posts\/51708\/revisions\/51710"}],"wp:featuredmedia":[{"embeddable":true,"href":"http:\/\/www.grieta.org.mx\/index.php\/wp-json\/wp\/v2\/media\/51709"}],"wp:attachment":[{"href":"http:\/\/www.grieta.org.mx\/index.php\/wp-json\/wp\/v2\/media?parent=51708"}],"wp:term":[{"taxonomy":"category","embeddable":true,"href":"http:\/\/www.grieta.org.mx\/index.php\/wp-json\/wp\/v2\/categories?post=51708"},{"taxonomy":"post_tag","embeddable":true,"href":"http:\/\/www.grieta.org.mx\/index.php\/wp-json\/wp\/v2\/tags?post=51708"}],"curies":[{"name":"wp","href":"https:\/\/api.w.org\/{rel}","templated":true}]}}