{"id":5167,"date":"2015-09-08T03:51:27","date_gmt":"2015-09-08T03:51:27","guid":{"rendered":"http:\/\/50.22.11.12\/~grietaor\/?p=5167"},"modified":"2016-03-26T03:56:53","modified_gmt":"2016-03-26T03:56:53","slug":"exigen-triquis-intervencion-de-gobierno-de-queretaro","status":"publish","type":"post","link":"http:\/\/www.grieta.org.mx\/index.php\/2015\/09\/08\/exigen-triquis-intervencion-de-gobierno-de-queretaro\/","title":{"rendered":"Exigen triquis intervenci\u00f3n de Gobierno de Quer\u00e9taro"},"content":{"rendered":"<p>ADN Informativo<\/p>\n<p>El grupo de triquis asegura que el Gobierno municipal les quit\u00f3 21 lugares en el Centro Hist\u00f3rico.<\/p>\n<p>Quer\u00e9taro, Qro., 8 de septiembre de 2015.- Integrantes de la Asociaci\u00f3n de Artesanos Ind\u00edgenas Triquis Tinujei de Quer\u00e9taro, se manifestaron en Plaza de Armas, frente a Palacio de Gobierno, para exigir su intervenci\u00f3n con el Municipio de Quer\u00e9taro en la recuperaci\u00f3n de 21 lugares comerciales que aseguran les fueron arrebatados, donde acordaron con personal de la Secretar\u00eda de Gobierno una reuni\u00f3n con el secretario de Gobierno municipal, Gustavo Zepeda, una reuni\u00f3n este martes a las 10:00 de la ma\u00f1ana, sin embrago, se negaron a retirarse.<\/p>\n<p>\u201cNosotros nos estamos manifestando porque Gobierno municipal nos quit\u00f3 21 lugares y se nos castigaron por tres d\u00edas otros 14 lugares que est\u00e1n trabajando de forma reglamentaria en el Centro Hist\u00f3rico\u201d, explic\u00f3 Rodrigo Merino Ram\u00edrez, presidente de la asociaci\u00f3n.<\/p>\n<p>Esos 21 lugares se empezaron a trabajar desde hace aproximadamente 20 d\u00edas y fueron otorgados por parte del, en aquel entonces, presidente municipal de Quer\u00e9taro, Roberto Loyola Vera, y el ahora ex secretario de Gobierno municipal, Mauricio Ortiz Proal, hace m\u00e1s de 8 meses.<\/p>\n<p>En la minuta firmada por Mauricio Ortiz Proal y Rodrigo Merino Ram\u00edrez, se acuerda permitir a los artesanos Triquis el ejercicio de la actividad comercial en la v\u00eda p\u00fablica en estos 21 lugares y explica que ser\u00e1 hasta el d\u00eda 30 de septiembre de este a\u00f1o el t\u00e9rmino del acuerdo \u201cen tanto las condiciones sociales, pol\u00edticas o econ\u00f3micas persistan en el entorno\u201d.<\/p>\n<p>En este contexto, Rodrigo Merino relat\u00f3 que al ir a credencializar estos 21 lugares para no tener problemas con la siguiente administraci\u00f3n, el Municipio se los quit\u00f3 y ademas se les castigaron otros 14 lugares en reglamento del Centro Hist\u00f3rico, que ya tiene credencial, pago de luz, entre otros requisitos; primero fueron 7 personas las suspendidas y en d\u00edas subsecuentes se castigo al resto.<\/p>\n<p>Asegura que en los 21 lugares que les quitaron metieron gente nueva.<\/p>\n<p>Tambi\u00e9n exigen que se les explique por que el castigo de los 14 lugares del Centro Hist\u00f3rico, ya que solo les dicen que violaron el reglamento pero no se les especifica en qu\u00e9, adem\u00e1s de que fundamentan que cuentan con toda la documentaci\u00f3n y pagos en tiempo y regla.<\/p>\n<p>\u201cNosotros venimos aqu\u00ed a protestar para que se respeten los acuerdos que hemos firmado con el Municipio de Quer\u00e9taro. Ellos protestan que hemos incumplido con alg\u00fan reglamento, sin especificar qu\u00e9. Nosotros pedimos por escrito que se nos diga puntualmente qu\u00e9 reglamentos violamos para no volver a hacerlo\u201d, agreg\u00f3.<\/p>\n<p>En Centro C\u00edvico la manifestaci\u00f3n lleva alrededor de 20 d\u00edas, sin embargo, nadie ha salido a platicar con ellos, asever\u00f3.<\/p>\n<p><a href=\"http:\/\/adninformativo.mx\/exigen-triquis-intervencion-de-gobierno-de-queretaro\/\" target=\"_blank\">adninformativo.mx\/exigen-triquis-intervencion-de-gobierno-de-queretaro\/<\/a><\/p>\n","protected":false},"excerpt":{"rendered":"<p>ADN Informativo El grupo de triquis asegura que el Gobierno municipal les quit\u00f3 21 lugares en el Centro Hist\u00f3rico. Quer\u00e9taro, Qro., 8 de septiembre de 2015.- Integrantes de la Asociaci\u00f3n &hellip; <a href=\"http:\/\/www.grieta.org.mx\/index.php\/2015\/09\/08\/exigen-triquis-intervencion-de-gobierno-de-queretaro\/\" class=\"more-link\">Leer m\u00e1s<\/a><\/p>\n","protected":false},"author":2,"featured_media":21928,"comment_status":"closed","ping_status":"open","sticky":false,"template":"","format":"standard","meta":{"ngg_post_thumbnail":0,"_jetpack_newsletter_access":"","_jetpack_dont_email_post_to_subs":false,"_jetpack_newsletter_tier_id":0,"_jetpack_memberships_contains_paywalled_content":false,"_jetpack_memberships_contains_paid_content":false,"footnotes":""},"categories":[80,359],"tags":[184,390],"class_list":["post-5167","post","type-post","status-publish","format-standard","has-post-thumbnail","hentry","category-cintillo","category-queretaro","tag-despojo","tag-triquis","entry"],"jetpack_featured_media_url":"http:\/\/www.grieta.org.mx\/wp-content\/uploads\/2018\/03\/14524434_1106112876131411_958039263622046936_o.jpg","jetpack_sharing_enabled":true,"jetpack_shortlink":"https:\/\/wp.me\/p7ZJR4-1ll","jetpack_likes_enabled":false,"jetpack-related-posts":[{"id":5166,"url":"http:\/\/www.grieta.org.mx\/index.php\/2015\/09\/13\/denuncian-triquis-queretanos-despojo-de-sus-puestos-de-venta\/","url_meta":{"origin":5167,"position":0},"title":"Denuncian triquis queretanos despojo de sus puestos de venta","author":"grieta","date":"13 septiembre, 2015","format":false,"excerpt":"13\/09\/15. Triquis piden respeto total de sus derechos al Gobierno de Quer\u00e9taro M\u00e1s de 131 08\/09\/15. Exigen triquis intervenci\u00f3n de Gobierno de Quer\u00e9taro ADN Informativo","rel":"","context":"En &quot;NOTICIAS NACIONALES&quot;","block_context":{"text":"NOTICIAS NACIONALES","link":"http:\/\/www.grieta.org.mx\/index.php\/category\/noticias-nacionales\/"},"img":{"alt_text":"","src":"https:\/\/i0.wp.com\/www.grieta.org.mx\/wp-content\/uploads\/2018\/03\/14524434_1106112876131411_958039263622046936_o.jpg?resize=350%2C200","width":350,"height":200,"srcset":"https:\/\/i0.wp.com\/www.grieta.org.mx\/wp-content\/uploads\/2018\/03\/14524434_1106112876131411_958039263622046936_o.jpg?resize=350%2C200 1x, https:\/\/i0.wp.com\/www.grieta.org.mx\/wp-content\/uploads\/2018\/03\/14524434_1106112876131411_958039263622046936_o.jpg?resize=525%2C300 1.5x, https:\/\/i0.wp.com\/www.grieta.org.mx\/wp-content\/uploads\/2018\/03\/14524434_1106112876131411_958039263622046936_o.jpg?resize=700%2C400 2x"},"classes":[]},{"id":5164,"url":"http:\/\/www.grieta.org.mx\/index.php\/2015\/09\/13\/triquis-piden-respeto-total-de-sus-derechos-al-gobierno-de-queretaro\/","url_meta":{"origin":5167,"position":1},"title":"Triquis piden respeto total de sus derechos al Gobierno de Quer\u00e9taro","author":"grieta","date":"13 septiembre, 2015","format":false,"excerpt":"Queso\/M\u00e1s de 131 \u00bfQu\u00e9 encuentra un ind\u00edgena en otro territorio cuando sale de sus tierras por desplazamientos forzados, desposesi\u00f3n, conflictos internos, gentrificaci\u00f3n, violencia e invasi\u00f3n por parte del Estado? La comunidad ind\u00edgena Triqui o Trique, proveniente del noroeste de Oaxaca, lleg\u00f3 a Quer\u00e9taro hace 40 a\u00f1os aproximadamente buscando una vida\u2026","rel":"","context":"En &quot;CINTILLO&quot;","block_context":{"text":"CINTILLO","link":"http:\/\/www.grieta.org.mx\/index.php\/category\/cintillo\/"},"img":{"alt_text":"","src":"https:\/\/i0.wp.com\/www.grieta.org.mx\/wp-content\/uploads\/2018\/03\/14524434_1106112876131411_958039263622046936_o.jpg?resize=350%2C200","width":350,"height":200,"srcset":"https:\/\/i0.wp.com\/www.grieta.org.mx\/wp-content\/uploads\/2018\/03\/14524434_1106112876131411_958039263622046936_o.jpg?resize=350%2C200 1x, https:\/\/i0.wp.com\/www.grieta.org.mx\/wp-content\/uploads\/2018\/03\/14524434_1106112876131411_958039263622046936_o.jpg?resize=525%2C300 1.5x, https:\/\/i0.wp.com\/www.grieta.org.mx\/wp-content\/uploads\/2018\/03\/14524434_1106112876131411_958039263622046936_o.jpg?resize=700%2C400 2x"},"classes":[]},{"id":58916,"url":"http:\/\/www.grieta.org.mx\/index.php\/2021\/04\/21\/inspectores-confiscan-mercancia-de-indigenas-triqui-en-el-jardin-zenea-en-la-capital-de-queretaro\/","url_meta":{"origin":5167,"position":2},"title":"Inspectores confiscan mercanc\u00eda de ind\u00edgenas Triqui en el jard\u00edn Zenea en la capital de Quer\u00e9taro","author":"grieta","date":"21 abril, 2021","format":false,"excerpt":"ExpresoQuer\u00e9taro Im\u00e1genes tomadas de: ExpresoQuer\u00e9taro \u2022Encierran a artesanos ind\u00edgenas triquis por manifestarse y aparte les quitan mercanc\u00eda. \u2022\u201cVenimos a recordar al gobierno municipal el acuerdo que hizo con nosotros que no ha cumplido\u201d: manifestante. Alrededor de las once de la ma\u00f1ana de este mi\u00e9rcoles, autoridades que se encargan de regular\u2026","rel":"","context":"En &quot;CINTILLO&quot;","block_context":{"text":"CINTILLO","link":"http:\/\/www.grieta.org.mx\/index.php\/category\/cintillo\/"},"img":{"alt_text":"","src":"https:\/\/i0.wp.com\/www.grieta.org.mx\/wp-content\/uploads\/2021\/04\/Inspectores-confiscan-mercancia-de-indigenas-Triqui-en-el-jardin-Zenea-en-la-capital-de-Queretaro-abr.jpeg?resize=350%2C200","width":350,"height":200,"srcset":"https:\/\/i0.wp.com\/www.grieta.org.mx\/wp-content\/uploads\/2021\/04\/Inspectores-confiscan-mercancia-de-indigenas-Triqui-en-el-jardin-Zenea-en-la-capital-de-Queretaro-abr.jpeg?resize=350%2C200 1x, https:\/\/i0.wp.com\/www.grieta.org.mx\/wp-content\/uploads\/2021\/04\/Inspectores-confiscan-mercancia-de-indigenas-Triqui-en-el-jardin-Zenea-en-la-capital-de-Queretaro-abr.jpeg?resize=525%2C300 1.5x, https:\/\/i0.wp.com\/www.grieta.org.mx\/wp-content\/uploads\/2021\/04\/Inspectores-confiscan-mercancia-de-indigenas-Triqui-en-el-jardin-Zenea-en-la-capital-de-Queretaro-abr.jpeg?resize=700%2C400 2x"},"classes":[]},{"id":50258,"url":"http:\/\/www.grieta.org.mx\/index.php\/2020\/05\/25\/pobladores-de-santiago-mexquititlan-toman-presidencia-municipal-de-amealco-queretaro\/","url_meta":{"origin":5167,"position":3},"title":"Pobladores de Santiago Mexquititl\u00e1n toman presidencia municipal de Amealco (Quer\u00e9taro)","author":"grieta","date":"25 mayo, 2020","format":false,"excerpt":"Imagen tomada de: sanpanchotv.wordpress.com San Pancho TV El 25 de mayo del 2020, tianguistas y pobladores de Santiago Mexquititl\u00e1n tomaron la presidencia del municipio de Amealco, en Quer\u00e9taro, como acto de protesta ante la implementaci\u00f3n de la \u201cley garrote\u201d, as\u00ed como en contra de el corte de agua que ha\u2026","rel":"","context":"En &quot;Abuso policiaco y tortura en Quer\u00e9taro&quot;","block_context":{"text":"Abuso policiaco y tortura en Quer\u00e9taro","link":"http:\/\/www.grieta.org.mx\/index.php\/category\/noticias-nacionales\/queretaro\/abuso-policiaco-y-tortura-en-queretaro\/"},"img":{"alt_text":"","src":"https:\/\/i0.wp.com\/www.grieta.org.mx\/wp-content\/uploads\/2020\/06\/Pobladores-de-Santiago-Mexquititl%C3%A1n-toman-presidencia-municipal-de-Amealco-qro-jun.jpeg?resize=350%2C200","width":350,"height":200},"classes":[]},{"id":32273,"url":"http:\/\/www.grieta.org.mx\/index.php\/2019\/04\/12\/marchan-por-la-seguridad-en-capital-queretaro\/","url_meta":{"origin":5167,"position":4},"title":"Marchan por la seguridad en capital (Quer\u00e9taro)","author":"grieta","date":"12 abril, 2019","format":false,"excerpt":"Tina Hern\u00e1ndez \/ Noticias 45 Desde la Torre de la Esperanza un grupo de ciudadanos march\u00f3 por la seguridad en Quer\u00e9taro, luego del homicidio de dos personas de la tercera edad al interior de su negocio, la joyer\u00eda Par\u00eds, y diversos acontecimientos violentos en los \u00faltimos d\u00edas. La protesta de\u2026","rel":"","context":"En &quot;CINTILLO&quot;","block_context":{"text":"CINTILLO","link":"http:\/\/www.grieta.org.mx\/index.php\/category\/cintillo\/"},"img":{"alt_text":"","src":"https:\/\/i0.wp.com\/www.grieta.org.mx\/wp-content\/uploads\/2019\/04\/marcha.jpg?resize=350%2C200","width":350,"height":200,"srcset":"https:\/\/i0.wp.com\/www.grieta.org.mx\/wp-content\/uploads\/2019\/04\/marcha.jpg?resize=350%2C200 1x, https:\/\/i0.wp.com\/www.grieta.org.mx\/wp-content\/uploads\/2019\/04\/marcha.jpg?resize=525%2C300 1.5x, https:\/\/i0.wp.com\/www.grieta.org.mx\/wp-content\/uploads\/2019\/04\/marcha.jpg?resize=700%2C400 2x"},"classes":[]},{"id":4639,"url":"http:\/\/www.grieta.org.mx\/index.php\/2016\/01\/14\/ejidatarios-de-santa-maria-magdalena-exigen-pago-de-adeudo-por-parte-del-gobierno\/","url_meta":{"origin":5167,"position":5},"title":"Ejidatarios de Santa Mar\u00eda Magdalena exigen pago de adeudo por parte del gobierno","author":"grieta","date":"14 enero, 2016","format":false,"excerpt":"14\/01\/16. Sin recursos para pagar a ejidatarios de Santa Mar\u00eda Magdalena AM Quer\u00e9taro 03\/11\/15. Ejidatarios de Santa Mar\u00eda Magdalena son agredidos por autoridades AM Quer\u00e9taro 21\/01\/15. Reclaman pagos ejidatarios de pante\u00f3n en San Pedro M\u00e1rtir AM Quer\u00e9taro","rel":"","context":"En &quot;Quer\u00e9taro&quot;","block_context":{"text":"Quer\u00e9taro","link":"http:\/\/www.grieta.org.mx\/index.php\/category\/noticias-nacionales\/queretaro\/"},"img":{"alt_text":"","src":"https:\/\/i0.wp.com\/www.grieta.org.mx\/wp-content\/uploads\/2018\/03\/14524434_1106112876131411_958039263622046936_o.jpg?resize=350%2C200","width":350,"height":200,"srcset":"https:\/\/i0.wp.com\/www.grieta.org.mx\/wp-content\/uploads\/2018\/03\/14524434_1106112876131411_958039263622046936_o.jpg?resize=350%2C200 1x, https:\/\/i0.wp.com\/www.grieta.org.mx\/wp-content\/uploads\/2018\/03\/14524434_1106112876131411_958039263622046936_o.jpg?resize=525%2C300 1.5x, https:\/\/i0.wp.com\/www.grieta.org.mx\/wp-content\/uploads\/2018\/03\/14524434_1106112876131411_958039263622046936_o.jpg?resize=700%2C400 2x"},"classes":[]}],"_links":{"self":[{"href":"http:\/\/www.grieta.org.mx\/index.php\/wp-json\/wp\/v2\/posts\/5167","targetHints":{"allow":["GET"]}}],"collection":[{"href":"http:\/\/www.grieta.org.mx\/index.php\/wp-json\/wp\/v2\/posts"}],"about":[{"href":"http:\/\/www.grieta.org.mx\/index.php\/wp-json\/wp\/v2\/types\/post"}],"author":[{"embeddable":true,"href":"http:\/\/www.grieta.org.mx\/index.php\/wp-json\/wp\/v2\/users\/2"}],"replies":[{"embeddable":true,"href":"http:\/\/www.grieta.org.mx\/index.php\/wp-json\/wp\/v2\/comments?post=5167"}],"version-history":[{"count":1,"href":"http:\/\/www.grieta.org.mx\/index.php\/wp-json\/wp\/v2\/posts\/5167\/revisions"}],"predecessor-version":[{"id":5169,"href":"http:\/\/www.grieta.org.mx\/index.php\/wp-json\/wp\/v2\/posts\/5167\/revisions\/5169"}],"wp:featuredmedia":[{"embeddable":true,"href":"http:\/\/www.grieta.org.mx\/index.php\/wp-json\/wp\/v2\/media\/21928"}],"wp:attachment":[{"href":"http:\/\/www.grieta.org.mx\/index.php\/wp-json\/wp\/v2\/media?parent=5167"}],"wp:term":[{"taxonomy":"category","embeddable":true,"href":"http:\/\/www.grieta.org.mx\/index.php\/wp-json\/wp\/v2\/categories?post=5167"},{"taxonomy":"post_tag","embeddable":true,"href":"http:\/\/www.grieta.org.mx\/index.php\/wp-json\/wp\/v2\/tags?post=5167"}],"curies":[{"name":"wp","href":"https:\/\/api.w.org\/{rel}","templated":true}]}}