{"id":51669,"date":"2020-07-09T12:00:54","date_gmt":"2020-07-09T17:00:54","guid":{"rendered":"http:\/\/www.grieta.org.mx\/?p=51669"},"modified":"2020-07-11T12:22:38","modified_gmt":"2020-07-11T17:22:38","slug":"justicia-feminicidio-de-liliana-mujer-wixarika-deja-en-evidencia-investigaciones-judiciales-sin-perspectiva-de-genero-en-comunidades-indigenas-de-jalisco","status":"publish","type":"post","link":"http:\/\/www.grieta.org.mx\/index.php\/2020\/07\/09\/justicia-feminicidio-de-liliana-mujer-wixarika-deja-en-evidencia-investigaciones-judiciales-sin-perspectiva-de-genero-en-comunidades-indigenas-de-jalisco\/","title":{"rendered":"\u00a1Justicia! feminicidio de Liliana, mujer wix\u00e1rika, deja en evidencia investigaciones judiciales sin perspectiva de g\u00e9nero en comunidades ind\u00edgenas de Jalisco"},"content":{"rendered":"<p><img loading=\"lazy\" decoding=\"async\" data-attachment-id=\"51670\" data-permalink=\"http:\/\/www.grieta.org.mx\/index.php\/2020\/07\/09\/justicia-feminicidio-de-liliana-mujer-wixarika-deja-en-evidencia-investigaciones-judiciales-sin-perspectiva-de-genero-en-comunidades-indigenas-de-jalisco\/5-1200x640\/\" data-orig-file=\"http:\/\/www.grieta.org.mx\/wp-content\/uploads\/2020\/07\/5-1200x640.jpg\" data-orig-size=\"1200,640\" data-comments-opened=\"0\" data-image-meta=\"{&quot;aperture&quot;:&quot;0&quot;,&quot;credit&quot;:&quot;&quot;,&quot;camera&quot;:&quot;&quot;,&quot;caption&quot;:&quot;&quot;,&quot;created_timestamp&quot;:&quot;0&quot;,&quot;copyright&quot;:&quot;&quot;,&quot;focal_length&quot;:&quot;0&quot;,&quot;iso&quot;:&quot;0&quot;,&quot;shutter_speed&quot;:&quot;0&quot;,&quot;title&quot;:&quot;&quot;,&quot;orientation&quot;:&quot;0&quot;}\" data-image-title=\"5-1200&amp;#215;640\" data-image-description=\"\" data-image-caption=\"\" data-medium-file=\"http:\/\/www.grieta.org.mx\/wp-content\/uploads\/2020\/07\/5-1200x640-300x160.jpg\" data-large-file=\"http:\/\/www.grieta.org.mx\/wp-content\/uploads\/2020\/07\/5-1200x640-1024x546.jpg\" class=\"aligncenter wp-image-51670\" src=\"http:\/\/www.grieta.org.mx\/wp-content\/uploads\/2020\/07\/5-1200x640.jpg\" alt=\"\" width=\"800\" height=\"427\" srcset=\"http:\/\/www.grieta.org.mx\/wp-content\/uploads\/2020\/07\/5-1200x640.jpg 1200w, http:\/\/www.grieta.org.mx\/wp-content\/uploads\/2020\/07\/5-1200x640-300x160.jpg 300w, http:\/\/www.grieta.org.mx\/wp-content\/uploads\/2020\/07\/5-1200x640-768x410.jpg 768w, http:\/\/www.grieta.org.mx\/wp-content\/uploads\/2020\/07\/5-1200x640-1024x546.jpg 1024w, http:\/\/www.grieta.org.mx\/wp-content\/uploads\/2020\/07\/5-1200x640-938x500.jpg 938w\" sizes=\"auto, (max-width: 800px) 100vw, 800px\" \/><\/p>\n<p>Foto: Zona Docs<\/p>\n<p><em>El\u00a0Comit\u00e9 de Am\u00e9rica Latina y el Caribe para la Defensa de los Derechos de las Mujeres\u00a0(CLADEM)\u00a0M\u00e9xico\u00a0y CLADEM Jalisco, junto con\u00a0Observatorio Ciudadano Nacional del Feminicidio (OCNF)\u00a0\u00a0y el\u00a0Observatorio de Justicia y Derechos Humanos de las Mujeres y Ni\u00f1as\u00a0en Zacatecas, denunciaron este jueves que los feminicidios en Jalisco, particularmente en las comunidades ind\u00edgenas \u201chan sido invisibilizados y se encuentran envueltos en un entorno de impunidad y complicidad\u201d donde las autoridades encargadas de velar por la seguridad y la justicia de ni\u00f1as, j\u00f3venes y mujeres han incurrido en \u201chechos posiblemente constituidos como delitos graves\u201d.<\/em><\/p>\n<p><em>Se\u00f1alaron que se trata de omisiones y faltas que agudizan y aumentan las violencias que viven las ni\u00f1as y mujeres v\u00edctimas de la violencia machista y feminicida en el estado de Jalisco.<\/em><\/p>\n<p><em>El caso paradigm\u00e1tico de Liliana Carrillo Gonz\u00e1lez, mujer\u00a0<strong>wix\u00e1rika\u00a0de 20 a\u00f1os que fue asesinada por su esposo el pasado 3 de marzo de 2020, dej\u00f3 en evidencia lo anterior expresado, ya que la Fiscal\u00eda Regional y la Delegaci\u00f3n del Instituto Jalisciense de Ciencias Forenses en la Sierra Norte del estado, clasificaron su feminicidio como un suicidio.<\/strong><\/em><\/p>\n<p><em>Y es que, ante \u201cla ausencia de interseccionalidad y debida diligencia para abordar los casos de violencia contra mujeres y ni\u00f1as en los pueblos originarios\u201d se\u00f1alaron \u201cse lleg\u00f3 al extremo de no hacer la necropsia correspondiente y falsear la informaci\u00f3n con fotograf\u00edas de otro cad\u00e1ver\u201d en el caso de esta joven madre.<\/em><\/p>\n<p><em>Con la denuncia p\u00fablica dejaron de manifiesto tambi\u00e9n, la omisi\u00f3n en la que incurrido la Comisi\u00f3n Estatal de Derechos Humanos (CEDHJ) al no haber emitido una recomendaci\u00f3n sobre los hechos por los cuales ya existe una queja.<\/em><\/p>\n<p>Dalia Suoza \/ Zona Docs<\/p>\n<p><strong>\u201cLas omisiones y acciones de la Fiscal\u00eda del Estado de Jalisco en el caso del feminicidio de Liliana Carrillo Gonz\u00e1lez y de las mujeres de las comunidades wix\u00e1rikas en Jalisco agudiza la discriminaci\u00f3n y violencia institucional, sistem\u00e1tica y estructural que han padecido hist\u00f3ricamente e, incluso, son hechos posiblemente constituidos de delitos graves por parte de los servidores p\u00fablicos\u201d<\/strong>, se\u00f1alaron en rueda de prensa el\u00a0<em>Comit\u00e9 de Am\u00e9rica Latina y el Caribe para la Defensa de los Derechos de las Mujeres<\/em>\u00a0(<em>CLADEM<\/em>)\u00a0<em>M\u00e9xico\u00a0<\/em>y<em>\u00a0CLADEM Jalisco<\/em>, junto con\u00a0<em>Observatorio Ciudadano Nacional del Feminicidio (OCNF)\u00a0<\/em>\u00a0y el\u00a0<em>Observatorio de Justicia y Derechos Humanos de las Mujeres y Ni\u00f1as\u00a0<\/em>en Zacatecas.<\/p>\n<p>Con ello, manifestaron su\u00a0<strong>rechazo por el actuar de la Fiscal\u00eda del Estado de Jalisco<\/strong>\u00a0y de la propia\u00a0<strong>Comisi\u00f3n Estatal de Derecho Humanos Jalisco<\/strong>\u00a0(CEDHJ), en el\u00a0<strong>feminicidio de Liliana Carrillo Gonz\u00e1lez, mujer\u00a0<em>wix\u00e1rika<\/em>de 20 a\u00f1os en manos de su esposo.<\/strong><\/p>\n<p>Y es que, recordaron a las autoridades que el feminicidio\u00a0<strong>\u201ces considerado una violaci\u00f3n grave a los derechos humanos de las mujeres y constituye la consecuencia final y m\u00e1s grave de un continuum de violencia\u201d<\/strong>, donde los cuerpos de las mujeres, j\u00f3venes y ni\u00f1as reflejan la violencia desmedida de la que son v\u00edctimas, previa, durante y posterior a la privaci\u00f3n de su libertad o de su vida.<\/p>\n<p>Lamentablemente, advirtieron, aunque esto se encuentra establecido en la\u00a0<strong><em>Gu\u00eda T\u00e9cnica con Perspectiva de G\u00e9nero para la elaboraci\u00f3n de Necropsias en caso de muertes violenta de mujeres\u00a0<\/em><\/strong>para el estado de Jalisco, ni el personal adscrito del Instituto Jalisciense de Ciencias Forenses en la Sierra Norte, ni los Ministerios P\u00fablicos de la Fiscal\u00eda Regional en Huejuquilla,\u00a0<strong>lo conocen o saben llevarlo ejecutarlo.<\/strong><\/p>\n<p>Ya que, en el caso del\u00a0<strong>feminicidio de Liliana Carrillo Gonz\u00e1lez<\/strong>, los peritos y ministerios p\u00fablicos encargados del caso llegaron\u00a0<strong>\u201cal extremo de no hacer la necropsia correspondiente y falsear la informaci\u00f3n con fotograf\u00edas de otro cad\u00e1ver\u201d<\/strong>\u00a0y mucho menos investigaciones que permitieran\u00a0<strong>esclarecer el dicho de su feminicida<\/strong>, quien declar\u00f3 que su muerte se trataba de un\u00a0<strong>suicidio.<\/strong><\/p>\n<p><em>\u201cLa ausencia de interseccionalidad y debida diligencia reforzada para abordar los casos de violencia contra mujeres y ni\u00f1as en los pueblos originarios, la falta de accesibilidad geogr\u00e1fica, la falta de apoyo institucional para el propio personal de las instituciones que se encuentran asignados en aquella zona, hacen que se agudice las violaciones institucionales para las mujeres que son v\u00edctimas de la violencia feminicida\u201d expresaron.<\/em><\/p>\n<p><strong>SIN PERSPECTIVA DE G\u00c9NERO FISCAL\u00cdA DE JALISCO Y CIENCIAS FORENSES INVESTIGAN FEMINICIDIOS EN COMUNIDADES IND\u00cdGENAS\u00a0<\/strong><\/p>\n<p><strong>Liliana Carrillo Gonz\u00e1lez ten\u00eda 20 a\u00f1os y era madre de una ni\u00f1a de 3 a\u00f1os<\/strong>. Antes de ser\u00a0<strong>asesinada por Gelacio \u201cN\u201d, su esposo<\/strong>\u00a0y padre de su hija, se\u00f1alan las defensoras:<\/p>\n<p><em>\u201cFue v\u00edctima de todas las formas de violencia y discriminaci\u00f3n por ser mujer, por ser pobre y por ser ind\u00edgena perteneciente a la comunidad\u00a0wix\u00e1rika,\u00a0tambi\u00e9n conocida como Huichol\u201d.<\/em><\/p>\n<p>A estas formas de violencia se sum\u00f3 tambi\u00e9n la institucional por parte del Gobierno del estado de Jalisco, por la Fiscal\u00eda General del Estado de Jalisco y por la propia Comisi\u00f3n Estatal de Derechos Humanos Jalisco, quienes, refirieron las feministas, no han\u00a0<strong>sabido \u201cestar a la altura de la situaci\u00f3n hist\u00f3rica de marginaci\u00f3n que viven las comunidades ind\u00edgenas y en especial las mujeres y la familia de Liliana\u201d<\/strong>.<\/p>\n<p>El\u00a0<strong>martes 3 de marzo del 2020,<\/strong>\u00a0parad\u00f3jicamente tambi\u00e9n, en medio de un contexto hist\u00f3rico de\u00a0<strong>protestas y manifestaciones feministas multitudinarias<\/strong>\u00a0en el marco del\u00a0<em>D\u00eda Internacional de las Mujeres<\/em>, cerca de las 8:40 a.m. en el lugar conocido como\u00a0<strong>Rancho El Baj\u00edo<\/strong>, anexo a Pueblo Nuevo 2\u00a0<em>Mayehekwa,<\/em>\u00a0comunidad de\u00a0<strong>Santa Catarina Cuexcomatitl\u00e1n, Jalisco<\/strong>, fue\u00a0<strong>localizado sin vida el cuerpo de Liliana.<\/strong><\/p>\n<p><strong>Gelacio \u201cN\u201d fue quien \u201cencontr\u00f3\u201d el cuerpo de sin vida de Liliana y quien dio aviso.<\/strong>\u00a0Sin embargo, su familia narr\u00f3 que un d\u00eda antes, el 2 de marzo,\u00a0<strong>Liliana estuvo en casa de su madre junto con Gelacio y \u00e9l la estuvo agrediendo<\/strong>:<\/p>\n<p><em>\u201cLa familia relata que el d\u00eda 2 de marzo, la v\u00edctima y su esposo estuvieron en casa de la madre de Liliana, en donde Gelacio la estuvo agrediendo y ella se fue con \u00e9l dejando a su hija en casa de su mam\u00e1. En la noche el padre de la ni\u00f1a regres\u00f3 por ella y dijo que Liliana no hab\u00eda ido por ella porque ten\u00eda flojera, lo cual era sumamente extra\u00f1o porque seg\u00fan relata la familia Liliana siempre era la que estaba al pendiente de la ni\u00f1a\u201d.<\/em><\/p>\n<p>No obstante, en medio de\u00a0<strong>un actuar aparentemente despreocupado, omiso y sin perspectiva de g\u00e9nero<\/strong>, a decir del Ministerio P\u00fablico del municipio de Huejuquilla, as\u00ed como, del m\u00e9dico forense que practic\u00f3\u00a0<strong>una supuesta necropsia al cuerpo de la joven<\/strong>,\u00a0<strong>se trat\u00f3 de un suicidio<\/strong>; as\u00ed se lo hicieron saber a sus familiares y as\u00ed qued\u00f3\u00a0<strong>asentado tanto el acta como en el certificado de defunci\u00f3n<\/strong>, expresaron las defensoras.<\/p>\n<p>Aunado a ello, el m\u00e9dico forense que practic\u00f3 la necropsia le entreg\u00f3 a su familia en\u00a0<strong>una bolsa la ropa que llevaba puesta aquel d\u00eda<\/strong>,\u00a0<strong>sin que antes se realizara un peritaje<\/strong>. Como una costumbre, sus seres queridos incineraron las prendas,\u00a0<strong>\u201cperdi\u00e9ndose toda la evidencia\u201d:<\/strong><\/p>\n<p><em>\u201cNadie les explic\u00f3 o les solicit\u00f3 que conservaran la ropa, nunca se aplic\u00f3 el Protocolo de Actuaci\u00f3n con Perspectiva de G\u00e9nero para la Investigaci\u00f3n del Delito de Feminicidio en el estado Jalisco que considera que toda muerte violenta de mujer incluidos los suicidios, debe ser investigado como feminicidio\u201d.<\/em><\/p>\n<p><strong>\u201cNo se aplic\u00f3 el protocolo porque simplemente no se investig\u00f3\u201d<\/strong>\u00a0afirman, puesto que, el hallazgo sin vida de Liliana, su feminicidio -como debe nombrarse y clasificarse- no amerit\u00f3 para los funcionarios una investigaci\u00f3n a profundidad\u00a0<strong>\u201csobre la violencia f\u00edsica, psicol\u00f3gica y econ\u00f3mica que viv\u00eda con su entonces esposo\u201d<\/strong>\u00a0se\u00f1alan las expertas.<\/p>\n<p>Estas \u00faltimas son consideradas\u00a0<strong>razones de g\u00e9nero que tuvieron que haberse tomado en cuenta para acreditar su muerte como un feminicidio.<\/strong><\/p>\n<p>Con ello, advierten, las entrevistas realizadas a su familia, no se llevaron a cabo con el\u00a0<strong>acompa\u00f1amiento de un interprete certificado<\/strong>, violando as\u00ed \u201cla convencionalidad internacional, la constituci\u00f3n, e\u00a0<strong>ignorando el protocolo de actuaci\u00f3n para quienes imparten justicia en casos que involucren derechos de personas, comunidades y pueblos ind\u00edgenas<\/strong>\u00a0de la Suprema Corte de Justicia de la Naci\u00f3n\u201d.<\/p>\n<p>Aquella tarde que a Liliana se le vio por \u00faltima vez con vida, no fue la \u00fanica en la que\u00a0<strong>Gelacio \u201cN\u201d fue violento y actu\u00f3 de manera agresiva en su contra<\/strong>; la familia de la joven ha se\u00f1alado que ten\u00eda\u00a0<strong>antecedentes de violencia<\/strong>, continuamente se encontraba enojado,\u00a0<strong>la humillaba y perpetrar todo tipo de violencias en su contra.<\/strong><\/p>\n<p>Por ello, expresaron en la rueda de prensa, cuando la familia de Liliana acudi\u00f3 a\u00a0<strong>la escena del crimen\u00a0<\/strong>y observ\u00f3 que\u00a0<strong>\u201cse apreciaban a simple vista huellas de violencia\u201d,<\/strong>\u00a0las dudas sobre el supuesto suicidio crecieron.<\/p>\n<p>Fue\u00a0<strong>Mara Mu\u00f1oz<\/strong>, asesora jur\u00eddica del caso e integrante del\u00a0<strong><em>Observatorio de Justicia y Derechos Humanos de Mujeres y Ni\u00f1as<\/em><\/strong>\u00a0e integrante del\u00a0<strong><em>Observatorio Ciudadano Nacional del Feminicidio<\/em><\/strong><em>,\u00a0<\/em>quien, junto con las defensoras y organizaciones feministas, evidenciaron la\u00a0<strong>serie de irregularidades cometidas por las autoridades forenses y periciales<\/strong>, y es que afirmaron:<\/p>\n<p><em>\u201cPr\u00e1cticamente no exist\u00eda ning\u00fan acto de investigaci\u00f3n tendiente al esclarecimiento de los hechos\u201d.<\/em><\/p>\n<p><strong>LAS IRREGULARIDADES EN EL FEMINICIDIO DE LILIANA<\/strong><\/p>\n<p>Las organizaciones y defensoras de los derechos humanos de las mujeres las enumeran de la siguiente manera:<\/p>\n<ol>\n<li><strong>No se sigui\u00f3 el Protocolo de Feminicidio obligatorio para la Fiscal\u00eda General de Jalisco<\/strong>\u00a0en caso de cualquier muerte violenta de una mujer, incluyendo el suicidio<strong>, ni se remiti\u00f3 la Carpeta de Investigaci\u00f3n a la Unidad Especializada<\/strong>, misma que, denuncian, se encuentra limitada a dar seguimiento de los casos que se presentan en el \u00c1rea Metropolitana de Guadalajara\u00a0<strong>\u201cdebido a la priorizaci\u00f3n presupuestal del Fiscal General\u201d.<\/strong><\/li>\n<\/ol>\n<p>Al mismo tiempo,\u00a0<strong>\u201ctampoco se consider\u00f3 que la v\u00edctima pertenece a una comunidad ind\u00edgena\u201d<\/strong>\u00a0situaci\u00f3n que impidi\u00f3 el involucramiento de una persona interpret\u00e9 para la familia y los testigos del hecho.<\/p>\n<ol start=\"2\">\n<li>El Informe Policial Homologado inicial\u00a0<strong>era deficiente e incompleto.<\/strong><\/li>\n<\/ol>\n<ol start=\"3\">\n<li>En la carpeta de investigaci\u00f3n\u00a0<strong>no exist\u00edan registros de indicios o evidencias que hayan sido hallados en el sitio donde estaba el cuerpo de la v\u00edctima<\/strong>, ni en el que fuera su domicilio, que pudieran ayudar a investigar el feminicidio.<\/li>\n<\/ol>\n<p>S\u00f3lo fue encontrado \u201cel bote que supuestamente us\u00f3 para subirse al \u00e1rbol y colgarse\u201d, m\u00e1s un par de prendas \u00edntimas, cabellos de un cepillo y un poema de amor, para los cuales\u00a0<strong>tampoco existi\u00f3 una cadena de custodia<\/strong>\u00a0\u201cni resguardo de evidencias fundamentales para esclarecer los hechos\u201d, en este caso de la pa\u00f1oleta o la ropa<\/p>\n<p>La carpeta de investigaci\u00f3n\u00a0<strong>carece de un registro de entrevistas suficientes<\/strong>\u00a0de los primeros respondientes con las personas que se encontraban en el lugar del hallazgo.<\/p>\n<p>Por si esto fuera poco, afirman que\u00a0<strong>\u201cel personal de la Fiscal\u00eda que se constituy\u00f3 en el lugar no realiz\u00f3 un adecuado levantamiento del cuerpo de la v\u00edctima\u201d.<\/strong><\/p>\n<ol start=\"4\">\n<li>Las fotograf\u00edas que se encuentran en la primera Carpeta de Investigaci\u00f3n\u00a0<strong>no son detalladas, no hace acercamientos al cuerpo de la v\u00edctima, son oscuras y no son suficientes\u00a0<\/strong>aquellas que se tomaron al domicilio de la v\u00edctima.<\/li>\n<\/ol>\n<p><strong>SOBRE EL ACTUAR DEL PERSONAL FORENSE Y LA NECROPSIA DE LEY<\/strong><\/p>\n<p>De acuerdo con el an\u00e1lisis jur\u00eddico realizado a la primera Carpeta de Investigaci\u00f3n iniciada sobre la muerte de Liliana, se desprende que,\u00a0<strong>en el dictamen de la primera necropsia, \u201cno se detallaron claramente sobre otras lesiones que hubiese podido presentar el cuerpo de la v\u00edctima<\/strong>, no se tom\u00f3 raspado de u\u00f1as y vello p\u00fabico, ni tampoco muestras vaginales, proctol\u00f3gicas y bucales, ni se tomaron muestras de tejido para\u00a0<strong>una ampliaci\u00f3n de estudios histopatol\u00f3gicos<\/strong>\u201d.<\/p>\n<p>Por lo que, dentro de la Carpeta de Investigaci\u00f3n\u00a0<strong>no existen dict\u00e1menes de criminal\u00edstica de hechos y de lesiones.<\/strong><\/p>\n<p>Con gran indignaci\u00f3n, las abogadas y expertas en violencia de g\u00e9nero afirmaron que\u00a0<strong>el m\u00e9dico forense, Jos\u00e9 Fernando Montes de Oca Padilla<\/strong>, \u201c<strong>simul\u00f3 haber realizado una necropsia al cuerpo de la v\u00edctima<\/strong>, utilizando incluso\u00a0<strong>fotograf\u00edas de un cuerpo diverso<\/strong>\u00a0integrando las mismas al supuesto estudio de necropsia que\u00a0<strong>present\u00f3 durante la primera fase<\/strong>\u00a0de la investigaci\u00f3n inicial\u201d.<\/p>\n<p>En ese sentido explicaron que \u201clas\u00a0<strong>incisiones suturadas<\/strong>\u00a0que presentaba el cad\u00e1ver estaban localizadas en los segmentos corporales que deben\u00a0<strong>efectuarse durante un procedimiento de necropsia<\/strong>\u2026\u00a0<strong>no llegaban al interior de las cavidades<\/strong>\u201d. Adem\u00e1s, aseguraron que el cr\u00e1neo de la v\u00edctima no hab\u00eda sido serruchado por lo que las fotos del cerebro que hab\u00eda presentado el forense\u00a0<strong>eran de otro cad\u00e1ver<\/strong>.<\/p>\n<p><strong>Todo lo anterior qued\u00f3 probado tras la exhumaci\u00f3n del cuerpo de la v\u00edctima el 16 de abril de 2020<\/strong>\u00a0y tras un\u00a0<strong>segundo estudio de necropsia<\/strong>. En este logr\u00f3 constatarse que \u201cel m\u00e9dico en menci\u00f3n -Jos\u00e9 Fernando Montes de Oca Padilla-\u00a0<strong>nunca realiz\u00f3 las exploraciones que permitieran captar esas partes de los \u00f3rganos de la v\u00edctima<\/strong>\u201d<\/p>\n<p>Mientras que, la real causa de muerte fue:\u00a0<strong>estrangulamiento con objeto externo y fuerza indirecta<\/strong>.<\/p>\n<p><em>\u201cLo que significa que\u00a0<strong>Liliana\u00a0<\/strong>fue asesinada, es decir, fue v\u00edctima de feminicidio\u201d afirmaron las defensoras.<\/em><\/p>\n<p>Para Mara Mu\u00f1oz, asesora jur\u00eddica a cargo del caso, es\u00a0<strong>una aberraci\u00f3n el feminicidio de Liliana<\/strong>, pero, adem\u00e1s, que\u00a0<strong>\u201clas mujeres que no cuentan con un acompa\u00f1amiento adecuando no tengan posibilidades para hacer demandas para el acceso a la justicia y el respeto a sus derechos humanos\u201d.<\/strong><\/p>\n<p>Hasta ahora, se\u00f1al\u00f3 la abogada, se tuvo\u00a0<strong>una reuni\u00f3n el pasado 31 de marzo con el Fiscal Regional y la Directora de Delitos contra las Mujeres por Razones de G\u00e9nero<\/strong>, gracias a las gestiones que realizaron diputadas y senadoras, as\u00ed como organismos de derechos humanos. En \u00e9sta se revis\u00f3 por primera vez la carpeta de investigaci\u00f3n y se solicit\u00f3 por escrito que, la Direcci\u00f3n general que investiga delitos contra las mujeres, a la cual pertenece\u00a0<strong>la Unidad de Feminicidios atrajera el caso y se constituyera con un grupo de especialistas<\/strong>\u00a0para realizar la serie de\u00a0<strong>diligencias que no se llevaron a cabo por las omisiones antes mencionadas.<\/strong><\/p>\n<p>Dichas diligencias con personal especializado, expres\u00f3 Mu\u00f1oz en la rueda de prensa, se efectuaron entre el\u00a0<strong>16 y el 20 de abril de 2020<\/strong>\u00a0y contaron con el\u00a0<strong>acompa\u00f1amiento de un abogado del\u00a0<em>Observatorio de Justicia y Derechos Humanos de Mujeres y Ni\u00f1as<\/em>.<\/strong><\/p>\n<p>Durante \u00e9stas, \u201c<strong>se exhum\u00f3 el cuerpo, se realiz\u00f3 la necropsia, se declararon 15 testigos y se tomaron muestras del hongo espumoso que se\u00f1ala el estrangulamiento de la v\u00edctima\u201d.<\/strong>\u00a0Tambi\u00e9n se tom\u00f3\u00a0<strong>el testimonio de la hija de la v\u00edctima, quien fue la testiga presencial de los hechos\u00a0<\/strong>bajo el protocolo para declarar menores de edad;\u00a0<strong>ella fue quien relat\u00f3 c\u00f3mo hab\u00eda sido asesinada su madre,\u00a0<\/strong>afirm\u00f3 Mara Mu\u00f1oz.<\/p>\n<p>Si bien,\u00a0<strong>el 30 de abril fue vinculado a proceso Gelacio \u201cN\u201d<\/strong>, el feminicida de Liliana, con los datos de prueba conseguidos en las segundas diligencias, Mara mu\u00f1oz precisa que esto\u00a0<strong>\u201cno salda la deuda pendiente que la Fiscal\u00eda y el Gobierno de Jalisco mantiene con las comunidades ind\u00edgenas y en especial para las ni\u00f1as y mujeres ind\u00edgenas\u201d.<\/strong><\/p>\n<p><em>\u201cEn realidad el problema es que en M\u00e9xico ha prevalecido un discurso individualista de la justicia, cuando las cusas de la violencia contra las mujeres son sist\u00e9micas y estructurales, y en ese sentido contin\u00faa habiendo casos de mujeres asesinadas que son cerrados como suicidios porque no se investiga\u201d.<\/em><\/p>\n<p>Por ahora, en el caso quedan\u00a0<strong>pendiente realizar<\/strong>\u00a0las siguientes diligencias:<\/p>\n<ol>\n<li>La ampliaci\u00f3n de la mec\u00e1nica de lesiones.<\/li>\n<li>La ampliaci\u00f3n de la criminal\u00edstica de campo.<\/li>\n<li>La mec\u00e1nica de hechos.<\/li>\n<\/ol>\n<p>Adem\u00e1s del\u00a0<strong>dictamen de estr\u00e9s postraum\u00e1tico de la madre de Liliana y su hija<\/strong>, los cuales, se\u00f1al\u00f3 Mara,\u00a0<strong>\u201cson necesarios para establecer una adecuada reparaci\u00f3n del da\u00f1o\u201d.\u00a0<\/strong>No obstante, \u00e9ste no podr\u00e1 realizarse hasta que las diligencias antes se\u00f1aladas se lleven a cabo.<\/p>\n<p>Tambi\u00e9n, se suma\u00a0<strong>un estudio antropol\u00f3gico y social\u00a0<\/strong>que fue solicitado el 22 de junio, pero que la autoridad ministerial reconoci\u00f3\u00a0<strong>\u201cno contar con el personal adecuado\u201d.\u00a0<\/strong>Para las organizaciones este an\u00e1lisis profundo de la realidad es de vital importancia y se requiere que sea realizado por\u00a0<strong>antrop\u00f3logas sociales y soci\u00f3logas con experiencia en delitos de alto impacto y en estudios de los pueblos ind\u00edgenas<\/strong>; ya que su objetivo es:<\/p>\n<p><em>\u201cNo s\u00f3lo explorar las causas de la violencia contra las mujeres en el \u00e1mbito comunitario o \u00edntimo, sino tambi\u00e9n las causas de la violencia estructural, institucional que se lleva a cabo en contra de las mujeres ind\u00edgenas y plantear una adecuada reparaci\u00f3n del da\u00f1o a nivel comunitario y de las v\u00edctimas indirectas\u201d.<\/em><\/p>\n<p><strong>LA OMISI\u00d3N DE LA CEDHJ Y LOS ORGANISMOS INTERNACIONALES DE DERECHOS HUMANOS<\/strong><\/p>\n<p><em>\u201cEl caso de Liliana es una muestra de la gran ignorancia que prevalece en las instituciones del Estado mexicano y en particular en el estado de Jalisco, respecto a los pueblos ind\u00edgenas\u201d afirm\u00f3 Mara Mu\u00f1oz y en ello coincidieron las defensoras integrantes de CLADEM M\u00e9xico y CLADEM Jalisco.\u00a0<\/em><\/p>\n<p>Para muestra,\u00a0<strong>no s\u00f3lo el actuar de las autoridades ministeriales y forenses<\/strong>, sino tambi\u00e9n, de las que est\u00e1n\u00a0<strong>encargadas de velar por la protecci\u00f3n de los derechos humanos de las personas<\/strong>, los\u00a0<strong>pueblos originarios y las mujeres.<\/strong><\/p>\n<p>En ese sentido,\u00a0<strong>el 1 de abril,<\/strong>\u00a0un d\u00eda despu\u00e9s de la primera reuni\u00f3n con el Fiscal Regional y la Directora de Delitos contra las Mujeres por Razones de G\u00e9nero, fue\u00a0<strong>presentada una queja ante la Comisi\u00f3n Estatal de Derechos Humanos Jalisco ( CEDHJ)\u00a0<\/strong>y hasta el d\u00eda de hoy\u00a0<strong>el organismo no se ha pronunciado p\u00fablicamente sobre los hechos<\/strong>\u00a0y tampoco ha emitido una recomendaci\u00f3n \u201cque de manera amplia\u00a0<strong>analice la discriminaci\u00f3n y violencia estructural<\/strong>\u00a0que hist\u00f3ricamente han\u00a0<strong>padecido las mujeres de los pueblos originarios en M\u00e9xico<\/strong>\u201d precis\u00f3 Mara.<\/p>\n<p><em>\u201cEl caso de Liliana como mujer ind\u00edgena es uno entre mil que alcanza a pedir justicia y respeto a los derechos humanos ante las autoridades del estado y esta situaci\u00f3n no parece ser suficiente para que los organismos de derechos humanos prioricen su caso\u201d lament\u00f3.\u00a0<\/em><\/p>\n<p>La queja interpuesta\u00a0<strong>denuncia todas las irregularidades y violaciones a derechos humanos cometidas por la Fiscal\u00eda y el IJCF\u00a0<\/strong>y fue\u00a0<strong>ampliada tres semanas despu\u00e9s<\/strong>\u00a0con la informaci\u00f3n de los\u00a0<strong>hallazgos generados durante las diligencias<\/strong>\u00a0de campo realizadas entre el 16 y el 20 de abril.<\/p>\n<p>Tambi\u00e9n, revel\u00f3 Mara Mu\u00f1oz:<\/p>\n<p><em>\u201cSe envi\u00f3 un informe puntual en extenso del caso a la Relator\u00eda de Violencia contra las Mujeres, a la Relator\u00eda de Pueblos Ind\u00edgenas, a la Relator\u00eda de Derecho Econ\u00f3micos, Sociales y Culturales en el Alto Comisionado de las Naciones Unidas, as\u00ed como al Grupo de Trabajo de Discriminaci\u00f3n contra las Mujeres, la Oficina en M\u00e9xico del Alto Comisionado\u201d.<\/em><\/p>\n<p>Con ello<strong>, se inform\u00f3 a la Comisi\u00f3n Interamericana de Derechos Humanos<\/strong>\u00a0y se le solicit\u00f3 una audiencia, para la cual\u00a0<strong>no ha habido una respuesta<\/strong>; tampoco de parte de ninguna de las relatoras.<\/p>\n<p>En opini\u00f3n de la abogada del\u00a0<em>Observatorio de Justicia y Derechos Humanos de las Mujeres y Ni\u00f1as\u00a0<\/em>en Zacatecas, esto resulta significativo porque, adem\u00e1s, \u00e9ste\u00a0<strong>no es un tema que ya haya sido explorado por las agencias<\/strong>:<\/p>\n<p><em>\u201cAl revisar los informes que las relatoras del Alto Comisionado han realizado en M\u00e9xico, no hay menci\u00f3n de la violencia contra mujeres ind\u00edgenas mas que en un par de renglones. Realmente es un tema que no ha sido explorado por estas agencias, no queda constancia de este grav\u00edsimo problema y ante este caso no hemos recibido respuesta y tampoco se han pronunciado\u201d.<\/em><\/p>\n<p><a href=\"https:\/\/www.zonadocs.mx\/2020\/07\/09\/justicia-feminicidio-de-liliana-mujer-wixarika-deja-en-evidencia-investigaciones-judiciales-sin-perspectiva-de-genero-en-comunidades-indigenas-de-jalisco\/\">https:\/\/www.zonadocs.mx\/2020\/07\/09\/justicia-feminicidio-de-liliana-mujer-wixarika-deja-en-evidencia-investigaciones-judiciales-sin-perspectiva-de-genero-en-comunidades-indigenas-de-jalisco\/<\/a><\/p>\n","protected":false},"excerpt":{"rendered":"<p>Foto: Zona Docs El\u00a0Comit\u00e9 de Am\u00e9rica Latina y el Caribe para la Defensa de los Derechos de las Mujeres\u00a0(CLADEM)\u00a0M\u00e9xico\u00a0y CLADEM Jalisco, junto con\u00a0Observatorio Ciudadano Nacional del Feminicidio (OCNF)\u00a0\u00a0y el\u00a0Observatorio de &hellip; <a href=\"http:\/\/www.grieta.org.mx\/index.php\/2020\/07\/09\/justicia-feminicidio-de-liliana-mujer-wixarika-deja-en-evidencia-investigaciones-judiciales-sin-perspectiva-de-genero-en-comunidades-indigenas-de-jalisco\/\" class=\"more-link\">Leer m\u00e1s<\/a><\/p>\n","protected":false},"author":2,"featured_media":51670,"comment_status":"closed","ping_status":"closed","sticky":false,"template":"","format":"standard","meta":{"ngg_post_thumbnail":0,"_jetpack_newsletter_access":"","_jetpack_dont_email_post_to_subs":false,"_jetpack_newsletter_tier_id":0,"_jetpack_memberships_contains_paywalled_content":false,"_jetpack_memberships_contains_paid_content":false,"footnotes":""},"categories":[80,84,2107,20,2,83],"tags":[81,3409],"class_list":["post-51669","post","type-post","status-publish","format-standard","has-post-thumbnail","hentry","category-cintillo","category-feminicidios","category-feminicidios-en-jalisco","category-jalisco","category-noticias-nacionales","category-temas-nacionales","tag-feminicidios","tag-mujeres-indigenas","entry"],"jetpack_featured_media_url":"http:\/\/www.grieta.org.mx\/wp-content\/uploads\/2020\/07\/5-1200x640.jpg","jetpack_sharing_enabled":true,"jetpack_shortlink":"https:\/\/wp.me\/p7ZJR4-drn","jetpack_likes_enabled":false,"jetpack-related-posts":[{"id":65820,"url":"http:\/\/www.grieta.org.mx\/index.php\/2022\/11\/25\/exigimos-justicia-para-nuestras-hijas-familiares-de-mujeres-victimas-de-feminicidio-y-desaparicion-en-jalisco\/","url_meta":{"origin":51669,"position":0},"title":"\u201cExigimos justicia para nuestras hijas\u201d: familiares de mujeres v\u00edctimas de feminicidio y desaparici\u00f3n en Jalisco","author":"grieta","date":"25 noviembre, 2022","format":false,"excerpt":"Imagen: Darwin Franco Frente a la Antimonumenta GDL de la Plaza Imelda Virgen,\u00a0familiares de mujeres v\u00edctimas de feminicidio y desaparici\u00f3n, as\u00ed como integrantes del\u00a0Comite\u0301 de Ame\u0301rica Latina y el Caribe para la Defensa de los Derechos Humanos de las Mujeres (CLADEM Jalisco) denunciaron que las autoridades de Jalisco no han\u2026","rel":"","context":"En &quot;CINTILLO&quot;","block_context":{"text":"CINTILLO","link":"http:\/\/www.grieta.org.mx\/index.php\/category\/cintillo\/"},"img":{"alt_text":"","src":"https:\/\/i0.wp.com\/www.grieta.org.mx\/wp-content\/uploads\/2022\/11\/photo5478685335778076605-1068x801-1.jpg?resize=350%2C200","width":350,"height":200,"srcset":"https:\/\/i0.wp.com\/www.grieta.org.mx\/wp-content\/uploads\/2022\/11\/photo5478685335778076605-1068x801-1.jpg?resize=350%2C200 1x, https:\/\/i0.wp.com\/www.grieta.org.mx\/wp-content\/uploads\/2022\/11\/photo5478685335778076605-1068x801-1.jpg?resize=525%2C300 1.5x, https:\/\/i0.wp.com\/www.grieta.org.mx\/wp-content\/uploads\/2022\/11\/photo5478685335778076605-1068x801-1.jpg?resize=700%2C400 2x, https:\/\/i0.wp.com\/www.grieta.org.mx\/wp-content\/uploads\/2022\/11\/photo5478685335778076605-1068x801-1.jpg?resize=1050%2C600 3x"},"classes":[]},{"id":57694,"url":"http:\/\/www.grieta.org.mx\/index.php\/2021\/03\/09\/con-listones-color-violeta-y-veladoras-feministas-exigen-frente-a-palacio-de-gobierno-justicia-para-victimas-de-feminicidio-y-desaparicion-en-jalisco\/","url_meta":{"origin":51669,"position":1},"title":"Con listones color violeta y veladoras, feministas exigen frente a Palacio de Gobierno justicia para v\u00edctimas de feminicidio y desaparici\u00f3n en Jalisco","author":"grieta","date":"9 marzo, 2021","format":false,"excerpt":"Foto: Mario Marlo Dalia Souza \/ Zona Docs En Jalisco, durante los \u00faltimos cinco a\u00f1os, las autoridades del estado\u00a0han acumulado cerca de 80 mil carpetas de investigaci\u00f3n por delitos cometidos contra mujeres; mientras que, en lo que va del a\u00f1o 2021 -hasta el 8 de marzo-,\u00a0han sido asesinadas de manera\u2026","rel":"","context":"En &quot;CINTILLO&quot;","block_context":{"text":"CINTILLO","link":"http:\/\/www.grieta.org.mx\/index.php\/category\/cintillo\/"},"img":{"alt_text":"","src":"https:\/\/i0.wp.com\/www.grieta.org.mx\/wp-content\/uploads\/2021\/03\/MEMORIAL-8-D.jpeg?resize=350%2C200","width":350,"height":200,"srcset":"https:\/\/i0.wp.com\/www.grieta.org.mx\/wp-content\/uploads\/2021\/03\/MEMORIAL-8-D.jpeg?resize=350%2C200 1x, https:\/\/i0.wp.com\/www.grieta.org.mx\/wp-content\/uploads\/2021\/03\/MEMORIAL-8-D.jpeg?resize=525%2C300 1.5x, https:\/\/i0.wp.com\/www.grieta.org.mx\/wp-content\/uploads\/2021\/03\/MEMORIAL-8-D.jpeg?resize=700%2C400 2x"},"classes":[]},{"id":52528,"url":"http:\/\/www.grieta.org.mx\/index.php\/2020\/08\/06\/cedhj-pone-en-riesgo-la-vida-e-integridad-de-la-familia-de-liliana-carrillo-mujer-wixarika-victima-de-feminicidio-al-emitir-una-recomendacion-con-datos-erroneos-jalisco\/","url_meta":{"origin":51669,"position":2},"title":"CEDHJ pone en riesgo la vida e integridad de la familia de Liliana Carrillo, mujer Wix\u00e1rika v\u00edctima de feminicidio, al emitir una recomendaci\u00f3n con datos err\u00f3neos (Jalisco)","author":"grieta","date":"6 agosto, 2020","format":false,"excerpt":"Foto: Brince Tapia Granel Despu\u00e9s de haber denunciado p\u00fablicamente el caso paradigm\u00e1tico de Liliana Carrillo Gonz\u00e1lez, mujer\u00a0wix\u00e1rika\u00a0de 20 a\u00f1os asesinada por su esposo el pasado 3 de marzo de 2020, as\u00ed como, las omisiones y violaciones a derechos humanos en las que incurri\u00f3 la Fiscal\u00eda Regional y la Delegaci\u00f3n del\u2026","rel":"","context":"En &quot;CINTILLO&quot;","block_context":{"text":"CINTILLO","link":"http:\/\/www.grieta.org.mx\/index.php\/category\/cintillo\/"},"img":{"alt_text":"","src":"https:\/\/i0.wp.com\/www.grieta.org.mx\/wp-content\/uploads\/2020\/08\/FOTO-BRINCE-PARA-JUSTICIA-LILIANA.png?resize=350%2C200","width":350,"height":200,"srcset":"https:\/\/i0.wp.com\/www.grieta.org.mx\/wp-content\/uploads\/2020\/08\/FOTO-BRINCE-PARA-JUSTICIA-LILIANA.png?resize=350%2C200 1x, https:\/\/i0.wp.com\/www.grieta.org.mx\/wp-content\/uploads\/2020\/08\/FOTO-BRINCE-PARA-JUSTICIA-LILIANA.png?resize=525%2C300 1.5x, https:\/\/i0.wp.com\/www.grieta.org.mx\/wp-content\/uploads\/2020\/08\/FOTO-BRINCE-PARA-JUSTICIA-LILIANA.png?resize=700%2C400 2x, https:\/\/i0.wp.com\/www.grieta.org.mx\/wp-content\/uploads\/2020\/08\/FOTO-BRINCE-PARA-JUSTICIA-LILIANA.png?resize=1050%2C600 3x"},"classes":[]},{"id":3153,"url":"http:\/\/www.grieta.org.mx\/index.php\/2016\/01\/29\/en-2015-se-registraron-150-feminicidios-en-jalisco\/","url_meta":{"origin":51669,"position":3},"title":"En 2015 se registraron 150 feminicidios en Jalisco","author":"grieta","date":"29 enero, 2016","format":false,"excerpt":"Redacci\u00f3n Vanguardia Exigen activaci\u00f3n inmediata de alerta de g\u00e9nero en Jalisco. La zona de mayor incidencia es Guadalajara y su \u00e1rea metropolitana M\u00e9xico DF.- Mientras caminaba como todos los d\u00edas rumbo a su trabajo, en la colonia Ladr\u00f3n de Guevara, en Guadalajara, Jalisco, una mujer de aproximadamente 20 a\u00f1os perdi\u00f3\u2026","rel":"","context":"En &quot;CINTILLO&quot;","block_context":{"text":"CINTILLO","link":"http:\/\/www.grieta.org.mx\/index.php\/category\/cintillo\/"},"img":{"alt_text":"","src":"https:\/\/i0.wp.com\/www.grieta.org.mx\/wp-content\/uploads\/2018\/03\/14524434_1106112876131411_958039263622046936_o.jpg?resize=350%2C200","width":350,"height":200,"srcset":"https:\/\/i0.wp.com\/www.grieta.org.mx\/wp-content\/uploads\/2018\/03\/14524434_1106112876131411_958039263622046936_o.jpg?resize=350%2C200 1x, https:\/\/i0.wp.com\/www.grieta.org.mx\/wp-content\/uploads\/2018\/03\/14524434_1106112876131411_958039263622046936_o.jpg?resize=525%2C300 1.5x, https:\/\/i0.wp.com\/www.grieta.org.mx\/wp-content\/uploads\/2018\/03\/14524434_1106112876131411_958039263622046936_o.jpg?resize=700%2C400 2x"},"classes":[]},{"id":70587,"url":"http:\/\/www.grieta.org.mx\/index.php\/2024\/11\/25\/nos-unimos-en-dolor-y-en-resistencia-madres-con-hijas-desaparecidas-y-victimas-de-feminicidio-reclaman-justicia-y-alto-a-la-violencia-de-genero-en-jalisco\/","url_meta":{"origin":51669,"position":4},"title":"\u201cNos unimos en dolor y en resistencia\u201d: madres con hijas desaparecidas y v\u00edctimas de feminicidio reclaman justicia y alto a la violencia de g\u00e9nero en Jalisco","author":"grieta","date":"25 noviembre, 2024","format":false,"excerpt":"Imagen: Dalia Souza Madres que buscan a sus hijas desaparecidas o que han sido v\u00edctimas de un feminicidio en Jalisco\u00a0se reunieron en torno a la Antimonumenta de Guadalajara para demandar justicia, castigo a sus victimarios y el respeto a sus derechos a la verdad, el no olvido, la reparaci\u00f3n y\u2026","rel":"","context":"En &quot;CINTILLO&quot;","block_context":{"text":"CINTILLO","link":"http:\/\/www.grieta.org.mx\/index.php\/category\/cintillo\/"},"img":{"alt_text":"","src":"https:\/\/i0.wp.com\/www.grieta.org.mx\/wp-content\/uploads\/2024\/12\/DSC03260-1536x1021-1.jpg?resize=350%2C200","width":350,"height":200,"srcset":"https:\/\/i0.wp.com\/www.grieta.org.mx\/wp-content\/uploads\/2024\/12\/DSC03260-1536x1021-1.jpg?resize=350%2C200 1x, https:\/\/i0.wp.com\/www.grieta.org.mx\/wp-content\/uploads\/2024\/12\/DSC03260-1536x1021-1.jpg?resize=525%2C300 1.5x, https:\/\/i0.wp.com\/www.grieta.org.mx\/wp-content\/uploads\/2024\/12\/DSC03260-1536x1021-1.jpg?resize=700%2C400 2x, https:\/\/i0.wp.com\/www.grieta.org.mx\/wp-content\/uploads\/2024\/12\/DSC03260-1536x1021-1.jpg?resize=1050%2C600 3x, https:\/\/i0.wp.com\/www.grieta.org.mx\/wp-content\/uploads\/2024\/12\/DSC03260-1536x1021-1.jpg?resize=1400%2C800 4x"},"classes":[]},{"id":44088,"url":"http:\/\/www.grieta.org.mx\/index.php\/2020\/02\/07\/retiran-memorial-de-los-feminicidos-en-jalisco\/","url_meta":{"origin":51669,"position":5},"title":"Retiran memorial de los feminicidos en Jalisco","author":"grieta","date":"7 febrero, 2020","format":false,"excerpt":"Foto: Comit\u00e9 de Am\u00e9rica Latina y el Caribe para la Defensa de los Derechos de las Mujeres (CLADEM) El\u00a0Colectivo de Familias Unidas Contra los Feminicidios en Jalisco\u00a0y el\u00a0Comit\u00e9 de Am\u00e9rica Latina y el Caribe para la Defensa de los Derechos de las Mujeres (CLADEM), denunciaron con gran indignaci\u00f3n, la remoci\u00f3n\u2026","rel":"","context":"En &quot;CINTILLO&quot;","block_context":{"text":"CINTILLO","link":"http:\/\/www.grieta.org.mx\/index.php\/category\/cintillo\/"},"img":{"alt_text":"","src":"https:\/\/i0.wp.com\/www.grieta.org.mx\/wp-content\/uploads\/2020\/02\/photo5037683325094963301-1280x486.jpg?resize=350%2C200","width":350,"height":200,"srcset":"https:\/\/i0.wp.com\/www.grieta.org.mx\/wp-content\/uploads\/2020\/02\/photo5037683325094963301-1280x486.jpg?resize=350%2C200 1x, https:\/\/i0.wp.com\/www.grieta.org.mx\/wp-content\/uploads\/2020\/02\/photo5037683325094963301-1280x486.jpg?resize=525%2C300 1.5x, https:\/\/i0.wp.com\/www.grieta.org.mx\/wp-content\/uploads\/2020\/02\/photo5037683325094963301-1280x486.jpg?resize=700%2C400 2x, https:\/\/i0.wp.com\/www.grieta.org.mx\/wp-content\/uploads\/2020\/02\/photo5037683325094963301-1280x486.jpg?resize=1050%2C600 3x"},"classes":[]}],"_links":{"self":[{"href":"http:\/\/www.grieta.org.mx\/index.php\/wp-json\/wp\/v2\/posts\/51669","targetHints":{"allow":["GET"]}}],"collection":[{"href":"http:\/\/www.grieta.org.mx\/index.php\/wp-json\/wp\/v2\/posts"}],"about":[{"href":"http:\/\/www.grieta.org.mx\/index.php\/wp-json\/wp\/v2\/types\/post"}],"author":[{"embeddable":true,"href":"http:\/\/www.grieta.org.mx\/index.php\/wp-json\/wp\/v2\/users\/2"}],"replies":[{"embeddable":true,"href":"http:\/\/www.grieta.org.mx\/index.php\/wp-json\/wp\/v2\/comments?post=51669"}],"version-history":[{"count":1,"href":"http:\/\/www.grieta.org.mx\/index.php\/wp-json\/wp\/v2\/posts\/51669\/revisions"}],"predecessor-version":[{"id":51672,"href":"http:\/\/www.grieta.org.mx\/index.php\/wp-json\/wp\/v2\/posts\/51669\/revisions\/51672"}],"wp:featuredmedia":[{"embeddable":true,"href":"http:\/\/www.grieta.org.mx\/index.php\/wp-json\/wp\/v2\/media\/51670"}],"wp:attachment":[{"href":"http:\/\/www.grieta.org.mx\/index.php\/wp-json\/wp\/v2\/media?parent=51669"}],"wp:term":[{"taxonomy":"category","embeddable":true,"href":"http:\/\/www.grieta.org.mx\/index.php\/wp-json\/wp\/v2\/categories?post=51669"},{"taxonomy":"post_tag","embeddable":true,"href":"http:\/\/www.grieta.org.mx\/index.php\/wp-json\/wp\/v2\/tags?post=51669"}],"curies":[{"name":"wp","href":"https:\/\/api.w.org\/{rel}","templated":true}]}}