{"id":51632,"date":"2020-07-02T02:26:01","date_gmt":"2020-07-02T07:26:01","guid":{"rendered":"http:\/\/www.grieta.org.mx\/?p=51632"},"modified":"2020-07-07T02:33:51","modified_gmt":"2020-07-07T07:33:51","slug":"familiares-marchan-en-chimalhuacan-a-3-anos-del-feminicidio-de-diana-estado-de-mexico","status":"publish","type":"post","link":"http:\/\/www.grieta.org.mx\/index.php\/2020\/07\/02\/familiares-marchan-en-chimalhuacan-a-3-anos-del-feminicidio-de-diana-estado-de-mexico\/","title":{"rendered":"Familiares marchan en Chimalhuac\u00e1n a 3 a\u00f1os del feminicidio de Diana (Estado de M\u00e9xico)"},"content":{"rendered":"<p><img loading=\"lazy\" decoding=\"async\" data-attachment-id=\"51633\" data-permalink=\"http:\/\/www.grieta.org.mx\/index.php\/2020\/07\/02\/familiares-marchan-en-chimalhuacan-a-3-anos-del-feminicidio-de-diana-estado-de-mexico\/familiares-marchan-en-chimalhuacan-a-3-anos-del-feminicidio-de-diana-edomex-jul\/\" data-orig-file=\"http:\/\/www.grieta.org.mx\/wp-content\/uploads\/2020\/07\/Familiares-marchan-en-Chimalhuac\u00e1n-a-3-a\u00f1os-del-feminicidio-de-Diana-edomex-jul.jpg\" data-orig-size=\"287,176\" data-comments-opened=\"0\" data-image-meta=\"{&quot;aperture&quot;:&quot;0&quot;,&quot;credit&quot;:&quot;&quot;,&quot;camera&quot;:&quot;&quot;,&quot;caption&quot;:&quot;&quot;,&quot;created_timestamp&quot;:&quot;0&quot;,&quot;copyright&quot;:&quot;&quot;,&quot;focal_length&quot;:&quot;0&quot;,&quot;iso&quot;:&quot;0&quot;,&quot;shutter_speed&quot;:&quot;0&quot;,&quot;title&quot;:&quot;&quot;,&quot;orientation&quot;:&quot;0&quot;}\" data-image-title=\"Familiares marchan en Chimalhuac\u00e1n a 3 a\u00f1os del feminicidio de Diana edomex jul\" data-image-description=\"\" data-image-caption=\"\" data-medium-file=\"http:\/\/www.grieta.org.mx\/wp-content\/uploads\/2020\/07\/Familiares-marchan-en-Chimalhuac\u00e1n-a-3-a\u00f1os-del-feminicidio-de-Diana-edomex-jul.jpg\" data-large-file=\"http:\/\/www.grieta.org.mx\/wp-content\/uploads\/2020\/07\/Familiares-marchan-en-Chimalhuac\u00e1n-a-3-a\u00f1os-del-feminicidio-de-Diana-edomex-jul.jpg\" class=\"aligncenter size-full wp-image-51633\" src=\"http:\/\/www.grieta.org.mx\/wp-content\/uploads\/2020\/07\/Familiares-marchan-en-Chimalhuac\u00e1n-a-3-a\u00f1os-del-feminicidio-de-Diana-edomex-jul.jpg\" alt=\"\" width=\"287\" height=\"176\" \/><br \/>\nFoto: Emilio Fern\u00e1ndez<\/p>\n<p>Emilio Fern\u00e1ndez \/ El Universal<\/p>\n<blockquote><p>Avanzan desde el Palacio Municipal hasta el Centro de Justicia local para exigir el esclarecimiento del crimen, ocurrido en 2017<\/p><\/blockquote>\n<p>La madre de Diana, una joven de 24 a\u00f1os que fue asesinada en Chimalhuac\u00e1n en el 2017, acompa\u00f1ada de familiares de otras v\u00edctimas de feminicidios en el Estado de M\u00e9xico, amigos e integrantes de organizaciones sociales, march\u00f3 desde el palacio municipal hasta el Centro de Justicia local para exigir el esclarecimiento del crimen, al cumplirse este 2 de julio 3 a\u00f1os de su muerte.<\/p>\n<p>Lidia Florencio, madre de Diana, denunci\u00f3 que hasta ahora la Fiscal\u00eda General de Justicia del Estado de M\u00e9xico no tiene una sola pista para encontrar al responsable del feminicidio.<\/p>\n<p>\u201cNo es un mes, dos meses, son tres a\u00f1os que hemos estado en este camino de lucha, de dolor, porque es mucho dolor que tenemos la familia de Diana, pero tambi\u00e9n tenemos mucha fe de que s\u00ed se puede lograr (encontrar al culpable), pero solamente que las autoridades tengan esa voluntad que no han tenido hasta el momento\u201d, dijo.<\/p>\n<p>Cuando fue encontrado el cuerpo de Diana fue confundido con el de un hombre por las autoridades ministeriales y no se llev\u00f3 a cabo la investigaci\u00f3n con perspectiva de g\u00e9nero como estableci\u00f3 la Suprema Corte de Justicia de la Naci\u00f3n, despu\u00e9s de que orden\u00f3 en el 2015 que todos las muertes violentas de mujeres tendr\u00edan que indagarse de esa manera, por el caso de Mariana Lima Buend\u00eda, otra chica que presuntamente fue asesinada por su esposo en el 2010 tambi\u00e9n en Chimalhuac\u00e1n.<\/p>\n<p>El 2 de julio del 2017 Diana sali\u00f3 de su casa en Chimalhuac\u00e1n para hacer una llamada por tel\u00e9fono porque en el interior no ten\u00eda se\u00f1al, luego fue robada, golpeada, violada y asesinada.<\/p>\n<p>Su cad\u00e1ver fue dejado en la calle Francisco I. Madero, a unos metros del Centro de Justicia de Chimalhuac\u00e1n y fue levantado como si tratara de un hombre para que no se iniciara la investigaci\u00f3n como feminicidio, acus\u00f3 Lidia Florencio.<\/p>\n<p>Diana, fue encontrada por su hermana Laura cinco d\u00edas despu\u00e9s en el Servicio M\u00e9dico Forense de Nezahualc\u00f3yotl, tirada en el piso y sin que una sabana cubriera su cuerpo que ya estaba en descomposici\u00f3n.<\/p>\n<p>Los seres queridos de la muchacha denunciaron que desde un principio las autoridades ministeriales no las apoyaron para encontrarla, no quisieron iniciar su b\u00fasqueda hasta que pasaran 72 horas y les dijeron que seguramente se hab\u00eda ido con el novio.<\/p>\n<p>Para honrar la memoria de Diana y exigir que se esclarezca su muerte las mujeres marcharon desde el inmueble del palacio municipal hasta el Centro de Justicia por la calle Nezahualc\u00f3yotl.<\/p>\n<p>Ah\u00ed un grupo de funcionarias de la FGJEM form\u00f3 una valla humana para impedir que ingresaran al recinto p\u00fablico, por lo que las manifestantes las acusaron de \u201ctraidoras\u201d al no ponerse del lado de las madres, hermanas, t\u00edas, primas y abuelas que han perdido a un ser querido por la violencia que impera en el Estado de M\u00e9xico.<\/p>\n<p>\u201cQueremos que ya no haya m\u00e1s Dianas, F\u00e1timas, Mercedes, que al asesinarlas a ellas nos mataron a nosotras tambi\u00e9n, por eso queremos justicia, justica\u201d, grit\u00f3 otra de las madres de una ni\u00f1a de 12 a\u00f1os que fue asesinada hace cinco a\u00f1os y sus homicidas tampoco han sido detenidos.<\/p>\n<p>Despu\u00e9s del m\u00edtin en el Centro de Justicia, donde en marzo colocaron un memorial en honor de Diana, los inconformes continuaron su trayecto a la calle Francisco I. Madero donde hace tres a\u00f1os fue encontrado en cad\u00e1ver de la joven chimalhuaquense.<\/p>\n<p><a href=\"https:\/\/www.eluniversal.com.mx\/metropoli\/edomex\/familiares-marchan-en-chimalhuacan-3-anos-del-feminicidio-de-diana\" target=\"_blank\" rel=\"noopener noreferrer\">https:\/\/www.eluniversal.com.mx\/metropoli\/edomex\/familiares-marchan-en-chimalhuacan-3-anos-del-feminicidio-de-diana<\/a><\/p>\n","protected":false},"excerpt":{"rendered":"<p>Foto: Emilio Fern\u00e1ndez Emilio Fern\u00e1ndez \/ El Universal Avanzan desde el Palacio Municipal hasta el Centro de Justicia local para exigir el esclarecimiento del crimen, ocurrido en 2017 La madre &hellip; <a href=\"http:\/\/www.grieta.org.mx\/index.php\/2020\/07\/02\/familiares-marchan-en-chimalhuacan-a-3-anos-del-feminicidio-de-diana-estado-de-mexico\/\" class=\"more-link\">Leer m\u00e1s<\/a><\/p>\n","protected":false},"author":2,"featured_media":51633,"comment_status":"closed","ping_status":"closed","sticky":false,"template":"","format":"standard","meta":{"ngg_post_thumbnail":0,"_jetpack_newsletter_access":"","_jetpack_dont_email_post_to_subs":false,"_jetpack_newsletter_tier_id":0,"_jetpack_memberships_contains_paywalled_content":false,"_jetpack_memberships_contains_paid_content":false,"footnotes":""},"categories":[80,16,84,1013,3035,2,83,2720],"tags":[81],"class_list":["post-51632","post","type-post","status-publish","format-standard","has-post-thumbnail","hentry","category-cintillo","category-estado-de-mexico","category-feminicidios","category-feminicios-en-el-estado-de-mexico","category-movilizaciones-y-protestas-de-habitantes-en-el-estado-de-mexico","category-noticias-nacionales","category-temas-nacionales","category-violencia-contra-las-mujeres-en-el-estado-de-mexico","tag-feminicidios","entry"],"jetpack_featured_media_url":"http:\/\/www.grieta.org.mx\/wp-content\/uploads\/2020\/07\/Familiares-marchan-en-Chimalhuac\u00e1n-a-3-a\u00f1os-del-feminicidio-de-Diana-edomex-jul.jpg","jetpack_sharing_enabled":true,"jetpack_shortlink":"https:\/\/wp.me\/p7ZJR4-dqM","jetpack_likes_enabled":false,"jetpack-related-posts":[{"id":54637,"url":"http:\/\/www.grieta.org.mx\/index.php\/2020\/11\/01\/no-celebramos-a-las-muertas-les-exigimos-justicia-lidia-florencio-estado-de-mexico\/","url_meta":{"origin":51632,"position":0},"title":"NO CELEBRAMOS A LAS MUERTAS, LES EXIGIMOS JUSTICIA: LIDIA FLORENCIO (Estado de M\u00e9xico)","author":"grieta","date":"1 noviembre, 2020","format":false,"excerpt":"Foto tomada de: Reporte \u00cdndigo Montserrat S\u00e1nchez \/ Reporte \u00cdndigo Familiares de Diana Vel\u00e1zquez, v\u00edctima de femincidio en 2017, colocaron un altar afuera de la Fiscal\u00eda de Chimalhuac\u00e1n para exigir justicia y que en M\u00e9xico No haya ni una asesinada m\u00e1s Las velas y las flores de cempas\u00fachil no pueden\u2026","rel":"","context":"En &quot;CINTILLO&quot;","block_context":{"text":"CINTILLO","link":"http:\/\/www.grieta.org.mx\/index.php\/category\/cintillo\/"},"img":{"alt_text":"","src":"https:\/\/i0.wp.com\/www.grieta.org.mx\/wp-content\/uploads\/2020\/11\/NO-CELEBRAMOS-A-LAS-MUERTAS-LES-EXIGIMOS-JUSTICIA-LIDIA-FLORENCIO-edomex-nov.jpg?resize=350%2C200","width":350,"height":200},"classes":[]},{"id":46072,"url":"http:\/\/www.grieta.org.mx\/index.php\/2020\/03\/12\/colocan-memorial-para-diana-y-exigen-justicia-a-su-caso-estado-de-mexico\/","url_meta":{"origin":51632,"position":1},"title":"Colocan memorial para Diana y exigen justicia a su caso (Estado de M\u00e9xico)","author":"grieta","date":"12 marzo, 2020","format":false,"excerpt":"Le colocaron 20 cruces rosas con flores y veladoras. Foto: Zuleyma Garc\u00eda Zuleyma Garc\u00eda \/ Milenio La madre de la joven lament\u00f3 que desde hace m\u00e1s de dos a\u00f1os no hay ni siquiera una l\u00ednea de investigaci\u00f3n que los lleve a esclarecer el feminicidio. Organizaciones civiles, colectivos feministas y familiares\u2026","rel":"","context":"En &quot;CINTILLO&quot;","block_context":{"text":"CINTILLO","link":"http:\/\/www.grieta.org.mx\/index.php\/category\/cintillo\/"},"img":{"alt_text":"","src":"https:\/\/i0.wp.com\/www.grieta.org.mx\/wp-content\/uploads\/2020\/03\/Colocan-memorial-para-Diana-y-exigen-justicia-a-su-caso-edomex-mzo.jpeg?resize=350%2C200","width":350,"height":200,"srcset":"https:\/\/i0.wp.com\/www.grieta.org.mx\/wp-content\/uploads\/2020\/03\/Colocan-memorial-para-Diana-y-exigen-justicia-a-su-caso-edomex-mzo.jpeg?resize=350%2C200 1x, https:\/\/i0.wp.com\/www.grieta.org.mx\/wp-content\/uploads\/2020\/03\/Colocan-memorial-para-Diana-y-exigen-justicia-a-su-caso-edomex-mzo.jpeg?resize=525%2C300 1.5x, https:\/\/i0.wp.com\/www.grieta.org.mx\/wp-content\/uploads\/2020\/03\/Colocan-memorial-para-Diana-y-exigen-justicia-a-su-caso-edomex-mzo.jpeg?resize=700%2C400 2x"},"classes":[]},{"id":13457,"url":"http:\/\/www.grieta.org.mx\/index.php\/2016\/05\/29\/mujeres-se-organizan-y-protestan-en-chimalhuacan-edomex-contra-ola-de-feminicidios\/","url_meta":{"origin":51632,"position":2},"title":"Mujeres se organizan y protestan en Chimalhuac\u00e1n, Edomex, contra ola de feminicidios","author":"grieta","date":"29 mayo, 2016","format":false,"excerpt":"El municipio de Ecatepec ocupa el quinto lugar de feminicidios a nivel nacional, seguido por Chimalhuac\u00e1n, Cuautitl\u00e1n y Nezahualc\u00f3yotl. Foto: Cuartoscuro Ciudad de M\u00e9xico, 29 mayo (SinEmbargo).- La ma\u00f1ana de este domingo habitantes del municipio de Chimalhuac\u00e1n marcharon en las calles para exigir justicia por los feminicidios registrados en este\u2026","rel":"","context":"En &quot;CINTILLO&quot;","block_context":{"text":"CINTILLO","link":"http:\/\/www.grieta.org.mx\/index.php\/category\/cintillo\/"},"img":{"alt_text":"","src":"https:\/\/i0.wp.com\/www.grieta.org.mx\/wp-content\/uploads\/2018\/03\/14524434_1106112876131411_958039263622046936_o.jpg?resize=350%2C200","width":350,"height":200,"srcset":"https:\/\/i0.wp.com\/www.grieta.org.mx\/wp-content\/uploads\/2018\/03\/14524434_1106112876131411_958039263622046936_o.jpg?resize=350%2C200 1x, https:\/\/i0.wp.com\/www.grieta.org.mx\/wp-content\/uploads\/2018\/03\/14524434_1106112876131411_958039263622046936_o.jpg?resize=525%2C300 1.5x, https:\/\/i0.wp.com\/www.grieta.org.mx\/wp-content\/uploads\/2018\/03\/14524434_1106112876131411_958039263622046936_o.jpg?resize=700%2C400 2x"},"classes":[]},{"id":44350,"url":"http:\/\/www.grieta.org.mx\/index.php\/2020\/02\/14\/marchan-para-exigir-fin-a-la-violencia-contra-las-mujeres-estado-de-mexico\/","url_meta":{"origin":51632,"position":3},"title":"Marchan para exigir fin a la violencia contra las mujeres (Estado de M\u00e9xico)","author":"grieta","date":"14 febrero, 2020","format":false,"excerpt":"Aseguraron que las protestas seguir\u00e1n para crear conciencia y terminar la cultura machista que genera violencia. (Archivo) Zuleyma Garc\u00eda \/ Milenio Entre consignas y con pancartas las mujeres caminaron hasta el ayuntamiento donde donde de manera pac\u00edfica pidieron mejores resultados en seguridad. Lejos de festejar el 14 de febrero, este\u2026","rel":"","context":"En &quot;CINTILLO&quot;","block_context":{"text":"CINTILLO","link":"http:\/\/www.grieta.org.mx\/index.php\/category\/cintillo\/"},"img":{"alt_text":"","src":"https:\/\/i0.wp.com\/www.grieta.org.mx\/wp-content\/uploads\/2020\/02\/Marchan-para-exigir-fin-a-la-violencia-contra-las-mujeres-edomex-feb.jpeg?resize=350%2C200","width":350,"height":200,"srcset":"https:\/\/i0.wp.com\/www.grieta.org.mx\/wp-content\/uploads\/2020\/02\/Marchan-para-exigir-fin-a-la-violencia-contra-las-mujeres-edomex-feb.jpeg?resize=350%2C200 1x, https:\/\/i0.wp.com\/www.grieta.org.mx\/wp-content\/uploads\/2020\/02\/Marchan-para-exigir-fin-a-la-violencia-contra-las-mujeres-edomex-feb.jpeg?resize=525%2C300 1.5x, https:\/\/i0.wp.com\/www.grieta.org.mx\/wp-content\/uploads\/2020\/02\/Marchan-para-exigir-fin-a-la-violencia-contra-las-mujeres-edomex-feb.jpeg?resize=700%2C400 2x"},"classes":[]},{"id":52768,"url":"http:\/\/www.grieta.org.mx\/index.php\/2020\/08\/06\/a-tres-anos-del-feminicidio-de-diana-velazquez-florencio-familia-continua-sin-tener-acceso-a-la-carpeta-de-investigacion-estado-de-mexico\/","url_meta":{"origin":51632,"position":4},"title":"A tres a\u00f1os del feminicidio de Diana Vel\u00e1zquez Florencio: familia contin\u00faa sin tener acceso a la carpeta de investigaci\u00f3n. (Estado de M\u00e9xico)","author":"grieta","date":"6 agosto, 2020","format":false,"excerpt":"Foto tomada de: www.somoselmedio.com Elisa Mart\u00ednez \/ Somos el medio El pasado 5 de agosto, se llev\u00f3 a cabo una reuni\u00f3n entre agentes del Estado y familiares de Diana Vel\u00e1zquez Florencio, v\u00edctima de feminicidio en 2017 en Chimalhuac\u00e1n, Estado de M\u00e9xico. La finalidad de la sesi\u00f3n era mostrar a la\u2026","rel":"","context":"En &quot;Abuso policiaco y tortura en el Estado de M\u00e9xico&quot;","block_context":{"text":"Abuso policiaco y tortura en el Estado de M\u00e9xico","link":"http:\/\/www.grieta.org.mx\/index.php\/category\/noticias-nacionales\/estado-de-mexico\/abuso-policiaco-y-tortura-en-el-estado-de-mexico\/"},"img":{"alt_text":"","src":"https:\/\/i0.wp.com\/www.grieta.org.mx\/wp-content\/uploads\/2020\/08\/A-tres-anos-del-feminicidio-de-Diana-Velazquez-Florencio-familia-continua-sin-tener-acceso-a-la-carpeta-de-investigacion.-edomex-aGO.jpg?resize=350%2C200","width":350,"height":200},"classes":[]},{"id":32597,"url":"http:\/\/www.grieta.org.mx\/index.php\/2019\/04\/23\/chimalhuacan-y-ecatepec-encabezan-la-lista-en-numero-de-feminicidios-en-edomex\/","url_meta":{"origin":51632,"position":5},"title":"Chimalhuac\u00e1n y Ecatepec encabezan la lista en n\u00famero de feminicidios en Edomex","author":"grieta","date":"23 abril, 2019","format":false,"excerpt":"Mariana Cervantes\/Grupo F\u00f3rmula Las cifras aumentaron entre 2017 y 2018 Desde hace cuatro a\u00f1os el municipio de Chimalhuac\u00e1n lidera la lista de los municipios del Estado de M\u00e9xico con el n\u00famero m\u00e1s alto de feminicidios, con 2.4 casos por cada cien mil habitantes, seg\u00fan cifras oficiales. A partir del asesinato\u2026","rel":"","context":"En &quot;CINTILLO&quot;","block_context":{"text":"CINTILLO","link":"http:\/\/www.grieta.org.mx\/index.php\/category\/cintillo\/"},"img":{"alt_text":"","src":"https:\/\/i0.wp.com\/www.grieta.org.mx\/wp-content\/uploads\/2018\/03\/14524434_1106112876131411_958039263622046936_o.jpg?resize=350%2C200","width":350,"height":200,"srcset":"https:\/\/i0.wp.com\/www.grieta.org.mx\/wp-content\/uploads\/2018\/03\/14524434_1106112876131411_958039263622046936_o.jpg?resize=350%2C200 1x, https:\/\/i0.wp.com\/www.grieta.org.mx\/wp-content\/uploads\/2018\/03\/14524434_1106112876131411_958039263622046936_o.jpg?resize=525%2C300 1.5x, https:\/\/i0.wp.com\/www.grieta.org.mx\/wp-content\/uploads\/2018\/03\/14524434_1106112876131411_958039263622046936_o.jpg?resize=700%2C400 2x"},"classes":[]}],"_links":{"self":[{"href":"http:\/\/www.grieta.org.mx\/index.php\/wp-json\/wp\/v2\/posts\/51632","targetHints":{"allow":["GET"]}}],"collection":[{"href":"http:\/\/www.grieta.org.mx\/index.php\/wp-json\/wp\/v2\/posts"}],"about":[{"href":"http:\/\/www.grieta.org.mx\/index.php\/wp-json\/wp\/v2\/types\/post"}],"author":[{"embeddable":true,"href":"http:\/\/www.grieta.org.mx\/index.php\/wp-json\/wp\/v2\/users\/2"}],"replies":[{"embeddable":true,"href":"http:\/\/www.grieta.org.mx\/index.php\/wp-json\/wp\/v2\/comments?post=51632"}],"version-history":[{"count":1,"href":"http:\/\/www.grieta.org.mx\/index.php\/wp-json\/wp\/v2\/posts\/51632\/revisions"}],"predecessor-version":[{"id":51634,"href":"http:\/\/www.grieta.org.mx\/index.php\/wp-json\/wp\/v2\/posts\/51632\/revisions\/51634"}],"wp:featuredmedia":[{"embeddable":true,"href":"http:\/\/www.grieta.org.mx\/index.php\/wp-json\/wp\/v2\/media\/51633"}],"wp:attachment":[{"href":"http:\/\/www.grieta.org.mx\/index.php\/wp-json\/wp\/v2\/media?parent=51632"}],"wp:term":[{"taxonomy":"category","embeddable":true,"href":"http:\/\/www.grieta.org.mx\/index.php\/wp-json\/wp\/v2\/categories?post=51632"},{"taxonomy":"post_tag","embeddable":true,"href":"http:\/\/www.grieta.org.mx\/index.php\/wp-json\/wp\/v2\/tags?post=51632"}],"curies":[{"name":"wp","href":"https:\/\/api.w.org\/{rel}","templated":true}]}}