{"id":51629,"date":"2020-07-02T01:29:04","date_gmt":"2020-07-02T06:29:04","guid":{"rendered":"http:\/\/www.grieta.org.mx\/?p=51629"},"modified":"2020-07-07T02:06:52","modified_gmt":"2020-07-07T07:06:52","slug":"agresiones-al-pueblo-de-santiago-mexquititlan-queretaro","status":"publish","type":"post","link":"http:\/\/www.grieta.org.mx\/index.php\/2020\/07\/02\/agresiones-al-pueblo-de-santiago-mexquititlan-queretaro\/","title":{"rendered":"Agresiones al pueblo de Santiago Mexquititl\u00e1n (Quer\u00e9taro)"},"content":{"rendered":"<p><img loading=\"lazy\" decoding=\"async\" data-attachment-id=\"51630\" data-permalink=\"http:\/\/www.grieta.org.mx\/index.php\/2020\/07\/02\/agresiones-al-pueblo-de-santiago-mexquititlan-queretaro\/agresiones-al-pueblo-de-santiago-mexquititlan-qro-jul\/\" data-orig-file=\"http:\/\/www.grieta.org.mx\/wp-content\/uploads\/2020\/07\/Agresiones-al-pueblo-de-Santiago-Mexquititl\u00e1n-qro-jul.jpeg\" data-orig-size=\"780,470\" data-comments-opened=\"0\" data-image-meta=\"{&quot;aperture&quot;:&quot;0&quot;,&quot;credit&quot;:&quot;&quot;,&quot;camera&quot;:&quot;&quot;,&quot;caption&quot;:&quot;&quot;,&quot;created_timestamp&quot;:&quot;0&quot;,&quot;copyright&quot;:&quot;&quot;,&quot;focal_length&quot;:&quot;0&quot;,&quot;iso&quot;:&quot;0&quot;,&quot;shutter_speed&quot;:&quot;0&quot;,&quot;title&quot;:&quot;&quot;,&quot;orientation&quot;:&quot;0&quot;}\" data-image-title=\"Agresiones al pueblo de Santiago Mexquititl\u00e1n qro jul\" data-image-description=\"\" data-image-caption=\"\" data-medium-file=\"http:\/\/www.grieta.org.mx\/wp-content\/uploads\/2020\/07\/Agresiones-al-pueblo-de-Santiago-Mexquititl\u00e1n-qro-jul-300x181.jpeg\" data-large-file=\"http:\/\/www.grieta.org.mx\/wp-content\/uploads\/2020\/07\/Agresiones-al-pueblo-de-Santiago-Mexquititl\u00e1n-qro-jul.jpeg\" class=\"aligncenter wp-image-51630\" src=\"http:\/\/www.grieta.org.mx\/wp-content\/uploads\/2020\/07\/Agresiones-al-pueblo-de-Santiago-Mexquititl\u00e1n-qro-jul.jpeg\" alt=\"\" width=\"636\" height=\"383\" srcset=\"http:\/\/www.grieta.org.mx\/wp-content\/uploads\/2020\/07\/Agresiones-al-pueblo-de-Santiago-Mexquititl\u00e1n-qro-jul.jpeg 780w, http:\/\/www.grieta.org.mx\/wp-content\/uploads\/2020\/07\/Agresiones-al-pueblo-de-Santiago-Mexquititl\u00e1n-qro-jul-300x181.jpeg 300w, http:\/\/www.grieta.org.mx\/wp-content\/uploads\/2020\/07\/Agresiones-al-pueblo-de-Santiago-Mexquititl\u00e1n-qro-jul-768x463.jpeg 768w\" sizes=\"auto, (max-width: 636px) 100vw, 636px\" \/><br \/>\nImagen tomada de: sicmx.org<\/p>\n<p>Agust\u00edn Escobar Ledesma \/ Sistema Informativo Ciudadano<\/p>\n<p>Uno de los problemas m\u00e1s acuciantes que tiene Santiago Mexquititl\u00e1n, Amealco, Qro., es que sus seis barrios, repetidamente, son dejados sin el servicio de agua potable. La \u00faltima ocasi\u00f3n, ocurrida entre mayo y junio, fue que la Comisi\u00f3n Estatal del Agua (CEA), los dej\u00f3 sin agua por veinte d\u00edas. Otra de las afectaciones que viven los habitantes de aquella demarcaci\u00f3n es lo que ellos identifican como el robo del agua en pipas.<\/p>\n<p>Ante esta situaci\u00f3n, el lunes 22 de junio, integrantes del Consejo Aut\u00f3nomo y Tianguistas de Santiago Mexquititl\u00e1n, acudieron a las oficinas de la CEA de Amealco, para exigir a las autoridades de la Comisi\u00f3n Estatal del Agua, la regularizaci\u00f3n del servicio, al mismo tiempo en que solicitaron el plano de rehabilitaci\u00f3n del agua para que no se la lleven a otras comunidades, porque, se\u00f1alaron, el agua es del pueblo originario otom\u00ed.<\/p>\n<p>Tambi\u00e9n denunciaron ante la CEA de Amealco, los altos cobros en la contrataci\u00f3n del servicio, las elevadas tarifas en los recibos del agua y, manifestaron, que no se les est\u00e1n respetando sus derechos como comunidad ind\u00edgena al agua, a la consulta p\u00fablica, a la autonom\u00eda, a la autodeterminaci\u00f3n y autogobierno en todas sus obras.<\/p>\n<p>Tambi\u00e9n denuncian las obras de urbanizaci\u00f3n del municipio de Amealco y la gentrificaci\u00f3n (desplazamiento de la gente pobre en beneficio de otra de mayor poder adquisitivo), bajo la estrategia de clientelismo pol\u00edtico y apoyos en efectivo y especie.<\/p>\n<p>Se\u00f1alan que quienes se oponen a dichas medidas, son agredidos por grupos de choque, contratados por el Partido Acci\u00f3n Nacional y son apoyados por la polic\u00eda municipal de Amealco, para violentar a los integrantes del Consejo Aut\u00f3nomo y Tianguistas de Santiago Mexquititl\u00e1n.<\/p>\n<p>Los habitantes de aquella demarcaci\u00f3n exigen el total respeto a sus derechos ind\u00edgenas, a sus propias formas de organizaci\u00f3n y autogobierno y expresan que su integridad est\u00e1 en riesgo, pues, consideran, que la violencia est\u00e1 ordenado desde los altos mandos del gobierno panista de Quer\u00e9taro.<\/p>\n<p>As\u00ed mismo, hacen responsable al gobierno del Estado de Quer\u00e9taro, al gobernador Francisco Dom\u00ednguez Servi\u00e9n y al alcalde municipal Rosendo Anaya, del conflicto social generado por los proyectos de urbanizaci\u00f3n y gentrificaci\u00f3n y los hacen responsables de la integridad de quienes defienden el territorio y el agua.<\/p>\n<p><a href=\"https:\/\/sicmx.org\/2020\/07\/01\/agresiones-al-pueblo-de-santiago-mexquititlan\/\" target=\"_blank\" rel=\"noopener noreferrer\">https:\/\/sicmx.org\/2020\/07\/01\/agresiones-al-pueblo-de-santiago-mexquititlan\/<\/a><\/p>\n","protected":false},"excerpt":{"rendered":"<p>Imagen tomada de: sicmx.org Agust\u00edn Escobar Ledesma \/ Sistema Informativo Ciudadano Uno de los problemas m\u00e1s acuciantes que tiene Santiago Mexquititl\u00e1n, Amealco, Qro., es que sus seis barrios, repetidamente, son &hellip; <a href=\"http:\/\/www.grieta.org.mx\/index.php\/2020\/07\/02\/agresiones-al-pueblo-de-santiago-mexquititlan-queretaro\/\" class=\"more-link\">Leer m\u00e1s<\/a><\/p>\n","protected":false},"author":2,"featured_media":51630,"comment_status":"closed","ping_status":"closed","sticky":false,"template":"","format":"standard","meta":{"ngg_post_thumbnail":0,"_jetpack_newsletter_access":"","_jetpack_dont_email_post_to_subs":false,"_jetpack_newsletter_tier_id":0,"_jetpack_memberships_contains_paywalled_content":false,"_jetpack_memberships_contains_paid_content":false,"footnotes":""},"categories":[3167,80,914,3030,3031,2480,2978,2,27,3165,83],"tags":[2403,130],"class_list":["post-51629","post","type-post","status-publish","format-standard","has-post-thumbnail","hentry","category-autonomias","category-cintillo","category-privatizacion-del-agua","category-crisis-del-agua-en-queretaro","category-incremento-del-costo-de-la-vida-en-queretaro","category-lucha-y-resistencia-del-pueblo-de-queretaro","category-movilizaciones-y-protestas-de-habitantes-en-queretaro","category-noticias-nacionales","category-queretaro","category-resistencias","category-temas-nacionales","tag-crisis-del-agua","tag-represion","entry"],"jetpack_featured_media_url":"http:\/\/www.grieta.org.mx\/wp-content\/uploads\/2020\/07\/Agresiones-al-pueblo-de-Santiago-Mexquititl\u00e1n-qro-jul.jpeg","jetpack_sharing_enabled":true,"jetpack_shortlink":"https:\/\/wp.me\/p7ZJR4-dqJ","jetpack_likes_enabled":false,"jetpack-related-posts":[{"id":50258,"url":"http:\/\/www.grieta.org.mx\/index.php\/2020\/05\/25\/pobladores-de-santiago-mexquititlan-toman-presidencia-municipal-de-amealco-queretaro\/","url_meta":{"origin":51629,"position":0},"title":"Pobladores de Santiago Mexquititl\u00e1n toman presidencia municipal de Amealco (Quer\u00e9taro)","author":"grieta","date":"25 mayo, 2020","format":false,"excerpt":"Imagen tomada de: sanpanchotv.wordpress.com San Pancho TV El 25 de mayo del 2020, tianguistas y pobladores de Santiago Mexquititl\u00e1n tomaron la presidencia del municipio de Amealco, en Quer\u00e9taro, como acto de protesta ante la implementaci\u00f3n de la \u201cley garrote\u201d, as\u00ed como en contra de el corte de agua que ha\u2026","rel":"","context":"En &quot;Abuso policiaco y tortura en Quer\u00e9taro&quot;","block_context":{"text":"Abuso policiaco y tortura en Quer\u00e9taro","link":"http:\/\/www.grieta.org.mx\/index.php\/category\/noticias-nacionales\/queretaro\/abuso-policiaco-y-tortura-en-queretaro\/"},"img":{"alt_text":"","src":"https:\/\/i0.wp.com\/www.grieta.org.mx\/wp-content\/uploads\/2020\/06\/Pobladores-de-Santiago-Mexquititl%C3%A1n-toman-presidencia-municipal-de-Amealco-qro-jun.jpeg?resize=350%2C200","width":350,"height":200},"classes":[]},{"id":63891,"url":"http:\/\/www.grieta.org.mx\/index.php\/2022\/04\/02\/habitantes-de-santiago-mexquititlan-demandan-a-conagua-el-control-de-su-pozo-queretaro\/","url_meta":{"origin":51629,"position":1},"title":"Habitantes de Santiago Mexquititl\u00e1n demandan a Conagua el control de su pozo (Quer\u00e9taro)","author":"grieta","date":"2 abril, 2022","format":false,"excerpt":"Texto y fotos: Alejandro Ruiz \/ Pie de P\u00e1gina A un a\u00f1o de denunciar el saqueo del agua de su comunidad, habitantes de Santiago Mexquititl\u00e1n, Quer\u00e9taro, exigieron en Comisi\u00f3n Nacional de Aguas que les restituyan el control del pozo de donde se surt\u00edan pipas particulares CIUDAD DE M\u00c9XICO.- Habitantes de\u2026","rel":"","context":"En &quot;Abuso policiaco y tortura en Quer\u00e9taro&quot;","block_context":{"text":"Abuso policiaco y tortura en Quer\u00e9taro","link":"http:\/\/www.grieta.org.mx\/index.php\/category\/noticias-nacionales\/queretaro\/abuso-policiaco-y-tortura-en-queretaro\/"},"img":{"alt_text":"","src":"https:\/\/i0.wp.com\/www.grieta.org.mx\/wp-content\/uploads\/2018\/03\/14524434_1106112876131411_958039263622046936_o.jpg?resize=350%2C200","width":350,"height":200,"srcset":"https:\/\/i0.wp.com\/www.grieta.org.mx\/wp-content\/uploads\/2018\/03\/14524434_1106112876131411_958039263622046936_o.jpg?resize=350%2C200 1x, https:\/\/i0.wp.com\/www.grieta.org.mx\/wp-content\/uploads\/2018\/03\/14524434_1106112876131411_958039263622046936_o.jpg?resize=525%2C300 1.5x, https:\/\/i0.wp.com\/www.grieta.org.mx\/wp-content\/uploads\/2018\/03\/14524434_1106112876131411_958039263622046936_o.jpg?resize=700%2C400 2x"},"classes":[]},{"id":72247,"url":"http:\/\/www.grieta.org.mx\/index.php\/2025\/08\/21\/santiago-mexquititlan-exige-salida-de-la-cea-de-su-territorio-queretaro\/","url_meta":{"origin":51629,"position":2},"title":"Santiago Mexquititl\u00e1n exige salida de la CEA de su territorio (Quer\u00e9taro)","author":"grieta","date":"21 agosto, 2025","format":false,"excerpt":"Publicado en\u00a0agosto 21, 2025 David \u00c1lvarez \/ \u00a0Proyecto Saltapatr\u00e1s Fotograf\u00eda: David \u00c1lvarez La ma\u00f1ana del jueves, integrantes del Concejo Ind\u00edgena de Santiago Mexquititl\u00e1n se reunieron a las afueras de las oficinas de la Comisi\u00f3n Nacional del Agua (CONAGUA) para anunciar la decisi\u00f3n de remover a la Comisi\u00f3n Estatal de Aguas\u2026","rel":"","context":"En &quot;CINTILLO&quot;","block_context":{"text":"CINTILLO","link":"http:\/\/www.grieta.org.mx\/index.php\/category\/cintillo\/"},"img":{"alt_text":"","src":"https:\/\/i0.wp.com\/www.grieta.org.mx\/wp-content\/uploads\/2025\/08\/Santiago-Mexquititlan-exige-salida-de-la-CEA-de-su-territorio.png?resize=350%2C200","width":350,"height":200,"srcset":"https:\/\/i0.wp.com\/www.grieta.org.mx\/wp-content\/uploads\/2025\/08\/Santiago-Mexquititlan-exige-salida-de-la-CEA-de-su-territorio.png?resize=350%2C200 1x, https:\/\/i0.wp.com\/www.grieta.org.mx\/wp-content\/uploads\/2025\/08\/Santiago-Mexquititlan-exige-salida-de-la-CEA-de-su-territorio.png?resize=525%2C300 1.5x, https:\/\/i0.wp.com\/www.grieta.org.mx\/wp-content\/uploads\/2025\/08\/Santiago-Mexquititlan-exige-salida-de-la-CEA-de-su-territorio.png?resize=700%2C400 2x, https:\/\/i0.wp.com\/www.grieta.org.mx\/wp-content\/uploads\/2025\/08\/Santiago-Mexquititlan-exige-salida-de-la-CEA-de-su-territorio.png?resize=1050%2C600 3x"},"classes":[]},{"id":71110,"url":"http:\/\/www.grieta.org.mx\/index.php\/2025\/02\/22\/denuncian-hostigamiento-judicial-contra-defensoras-del-territorio-en-santiago-mexquititlan-queretaro\/","url_meta":{"origin":51629,"position":3},"title":"Denuncian hostigamiento judicial contra defensoras del territorio en Santiago Mexquititl\u00e1n (Quer\u00e9taro)","author":"grieta","date":"22 febrero, 2025","format":false,"excerpt":"David \u00c1lvarez \/ Proyecto Saltapatr\u00e1s Foto: Laura Santos El Concejo Aut\u00f3nomo de Santiago Mexquititl\u00e1n denunci\u00f3 un acto de hostigamiento judicial contra mujeres defensoras del territorio en la comunidad, relacionado con el amparo colectivo 907\/2022 sobre el acceso al agua. Seg\u00fan el comunicado del grupo, el 20 de febrero de 2025\u2026","rel":"","context":"En &quot;Abuso policiaco y tortura en Quer\u00e9taro&quot;","block_context":{"text":"Abuso policiaco y tortura en Quer\u00e9taro","link":"http:\/\/www.grieta.org.mx\/index.php\/category\/noticias-nacionales\/queretaro\/abuso-policiaco-y-tortura-en-queretaro\/"},"img":{"alt_text":"","src":"https:\/\/i0.wp.com\/www.grieta.org.mx\/wp-content\/uploads\/2025\/02\/Denuncian-hostigamiento-judicial-contra-defensoras-del-territorio-en-Santiago-Mexquititlan.jpeg?resize=350%2C200","width":350,"height":200,"srcset":"https:\/\/i0.wp.com\/www.grieta.org.mx\/wp-content\/uploads\/2025\/02\/Denuncian-hostigamiento-judicial-contra-defensoras-del-territorio-en-Santiago-Mexquititlan.jpeg?resize=350%2C200 1x, https:\/\/i0.wp.com\/www.grieta.org.mx\/wp-content\/uploads\/2025\/02\/Denuncian-hostigamiento-judicial-contra-defensoras-del-territorio-en-Santiago-Mexquititlan.jpeg?resize=525%2C300 1.5x, https:\/\/i0.wp.com\/www.grieta.org.mx\/wp-content\/uploads\/2025\/02\/Denuncian-hostigamiento-judicial-contra-defensoras-del-territorio-en-Santiago-Mexquititlan.jpeg?resize=700%2C400 2x, https:\/\/i0.wp.com\/www.grieta.org.mx\/wp-content\/uploads\/2025\/02\/Denuncian-hostigamiento-judicial-contra-defensoras-del-territorio-en-Santiago-Mexquititlan.jpeg?resize=1050%2C600 3x, https:\/\/i0.wp.com\/www.grieta.org.mx\/wp-content\/uploads\/2025\/02\/Denuncian-hostigamiento-judicial-contra-defensoras-del-territorio-en-Santiago-Mexquititlan.jpeg?resize=1400%2C800 4x"},"classes":[]},{"id":60794,"url":"http:\/\/www.grieta.org.mx\/index.php\/2021\/07\/17\/la-vocera-llega-a-santiago-mexquititlan-y-pobladores-refrendan-defensa-del-territorio-queretaro\/","url_meta":{"origin":51629,"position":4},"title":"\u00abLa vocera\u00bb llega a Santiago Mexquititl\u00e1n. Y pobladores refrendan defensa del territorio (Quer\u00e9taro)","author":"grieta","date":"17 julio, 2021","format":false,"excerpt":"Texto: Alejandro Ruiz Fotos: Especial Pie de P\u00e1gina La gira del documental de Luciana Kaplan, \u201cla vocera\u201d, llega al pueblo de Santiago Mexquititl\u00e1n, Amealco, donde desde hace 4 meses sus habitantes han peleado por la defensa de su agua frente al saqueo y la escasez. El camino de Marichuy cala\u2026","rel":"","context":"En &quot;Abuso policiaco y tortura en Quer\u00e9taro&quot;","block_context":{"text":"Abuso policiaco y tortura en Quer\u00e9taro","link":"http:\/\/www.grieta.org.mx\/index.php\/category\/noticias-nacionales\/queretaro\/abuso-policiaco-y-tortura-en-queretaro\/"},"img":{"alt_text":"","src":"https:\/\/i0.wp.com\/www.grieta.org.mx\/wp-content\/uploads\/2021\/07\/La-vocera-llega-a-Santiago-Mexquititlan.-Y-pobladores-refrendan-defensa-del-territorio-qro-juul.jpeg?resize=350%2C200","width":350,"height":200,"srcset":"https:\/\/i0.wp.com\/www.grieta.org.mx\/wp-content\/uploads\/2021\/07\/La-vocera-llega-a-Santiago-Mexquititlan.-Y-pobladores-refrendan-defensa-del-territorio-qro-juul.jpeg?resize=350%2C200 1x, https:\/\/i0.wp.com\/www.grieta.org.mx\/wp-content\/uploads\/2021\/07\/La-vocera-llega-a-Santiago-Mexquititlan.-Y-pobladores-refrendan-defensa-del-territorio-qro-juul.jpeg?resize=525%2C300 1.5x, https:\/\/i0.wp.com\/www.grieta.org.mx\/wp-content\/uploads\/2021\/07\/La-vocera-llega-a-Santiago-Mexquititlan.-Y-pobladores-refrendan-defensa-del-territorio-qro-juul.jpeg?resize=700%2C400 2x"},"classes":[]},{"id":64775,"url":"http:\/\/www.grieta.org.mx\/index.php\/2022\/08\/16\/conceden-amparo-contra-la-ley-de-aguas-en-queretaro-a-comunidad-otomi\/","url_meta":{"origin":51629,"position":5},"title":"Conceden amparo contra la Ley de Aguas en Quer\u00e9taro a comunidad Otom\u00ed","author":"grieta","date":"16 agosto, 2022","format":false,"excerpt":"Noemi Ota\u00f1ez \/ Somoselmedio Foto: @yazminvalois El pasado lunes 8 de agosto, en la Casa de los Pueblos y Comunidades Ind\u00edgenas \u00abSamir Flores Soberanes\u00bb, concejales de Santiago Mexquititl\u00e1n se pronunciaron contra la Ley de Concesiones de Agua en Quer\u00e9taro. Al grito \u201cno es sequ\u00eda, es saqueo\u201d y \u201cel agua no\u2026","rel":"","context":"En &quot;Autonom\u00edas&quot;","block_context":{"text":"Autonom\u00edas","link":"http:\/\/www.grieta.org.mx\/index.php\/category\/resistencias\/autonomias\/"},"img":{"alt_text":"","src":"https:\/\/i0.wp.com\/www.grieta.org.mx\/wp-content\/uploads\/2018\/03\/14524434_1106112876131411_958039263622046936_o.jpg?resize=350%2C200","width":350,"height":200,"srcset":"https:\/\/i0.wp.com\/www.grieta.org.mx\/wp-content\/uploads\/2018\/03\/14524434_1106112876131411_958039263622046936_o.jpg?resize=350%2C200 1x, https:\/\/i0.wp.com\/www.grieta.org.mx\/wp-content\/uploads\/2018\/03\/14524434_1106112876131411_958039263622046936_o.jpg?resize=525%2C300 1.5x, https:\/\/i0.wp.com\/www.grieta.org.mx\/wp-content\/uploads\/2018\/03\/14524434_1106112876131411_958039263622046936_o.jpg?resize=700%2C400 2x"},"classes":[]}],"_links":{"self":[{"href":"http:\/\/www.grieta.org.mx\/index.php\/wp-json\/wp\/v2\/posts\/51629","targetHints":{"allow":["GET"]}}],"collection":[{"href":"http:\/\/www.grieta.org.mx\/index.php\/wp-json\/wp\/v2\/posts"}],"about":[{"href":"http:\/\/www.grieta.org.mx\/index.php\/wp-json\/wp\/v2\/types\/post"}],"author":[{"embeddable":true,"href":"http:\/\/www.grieta.org.mx\/index.php\/wp-json\/wp\/v2\/users\/2"}],"replies":[{"embeddable":true,"href":"http:\/\/www.grieta.org.mx\/index.php\/wp-json\/wp\/v2\/comments?post=51629"}],"version-history":[{"count":1,"href":"http:\/\/www.grieta.org.mx\/index.php\/wp-json\/wp\/v2\/posts\/51629\/revisions"}],"predecessor-version":[{"id":51631,"href":"http:\/\/www.grieta.org.mx\/index.php\/wp-json\/wp\/v2\/posts\/51629\/revisions\/51631"}],"wp:featuredmedia":[{"embeddable":true,"href":"http:\/\/www.grieta.org.mx\/index.php\/wp-json\/wp\/v2\/media\/51630"}],"wp:attachment":[{"href":"http:\/\/www.grieta.org.mx\/index.php\/wp-json\/wp\/v2\/media?parent=51629"}],"wp:term":[{"taxonomy":"category","embeddable":true,"href":"http:\/\/www.grieta.org.mx\/index.php\/wp-json\/wp\/v2\/categories?post=51629"},{"taxonomy":"post_tag","embeddable":true,"href":"http:\/\/www.grieta.org.mx\/index.php\/wp-json\/wp\/v2\/tags?post=51629"}],"curies":[{"name":"wp","href":"https:\/\/api.w.org\/{rel}","templated":true}]}}