{"id":51598,"date":"2020-07-04T12:32:46","date_gmt":"2020-07-04T17:32:46","guid":{"rendered":"http:\/\/www.grieta.org.mx\/?p=51598"},"modified":"2020-07-06T12:38:21","modified_gmt":"2020-07-06T17:38:21","slug":"nueva-normalidad-en-la-sierra-tarahumara-desigual-y-deshumanizante-chihuahua","status":"publish","type":"post","link":"http:\/\/www.grieta.org.mx\/index.php\/2020\/07\/04\/nueva-normalidad-en-la-sierra-tarahumara-desigual-y-deshumanizante-chihuahua\/","title":{"rendered":"\u2018Nueva normalidad\u2019 en la Sierra Tarahumara, desigual y deshumanizante (Chihuahua)"},"content":{"rendered":"<p><img loading=\"lazy\" decoding=\"async\" data-attachment-id=\"51599\" data-permalink=\"http:\/\/www.grieta.org.mx\/index.php\/2020\/07\/04\/nueva-normalidad-en-la-sierra-tarahumara-desigual-y-deshumanizante-chihuahua\/foto-comunidad_sierra-tarahurama\/\" data-orig-file=\"http:\/\/www.grieta.org.mx\/wp-content\/uploads\/2020\/07\/Foto-comunidad_Sierra-tarahurama.jpeg\" data-orig-size=\"615,410\" data-comments-opened=\"0\" data-image-meta=\"{&quot;aperture&quot;:&quot;0&quot;,&quot;credit&quot;:&quot;&quot;,&quot;camera&quot;:&quot;&quot;,&quot;caption&quot;:&quot;&quot;,&quot;created_timestamp&quot;:&quot;0&quot;,&quot;copyright&quot;:&quot;&quot;,&quot;focal_length&quot;:&quot;0&quot;,&quot;iso&quot;:&quot;0&quot;,&quot;shutter_speed&quot;:&quot;0&quot;,&quot;title&quot;:&quot;&quot;,&quot;orientation&quot;:&quot;1&quot;}\" data-image-title=\"Foto-comunidad_Sierra-tarahurama\" data-image-description=\"\" data-image-caption=\"\" data-medium-file=\"http:\/\/www.grieta.org.mx\/wp-content\/uploads\/2020\/07\/Foto-comunidad_Sierra-tarahurama-300x200.jpeg\" data-large-file=\"http:\/\/www.grieta.org.mx\/wp-content\/uploads\/2020\/07\/Foto-comunidad_Sierra-tarahurama.jpeg\" class=\"aligncenter  wp-image-51599\" src=\"http:\/\/www.grieta.org.mx\/wp-content\/uploads\/2020\/07\/Foto-comunidad_Sierra-tarahurama.jpeg\" alt=\"\" width=\"800\" height=\"534\" srcset=\"http:\/\/www.grieta.org.mx\/wp-content\/uploads\/2020\/07\/Foto-comunidad_Sierra-tarahurama.jpeg 615w, http:\/\/www.grieta.org.mx\/wp-content\/uploads\/2020\/07\/Foto-comunidad_Sierra-tarahurama-300x200.jpeg 300w\" sizes=\"auto, (max-width: 800px) 100vw, 800px\" \/><\/p>\n<p>Texto y foto: Adriana Esquivel\/Ra\u00edchali<br \/>\nChihuahua.- La contingencia por Covid-19 y su consecuente \u201cnueva normalidad\u201d evidenci\u00f3 las profundas desigualdades que, hist\u00f3ricamente, han sido denunciadas e ignoradas en la Sierra Tarahumara.<\/p>\n<p>Los pueblos y comunidades ind\u00edgenas que ancestralmente habitan en los 22 municipios que conforman esta regi\u00f3n de Chihuahua, enfrentan hoy la falta de alimentos, la p\u00e9rdida paulatina de su control territorial, un sistema educativo deficiente y racializado, as\u00ed como la consolidaci\u00f3n del gobierno de facto en manos de actores privados ilegales.<\/p>\n<p>Esas problem\u00e1ticas no son consecuencias derivadas de una pandemia, sino la manifestaci\u00f3n de una estructura a\u00f1eja de despojo y dominaci\u00f3n racializados que urge desmantelar, expres\u00f3 el Centro de Capacitaci\u00f3n y Defensa de los Derechos Humanos e Ind\u00edgenas.<\/p>\n<p>En un balance a 100 d\u00edas de que se hizo efectivo en Chihuahua el decreto de confinamiento como estrategia para frenar los contagios de coronavirus, la asociaci\u00f3n observ\u00f3 una serie de contrastes que afect\u00f3 a la vida comunitaria.<\/p>\n<p>Por ejemplo, el aislamiento da\u00f1\u00f3 directamente la vida ind\u00edgena que encuentra en sus celebraciones colectivas sus medios de sanaci\u00f3n comunitaria y contenci\u00f3n de las enfermedades.<\/p>\n<p>Con la suspensi\u00f3n del proceso educativo en el que se encuentran 58 mil 241 ni\u00f1os, ni\u00f1as, adolescentes y j\u00f3venes ind\u00edgenas (seg\u00fan cifras de Inegi), gener\u00f3 un desbalance de la econom\u00eda familiar de miles de hogares ind\u00edgenas, al ser los albergues la principal fuente de alimentaci\u00f3n para los estudiantes.<\/p>\n<p>\u201cA esa precarizaci\u00f3n alimentaria se sum\u00f3 el alza de precios en las tiendas locales- administradas por familias no ind\u00edgenas-, azuzada por la confusi\u00f3n generada por los medios de comunicaci\u00f3n y por el cerco sanitario que, en algunas comunidades, bajo el control de grupos armados del tr\u00e1fico de drogas, administr\u00f3 selectivamente el ingreso de proveedores de bienes y servicios\u201d, destacaron.<\/p>\n<p>Restringir la movilidad a los pueblos y comunidades ind\u00edgenas, mostr\u00f3 la prevalencia de estrategias asistencialistas que merman la vigencia de proceso de construcci\u00f3n de autonom\u00eda, pues, la reacci\u00f3n inmediata tanto de la sociedad civil organizada, como del gobierno y del crimen organizado, fue entregar despensas.<\/p>\n<p>En contraste, ning\u00fan decreto ni estrategia detuvo la tala legal e ilegal en manos de grupos de la delincuencia organizada, una problem\u00e1tica que se ha denunciado hist\u00f3ricamente y que ha detonado el \u00e9xodo de familias y comunidades enteras.<\/p>\n<p>\u201cCamiones contin\u00faan extrayendo madera para ser procesada en aserraderos de la regi\u00f3n, legales o clandestinos, s\u00f3lo las comunidades con lazos y apoyo externo que permiten hacer denuncias y\/o visibilizar de este despojo, pueden hacer m\u00e1s dif\u00edcil las actividades a los taladores; lo cual genera altos riesgos para las propias comunidades y aquellas organizaciones que los acompa\u00f1an\u201d, denunci\u00f3 Cecaddhi.<\/p>\n<p>La presencia del crimen organizado se mostr\u00f3 incluso como autoridad sanitaria, con lo que afianzaron su control territorial y pol\u00edtico al implementar a discreci\u00f3n medidas sanitarias y asistenciales en coordinaci\u00f3n con las autoridades municipales.<\/p>\n<p>\u201cEntre estas medidas encontramos la instalaci\u00f3n de cercos sanitarios para controla la movilidad dentro y fuera de algunas comunidades, el otorgamiento de despensas y la implementaci\u00f3n de multas a quienes infringen las reglas de la sana distancia, celebrando reuniones comunitarias\u201d, a\u00f1ade el posicionamiento.<\/p>\n<p>En ese contexto, la asociaci\u00f3n hizo hincapi\u00e9 en que los efectos de la contingencia por Covid-19 son un reflejo de sus propias pr\u00e1cticas y contribuciones a la dependencia y aniquilamiento de los imaginarios auton\u00f3micos, por lo que cuestion\u00f3:<\/p>\n<p>-\u00bfA qu\u00e9 responde la poca presencia de opciones comunitarias de organizaci\u00f3n previas a la solicitud de despensas?<\/p>\n<p>-\u00bfPor qu\u00e9 insistimos en que las comunidades necesitan a las organizaciones de la sociedad civil para hacer frente a la pandemia?<\/p>\n<p>-\u00bfQu\u00e9 haremos cuando, en el marco de la nueva normalidad, pueblos y comunidades sigamos habitando la misma normalidad desigual y deshumanizante?<\/p>\n<p><a href=\"https:\/\/raichali.com\/2020\/07\/02\/cuestionan-condiciones-para-la-nueva-normalidad-en-la-sierra-continuara-desigual-y-deshumanizante\/\">https:\/\/raichali.com\/2020\/07\/02\/cuestionan-condiciones-para-la-nueva-normalidad-en-la-sierra-continuara-desigual-y-deshumanizante\/<\/a><\/p>\n","protected":false},"excerpt":{"rendered":"<p>Texto y foto: Adriana Esquivel\/Ra\u00edchali Chihuahua.- La contingencia por Covid-19 y su consecuente \u201cnueva normalidad\u201d evidenci\u00f3 las profundas desigualdades que, hist\u00f3ricamente, han sido denunciadas e ignoradas en la Sierra Tarahumara. &hellip; <a href=\"http:\/\/www.grieta.org.mx\/index.php\/2020\/07\/04\/nueva-normalidad-en-la-sierra-tarahumara-desigual-y-deshumanizante-chihuahua\/\" class=\"more-link\">Leer m\u00e1s<\/a><\/p>\n","protected":false},"author":2,"featured_media":51599,"comment_status":"closed","ping_status":"closed","sticky":false,"template":"","format":"standard","meta":{"ngg_post_thumbnail":0,"_jetpack_newsletter_access":"","_jetpack_dont_email_post_to_subs":false,"_jetpack_newsletter_tier_id":0,"_jetpack_memberships_contains_paywalled_content":false,"_jetpack_memberships_contains_paid_content":false,"footnotes":""},"categories":[12,80,2211,1914],"tags":[3137,1065],"class_list":["post-51598","post","type-post","status-publish","format-standard","has-post-thumbnail","hentry","category-chihuahua","category-cintillo","category-tala-ilegal-en-la-tarahumara","category-violencia-contra-defensores-de-derechos-humanos-y-ecologistas-en-chihuahua","tag-aumento-de-la-pobreza","tag-despojo-de-agua-y-tierras","entry"],"jetpack_featured_media_url":"http:\/\/www.grieta.org.mx\/wp-content\/uploads\/2020\/07\/Foto-comunidad_Sierra-tarahurama.jpeg","jetpack_sharing_enabled":true,"jetpack_shortlink":"https:\/\/wp.me\/p7ZJR4-dqe","jetpack_likes_enabled":false,"jetpack-related-posts":[{"id":29881,"url":"http:\/\/www.grieta.org.mx\/index.php\/2019\/02\/02\/denuncian-ecocidio-en-la-sierra-tarahumara-chihuahua\/","url_meta":{"origin":51598,"position":0},"title":"Denuncian ecocidio en la sierra tarahumara (Chihuahua)","author":"grieta","date":"2 febrero, 2019","format":false,"excerpt":"La Opci\u00f3n de Chihuahua Chihuahua.- La destrucci\u00f3n de la Sierra Tarahumara contin\u00faa; a trav\u00e9s de fotograf\u00edas que circulan en redes sociales se muestran numerosos \u00e1rboles cortados. De acuerdo con la publicaci\u00f3n Semarnat, Profepa y Desarrollo Forestal del Estado no hacen nada para detener la tala ilegal de \u00e1rboles de la\u2026","rel":"","context":"En &quot;Chihuahua&quot;","block_context":{"text":"Chihuahua","link":"http:\/\/www.grieta.org.mx\/index.php\/category\/noticias-nacionales\/chihuahua\/"},"img":{"alt_text":"","src":"https:\/\/i0.wp.com\/www.grieta.org.mx\/wp-content\/uploads\/2019\/03\/Sierra-Tarahu.jpeg?resize=350%2C200","width":350,"height":200,"srcset":"https:\/\/i0.wp.com\/www.grieta.org.mx\/wp-content\/uploads\/2019\/03\/Sierra-Tarahu.jpeg?resize=350%2C200 1x, https:\/\/i0.wp.com\/www.grieta.org.mx\/wp-content\/uploads\/2019\/03\/Sierra-Tarahu.jpeg?resize=525%2C300 1.5x, https:\/\/i0.wp.com\/www.grieta.org.mx\/wp-content\/uploads\/2019\/03\/Sierra-Tarahu.jpeg?resize=700%2C400 2x"},"classes":[]},{"id":9881,"url":"http:\/\/www.grieta.org.mx\/index.php\/2016\/07\/22\/despojo-en-la-sierra-tarahumara\/","url_meta":{"origin":51598,"position":1},"title":"Despojo en la Sierra Tarahumara","author":"grieta","date":"22 julio, 2016","format":false,"excerpt":"22\/07\/16. Huyen tarahumaras de violencia y hambre para asentarse en SamalayucaEntrelineas 23\/05\/16. Tala clandestina tiene la sierra Tarahumara en situaci\u00f3n de riesgoFrontenet 21\/05\/16. Aumenta desplazamiento forzado en la Tarahumara en pleno proceso electoralProceso 27\/03\/16. Habitantes de la Sierra viven en una constante intimidaci\u00f3n por parte del crimen organizadoEntrelineas 8\/03\/16. Sierra\u2026","rel":"","context":"En &quot;Chihuahua&quot;","block_context":{"text":"Chihuahua","link":"http:\/\/www.grieta.org.mx\/index.php\/category\/noticias-nacionales\/chihuahua\/"},"img":{"alt_text":"","src":"https:\/\/i0.wp.com\/www.grieta.org.mx\/wp-content\/uploads\/2018\/03\/14524434_1106112876131411_958039263622046936_o.jpg?resize=350%2C200","width":350,"height":200,"srcset":"https:\/\/i0.wp.com\/www.grieta.org.mx\/wp-content\/uploads\/2018\/03\/14524434_1106112876131411_958039263622046936_o.jpg?resize=350%2C200 1x, https:\/\/i0.wp.com\/www.grieta.org.mx\/wp-content\/uploads\/2018\/03\/14524434_1106112876131411_958039263622046936_o.jpg?resize=525%2C300 1.5x, https:\/\/i0.wp.com\/www.grieta.org.mx\/wp-content\/uploads\/2018\/03\/14524434_1106112876131411_958039263622046936_o.jpg?resize=700%2C400 2x"},"classes":[]},{"id":33698,"url":"http:\/\/www.grieta.org.mx\/index.php\/2019\/05\/17\/mexico-asesinan-a-madre-e-hijo-defensores-de-tierra-y-territorio-de-la-sierra-tarahumara-y-familiares-de-lider-julian-carrillo-martinez-asesinado-en-2018\/","url_meta":{"origin":51598,"position":2},"title":"M\u00e9xico: Asesinan a madre e hijo, defensores de tierra y territorio de la Sierra Tarahumara y familiares de l\u00edder Juli\u00e1n Carrillo Mart\u00ednez asesinado en 2018","author":"grieta","date":"17 mayo, 2019","format":false,"excerpt":"BUSINESS-HUMANRIGHT\/ LA JORNADA \u201cMatan a madre e hijo, defensores de bosques en Chihuahua\u201d, 4 de mayo de 2019 \u2026Asesinos a sueldo ultimaron a Otilia Mart\u00ednez Cruz\u2026y a su hijo Gregorio Chaparro Cruz, de 20, en el municipio de Guadalupe y Calvo, en los l\u00edmites de Chihuahua y Sinaloa. Las v\u00edctimas\u2026","rel":"","context":"En &quot;Chihuahua&quot;","block_context":{"text":"Chihuahua","link":"http:\/\/www.grieta.org.mx\/index.php\/category\/noticias-nacionales\/chihuahua\/"},"img":{"alt_text":"","src":"https:\/\/i0.wp.com\/www.grieta.org.mx\/wp-content\/uploads\/2018\/03\/14524434_1106112876131411_958039263622046936_o.jpg?resize=350%2C200","width":350,"height":200,"srcset":"https:\/\/i0.wp.com\/www.grieta.org.mx\/wp-content\/uploads\/2018\/03\/14524434_1106112876131411_958039263622046936_o.jpg?resize=350%2C200 1x, https:\/\/i0.wp.com\/www.grieta.org.mx\/wp-content\/uploads\/2018\/03\/14524434_1106112876131411_958039263622046936_o.jpg?resize=525%2C300 1.5x, https:\/\/i0.wp.com\/www.grieta.org.mx\/wp-content\/uploads\/2018\/03\/14524434_1106112876131411_958039263622046936_o.jpg?resize=700%2C400 2x"},"classes":[]},{"id":63899,"url":"http:\/\/www.grieta.org.mx\/index.php\/2022\/03\/27\/coloradas-de-la-virgen-la-comunidad-de-la-sierra-tarahumara-con-defensores-asesinados-y-familias-desplazadas\/","url_meta":{"origin":51598,"position":3},"title":"Coloradas de la Virgen, la comunidad de la Sierra Tarahumara con defensores asesinados y familias desplazadas","author":"grieta","date":"27 marzo, 2022","format":false,"excerpt":"Thelma G\u00f3mez Dur\u00e1n \/ Mongabay Latinoam\u00e9rica Animal Pol\u00edtica Jos\u00e9 Trinidad Baldenegro ten\u00eda 11 a\u00f1os cuando se qued\u00f3 hu\u00e9rfano de padre. Fue\u00a0en 1986 cuando asesinaron a Julio Baldenegro, ind\u00edgena rar\u00e1muri y gobernador tradicional de Coloradas de la Virgen que se opon\u00eda a que despojaran a su comunidad de su bosque y\u2026","rel":"","context":"En &quot;Chihuahua&quot;","block_context":{"text":"Chihuahua","link":"http:\/\/www.grieta.org.mx\/index.php\/category\/noticias-nacionales\/chihuahua\/"},"img":{"alt_text":"","src":"https:\/\/i0.wp.com\/www.grieta.org.mx\/wp-content\/uploads\/2022\/04\/Isidro-Baldenegro-Goldman-Prize-768x511-1.jpg?resize=350%2C200","width":350,"height":200,"srcset":"https:\/\/i0.wp.com\/www.grieta.org.mx\/wp-content\/uploads\/2022\/04\/Isidro-Baldenegro-Goldman-Prize-768x511-1.jpg?resize=350%2C200 1x, https:\/\/i0.wp.com\/www.grieta.org.mx\/wp-content\/uploads\/2022\/04\/Isidro-Baldenegro-Goldman-Prize-768x511-1.jpg?resize=525%2C300 1.5x, https:\/\/i0.wp.com\/www.grieta.org.mx\/wp-content\/uploads\/2022\/04\/Isidro-Baldenegro-Goldman-Prize-768x511-1.jpg?resize=700%2C400 2x"},"classes":[]},{"id":7010,"url":"http:\/\/www.grieta.org.mx\/index.php\/2016\/08\/26\/mineria-en-chihuahua\/","url_meta":{"origin":51598,"position":4},"title":"Miner\u00eda en Chihuahua","author":"grieta","date":"26 agosto, 2016","format":false,"excerpt":"25\/08\/16. Baill\u00e8res, el heredero de la sierra tarahumaraLa Adobe 30\/03\/16. Controla crimen organizado actividad minera en Chihuahua: estudioEntrelineas 05\/16\/15. Convertir\u00e1n en zona minera SamalayucaEl Diario 10\/02\/16. Chihuahua es de los estados con mayor n\u00famero de conflictos ambientales: investigador Entrelineas 20\/11\/15. Minera canadiense contamina los arroyos de la sierra de Chihuahua,\u2026","rel":"","context":"En &quot;Chihuahua&quot;","block_context":{"text":"Chihuahua","link":"http:\/\/www.grieta.org.mx\/index.php\/category\/noticias-nacionales\/chihuahua\/"},"img":{"alt_text":"","src":"https:\/\/i0.wp.com\/www.grieta.org.mx\/wp-content\/uploads\/2018\/03\/14524434_1106112876131411_958039263622046936_o.jpg?resize=350%2C200","width":350,"height":200,"srcset":"https:\/\/i0.wp.com\/www.grieta.org.mx\/wp-content\/uploads\/2018\/03\/14524434_1106112876131411_958039263622046936_o.jpg?resize=350%2C200 1x, https:\/\/i0.wp.com\/www.grieta.org.mx\/wp-content\/uploads\/2018\/03\/14524434_1106112876131411_958039263622046936_o.jpg?resize=525%2C300 1.5x, https:\/\/i0.wp.com\/www.grieta.org.mx\/wp-content\/uploads\/2018\/03\/14524434_1106112876131411_958039263622046936_o.jpg?resize=700%2C400 2x"},"classes":[]},{"id":48012,"url":"http:\/\/www.grieta.org.mx\/index.php\/2020\/04\/20\/exigen-justicia-por-multihomicidio-en-la-tarahumara-chihuahua\/","url_meta":{"origin":51598,"position":5},"title":"Exigen justicia por multihomicidio en la Tarahumara (Chihuahua)","author":"grieta","date":"20 abril, 2020","format":false,"excerpt":"Patricia Mayorga (Proceso) Foto tomada de SinEmbargo CIUDAD DE M\u00c9XICO (apro).- .\u00a0El obispo de la Tarahumara, Juan Manuel Gonz\u00e1lez Sandoval, exigi\u00f3 justicia y pidi\u00f3 que las autoridades ejerzan su trabajo para dar una respuesta pronta y eficaz a las familias de las v\u00edctimas que fueron asesinadas por un grupo armado\u2026","rel":"","context":"En &quot;Chihuahua&quot;","block_context":{"text":"Chihuahua","link":"http:\/\/www.grieta.org.mx\/index.php\/category\/noticias-nacionales\/chihuahua\/"},"img":{"alt_text":"","src":"https:\/\/i0.wp.com\/www.grieta.org.mx\/wp-content\/uploads\/2020\/04\/foto-principal-1024x683.jpg?resize=350%2C200","width":350,"height":200,"srcset":"https:\/\/i0.wp.com\/www.grieta.org.mx\/wp-content\/uploads\/2020\/04\/foto-principal-1024x683.jpg?resize=350%2C200 1x, https:\/\/i0.wp.com\/www.grieta.org.mx\/wp-content\/uploads\/2020\/04\/foto-principal-1024x683.jpg?resize=525%2C300 1.5x, https:\/\/i0.wp.com\/www.grieta.org.mx\/wp-content\/uploads\/2020\/04\/foto-principal-1024x683.jpg?resize=700%2C400 2x, https:\/\/i0.wp.com\/www.grieta.org.mx\/wp-content\/uploads\/2020\/04\/foto-principal-1024x683.jpg?resize=1050%2C600 3x"},"classes":[]}],"_links":{"self":[{"href":"http:\/\/www.grieta.org.mx\/index.php\/wp-json\/wp\/v2\/posts\/51598","targetHints":{"allow":["GET"]}}],"collection":[{"href":"http:\/\/www.grieta.org.mx\/index.php\/wp-json\/wp\/v2\/posts"}],"about":[{"href":"http:\/\/www.grieta.org.mx\/index.php\/wp-json\/wp\/v2\/types\/post"}],"author":[{"embeddable":true,"href":"http:\/\/www.grieta.org.mx\/index.php\/wp-json\/wp\/v2\/users\/2"}],"replies":[{"embeddable":true,"href":"http:\/\/www.grieta.org.mx\/index.php\/wp-json\/wp\/v2\/comments?post=51598"}],"version-history":[{"count":1,"href":"http:\/\/www.grieta.org.mx\/index.php\/wp-json\/wp\/v2\/posts\/51598\/revisions"}],"predecessor-version":[{"id":51600,"href":"http:\/\/www.grieta.org.mx\/index.php\/wp-json\/wp\/v2\/posts\/51598\/revisions\/51600"}],"wp:featuredmedia":[{"embeddable":true,"href":"http:\/\/www.grieta.org.mx\/index.php\/wp-json\/wp\/v2\/media\/51599"}],"wp:attachment":[{"href":"http:\/\/www.grieta.org.mx\/index.php\/wp-json\/wp\/v2\/media?parent=51598"}],"wp:term":[{"taxonomy":"category","embeddable":true,"href":"http:\/\/www.grieta.org.mx\/index.php\/wp-json\/wp\/v2\/categories?post=51598"},{"taxonomy":"post_tag","embeddable":true,"href":"http:\/\/www.grieta.org.mx\/index.php\/wp-json\/wp\/v2\/tags?post=51598"}],"curies":[{"name":"wp","href":"https:\/\/api.w.org\/{rel}","templated":true}]}}