{"id":51585,"date":"2020-07-05T18:14:27","date_gmt":"2020-07-05T23:14:27","guid":{"rendered":"http:\/\/www.grieta.org.mx\/?p=51585"},"modified":"2020-07-05T19:50:44","modified_gmt":"2020-07-06T00:50:44","slug":"cierran-elektra-de-aguascalientes-por-brote-de-covid-19-entre-el-personal","status":"publish","type":"post","link":"http:\/\/www.grieta.org.mx\/index.php\/2020\/07\/05\/cierran-elektra-de-aguascalientes-por-brote-de-covid-19-entre-el-personal\/","title":{"rendered":"Fallece trabajadora en Aguascalientes por brote de Covid-19 en Elektra"},"content":{"rendered":"<p>Redacci\u00f3n\/La Verdad<br \/>\n5 julio 2020<\/p>\n<blockquote><p>Uno de los empleados de Elektra de Aguascalientes falleci\u00f3 a causa del Covid-19; se detect\u00f3 un brote en el personal.<\/p><\/blockquote>\n<p><img loading=\"lazy\" decoding=\"async\" data-attachment-id=\"51586\" data-permalink=\"http:\/\/www.grieta.org.mx\/index.php\/2020\/07\/05\/cierran-elektra-de-aguascalientes-por-brote-de-covid-19-entre-el-personal\/elektra_aguascalientes-jpg_793492074\/\" data-orig-file=\"http:\/\/www.grieta.org.mx\/wp-content\/uploads\/2020\/07\/elektra_aguascalientes.jpg_793492074.jpg\" data-orig-size=\"718,452\" data-comments-opened=\"0\" data-image-meta=\"{&quot;aperture&quot;:&quot;0&quot;,&quot;credit&quot;:&quot;&quot;,&quot;camera&quot;:&quot;&quot;,&quot;caption&quot;:&quot;&quot;,&quot;created_timestamp&quot;:&quot;0&quot;,&quot;copyright&quot;:&quot;&quot;,&quot;focal_length&quot;:&quot;0&quot;,&quot;iso&quot;:&quot;0&quot;,&quot;shutter_speed&quot;:&quot;0&quot;,&quot;title&quot;:&quot;&quot;,&quot;orientation&quot;:&quot;0&quot;}\" data-image-title=\"elektra_aguascalientes.jpg_793492074\" data-image-description=\"\" data-image-caption=\"\" data-medium-file=\"http:\/\/www.grieta.org.mx\/wp-content\/uploads\/2020\/07\/elektra_aguascalientes.jpg_793492074-300x189.jpg\" data-large-file=\"http:\/\/www.grieta.org.mx\/wp-content\/uploads\/2020\/07\/elektra_aguascalientes.jpg_793492074.jpg\" src=\"http:\/\/www.grieta.org.mx\/wp-content\/uploads\/2020\/07\/elektra_aguascalientes.jpg_793492074.jpg\" alt=\"\" width=\"718\" height=\"452\" class=\"aligncenter size-full wp-image-51586\" srcset=\"http:\/\/www.grieta.org.mx\/wp-content\/uploads\/2020\/07\/elektra_aguascalientes.jpg_793492074.jpg 718w, http:\/\/www.grieta.org.mx\/wp-content\/uploads\/2020\/07\/elektra_aguascalientes.jpg_793492074-300x189.jpg 300w\" sizes=\"auto, (max-width: 718px) 100vw, 718px\" \/><br \/>\nCierran Elektra de Aguascalientes por brote de Covid-19 entre el personal<\/p>\n<p>Una sucursal de Elektra de Aguascalientes cerr\u00f3 sus puertas temporalmente luego que se detect\u00f3 un brote del nuevo coronavirus SARS-CoV2, causante del Covid-19 entre su personal. Los empleados se manifestaron preocupados debido a una de sus compa\u00f1eras perdi\u00f3 la vida a causa de este nuevo pat\u00f3geno.<\/p>\n<p>La tienda ubicada en las esquinas de 5 de mayo y Allende, del primer cuadro de Aguascalientes cerr\u00f3 las puertas al p\u00fablico tras la detecci\u00f3n del virus entre su personal, as\u00ed lo dio a conocer un empleado a La Jornada, quien pidi\u00f3 permanecer en anonimato por temor a represalias.<\/p>\n<p>De acuerdo al colaborador de Elektra, el brote de Covid-19 se detect\u00f3 el pasado 19 de junio cuando una persona dio positiva y se registraron varios sospechosos. El primer caso falleci\u00f3 el pasado s\u00e1bado, por lo que la tienda cerr\u00f3 sus puertas al p\u00fablico.<\/p>\n<p><img loading=\"lazy\" decoding=\"async\" data-attachment-id=\"51587\" data-permalink=\"http:\/\/www.grieta.org.mx\/index.php\/2020\/07\/05\/cierran-elektra-de-aguascalientes-por-brote-de-covid-19-entre-el-personal\/brote_de_covid_en_aguascalientes-jpg_231334169\/\" data-orig-file=\"http:\/\/www.grieta.org.mx\/wp-content\/uploads\/2020\/07\/brote_de_covid_en_aguascalientes.jpg_231334169.jpg\" data-orig-size=\"600,400\" data-comments-opened=\"0\" data-image-meta=\"{&quot;aperture&quot;:&quot;0&quot;,&quot;credit&quot;:&quot;&quot;,&quot;camera&quot;:&quot;&quot;,&quot;caption&quot;:&quot;&quot;,&quot;created_timestamp&quot;:&quot;0&quot;,&quot;copyright&quot;:&quot;&quot;,&quot;focal_length&quot;:&quot;0&quot;,&quot;iso&quot;:&quot;0&quot;,&quot;shutter_speed&quot;:&quot;0&quot;,&quot;title&quot;:&quot;&quot;,&quot;orientation&quot;:&quot;0&quot;}\" data-image-title=\"brote_de_covid_en_aguascalientes.jpg_231334169\" data-image-description=\"\" data-image-caption=\"\" data-medium-file=\"http:\/\/www.grieta.org.mx\/wp-content\/uploads\/2020\/07\/brote_de_covid_en_aguascalientes.jpg_231334169-300x200.jpg\" data-large-file=\"http:\/\/www.grieta.org.mx\/wp-content\/uploads\/2020\/07\/brote_de_covid_en_aguascalientes.jpg_231334169.jpg\" src=\"http:\/\/www.grieta.org.mx\/wp-content\/uploads\/2020\/07\/brote_de_covid_en_aguascalientes.jpg_231334169.jpg\" alt=\"\" width=\"600\" height=\"400\" class=\"aligncenter size-full wp-image-51587\" srcset=\"http:\/\/www.grieta.org.mx\/wp-content\/uploads\/2020\/07\/brote_de_covid_en_aguascalientes.jpg_231334169.jpg 600w, http:\/\/www.grieta.org.mx\/wp-content\/uploads\/2020\/07\/brote_de_covid_en_aguascalientes.jpg_231334169-300x200.jpg 300w\" sizes=\"auto, (max-width: 600px) 100vw, 600px\" \/><br \/>\nCierran Elektra de Aguascalientes por brote de Covid-19<\/p>\n<p>\u201cLiliana fue avisar que result\u00f3 con coronavirus y en la madrugada de este s\u00e1bado muri\u00f3. Cuando el gerente de zona supo que desde el lunes hab\u00eda varios casos, no le import\u00f3 y nos dijo que nos sigui\u00e9ramos presentando a trabajar o de lo contrario nos iban a descontar los d\u00edas que no fu\u00e9ramos y hasta nos podr\u00edan correr\u201d, precis\u00f3.<\/p>\n<p>El trabajador relat\u00f3 que desde el primer colaborador dio positivo al virus solicitaron que las medidas fueron aumentadas ya que alguno podr\u00eda haberse contagiado, sin embargo, dijo, la tienda orden\u00f3 el cierre de la tienda hasta que un personal falleci\u00f3.<\/p>\n<p>\u201cLa verdad es que no se estaban cumpliendo los protocolos de sanidad, cada quien se cuida solo. Apenas este s\u00e1bado por la ma\u00f1ana que decidieron los directivos cerrar y colocar unos anuncios que se iban a mantenimiento pero la verdad es que hay al menos una compa\u00f1era contagiada y dos compa\u00f1eros m\u00e1s sospechosos\u201d, detall\u00f3.<\/p>\n<p>Covid-19 en Aguascalientes<br \/>\nLa Secretar\u00eda de Salud estatal inform\u00f3 que en Aguascalientes se han detectado un total de 3 mil 336 casos de coronavirus, de los cuales 2 mil 107 se han recuperado y 166 han perdido la vida. Seg\u00fan el reporte de las autoridades, un total de 110 personas de mantiene internadas en diversos hospital de la entidad por Covid-19<\/p>\n<p><a href=\"https:\/\/laverdadnoticias.com\/mexico\/Cierran-Elektra-de-Aguascalientes-por-brote-de-Covid-19-entre-el-personal-20200705-0196.html\" rel=\"noopener noreferrer\" target=\"_blank\">https:\/\/laverdadnoticias.com\/mexico\/Cierran-Elektra-de-Aguascalientes-por-brote-de-Covid-19-entre-el-personal-20200705-0196.html<\/a><\/p>\n","protected":false},"excerpt":{"rendered":"<p>Redacci\u00f3n\/La Verdad 5 julio 2020 Uno de los empleados de Elektra de Aguascalientes falleci\u00f3 a causa del Covid-19; se detect\u00f3 un brote en el personal. Cierran Elektra de Aguascalientes por &hellip; <a href=\"http:\/\/www.grieta.org.mx\/index.php\/2020\/07\/05\/cierran-elektra-de-aguascalientes-por-brote-de-covid-19-entre-el-personal\/\" class=\"more-link\">Leer m\u00e1s<\/a><\/p>\n","protected":false},"author":2,"featured_media":51586,"comment_status":"closed","ping_status":"closed","sticky":false,"template":"","format":"standard","meta":{"ngg_post_thumbnail":0,"_jetpack_newsletter_access":"","_jetpack_dont_email_post_to_subs":false,"_jetpack_newsletter_tier_id":0,"_jetpack_memberships_contains_paywalled_content":false,"_jetpack_memberships_contains_paid_content":false,"footnotes":""},"categories":[4,80,3290,910,1373,2,83],"tags":[3558,3241,2841],"class_list":["post-51585","post","type-post","status-publish","format-standard","has-post-thumbnail","hentry","category-aguascalientes","category-cintillo","category-covid-19-en-aguascalientes","category-explotacion-y-precariedad-laboral","category-explotacion-y-precariedad-laboral-en-aguascalientes","category-noticias-nacionales","category-temas-nacionales","tag-contagio-de-trabajadores-de-covid-19","tag-covid-19","tag-explotacion-y-precariedad-laboral","entry"],"jetpack_featured_media_url":"http:\/\/www.grieta.org.mx\/wp-content\/uploads\/2020\/07\/elektra_aguascalientes.jpg_793492074.jpg","jetpack_sharing_enabled":true,"jetpack_shortlink":"https:\/\/wp.me\/p7ZJR4-dq1","jetpack_likes_enabled":false,"jetpack-related-posts":[{"id":51375,"url":"http:\/\/www.grieta.org.mx\/index.php\/2020\/06\/22\/durante-pandemia-se-han-perdido-17-mil-empleos-en-aguascalientes\/","url_meta":{"origin":51585,"position":0},"title":"Durante pandemia se han perdido 17 mil empleos en Aguascalientes","author":"grieta","date":"22 junio, 2020","format":false,"excerpt":"Camila Ayala Espinosa\/El Economista 22 junio 2020 El Colegio de Economistas de Aguascalientes advirti\u00f3 que si se llega a dar un segundo brote de la pandemia del Covid-19 podr\u00eda mermarse m\u00e1s el panorama laboral de la entidad; adem\u00e1s, por toda la contingencia sanitaria para las mujeres la inserci\u00f3n a los\u2026","rel":"","context":"En &quot;Aguascalientes&quot;","block_context":{"text":"Aguascalientes","link":"http:\/\/www.grieta.org.mx\/index.php\/category\/noticias-nacionales\/aguascalientes\/"},"img":{"alt_text":"","src":"","width":0,"height":0},"classes":[]},{"id":62874,"url":"http:\/\/www.grieta.org.mx\/index.php\/2021\/09\/01\/jornaleros-agricolas-de-los-mas-vulnerados-ante-covid-19\/","url_meta":{"origin":51585,"position":1},"title":"Jornaleros agr\u00edcolas, de los m\u00e1s vulnerados ante Covid-19","author":"grieta","date":"1 septiembre, 2021","format":false,"excerpt":"\u00c9rika Ram\u00edrez -Contar\u00f1inea, 01 Sep 2021 La Red Nacional de Jornaleros y Jornaleras Agr\u00edcolas (REJJA), con presencia en Chiapas, Oaxaca, Guerrero, Ciudad de M\u00e9xico, Morelos, San Luis Potos\u00ed, Guanajuato, Sinaloa y Sonora, alert\u00f3 que este grupo de campesinos migrantes se enfrentan \u201ca una serie de situaciones que han vulnerado a\u00fan\u2026","rel":"","context":"En &quot;Aguascalientes&quot;","block_context":{"text":"Aguascalientes","link":"http:\/\/www.grieta.org.mx\/index.php\/category\/noticias-nacionales\/aguascalientes\/"},"img":{"alt_text":"","src":"https:\/\/i0.wp.com\/www.grieta.org.mx\/wp-content\/uploads\/2021\/12\/Captura-de-pantalla-2021-12-16-a-las-10.23.42.png?resize=350%2C200","width":350,"height":200,"srcset":"https:\/\/i0.wp.com\/www.grieta.org.mx\/wp-content\/uploads\/2021\/12\/Captura-de-pantalla-2021-12-16-a-las-10.23.42.png?resize=350%2C200 1x, https:\/\/i0.wp.com\/www.grieta.org.mx\/wp-content\/uploads\/2021\/12\/Captura-de-pantalla-2021-12-16-a-las-10.23.42.png?resize=525%2C300 1.5x, https:\/\/i0.wp.com\/www.grieta.org.mx\/wp-content\/uploads\/2021\/12\/Captura-de-pantalla-2021-12-16-a-las-10.23.42.png?resize=700%2C400 2x, https:\/\/i0.wp.com\/www.grieta.org.mx\/wp-content\/uploads\/2021\/12\/Captura-de-pantalla-2021-12-16-a-las-10.23.42.png?resize=1050%2C600 3x, https:\/\/i0.wp.com\/www.grieta.org.mx\/wp-content\/uploads\/2021\/12\/Captura-de-pantalla-2021-12-16-a-las-10.23.42.png?resize=1400%2C800 4x"},"classes":[]},{"id":51268,"url":"http:\/\/www.grieta.org.mx\/index.php\/2020\/06\/16\/trabajadores-y-ex-empleados-protestan-en-planta-de-nissan-en-aguascalientes\/","url_meta":{"origin":51585,"position":2},"title":"Trabajadores y ex empleados protestan en planta de Nissan, en Aguascalientes","author":"grieta","date":"16 junio, 2020","format":false,"excerpt":"Liberto Ure\u00f1a\/Milenio 16 junio 2020 Los manifestantes impidieron el tr\u00e1nsito en la carretera 45 Sur; exigen libertad sindical, reajuste en salarios y horarios de funciones. Los manifestantes se instalaron frente a los accesos de la empresa en Aguascalientes. (Foto: Liberto Ure\u00f1a) Cerca de 100 trabajadores despedidos y algunos en activo\u2026","rel":"","context":"En &quot;Aguascalientes&quot;","block_context":{"text":"Aguascalientes","link":"http:\/\/www.grieta.org.mx\/index.php\/category\/noticias-nacionales\/aguascalientes\/"},"img":{"alt_text":"","src":"https:\/\/i0.wp.com\/www.grieta.org.mx\/wp-content\/uploads\/2020\/06\/manifestantes-instalaron-frente-accesos-empresa_0_27_1200_746.jpeg?resize=350%2C200","width":350,"height":200,"srcset":"https:\/\/i0.wp.com\/www.grieta.org.mx\/wp-content\/uploads\/2020\/06\/manifestantes-instalaron-frente-accesos-empresa_0_27_1200_746.jpeg?resize=350%2C200 1x, https:\/\/i0.wp.com\/www.grieta.org.mx\/wp-content\/uploads\/2020\/06\/manifestantes-instalaron-frente-accesos-empresa_0_27_1200_746.jpeg?resize=525%2C300 1.5x, https:\/\/i0.wp.com\/www.grieta.org.mx\/wp-content\/uploads\/2020\/06\/manifestantes-instalaron-frente-accesos-empresa_0_27_1200_746.jpeg?resize=700%2C400 2x"},"classes":[]},{"id":50376,"url":"http:\/\/www.grieta.org.mx\/index.php\/2020\/06\/04\/nissan-despide-300-personas-en-aguascalientes\/","url_meta":{"origin":51585,"position":3},"title":"Nissan despide 300 personas en Aguascalientes","author":"grieta","date":"4 junio, 2020","format":false,"excerpt":"Jennifer Gonz\u00e1lez\/Expansi\u00f3n 4 junio 2020 500 personas dejar\u00e1n de trabajar en la planta de Nissan y en el sector de autopartes a partir de este lunes, informaron organizaciones sindicales. M\u00e9xico es el mayor proveedor de partes y componentes automotrices para Estados Unidos. (gerenme\/Getty Images\/iStockphoto) La armadora japonesa Nissan, que emplea\u2026","rel":"","context":"En &quot;CINTILLO&quot;","block_context":{"text":"CINTILLO","link":"http:\/\/www.grieta.org.mx\/index.php\/category\/cintillo\/"},"img":{"alt_text":"","src":"https:\/\/i0.wp.com\/www.grieta.org.mx\/wp-content\/uploads\/2020\/06\/autopartes.jpg?resize=350%2C200","width":350,"height":200,"srcset":"https:\/\/i0.wp.com\/www.grieta.org.mx\/wp-content\/uploads\/2020\/06\/autopartes.jpg?resize=350%2C200 1x, https:\/\/i0.wp.com\/www.grieta.org.mx\/wp-content\/uploads\/2020\/06\/autopartes.jpg?resize=525%2C300 1.5x, https:\/\/i0.wp.com\/www.grieta.org.mx\/wp-content\/uploads\/2020\/06\/autopartes.jpg?resize=700%2C400 2x, https:\/\/i0.wp.com\/www.grieta.org.mx\/wp-content\/uploads\/2020\/06\/autopartes.jpg?resize=1050%2C600 3x, https:\/\/i0.wp.com\/www.grieta.org.mx\/wp-content\/uploads\/2020\/06\/autopartes.jpg?resize=1400%2C800 4x"},"classes":[]},{"id":49250,"url":"http:\/\/www.grieta.org.mx\/index.php\/2020\/04\/21\/en-aguascalientes-meseros-piden-ser-incluidos-en-apoyos-economicos\/","url_meta":{"origin":51585,"position":4},"title":"En Aguascalientes, meseros piden ser incluidos en apoyos econ\u00f3micos","author":"grieta","date":"21 abril, 2020","format":false,"excerpt":"Gabriel Soriano\/La Jornada Aguascalientes 21 abril 2020 Sin ingresos quedaron los meseros al prohibir la realizaci\u00f3n de eventos Gobierno del Estado prometi\u00f3 hacerle entrega a la brevedad de apoyos econ\u00f3micos Meseros que son contratados por eventos se manifiestan afuera del Palacio de Gobierno, pues ante la baja actividad en el\u2026","rel":"","context":"En &quot;Aguascalientes&quot;","block_context":{"text":"Aguascalientes","link":"http:\/\/www.grieta.org.mx\/index.php\/category\/noticias-nacionales\/aguascalientes\/"},"img":{"alt_text":"","src":"https:\/\/i0.wp.com\/www.grieta.org.mx\/wp-content\/uploads\/2020\/05\/48791281107_90b9f4861e_c.jpg?resize=350%2C200","width":350,"height":200,"srcset":"https:\/\/i0.wp.com\/www.grieta.org.mx\/wp-content\/uploads\/2020\/05\/48791281107_90b9f4861e_c.jpg?resize=350%2C200 1x, https:\/\/i0.wp.com\/www.grieta.org.mx\/wp-content\/uploads\/2020\/05\/48791281107_90b9f4861e_c.jpg?resize=525%2C300 1.5x, https:\/\/i0.wp.com\/www.grieta.org.mx\/wp-content\/uploads\/2020\/05\/48791281107_90b9f4861e_c.jpg?resize=700%2C400 2x"},"classes":[]},{"id":49256,"url":"http:\/\/www.grieta.org.mx\/index.php\/2020\/04\/22\/edecanes-de-la-feria-de-san-marcos-piden-apoyo-ante-el-covid-19-aguascalientes\/","url_meta":{"origin":51585,"position":5},"title":"Edecanes de la Feria de San Marcos piden apoyo ante el Covid-19 (Aguascalientes)","author":"grieta","date":"22 abril, 2020","format":false,"excerpt":"Mariana Orozco\/Debate 22 abril 2020 Edecanes y modelos que laboraban en la Feria Nacional de San Marcos, en Aguascalientes, protestan por un apoyo ante la contingencia por la pandemia Aguascalientes. - Edecanes y modelos que trabajan en la Feria Nacional de San Marcos, en el estado de Aguascalientes, se manifestaron\u2026","rel":"","context":"En &quot;Aguascalientes&quot;","block_context":{"text":"Aguascalientes","link":"http:\/\/www.grieta.org.mx\/index.php\/category\/noticias-nacionales\/aguascalientes\/"},"img":{"alt_text":"","src":"https:\/\/i0.wp.com\/www.grieta.org.mx\/wp-content\/uploads\/2020\/05\/edecanes.png?resize=350%2C200","width":350,"height":200,"srcset":"https:\/\/i0.wp.com\/www.grieta.org.mx\/wp-content\/uploads\/2020\/05\/edecanes.png?resize=350%2C200 1x, https:\/\/i0.wp.com\/www.grieta.org.mx\/wp-content\/uploads\/2020\/05\/edecanes.png?resize=525%2C300 1.5x, https:\/\/i0.wp.com\/www.grieta.org.mx\/wp-content\/uploads\/2020\/05\/edecanes.png?resize=700%2C400 2x"},"classes":[]}],"_links":{"self":[{"href":"http:\/\/www.grieta.org.mx\/index.php\/wp-json\/wp\/v2\/posts\/51585","targetHints":{"allow":["GET"]}}],"collection":[{"href":"http:\/\/www.grieta.org.mx\/index.php\/wp-json\/wp\/v2\/posts"}],"about":[{"href":"http:\/\/www.grieta.org.mx\/index.php\/wp-json\/wp\/v2\/types\/post"}],"author":[{"embeddable":true,"href":"http:\/\/www.grieta.org.mx\/index.php\/wp-json\/wp\/v2\/users\/2"}],"replies":[{"embeddable":true,"href":"http:\/\/www.grieta.org.mx\/index.php\/wp-json\/wp\/v2\/comments?post=51585"}],"version-history":[{"count":1,"href":"http:\/\/www.grieta.org.mx\/index.php\/wp-json\/wp\/v2\/posts\/51585\/revisions"}],"predecessor-version":[{"id":51593,"href":"http:\/\/www.grieta.org.mx\/index.php\/wp-json\/wp\/v2\/posts\/51585\/revisions\/51593"}],"wp:featuredmedia":[{"embeddable":true,"href":"http:\/\/www.grieta.org.mx\/index.php\/wp-json\/wp\/v2\/media\/51586"}],"wp:attachment":[{"href":"http:\/\/www.grieta.org.mx\/index.php\/wp-json\/wp\/v2\/media?parent=51585"}],"wp:term":[{"taxonomy":"category","embeddable":true,"href":"http:\/\/www.grieta.org.mx\/index.php\/wp-json\/wp\/v2\/categories?post=51585"},{"taxonomy":"post_tag","embeddable":true,"href":"http:\/\/www.grieta.org.mx\/index.php\/wp-json\/wp\/v2\/tags?post=51585"}],"curies":[{"name":"wp","href":"https:\/\/api.w.org\/{rel}","templated":true}]}}