{"id":5158,"date":"2015-08-13T03:39:30","date_gmt":"2015-08-13T03:39:30","guid":{"rendered":"http:\/\/50.22.11.12\/~grietaor\/?p=5158"},"modified":"2016-03-26T03:48:18","modified_gmt":"2016-03-26T03:48:18","slug":"ejidatarios-de-san-juan-y-amealco-exigen-indemnizacion","status":"publish","type":"post","link":"http:\/\/www.grieta.org.mx\/index.php\/2015\/08\/13\/ejidatarios-de-san-juan-y-amealco-exigen-indemnizacion\/","title":{"rendered":"Ejidatarios de San Juan y Amealco exigen indemnizaci\u00f3n"},"content":{"rendered":"<p>Alma C\u00f3rdova\/Bit\u00e1cora Multimedios<\/p>\n<p>Ejidatarios de San Juan del R\u00edo y Amealco exigieron el pago de sus cosechas y de los da\u00f1os provocados a sus tierras debido a la construcci\u00f3n del paso del libramiento Palmillas-Apaseo, por lo que se tuvieron una reuni\u00f3n de trabajo con autoridades municipales y estatales, as\u00ed como con representantes de la empresa ICA, que es la encargada de la obra.<\/p>\n<p>Algunos de los ejidatarios involucrados corresponden a Potrerillos, Tunamanza y La Laborcilla, quienes acusaron a la empresa ICA, as\u00ed como al gobierno federal y estatal de incumplir los pagos correspondientes al uso de sus tierras que, en el caso del ejido Potrerillos, asciende a un mill\u00f3n 488 mil pesos.<\/p>\n<p>Los ejidatarios expresaron que a casi un a\u00f1o de que denunciaron afectaciones a sus cosechas, no han recibido indemnizaci\u00f3n ni obras de remediaci\u00f3n, sin embargo temen que el cambio en las administraciones estatal y municipal entorpezca la entrega de los recursos.<\/p>\n<p>En la reuni\u00f3n se inform\u00f3 que dentro de las actividades realizadas por las autoridades solo se efectu\u00f3 el aval\u00fao para los ejidatarios de Potrerillos que \u2013 seg\u00fan los funcionarios estatales- tiene una diferencia de apenas 200 mil pesos sobre los da\u00f1os presentados por los afectados. El monto que les ser\u00e1 entregado asciende a cerca un mill\u00f3n 200 mil pesos, y en las siguientes semanas, se desarrollar\u00e1n los estudios para el resto de los ejidos.<\/p>\n<p>De igual manera, los representantes de la empresa Ingenieros Civiles Asociados (ICA) se comprometieron con los ejidatarios a cubrir el monto de la indemnizaci\u00f3n en un plazo no mayor a un mes, mientras que los funcionarios estatales se ofrecieron como avales, aunque reconocieron que la transici\u00f3n de administraciones podr\u00eda afectar esta labor.<\/p>\n<p>A esta reuni\u00f3n acudieron funcionarios de la Secretar\u00eda de Comunicaciones y Transportes (SCT), as\u00ed como de la empresa ICA y en representaci\u00f3n del gobierno municipal acudi\u00f3 el regidor Javier Osornio.<\/p>\n<p><a href=\"http:\/\/www.bitacoramultimedios.com.mx\/2015\/08\/13\/ejidatarios-de-san-juan-y-amealco-exigen-indemnizacion\/\" target=\"_blank\">www.bitacoramultimedios.com.mx\/2015\/08\/13\/ejidatarios-de-san-juan-y-amealco-exigen-indemnizacion\/<\/a><\/p>\n","protected":false},"excerpt":{"rendered":"<p>Alma C\u00f3rdova\/Bit\u00e1cora Multimedios Ejidatarios de San Juan del R\u00edo y Amealco exigieron el pago de sus cosechas y de los da\u00f1os provocados a sus tierras debido a la construcci\u00f3n del &hellip; <a href=\"http:\/\/www.grieta.org.mx\/index.php\/2015\/08\/13\/ejidatarios-de-san-juan-y-amealco-exigen-indemnizacion\/\" class=\"more-link\">Leer m\u00e1s<\/a><\/p>\n","protected":false},"author":2,"featured_media":21928,"comment_status":"closed","ping_status":"open","sticky":false,"template":"","format":"standard","meta":{"ngg_post_thumbnail":0,"_jetpack_newsletter_access":"","_jetpack_dont_email_post_to_subs":false,"_jetpack_newsletter_tier_id":0,"_jetpack_memberships_contains_paywalled_content":false,"_jetpack_memberships_contains_paid_content":false,"footnotes":""},"categories":[80,359],"tags":[175,304,389,388],"class_list":["post-5158","post","type-post","status-publish","format-standard","has-post-thumbnail","hentry","category-cintillo","category-queretaro","tag-ejidatarios","tag-ica","tag-libramiento-apaseo-palmilas","tag-sct","entry"],"jetpack_featured_media_url":"http:\/\/www.grieta.org.mx\/wp-content\/uploads\/2018\/03\/14524434_1106112876131411_958039263622046936_o.jpg","jetpack_sharing_enabled":true,"jetpack_shortlink":"https:\/\/wp.me\/p7ZJR4-1lc","jetpack_likes_enabled":false,"jetpack-related-posts":[{"id":5155,"url":"http:\/\/www.grieta.org.mx\/index.php\/2016\/04\/30\/ejidatarios-de-san-juan-y-amealco-exigen-indemnizacion-por-libramiento\/","url_meta":{"origin":5158,"position":0},"title":"Conflictos por la construcci\u00f3n del libramiento Apaseo-Palmillas","author":"grieta","date":"30 abril, 2016","format":false,"excerpt":"30\/04\/16. Dice la SCT que no puede intervenir en conflicto del libramiento AM Quer\u00e9taro 28\/04\/16. Denuncia Sindicato de Trabajadores Transportistas del Municipio de Huimilpan despojo laboral AM Quer\u00e9taro 25\/10\/15. Sin pagar a afectados por obra en Apaseo-Palmillas AM Quer\u00e9taro 15\/09\/15. ICA y la SCT incumplen con pagos a ejidatarios afectados\u2026","rel":"","context":"En &quot;Comunicaciones y transportes&quot;","block_context":{"text":"Comunicaciones y transportes","link":"http:\/\/www.grieta.org.mx\/index.php\/category\/megaproyectos\/comunicaciones-y-transportes\/"},"img":{"alt_text":"","src":"https:\/\/i0.wp.com\/www.grieta.org.mx\/wp-content\/uploads\/2018\/03\/14524434_1106112876131411_958039263622046936_o.jpg?resize=350%2C200","width":350,"height":200,"srcset":"https:\/\/i0.wp.com\/www.grieta.org.mx\/wp-content\/uploads\/2018\/03\/14524434_1106112876131411_958039263622046936_o.jpg?resize=350%2C200 1x, https:\/\/i0.wp.com\/www.grieta.org.mx\/wp-content\/uploads\/2018\/03\/14524434_1106112876131411_958039263622046936_o.jpg?resize=525%2C300 1.5x, https:\/\/i0.wp.com\/www.grieta.org.mx\/wp-content\/uploads\/2018\/03\/14524434_1106112876131411_958039263622046936_o.jpg?resize=700%2C400 2x"},"classes":[]},{"id":5156,"url":"http:\/\/www.grieta.org.mx\/index.php\/2015\/08\/22\/atiende-cnc-a-afectados-por-libramiento-palmillas-apaseo\/","url_meta":{"origin":5158,"position":1},"title":"Atiende CNC a afectados por libramiento Palmillas\u2013Apaseo","author":"grieta","date":"22 agosto, 2015","format":false,"excerpt":"Rafael Rodr\u00edguez\/Noticias de Quer\u00e9taro En las Instalaciones de la Confederaci\u00f3n Nacional Campesina (CNC) en el municipio de San Juan del R\u00edo se llev\u00f3 a cabo una reuni\u00f3n de trabajo con los diferentes presidentes del comisariado que han sido afectados por la construcci\u00f3n del nuevo libramiento Palmillas Paseo. Los afectados son\u2026","rel":"","context":"En &quot;CINTILLO&quot;","block_context":{"text":"CINTILLO","link":"http:\/\/www.grieta.org.mx\/index.php\/category\/cintillo\/"},"img":{"alt_text":"","src":"https:\/\/i0.wp.com\/www.grieta.org.mx\/wp-content\/uploads\/2018\/03\/14524434_1106112876131411_958039263622046936_o.jpg?resize=350%2C200","width":350,"height":200,"srcset":"https:\/\/i0.wp.com\/www.grieta.org.mx\/wp-content\/uploads\/2018\/03\/14524434_1106112876131411_958039263622046936_o.jpg?resize=350%2C200 1x, https:\/\/i0.wp.com\/www.grieta.org.mx\/wp-content\/uploads\/2018\/03\/14524434_1106112876131411_958039263622046936_o.jpg?resize=525%2C300 1.5x, https:\/\/i0.wp.com\/www.grieta.org.mx\/wp-content\/uploads\/2018\/03\/14524434_1106112876131411_958039263622046936_o.jpg?resize=700%2C400 2x"},"classes":[]},{"id":5157,"url":"http:\/\/www.grieta.org.mx\/index.php\/2015\/08\/14\/se-reunen-ejidatarios-de-san-juan-del-rio-con-sct-y-constructora\/","url_meta":{"origin":5158,"position":2},"title":"Se re\u00fanen ejidatarios de San Juan del R\u00edo con SCT y constructora","author":"grieta","date":"14 agosto, 2015","format":false,"excerpt":"Guillermo Contreras\/AM Quer\u00e9taro Se re\u00fanen ejidatarios de San Juan del R\u00edo con SCT y constructora Los de la constructora aseguran que se siguen cuantificando los da\u00f1os a las parcelas, toda vez que hay continuidad en el gobierno federal. Cabe recordar que el libramiento Apaseo-Palmillas es una obra concesionada a la\u2026","rel":"","context":"En &quot;CINTILLO&quot;","block_context":{"text":"CINTILLO","link":"http:\/\/www.grieta.org.mx\/index.php\/category\/cintillo\/"},"img":{"alt_text":"","src":"https:\/\/i0.wp.com\/www.grieta.org.mx\/wp-content\/uploads\/2018\/03\/14524434_1106112876131411_958039263622046936_o.jpg?resize=350%2C200","width":350,"height":200,"srcset":"https:\/\/i0.wp.com\/www.grieta.org.mx\/wp-content\/uploads\/2018\/03\/14524434_1106112876131411_958039263622046936_o.jpg?resize=350%2C200 1x, https:\/\/i0.wp.com\/www.grieta.org.mx\/wp-content\/uploads\/2018\/03\/14524434_1106112876131411_958039263622046936_o.jpg?resize=525%2C300 1.5x, https:\/\/i0.wp.com\/www.grieta.org.mx\/wp-content\/uploads\/2018\/03\/14524434_1106112876131411_958039263622046936_o.jpg?resize=700%2C400 2x"},"classes":[]},{"id":11536,"url":"http:\/\/www.grieta.org.mx\/index.php\/2015\/10\/25\/sin-pagar-a-afectados-por-obra-en-apaseo-palmillas\/","url_meta":{"origin":5158,"position":3},"title":"Sin pagar a afectados por obra en Apaseo-Palmillas","author":"grieta","date":"25 octubre, 2015","format":false,"excerpt":"Redacci\u00f3n\/AM Quer\u00e9taro Los ejidatarios afectados por obra en San Juan del R\u00edo no han recibido la indemnizaci\u00f3n por los trabajos de la empresa ICA La Secretar\u00eda de Comunicaciones y Transportes (SCT) no ha pagado las indemnizaciones que comprometi\u00f3 con los ejidatarios de San Juan del R\u00edo por las afectaciones que\u2026","rel":"","context":"En &quot;CINTILLO&quot;","block_context":{"text":"CINTILLO","link":"http:\/\/www.grieta.org.mx\/index.php\/category\/cintillo\/"},"img":{"alt_text":"","src":"https:\/\/i0.wp.com\/www.grieta.org.mx\/wp-content\/uploads\/2018\/03\/14524434_1106112876131411_958039263622046936_o.jpg?resize=350%2C200","width":350,"height":200,"srcset":"https:\/\/i0.wp.com\/www.grieta.org.mx\/wp-content\/uploads\/2018\/03\/14524434_1106112876131411_958039263622046936_o.jpg?resize=350%2C200 1x, https:\/\/i0.wp.com\/www.grieta.org.mx\/wp-content\/uploads\/2018\/03\/14524434_1106112876131411_958039263622046936_o.jpg?resize=525%2C300 1.5x, https:\/\/i0.wp.com\/www.grieta.org.mx\/wp-content\/uploads\/2018\/03\/14524434_1106112876131411_958039263622046936_o.jpg?resize=700%2C400 2x"},"classes":[]},{"id":4999,"url":"http:\/\/www.grieta.org.mx\/index.php\/2015\/09\/15\/ica-y-la-sct-incumplen-con-pagos-a-ejidatarios-afectados-por-el-libramiento-palmillas-apaseo\/","url_meta":{"origin":5158,"position":4},"title":"ICA y la SCT incumplen con pagos a ejidatarios afectados por el libramiento Palmillas-Apaseo","author":"grieta","date":"15 septiembre, 2015","format":false,"excerpt":"Guillermo Contreras\/AM Quer\u00e9taro De acuerdo con el titular del Centro SCT en el estado, el proyecto del libramiento Apaseo-Palmillas se entregar\u00e1 hasta el segundo semestre del pr\u00f3ximo a\u00f1o El inicio de operaciones del libramiento Apaseo-Palmillas, proyecto en el que se aplican recursos por 5 mil 700 millones de pesos, se\u2026","rel":"","context":"En &quot;CINTILLO&quot;","block_context":{"text":"CINTILLO","link":"http:\/\/www.grieta.org.mx\/index.php\/category\/cintillo\/"},"img":{"alt_text":"","src":"https:\/\/i0.wp.com\/www.grieta.org.mx\/wp-content\/uploads\/2018\/03\/14524434_1106112876131411_958039263622046936_o.jpg?resize=350%2C200","width":350,"height":200,"srcset":"https:\/\/i0.wp.com\/www.grieta.org.mx\/wp-content\/uploads\/2018\/03\/14524434_1106112876131411_958039263622046936_o.jpg?resize=350%2C200 1x, https:\/\/i0.wp.com\/www.grieta.org.mx\/wp-content\/uploads\/2018\/03\/14524434_1106112876131411_958039263622046936_o.jpg?resize=525%2C300 1.5x, https:\/\/i0.wp.com\/www.grieta.org.mx\/wp-content\/uploads\/2018\/03\/14524434_1106112876131411_958039263622046936_o.jpg?resize=700%2C400 2x"},"classes":[]},{"id":11623,"url":"http:\/\/www.grieta.org.mx\/index.php\/2016\/04\/28\/denuncia-sindicato-despojo-laboral\/","url_meta":{"origin":5158,"position":5},"title":"Denuncia Sindicato de Trabajadores Transportistas del Municipio de Huimilpan despojo laboral","author":"grieta","date":"28 abril, 2016","format":false,"excerpt":"M\u00f3nica Gordillo\/AM Quer\u00e9taro Los trabajadores acusaron de despojo al Sindicato Nacional del Estado de M\u00e9xico en la obra de construcci\u00f3n de la autopista Apaseo El Grande-Palmillas Integrantes del Sindicato de Trabajadores Transportistas del Municipio de Huimilpan, adherido a la CTM, denunciaron el despojo laboral desde el s\u00e1bado pasado por parte\u2026","rel":"","context":"En &quot;CINTILLO&quot;","block_context":{"text":"CINTILLO","link":"http:\/\/www.grieta.org.mx\/index.php\/category\/cintillo\/"},"img":{"alt_text":"","src":"https:\/\/i0.wp.com\/www.grieta.org.mx\/wp-content\/uploads\/2018\/03\/14524434_1106112876131411_958039263622046936_o.jpg?resize=350%2C200","width":350,"height":200,"srcset":"https:\/\/i0.wp.com\/www.grieta.org.mx\/wp-content\/uploads\/2018\/03\/14524434_1106112876131411_958039263622046936_o.jpg?resize=350%2C200 1x, https:\/\/i0.wp.com\/www.grieta.org.mx\/wp-content\/uploads\/2018\/03\/14524434_1106112876131411_958039263622046936_o.jpg?resize=525%2C300 1.5x, https:\/\/i0.wp.com\/www.grieta.org.mx\/wp-content\/uploads\/2018\/03\/14524434_1106112876131411_958039263622046936_o.jpg?resize=700%2C400 2x"},"classes":[]}],"_links":{"self":[{"href":"http:\/\/www.grieta.org.mx\/index.php\/wp-json\/wp\/v2\/posts\/5158","targetHints":{"allow":["GET"]}}],"collection":[{"href":"http:\/\/www.grieta.org.mx\/index.php\/wp-json\/wp\/v2\/posts"}],"about":[{"href":"http:\/\/www.grieta.org.mx\/index.php\/wp-json\/wp\/v2\/types\/post"}],"author":[{"embeddable":true,"href":"http:\/\/www.grieta.org.mx\/index.php\/wp-json\/wp\/v2\/users\/2"}],"replies":[{"embeddable":true,"href":"http:\/\/www.grieta.org.mx\/index.php\/wp-json\/wp\/v2\/comments?post=5158"}],"version-history":[{"count":1,"href":"http:\/\/www.grieta.org.mx\/index.php\/wp-json\/wp\/v2\/posts\/5158\/revisions"}],"predecessor-version":[{"id":5162,"href":"http:\/\/www.grieta.org.mx\/index.php\/wp-json\/wp\/v2\/posts\/5158\/revisions\/5162"}],"wp:featuredmedia":[{"embeddable":true,"href":"http:\/\/www.grieta.org.mx\/index.php\/wp-json\/wp\/v2\/media\/21928"}],"wp:attachment":[{"href":"http:\/\/www.grieta.org.mx\/index.php\/wp-json\/wp\/v2\/media?parent=5158"}],"wp:term":[{"taxonomy":"category","embeddable":true,"href":"http:\/\/www.grieta.org.mx\/index.php\/wp-json\/wp\/v2\/categories?post=5158"},{"taxonomy":"post_tag","embeddable":true,"href":"http:\/\/www.grieta.org.mx\/index.php\/wp-json\/wp\/v2\/tags?post=5158"}],"curies":[{"name":"wp","href":"https:\/\/api.w.org\/{rel}","templated":true}]}}