{"id":5157,"date":"2015-08-14T03:39:28","date_gmt":"2015-08-14T03:39:28","guid":{"rendered":"http:\/\/50.22.11.12\/~grietaor\/?p=5157"},"modified":"2016-03-26T03:46:45","modified_gmt":"2016-03-26T03:46:45","slug":"se-reunen-ejidatarios-de-san-juan-del-rio-con-sct-y-constructora","status":"publish","type":"post","link":"http:\/\/www.grieta.org.mx\/index.php\/2015\/08\/14\/se-reunen-ejidatarios-de-san-juan-del-rio-con-sct-y-constructora\/","title":{"rendered":"Se re\u00fanen ejidatarios de San Juan del R\u00edo con SCT y constructora"},"content":{"rendered":"<p>Guillermo Contreras\/AM Quer\u00e9taro<\/p>\n<p>Se re\u00fanen ejidatarios de San Juan del R\u00edo con SCT y constructora<br \/>\nLos de la constructora aseguran que se siguen cuantificando los da\u00f1os a las parcelas, toda vez que hay continuidad en el gobierno federal.<\/p>\n<p>Cabe recordar que el libramiento Apaseo-Palmillas es una obra concesionada a la empresa ICA, en donde se aplica una inversi\u00f3n de 5 mil 500 millones de pesos<\/p>\n<p>Representantes de tres ejidos en San Juan del R\u00edo tuvieron una reuni\u00f3n con autoridades de la Secretar\u00eda de Comunicaciones y Transportes (SCT) y la empresa ICA, con el objetivo de definir fechas para el pago de indemnizaci\u00f3n por afectaciones que ha ocasionado la compa\u00f1\u00eda constructora durante la construcci\u00f3n del libramiento Apaseo-Palmillas.<\/p>\n<p>\u00d3scar del Castillo Garc\u00eda, subdirector de obras del centro SCT, reconoci\u00f3 que hubo un retraso en el flujo de los recursos y ser\u00e1 hasta el pr\u00f3ximo mes cuando se d\u00e9 cumplimiento a los compromisos que en total suman cerca de 2 millones de pesos.<\/p>\n<p>El subdirector de obras explic\u00f3 que en la anterior temporada de lluvias los ejidatarios se\u00f1alaron que hubo da\u00f1os a sus parcelas, debido a que las m\u00e1quinas invadieron \u00e1reas de cultivo y rompieron canales de conducci\u00f3n de agua para el riego. Aunque se realizaron trabajos para reparar la infraestructura agr\u00edcola, esto no se hizo a tiempo, lo que devino en p\u00e9rdidas de cosecha. Asegur\u00f3 que ICA y SCT reconocen las afectaciones, es por ello que se realizan estos encuentros.<\/p>\n<p>\u201cEstamos tramitando el recurso, les explicamos que se han tenido algunos retrasos. Hab\u00edamos dado un periodo de pago que hoy se est\u00e1 alargando un mes m\u00e1s; pero ya se les hizo de su conocimiento y se estar\u00e1n teniendo reuniones para revisar los asuntos que tienen que<br \/>\nver con afectaciones y obras adicionales\u201d, dijo.<\/p>\n<p>El funcionario dijo que siguen cuantificando los da\u00f1os a las parcelas y record\u00f3 que el cambio en la administraci\u00f3n estatal no genera afectaci\u00f3n en los compromisos que se firmaron, toda vez que hay continuidad en el gobierno federal.<\/p>\n<p>Se\u00f1al\u00f3 que son 40 ejidatarios los afectados que pertenecen a los comisariados; y de los ejidos que fueron afectados son: Potrerillos, Tunamanza y La Laborcilla.<\/p>\n<p>CNC<\/p>\n<p>Al respecto de la reuni\u00f3n informativa, Felipe Ru\u00edz Ram\u00edrez, dirigente en San Juan del R\u00edo de la Confederaci\u00f3n Nacional Campesina (CNC), reconoci\u00f3 que los ejidatarios est\u00e1n \u2018inquietos\u2019 por el retraso en los pagos por parte de la SCT y, aunque dijo se est\u00e1n teniendo reuniones informativas, de no darse los pagos en los plazos acordados, tomar\u00e1n otro tipo de medidas.<\/p>\n<p>\u201cHace un a\u00f1o tomamos la carretera estatal 300 como medida de protesta, porque la empresa no quer\u00eda responsabilizarse por los da\u00f1os, hoy s\u00ed reconocen que tienen un adeudo con nuestros ejidatarios, pero pago no se ha realizado. Ellos saben las consecuencias y hasta qu\u00e9 punto estamos dispuestos a defender nuestros derechos\u201d, explic\u00f3 el representante de la CNC.<\/p>\n<p>Cabe recordar que el libramiento Apaseo-Palmillas es una obra concesionada a la empresa ICA, en donde se aplica una inversi\u00f3n de 5 mil 500 millones de pesos y que est\u00e1 programada a entregarse durante el segundo semestre de 2016; a la fecha se tiene un avance en la construcci\u00f3n de 35 por ciento.<\/p>\n<p><a href=\"http:\/\/amqueretaro.com\/san-juan-del-rio\/2015\/08\/14\/se-reunen-ejidatarios-de-san-juan-del-rio-con-sct-y-constructora#sthash.PLEv5z0l.dpuf\" target=\"_blank\">amqueretaro.com\/san-juan-del-rio\/2015\/08\/14\/se-reunen-ejidatarios-de-san-juan-del-rio-con-sct-y-constructora#sthash.PLEv5z0l.dpuf<\/a><\/p>\n","protected":false},"excerpt":{"rendered":"<p>Guillermo Contreras\/AM Quer\u00e9taro Se re\u00fanen ejidatarios de San Juan del R\u00edo con SCT y constructora Los de la constructora aseguran que se siguen cuantificando los da\u00f1os a las parcelas, toda &hellip; <a href=\"http:\/\/www.grieta.org.mx\/index.php\/2015\/08\/14\/se-reunen-ejidatarios-de-san-juan-del-rio-con-sct-y-constructora\/\" class=\"more-link\">Leer m\u00e1s<\/a><\/p>\n","protected":false},"author":2,"featured_media":21928,"comment_status":"closed","ping_status":"open","sticky":false,"template":"","format":"standard","meta":{"ngg_post_thumbnail":0,"_jetpack_newsletter_access":"","_jetpack_dont_email_post_to_subs":false,"_jetpack_newsletter_tier_id":0,"_jetpack_memberships_contains_paywalled_content":false,"_jetpack_memberships_contains_paid_content":false,"footnotes":""},"categories":[80,359],"tags":[175,304,389,388],"class_list":["post-5157","post","type-post","status-publish","format-standard","has-post-thumbnail","hentry","category-cintillo","category-queretaro","tag-ejidatarios","tag-ica","tag-libramiento-apaseo-palmilas","tag-sct","entry"],"jetpack_featured_media_url":"http:\/\/www.grieta.org.mx\/wp-content\/uploads\/2018\/03\/14524434_1106112876131411_958039263622046936_o.jpg","jetpack_sharing_enabled":true,"jetpack_shortlink":"https:\/\/wp.me\/p7ZJR4-1lb","jetpack_likes_enabled":false,"jetpack-related-posts":[{"id":5155,"url":"http:\/\/www.grieta.org.mx\/index.php\/2016\/04\/30\/ejidatarios-de-san-juan-y-amealco-exigen-indemnizacion-por-libramiento\/","url_meta":{"origin":5157,"position":0},"title":"Conflictos por la construcci\u00f3n del libramiento Apaseo-Palmillas","author":"grieta","date":"30 abril, 2016","format":false,"excerpt":"30\/04\/16. Dice la SCT que no puede intervenir en conflicto del libramiento AM Quer\u00e9taro 28\/04\/16. Denuncia Sindicato de Trabajadores Transportistas del Municipio de Huimilpan despojo laboral AM Quer\u00e9taro 25\/10\/15. Sin pagar a afectados por obra en Apaseo-Palmillas AM Quer\u00e9taro 15\/09\/15. ICA y la SCT incumplen con pagos a ejidatarios afectados\u2026","rel":"","context":"En &quot;Comunicaciones y transportes&quot;","block_context":{"text":"Comunicaciones y transportes","link":"http:\/\/www.grieta.org.mx\/index.php\/category\/megaproyectos\/comunicaciones-y-transportes\/"},"img":{"alt_text":"","src":"https:\/\/i0.wp.com\/www.grieta.org.mx\/wp-content\/uploads\/2018\/03\/14524434_1106112876131411_958039263622046936_o.jpg?resize=350%2C200","width":350,"height":200,"srcset":"https:\/\/i0.wp.com\/www.grieta.org.mx\/wp-content\/uploads\/2018\/03\/14524434_1106112876131411_958039263622046936_o.jpg?resize=350%2C200 1x, https:\/\/i0.wp.com\/www.grieta.org.mx\/wp-content\/uploads\/2018\/03\/14524434_1106112876131411_958039263622046936_o.jpg?resize=525%2C300 1.5x, https:\/\/i0.wp.com\/www.grieta.org.mx\/wp-content\/uploads\/2018\/03\/14524434_1106112876131411_958039263622046936_o.jpg?resize=700%2C400 2x"},"classes":[]},{"id":5156,"url":"http:\/\/www.grieta.org.mx\/index.php\/2015\/08\/22\/atiende-cnc-a-afectados-por-libramiento-palmillas-apaseo\/","url_meta":{"origin":5157,"position":1},"title":"Atiende CNC a afectados por libramiento Palmillas\u2013Apaseo","author":"grieta","date":"22 agosto, 2015","format":false,"excerpt":"Rafael Rodr\u00edguez\/Noticias de Quer\u00e9taro En las Instalaciones de la Confederaci\u00f3n Nacional Campesina (CNC) en el municipio de San Juan del R\u00edo se llev\u00f3 a cabo una reuni\u00f3n de trabajo con los diferentes presidentes del comisariado que han sido afectados por la construcci\u00f3n del nuevo libramiento Palmillas Paseo. Los afectados son\u2026","rel":"","context":"En &quot;CINTILLO&quot;","block_context":{"text":"CINTILLO","link":"http:\/\/www.grieta.org.mx\/index.php\/category\/cintillo\/"},"img":{"alt_text":"","src":"https:\/\/i0.wp.com\/www.grieta.org.mx\/wp-content\/uploads\/2018\/03\/14524434_1106112876131411_958039263622046936_o.jpg?resize=350%2C200","width":350,"height":200,"srcset":"https:\/\/i0.wp.com\/www.grieta.org.mx\/wp-content\/uploads\/2018\/03\/14524434_1106112876131411_958039263622046936_o.jpg?resize=350%2C200 1x, https:\/\/i0.wp.com\/www.grieta.org.mx\/wp-content\/uploads\/2018\/03\/14524434_1106112876131411_958039263622046936_o.jpg?resize=525%2C300 1.5x, https:\/\/i0.wp.com\/www.grieta.org.mx\/wp-content\/uploads\/2018\/03\/14524434_1106112876131411_958039263622046936_o.jpg?resize=700%2C400 2x"},"classes":[]},{"id":11536,"url":"http:\/\/www.grieta.org.mx\/index.php\/2015\/10\/25\/sin-pagar-a-afectados-por-obra-en-apaseo-palmillas\/","url_meta":{"origin":5157,"position":2},"title":"Sin pagar a afectados por obra en Apaseo-Palmillas","author":"grieta","date":"25 octubre, 2015","format":false,"excerpt":"Redacci\u00f3n\/AM Quer\u00e9taro Los ejidatarios afectados por obra en San Juan del R\u00edo no han recibido la indemnizaci\u00f3n por los trabajos de la empresa ICA La Secretar\u00eda de Comunicaciones y Transportes (SCT) no ha pagado las indemnizaciones que comprometi\u00f3 con los ejidatarios de San Juan del R\u00edo por las afectaciones que\u2026","rel":"","context":"En &quot;CINTILLO&quot;","block_context":{"text":"CINTILLO","link":"http:\/\/www.grieta.org.mx\/index.php\/category\/cintillo\/"},"img":{"alt_text":"","src":"https:\/\/i0.wp.com\/www.grieta.org.mx\/wp-content\/uploads\/2018\/03\/14524434_1106112876131411_958039263622046936_o.jpg?resize=350%2C200","width":350,"height":200,"srcset":"https:\/\/i0.wp.com\/www.grieta.org.mx\/wp-content\/uploads\/2018\/03\/14524434_1106112876131411_958039263622046936_o.jpg?resize=350%2C200 1x, https:\/\/i0.wp.com\/www.grieta.org.mx\/wp-content\/uploads\/2018\/03\/14524434_1106112876131411_958039263622046936_o.jpg?resize=525%2C300 1.5x, https:\/\/i0.wp.com\/www.grieta.org.mx\/wp-content\/uploads\/2018\/03\/14524434_1106112876131411_958039263622046936_o.jpg?resize=700%2C400 2x"},"classes":[]},{"id":5158,"url":"http:\/\/www.grieta.org.mx\/index.php\/2015\/08\/13\/ejidatarios-de-san-juan-y-amealco-exigen-indemnizacion\/","url_meta":{"origin":5157,"position":3},"title":"Ejidatarios de San Juan y Amealco exigen indemnizaci\u00f3n","author":"grieta","date":"13 agosto, 2015","format":false,"excerpt":"Alma C\u00f3rdova\/Bit\u00e1cora Multimedios Ejidatarios de San Juan del R\u00edo y Amealco exigieron el pago de sus cosechas y de los da\u00f1os provocados a sus tierras debido a la construcci\u00f3n del paso del libramiento Palmillas-Apaseo, por lo que se tuvieron una reuni\u00f3n de trabajo con autoridades municipales y estatales, as\u00ed como\u2026","rel":"","context":"En &quot;CINTILLO&quot;","block_context":{"text":"CINTILLO","link":"http:\/\/www.grieta.org.mx\/index.php\/category\/cintillo\/"},"img":{"alt_text":"","src":"https:\/\/i0.wp.com\/www.grieta.org.mx\/wp-content\/uploads\/2018\/03\/14524434_1106112876131411_958039263622046936_o.jpg?resize=350%2C200","width":350,"height":200,"srcset":"https:\/\/i0.wp.com\/www.grieta.org.mx\/wp-content\/uploads\/2018\/03\/14524434_1106112876131411_958039263622046936_o.jpg?resize=350%2C200 1x, https:\/\/i0.wp.com\/www.grieta.org.mx\/wp-content\/uploads\/2018\/03\/14524434_1106112876131411_958039263622046936_o.jpg?resize=525%2C300 1.5x, https:\/\/i0.wp.com\/www.grieta.org.mx\/wp-content\/uploads\/2018\/03\/14524434_1106112876131411_958039263622046936_o.jpg?resize=700%2C400 2x"},"classes":[]},{"id":4999,"url":"http:\/\/www.grieta.org.mx\/index.php\/2015\/09\/15\/ica-y-la-sct-incumplen-con-pagos-a-ejidatarios-afectados-por-el-libramiento-palmillas-apaseo\/","url_meta":{"origin":5157,"position":4},"title":"ICA y la SCT incumplen con pagos a ejidatarios afectados por el libramiento Palmillas-Apaseo","author":"grieta","date":"15 septiembre, 2015","format":false,"excerpt":"Guillermo Contreras\/AM Quer\u00e9taro De acuerdo con el titular del Centro SCT en el estado, el proyecto del libramiento Apaseo-Palmillas se entregar\u00e1 hasta el segundo semestre del pr\u00f3ximo a\u00f1o El inicio de operaciones del libramiento Apaseo-Palmillas, proyecto en el que se aplican recursos por 5 mil 700 millones de pesos, se\u2026","rel":"","context":"En &quot;CINTILLO&quot;","block_context":{"text":"CINTILLO","link":"http:\/\/www.grieta.org.mx\/index.php\/category\/cintillo\/"},"img":{"alt_text":"","src":"https:\/\/i0.wp.com\/www.grieta.org.mx\/wp-content\/uploads\/2018\/03\/14524434_1106112876131411_958039263622046936_o.jpg?resize=350%2C200","width":350,"height":200,"srcset":"https:\/\/i0.wp.com\/www.grieta.org.mx\/wp-content\/uploads\/2018\/03\/14524434_1106112876131411_958039263622046936_o.jpg?resize=350%2C200 1x, https:\/\/i0.wp.com\/www.grieta.org.mx\/wp-content\/uploads\/2018\/03\/14524434_1106112876131411_958039263622046936_o.jpg?resize=525%2C300 1.5x, https:\/\/i0.wp.com\/www.grieta.org.mx\/wp-content\/uploads\/2018\/03\/14524434_1106112876131411_958039263622046936_o.jpg?resize=700%2C400 2x"},"classes":[]},{"id":11540,"url":"http:\/\/www.grieta.org.mx\/index.php\/2016\/04\/30\/dice-la-sct-que-no-puede-intervenir-en-conflicto-del-libramiento\/","url_meta":{"origin":5157,"position":5},"title":"Dice la SCT que no puede intervenir en conflicto del libramiento","author":"grieta","date":"30 abril, 2016","format":false,"excerpt":"M\u00f3nica Gordillo\/AM Quer\u00e9taro Integrantes del Sindicato de Trabajadores Transportistas del Municipio de Huimilpan aseguraron ser despojados en la obra de construcci\u00f3n del libramiento Apaseo-Palmillas El director del Centro de la Secretar\u00eda de Comunicaciones y Transportes (SCT), Ricardo Ortiz Estrada, subray\u00f3 que la dependencia federal no puede intervenir en contratos entre\u2026","rel":"","context":"En &quot;CINTILLO&quot;","block_context":{"text":"CINTILLO","link":"http:\/\/www.grieta.org.mx\/index.php\/category\/cintillo\/"},"img":{"alt_text":"","src":"https:\/\/i0.wp.com\/www.grieta.org.mx\/wp-content\/uploads\/2018\/03\/14524434_1106112876131411_958039263622046936_o.jpg?resize=350%2C200","width":350,"height":200,"srcset":"https:\/\/i0.wp.com\/www.grieta.org.mx\/wp-content\/uploads\/2018\/03\/14524434_1106112876131411_958039263622046936_o.jpg?resize=350%2C200 1x, https:\/\/i0.wp.com\/www.grieta.org.mx\/wp-content\/uploads\/2018\/03\/14524434_1106112876131411_958039263622046936_o.jpg?resize=525%2C300 1.5x, https:\/\/i0.wp.com\/www.grieta.org.mx\/wp-content\/uploads\/2018\/03\/14524434_1106112876131411_958039263622046936_o.jpg?resize=700%2C400 2x"},"classes":[]}],"_links":{"self":[{"href":"http:\/\/www.grieta.org.mx\/index.php\/wp-json\/wp\/v2\/posts\/5157","targetHints":{"allow":["GET"]}}],"collection":[{"href":"http:\/\/www.grieta.org.mx\/index.php\/wp-json\/wp\/v2\/posts"}],"about":[{"href":"http:\/\/www.grieta.org.mx\/index.php\/wp-json\/wp\/v2\/types\/post"}],"author":[{"embeddable":true,"href":"http:\/\/www.grieta.org.mx\/index.php\/wp-json\/wp\/v2\/users\/2"}],"replies":[{"embeddable":true,"href":"http:\/\/www.grieta.org.mx\/index.php\/wp-json\/wp\/v2\/comments?post=5157"}],"version-history":[{"count":1,"href":"http:\/\/www.grieta.org.mx\/index.php\/wp-json\/wp\/v2\/posts\/5157\/revisions"}],"predecessor-version":[{"id":5161,"href":"http:\/\/www.grieta.org.mx\/index.php\/wp-json\/wp\/v2\/posts\/5157\/revisions\/5161"}],"wp:featuredmedia":[{"embeddable":true,"href":"http:\/\/www.grieta.org.mx\/index.php\/wp-json\/wp\/v2\/media\/21928"}],"wp:attachment":[{"href":"http:\/\/www.grieta.org.mx\/index.php\/wp-json\/wp\/v2\/media?parent=5157"}],"wp:term":[{"taxonomy":"category","embeddable":true,"href":"http:\/\/www.grieta.org.mx\/index.php\/wp-json\/wp\/v2\/categories?post=5157"},{"taxonomy":"post_tag","embeddable":true,"href":"http:\/\/www.grieta.org.mx\/index.php\/wp-json\/wp\/v2\/tags?post=5157"}],"curies":[{"name":"wp","href":"https:\/\/api.w.org\/{rel}","templated":true}]}}