{"id":51568,"date":"2020-06-29T16:21:59","date_gmt":"2020-06-29T21:21:59","guid":{"rendered":"http:\/\/www.grieta.org.mx\/?p=51568"},"modified":"2020-07-05T16:32:57","modified_gmt":"2020-07-05T21:32:57","slug":"cinco-infracciones-que-deslegitiman-al-tren-maya-carta-a-onu-habitat-desde-yucatan","status":"publish","type":"post","link":"http:\/\/www.grieta.org.mx\/index.php\/2020\/06\/29\/cinco-infracciones-que-deslegitiman-al-tren-maya-carta-a-onu-habitat-desde-yucatan\/","title":{"rendered":"Cinco infracciones que deslegitiman al &#8220;tren maya&#8221;: carta a ONU-Habitat desde Yucat\u00e1n"},"content":{"rendered":"<p><img loading=\"lazy\" decoding=\"async\" data-attachment-id=\"51569\" data-permalink=\"http:\/\/www.grieta.org.mx\/index.php\/2020\/06\/29\/cinco-infracciones-que-deslegitiman-al-tren-maya-carta-a-onu-habitat-desde-yucatan\/balam\/\" data-orig-file=\"http:\/\/www.grieta.org.mx\/wp-content\/uploads\/2020\/07\/Balam-e1593984481642.jpg\" data-orig-size=\"800,552\" data-comments-opened=\"0\" data-image-meta=\"{&quot;aperture&quot;:&quot;0&quot;,&quot;credit&quot;:&quot;&quot;,&quot;camera&quot;:&quot;&quot;,&quot;caption&quot;:&quot;&quot;,&quot;created_timestamp&quot;:&quot;0&quot;,&quot;copyright&quot;:&quot;&quot;,&quot;focal_length&quot;:&quot;0&quot;,&quot;iso&quot;:&quot;0&quot;,&quot;shutter_speed&quot;:&quot;0&quot;,&quot;title&quot;:&quot;&quot;,&quot;orientation&quot;:&quot;1&quot;}\" data-image-title=\"Balam\" data-image-description=\"\" data-image-caption=\"\" data-medium-file=\"http:\/\/www.grieta.org.mx\/wp-content\/uploads\/2020\/07\/Balam-300x207.jpg\" data-large-file=\"http:\/\/www.grieta.org.mx\/wp-content\/uploads\/2020\/07\/Balam-e1593984481642.jpg\" src=\"http:\/\/www.grieta.org.mx\/wp-content\/uploads\/2020\/07\/Balam-e1593984481642.jpg\" alt=\"\" width=\"800\" height=\"552\" class=\"aligncenter size-full wp-image-51569\" \/><br \/>\nTrabajo de \u201cBalam&#8221;, uno de los participantes en la convocatoria Dise\u00f1a contra el tren, lanzada por M\u00fauch\u2019 X\u00edinbal. Imagen tomada de FB del colectivo<\/p>\n<p>MayaPolitikon<br \/>\nEl colectivo Articulaci\u00f3n Yucat\u00e1n cuestion\u00f3 a la directora ejecutiva de ONU-Habitat sobre la participaci\u00f3n de ONU-Habitat M\u00e9xico en el objetado megaproyecto llamado \u201ctren maya\u201d, y enumer\u00f3 por lo menos cinco puntos que ponen en tela de juicio la legitimidad del proyecto gubernamental que presume llevar\u00e1 prosperidad al olvidado sureste de M\u00e9xico.<\/p>\n<p>\u201cPobladores indi?genas en el suroeste de Me?xico y la Oficina en Me?xico del Alto Comisionado de las Naciones para los Derechos Humanos (ONU-DH) han sen?alado serias preocupaciones sobre la legitimidad del proyecto, citando vaci?os de responsabilidades y transparencia en relacio?n a la consulta indi?gena\u201d, advierte el colectivo a la directora de ONU-Habitat Maimunah Mohd Sharif Directora.<\/p>\n<p>Las preocupaciones principales son las siguientes:<\/p>\n<p>UNO. El proyecto \u201ctren maya\u201d no ha cumplido con los requisitos sen?alados por el Convenio 169 de la Organizacio?n Internacional del Trabajo Sobre Pueblos Indi?genas y Tribales. Ma?s de 665,556 personas indi?genas viviendo en el a?rea han sido privadas de acceso a informacio?n clara y cienti?fica sobre los impactos socioambientales del proyecto. (Por ejemplo, desde el anuncio de este proyecto, el mapa referente a la li?nea del tren ha cambiado sin haberse comunicado claramente a la comunidad.)<\/p>\n<p>DOS. La Evaluacio?n Ambiental y Social de los Impactos no ha sido transparente ni honesta acerca de la naturaleza del proyecto. Fonatur ingres\u00f3 a evaluaci\u00f3n apenas el 16 de junio pasado la Manifestacio?n de Impacto Ambiental (MIA) de la \u201cfase uno\u201d, enfoca?ndose exclusivamente en la construccio?n y so?lo en algunos segmentos de la vi?a del tren. Esta MIA no muestra que el TM es concebido y esta? lleva?ndose a cabo como un proyecto desarrollista regional de reorganizacio?n territorial para incrementar el turismo masivo, el mercado inmobiliario y el comercio, lo cual tendra? implicaciones acumulativas. Asimismo, no considera el desarrollo de los nuevos desarrollos urbanos ni toma en cuenta \u201cun territorio ya afectado por una cantidad de agronegocios, desarrollos inmobiliarios, turismo, y megaproyectos de energi?a que han surgido en los u?ltimos an?os\u201d.<\/p>\n<p>TRES. Grupos locales han denunciado el nombrar el proyecto como \u201ctren maya\u201d, pues coopta y mercantiliza la cultura maya para favorecer al turismo y las economi?as extractivas. Ejemplos previos en la regio?n \u2013como el caso de Cancu?n, o casos especi?ficos como el del parque eco-arqueolo?gico Xcaret en Quintana Roo\u2013, ilustran bien co?mo el turismo privado y de masas ha despojado al pueblo indi?gena maya de su sustento, de su territorio ancestral, y de sitios sagrados.<\/p>\n<p>CUATRO. Acade?micos y poblacio?n local han expresado sus preocupaciones respecto a desalojo y derechos agrarios. El instrumento financiero propuesto para la reorganizacio?n de la tenencia de la tierra, el llamado Fideicomisos de Inversio?n y Bienes Rai?ces (FIBRAS), despoja al propietario de la tierra del derecho a decidir sobre su tierra, independientemente del porcentaje accionario del terreno utilizado para la construccio?n, ya sea un hotel u otro negocio. Adema?s, los residentes de la regio?n temen desplazamientos y el flujo de migrantes de pai?ses de Centroame?rica a la regio?n sin una estrategia adecuada de integracio?n sostenible. Esta preocupacio?n emana de la afirmacio?n de que el proyecto proveera? de miles de empleos, cuando no obstante la mayori?a de estos empleos sera?n para las etapas de construccio?n, que tienen una duracio?n limitada y sin una calidad laboral garantizada. Otras preocupaciones migratorias incluyen el incremento del tra?fico de personas y de drogas, que suelen estar relacionados con el turismo masivo. Es consecuencia se hace necessario la realizaci\u00f3n de una Evaluacio?n de Impacto Inmigratorio.<\/p>\n<p>CINCO. Los riesgos ambientales son significativos. El \u201ctren maya\u201d atravesari?a varias comunidades que son ya altamente vulnerables al cambio clima?tico y ecosistemas que han sido reconocidos local, nacional e internacionalmente como a?reas de conservacio?n para salvaguardar la biodiversidad (flora y fauna). Esto tendri?a un impacto negativo en los servicios ambientales del a?rea, tales como el manto frea?tico de toda la Peni?nsula de Yucata?n.<\/p>\n<p>Articulaci\u00f3n Yucat\u00e1n subraya que el \u201ctren maya es un plan del Estado para el de desarrollo de infraestructura ferroviaria que travesara? los estados de Campeche, Chiapas, Quintana Roo, Tabasco y Yucata?n, abarcando un a?rea de alto valor biocultural y poblacio?n indi?gena. Implica una profunda reorganizacio?n territorial para la promocio?n del turismo masivo, el desarrollo inmobiliario y de transporte, asi? como de almacenamiento y comercio de mercanci?as. El impacto y la escala de este proyecto son masivos, con ONU-H pretendiendo que el desarrollo del turismo duplicara? la economi?a local y sacara? de la pobreza a 1.1 millo?n de personas, con 945,000 empleos.<\/p>\n<p>Record\u00f3 que \u201cel 9 de junio se dio a conocer que Fonatur otorgo? a ONU-Habitat 5.5 millones de do?lares para dar apoyo sustantivo y te?cnico para la implementacio?n del \u201ctren maya\u201d. En su sitio web, ONU-H asegura, \u201cONU-Habitat se encarga de brindar asistencia te?cnica a Fonatur en materia de ordenamiento territorial en los cinco estados por donde transitara? el Tren Maya\u201d.<\/p>\n<p>Diversas organizaciones de derechos indi?genas, acade?micos, organizaciones locales y nacionales han expresado preocupacio?n y oposicio?n al TM, alertando sobre la insostenibilidad socioambiental e ilegitimidad del proyecto. Por ejemplo, la Asamblea de Defensores del Territorio Maya M\u00fauch\u2019 X\u00edinbal considera que el TM es otro asalto en una serie de megaproyectos verticales construidos en la regio?n que benefician principalmente a grandes empresas a expensas de las comunidades indi?genas que ahi? viven.<\/p>\n<p>Articulaci\u00f3n Yucat\u00e1n considera que es urgente \u201cuna investigacio?n exhaustiva del proyecto que incluya voces cienti?ficas y de la sociedad civil\u201d. Asimismo, \u201cinformacio?n clara y pu?blica de rendicio?n de cuentas sobre la participacio?n de ONU- Habitat en este proyecto\u201d.<\/p>\n<p>Con el fin de procurar un desarrollo realmente sostenible en la regio?n, en un marco de justicia ambiental, se recomienda llevar a cabo una Evaluacio?n Ambiental Estrate?gica (EAE), con un modelo de participacio?n local, de abajo arriba, para definir las opciones ma?s adecuadas de desarrollo, coherentes con los ordenamientos territoriales ecolo?gicos, con estudios y ana?lisis de la capacidad de carga territorial y mediante un proceso participativo continuo y transparente con actores locales y transdisciplinarios.<\/p>\n<p><a href=\"https:\/\/mayapolitikon.com\/tren-maya-onu-habitat\/\" rel=\"noopener noreferrer\" target=\"_blank\">https:\/\/mayapolitikon.com\/tren-maya-onu-habitat\/<\/a><\/p>\n","protected":false},"excerpt":{"rendered":"<p>Trabajo de \u201cBalam&#8221;, uno de los participantes en la convocatoria Dise\u00f1a contra el tren, lanzada por M\u00fauch\u2019 X\u00edinbal. Imagen tomada de FB del colectivo MayaPolitikon El colectivo Articulaci\u00f3n Yucat\u00e1n cuestion\u00f3 &hellip; <a href=\"http:\/\/www.grieta.org.mx\/index.php\/2020\/06\/29\/cinco-infracciones-que-deslegitiman-al-tren-maya-carta-a-onu-habitat-desde-yucatan\/\" class=\"more-link\">Leer m\u00e1s<\/a><\/p>\n","protected":false},"author":2,"featured_media":51569,"comment_status":"closed","ping_status":"closed","sticky":false,"template":"","format":"standard","meta":{"ngg_post_thumbnail":0,"_jetpack_newsletter_access":"","_jetpack_dont_email_post_to_subs":false,"_jetpack_newsletter_tier_id":0,"_jetpack_memberships_contains_paywalled_content":false,"_jetpack_memberships_contains_paid_content":false,"footnotes":""},"categories":[11,80,3,922,926,944,952,28,1875,1876,1877,2026,36],"tags":[3571,1878],"class_list":["post-51568","post","type-post","status-publish","format-standard","has-post-thumbnail","hentry","category-campeche","category-cintillo","category-megaproyectos","category-megaproyectos-estados","category-mp-campeche","category-mp-quintana-roo","category-mp-yucatan","category-quintana-roo","category-resistencia-al-tren-maya-en-la-peninsula-de-yucatan","category-resistencia-al-tren-maya-en-la-peninsula-de-yucatan-quintana-roo","category-resistencia-al-tren-maya-en-la-peninsula-de-yucatan-campeche","category-tren-maya","category-yucatan","tag-onu-habitat","tag-tren-maya","entry"],"jetpack_featured_media_url":"http:\/\/www.grieta.org.mx\/wp-content\/uploads\/2020\/07\/Balam-e1593984481642.jpg","jetpack_sharing_enabled":true,"jetpack_shortlink":"https:\/\/wp.me\/p7ZJR4-dpK","jetpack_likes_enabled":false,"jetpack-related-posts":[{"id":47874,"url":"http:\/\/www.grieta.org.mx\/index.php\/2020\/04\/13\/las-vias-torcidas-del-tren-maya-video\/","url_meta":{"origin":51568,"position":0},"title":"Las v\u00edas torcidas del tren maya (Video)","author":"grieta","date":"13 abril, 2020","format":false,"excerpt":"https:\/\/www.youtube.com\/watch?v=k8FRX9eT0YY","rel":"","context":"En &quot;16. Pueblo Maya&quot;","block_context":{"text":"16. Pueblo Maya","link":"http:\/\/www.grieta.org.mx\/index.php\/category\/espejos-de-la-resistencia\/16-pueblo-maya\/"},"img":{"alt_text":"","src":"https:\/\/i0.wp.com\/www.grieta.org.mx\/wp-content\/uploads\/2020\/04\/ViasTorcidasTrenMaya.png?resize=350%2C200","width":350,"height":200,"srcset":"https:\/\/i0.wp.com\/www.grieta.org.mx\/wp-content\/uploads\/2020\/04\/ViasTorcidasTrenMaya.png?resize=350%2C200 1x, https:\/\/i0.wp.com\/www.grieta.org.mx\/wp-content\/uploads\/2020\/04\/ViasTorcidasTrenMaya.png?resize=525%2C300 1.5x, https:\/\/i0.wp.com\/www.grieta.org.mx\/wp-content\/uploads\/2020\/04\/ViasTorcidasTrenMaya.png?resize=700%2C400 2x"},"classes":[]},{"id":35945,"url":"http:\/\/www.grieta.org.mx\/index.php\/2019\/07\/05\/expansion-de-megaproyectos-en-la-peninsula-de-yucatan-video\/","url_meta":{"origin":51568,"position":1},"title":"Expansi\u00f3n de Megaproyectos en la Pen\u00ednsula de Yucat\u00e1n (Video)","author":"grieta","date":"5 julio, 2019","format":false,"excerpt":"https:\/\/youtu.be\/qLBARIAaBsI","rel":"","context":"En &quot;Campeche&quot;","block_context":{"text":"Campeche","link":"http:\/\/www.grieta.org.mx\/index.php\/category\/noticias-nacionales\/campeche\/"},"img":{"alt_text":"","src":"https:\/\/i0.wp.com\/img.youtube.com\/vi\/qLBARIAaBsI\/0.jpg?resize=350%2C200","width":350,"height":200},"classes":[]},{"id":51489,"url":"http:\/\/www.grieta.org.mx\/index.php\/2020\/06\/21\/exhiben-convenios-secretos-en-apoyo-del-tren-maya-de-amlo-respaldo-de-la-onu-cuesta-8-5-mdd\/","url_meta":{"origin":51568,"position":2},"title":"Exhiben convenios \u2018secretos\u2019 en apoyo del Tren Maya de AMLO; respaldo de la ONU cuesta 8.5 mdd","author":"grieta","date":"21 junio, 2020","format":false,"excerpt":"RidNoticias La revista Proceso revel\u00f3 que para acallar las voces de protesta por el arranque de la mega obra del Tren Maya, el gobierno de Andr\u00e9s Manuel L\u00f3pez Obrador tiene que pagar 8 millones 566 mil d\u00f3lares, unos 190 millones de pesos del erario a dos agencias de la ONU.\u2026","rel":"","context":"En &quot;Campeche&quot;","block_context":{"text":"Campeche","link":"http:\/\/www.grieta.org.mx\/index.php\/category\/noticias-nacionales\/campeche\/"},"img":{"alt_text":"","src":"https:\/\/i0.wp.com\/www.grieta.org.mx\/wp-content\/uploads\/2020\/07\/maya-696x362.jpeg?resize=350%2C200","width":350,"height":200,"srcset":"https:\/\/i0.wp.com\/www.grieta.org.mx\/wp-content\/uploads\/2020\/07\/maya-696x362.jpeg?resize=350%2C200 1x, https:\/\/i0.wp.com\/www.grieta.org.mx\/wp-content\/uploads\/2020\/07\/maya-696x362.jpeg?resize=525%2C300 1.5x"},"classes":[]},{"id":49173,"url":"http:\/\/www.grieta.org.mx\/index.php\/2020\/05\/11\/suspenden-reubicacion-de-pobladores-de-campeche-por-el-tren-maya\/","url_meta":{"origin":51568,"position":3},"title":"Suspenden reubicaci\u00f3n de pobladores de Campeche por el Tren Maya","author":"grieta","date":"11 mayo, 2020","format":false,"excerpt":"Informe Fracto La medida es temporal y el pr\u00f3ximo 15 de junio el Juzgado Primero de Distrito de Campeche deber\u00e1 decidir si la mantiene. El proceso de reubicaci\u00f3n de pobladores de la ciudad de Campeche por el proyecto del Tren Maya ser\u00e1 suspendido durante la contingencia del COVID-19 (coronavirus), inform\u00f3\u2026","rel":"","context":"En &quot;Campeche&quot;","block_context":{"text":"Campeche","link":"http:\/\/www.grieta.org.mx\/index.php\/category\/noticias-nacionales\/campeche\/"},"img":{"alt_text":"","src":"https:\/\/i0.wp.com\/www.grieta.org.mx\/wp-content\/uploads\/2020\/05\/ruta-del-tren-maya-especial-1_0_21_677_421-e1589495660951.jpeg?resize=350%2C200","width":350,"height":200,"srcset":"https:\/\/i0.wp.com\/www.grieta.org.mx\/wp-content\/uploads\/2020\/05\/ruta-del-tren-maya-especial-1_0_21_677_421-e1589495660951.jpeg?resize=350%2C200 1x, https:\/\/i0.wp.com\/www.grieta.org.mx\/wp-content\/uploads\/2020\/05\/ruta-del-tren-maya-especial-1_0_21_677_421-e1589495660951.jpeg?resize=525%2C300 1.5x, https:\/\/i0.wp.com\/www.grieta.org.mx\/wp-content\/uploads\/2020\/05\/ruta-del-tren-maya-especial-1_0_21_677_421-e1589495660951.jpeg?resize=700%2C400 2x"},"classes":[]},{"id":42990,"url":"http:\/\/www.grieta.org.mx\/index.php\/2020\/01\/09\/no-habra-indemnizacion-para-pobladores-de-china-solo-titulos-de-propiedad-campeche\/","url_meta":{"origin":51568,"position":4},"title":"No habr\u00e1 indemnizaci\u00f3n para pobladores de Chin\u00e1, s\u00f3lo t\u00edtulos de propiedad (Campeche)","author":"grieta","date":"9 enero, 2020","format":false,"excerpt":"Jairo Maga\u00f1a \/Foto: Fernando Eloy \/ La Jornada Maya San Francisco Maga\u00f1a Pobladores de Chin\u00e1, Campeche, manifestaron su inconformidad ante el proyecto del Tren Maya debido a que a\u00fan no saben cu\u00e1l ser\u00e1 el procedimiento respecto a los que podr\u00edan ser desalojados, si habr\u00e1 indemnizaci\u00f3n y que pasar\u00e1 con los\u2026","rel":"","context":"En &quot;Campeche&quot;","block_context":{"text":"Campeche","link":"http:\/\/www.grieta.org.mx\/index.php\/category\/noticias-nacionales\/campeche\/"},"img":{"alt_text":"","src":"https:\/\/i0.wp.com\/www.grieta.org.mx\/wp-content\/uploads\/2020\/01\/TrenMallaChina.jpg?resize=350%2C200","width":350,"height":200,"srcset":"https:\/\/i0.wp.com\/www.grieta.org.mx\/wp-content\/uploads\/2020\/01\/TrenMallaChina.jpg?resize=350%2C200 1x, https:\/\/i0.wp.com\/www.grieta.org.mx\/wp-content\/uploads\/2020\/01\/TrenMallaChina.jpg?resize=525%2C300 1.5x"},"classes":[]},{"id":57293,"url":"http:\/\/www.grieta.org.mx\/index.php\/2021\/03\/03\/tres-comunidades-de-campeche-obtienen-suspension-provisional-contra-tren-maya\/","url_meta":{"origin":51568,"position":5},"title":"Tres comunidades de Campeche obtienen suspensi\u00f3n provisional contra Tren Maya","author":"grieta","date":"3 marzo, 2021","format":false,"excerpt":"Rosa Santana \/ Foto Alejandro Sald\u00edvar \/Proceso CAMPECHE, Camp. (apro).- El Juzgado Primero de Distrito concedi\u00f3 al Colectivo Tres Barrios la suspensi\u00f3n provisional contra el \u201cproceso de relocalizaci\u00f3n consensuada\u201d del proyecto Tren Maya en esta capital, en tanto se resuelve el juicio de amparo con el que esperan impedir el\u2026","rel":"","context":"En &quot;Campeche&quot;","block_context":{"text":"Campeche","link":"http:\/\/www.grieta.org.mx\/index.php\/category\/noticias-nacionales\/campeche\/"},"img":{"alt_text":"","src":"https:\/\/i0.wp.com\/www.grieta.org.mx\/wp-content\/uploads\/2021\/03\/f800x450-129800_181246_5050.jpg?resize=350%2C200","width":350,"height":200,"srcset":"https:\/\/i0.wp.com\/www.grieta.org.mx\/wp-content\/uploads\/2021\/03\/f800x450-129800_181246_5050.jpg?resize=350%2C200 1x, https:\/\/i0.wp.com\/www.grieta.org.mx\/wp-content\/uploads\/2021\/03\/f800x450-129800_181246_5050.jpg?resize=525%2C300 1.5x, https:\/\/i0.wp.com\/www.grieta.org.mx\/wp-content\/uploads\/2021\/03\/f800x450-129800_181246_5050.jpg?resize=700%2C400 2x"},"classes":[]}],"_links":{"self":[{"href":"http:\/\/www.grieta.org.mx\/index.php\/wp-json\/wp\/v2\/posts\/51568","targetHints":{"allow":["GET"]}}],"collection":[{"href":"http:\/\/www.grieta.org.mx\/index.php\/wp-json\/wp\/v2\/posts"}],"about":[{"href":"http:\/\/www.grieta.org.mx\/index.php\/wp-json\/wp\/v2\/types\/post"}],"author":[{"embeddable":true,"href":"http:\/\/www.grieta.org.mx\/index.php\/wp-json\/wp\/v2\/users\/2"}],"replies":[{"embeddable":true,"href":"http:\/\/www.grieta.org.mx\/index.php\/wp-json\/wp\/v2\/comments?post=51568"}],"version-history":[{"count":1,"href":"http:\/\/www.grieta.org.mx\/index.php\/wp-json\/wp\/v2\/posts\/51568\/revisions"}],"predecessor-version":[{"id":51570,"href":"http:\/\/www.grieta.org.mx\/index.php\/wp-json\/wp\/v2\/posts\/51568\/revisions\/51570"}],"wp:featuredmedia":[{"embeddable":true,"href":"http:\/\/www.grieta.org.mx\/index.php\/wp-json\/wp\/v2\/media\/51569"}],"wp:attachment":[{"href":"http:\/\/www.grieta.org.mx\/index.php\/wp-json\/wp\/v2\/media?parent=51568"}],"wp:term":[{"taxonomy":"category","embeddable":true,"href":"http:\/\/www.grieta.org.mx\/index.php\/wp-json\/wp\/v2\/categories?post=51568"},{"taxonomy":"post_tag","embeddable":true,"href":"http:\/\/www.grieta.org.mx\/index.php\/wp-json\/wp\/v2\/tags?post=51568"}],"curies":[{"name":"wp","href":"https:\/\/api.w.org\/{rel}","templated":true}]}}