{"id":51563,"date":"2020-07-03T11:46:54","date_gmt":"2020-07-03T16:46:54","guid":{"rendered":"http:\/\/www.grieta.org.mx\/?p=51563"},"modified":"2020-07-05T11:56:27","modified_gmt":"2020-07-05T16:56:27","slug":"protestan-en-rioverde-exigen-justicia-por-feminicidio-san-luis-potosi","status":"publish","type":"post","link":"http:\/\/www.grieta.org.mx\/index.php\/2020\/07\/03\/protestan-en-rioverde-exigen-justicia-por-feminicidio-san-luis-potosi\/","title":{"rendered":"Protestan en Rioverde: exigen justicia por feminicidio  (San Luis Potos\u00ed)"},"content":{"rendered":"<p>Gilberto Salas\/Quadratin SLP<br \/>\n3 julio 2020<\/p>\n<p><img loading=\"lazy\" decoding=\"async\" data-attachment-id=\"51564\" data-permalink=\"http:\/\/www.grieta.org.mx\/index.php\/2020\/07\/03\/protestan-en-rioverde-exigen-justicia-por-feminicidio-san-luis-potosi\/whatsapp-image-2020-07-03-at-1-35-13-pm-1160x700\/\" data-orig-file=\"http:\/\/www.grieta.org.mx\/wp-content\/uploads\/2020\/07\/WhatsApp-Image-2020-07-03-at-1.35.13-PM-1160x700.jpeg\" data-orig-size=\"1160,700\" data-comments-opened=\"0\" data-image-meta=\"{&quot;aperture&quot;:&quot;0&quot;,&quot;credit&quot;:&quot;&quot;,&quot;camera&quot;:&quot;&quot;,&quot;caption&quot;:&quot;&quot;,&quot;created_timestamp&quot;:&quot;0&quot;,&quot;copyright&quot;:&quot;&quot;,&quot;focal_length&quot;:&quot;0&quot;,&quot;iso&quot;:&quot;0&quot;,&quot;shutter_speed&quot;:&quot;0&quot;,&quot;title&quot;:&quot;&quot;,&quot;orientation&quot;:&quot;0&quot;}\" data-image-title=\"WhatsApp-Image-2020-07-03-at-1.35.13-PM-1160&amp;#215;700\" data-image-description=\"\" data-image-caption=\"\" data-medium-file=\"http:\/\/www.grieta.org.mx\/wp-content\/uploads\/2020\/07\/WhatsApp-Image-2020-07-03-at-1.35.13-PM-1160x700-300x181.jpeg\" data-large-file=\"http:\/\/www.grieta.org.mx\/wp-content\/uploads\/2020\/07\/WhatsApp-Image-2020-07-03-at-1.35.13-PM-1160x700-1024x618.jpeg\" class=\"aligncenter wp-image-51564\" src=\"http:\/\/www.grieta.org.mx\/wp-content\/uploads\/2020\/07\/WhatsApp-Image-2020-07-03-at-1.35.13-PM-1160x700.jpeg\" alt=\"\" width=\"800\" height=\"483\" srcset=\"http:\/\/www.grieta.org.mx\/wp-content\/uploads\/2020\/07\/WhatsApp-Image-2020-07-03-at-1.35.13-PM-1160x700.jpeg 1160w, http:\/\/www.grieta.org.mx\/wp-content\/uploads\/2020\/07\/WhatsApp-Image-2020-07-03-at-1.35.13-PM-1160x700-300x181.jpeg 300w, http:\/\/www.grieta.org.mx\/wp-content\/uploads\/2020\/07\/WhatsApp-Image-2020-07-03-at-1.35.13-PM-1160x700-768x463.jpeg 768w, http:\/\/www.grieta.org.mx\/wp-content\/uploads\/2020\/07\/WhatsApp-Image-2020-07-03-at-1.35.13-PM-1160x700-1024x618.jpeg 1024w, http:\/\/www.grieta.org.mx\/wp-content\/uploads\/2020\/07\/WhatsApp-Image-2020-07-03-at-1.35.13-PM-1160x700-829x500.jpeg 829w\" sizes=\"auto, (max-width: 800px) 100vw, 800px\" \/><br \/>\nFoto: recuperada de Quadrat\u00edn SLP<\/p>\n<p>RIOVERDE, SLP., 3 de julio de 2020.- Unas 30 personas se manifestaron esta ma\u00f1ana en las salas de oralidad para exigir justicia y la pena m\u00e1xima para el presunto homicida de su esposa ocurrido en la localidad de San Marcos en diciembre pasado, proceso que entr\u00f3 esta semana en su etapa decisiva para la sentencia de los jueces.<\/p>\n<p>Alicia Torres Flores, hermana Alma, la mujer cuyo cad\u00e1ver fue localizado en un bald\u00edo con huellas de violencia el mi\u00e9rcoles 11 de diciembre de 2019, dijo que la presencia de las amigas y conocidas de la occisa es para hacer presi\u00f3n a las autoridades y se haga justicia en este caso que indign\u00f3 a toda la sociedad y que dej\u00f3 en la orfandad a un menor de edad.<\/p>\n<p>Con cartulinas que dec\u00edan \u201cpena m\u00e1xima a los feminicidas\u201d \u201cJusticia por Alma\u201d \u201cAlma no falleci\u00f3, la mataron\u201d, los manifestantes vestidos de blanco en su mayor\u00eda se apostaron frente a la sala de juicios orales en la calle Flor de Azahar, sitio donde se llev\u00f3 una de las audiencias m\u00e1s recientes y donde estuvo presente Juan Pablo N., su esposo, detenido desde el 13 de diciembre \u2013dos d\u00edas despu\u00e9s de los hechos-, con base en una orden de aprehensi\u00f3n por feminicidio.<\/p>\n<p>D\u00edas previos \u2013de acuerdo a la Fiscal\u00eda-, el hombre discuti\u00f3 y asesin\u00f3 a Alma en su propia casa y despu\u00e9s la meti\u00f3 en una bolsa negra y la abandon\u00f3 en un camino cercano a Los Anteojitos, un sitio tur\u00edstico muy conocido en la zona.<\/p>\n<p>Aunque \u00e9l mismo en las primeras horas denunci\u00f3 la desaparici\u00f3n, las investigaciones apuntaron a su persona de forma casi natural e inmediata.<\/p>\n<p>El abogado de la familia, David Alejandro Castillo, explic\u00f3 que se han realizado a la fecha varias audiencias en la parte final del juicio en su contra y la pr\u00f3xima se realizar\u00e1 el dos de agosto.<\/p>\n<p><img loading=\"lazy\" decoding=\"async\" data-attachment-id=\"51565\" data-permalink=\"http:\/\/www.grieta.org.mx\/index.php\/2020\/07\/03\/protestan-en-rioverde-exigen-justicia-por-feminicidio-san-luis-potosi\/whatsapp-image-2020-07-03-at-1-35-12-pm\/\" data-orig-file=\"http:\/\/www.grieta.org.mx\/wp-content\/uploads\/2020\/07\/WhatsApp-Image-2020-07-03-at-1.35.12-PM.jpeg\" data-orig-size=\"1280,720\" data-comments-opened=\"0\" data-image-meta=\"{&quot;aperture&quot;:&quot;0&quot;,&quot;credit&quot;:&quot;&quot;,&quot;camera&quot;:&quot;&quot;,&quot;caption&quot;:&quot;&quot;,&quot;created_timestamp&quot;:&quot;0&quot;,&quot;copyright&quot;:&quot;&quot;,&quot;focal_length&quot;:&quot;0&quot;,&quot;iso&quot;:&quot;0&quot;,&quot;shutter_speed&quot;:&quot;0&quot;,&quot;title&quot;:&quot;&quot;,&quot;orientation&quot;:&quot;0&quot;}\" data-image-title=\"WhatsApp-Image-2020-07-03-at-1.35.12-PM\" data-image-description=\"\" data-image-caption=\"\" data-medium-file=\"http:\/\/www.grieta.org.mx\/wp-content\/uploads\/2020\/07\/WhatsApp-Image-2020-07-03-at-1.35.12-PM-300x169.jpeg\" data-large-file=\"http:\/\/www.grieta.org.mx\/wp-content\/uploads\/2020\/07\/WhatsApp-Image-2020-07-03-at-1.35.12-PM-1024x576.jpeg\" class=\"aligncenter wp-image-51565\" src=\"http:\/\/www.grieta.org.mx\/wp-content\/uploads\/2020\/07\/WhatsApp-Image-2020-07-03-at-1.35.12-PM.jpeg\" alt=\"\" width=\"800\" height=\"450\" srcset=\"http:\/\/www.grieta.org.mx\/wp-content\/uploads\/2020\/07\/WhatsApp-Image-2020-07-03-at-1.35.12-PM.jpeg 1280w, http:\/\/www.grieta.org.mx\/wp-content\/uploads\/2020\/07\/WhatsApp-Image-2020-07-03-at-1.35.12-PM-300x169.jpeg 300w, http:\/\/www.grieta.org.mx\/wp-content\/uploads\/2020\/07\/WhatsApp-Image-2020-07-03-at-1.35.12-PM-768x432.jpeg 768w, http:\/\/www.grieta.org.mx\/wp-content\/uploads\/2020\/07\/WhatsApp-Image-2020-07-03-at-1.35.12-PM-1024x576.jpeg 1024w, http:\/\/www.grieta.org.mx\/wp-content\/uploads\/2020\/07\/WhatsApp-Image-2020-07-03-at-1.35.12-PM-889x500.jpeg 889w\" sizes=\"auto, (max-width: 800px) 100vw, 800px\" \/><br \/>\nFoto: recuperada de Quadrat\u00edn SLP<\/p>\n<p>El detenido fue cuidado en extremo por los polic\u00edas procesales y permaneci\u00f3 largo rato en las oficinas a pesar que ya hab\u00eda acabado la audiencia.<\/p>\n<p>En Rioverde han asesinado a tres mujeres desde el 8 de diciembre a la fecha cuando una mujer -reportada como desaparecida con anterioridad-, fue encontrada muerta ese d\u00eda en un camino rural.<\/p>\n<p>Luego, el 10 de febrero, encontraron el cad\u00e1ver de otra mujer con huellas de violencia; de esos tres feminicidios solamente en han detenido a una persona con base en una orden de aprehensi\u00f3n.<\/p>\n<p>En San Luis Potos\u00ed la pena para un feminicida es de veinte a cincuenta a\u00f1os de prisi\u00f3n, y sanci\u00f3n pecuniaria de dos mil a cinco mil unidades de Medida de Actualizaci\u00f3n, de acuerdo al C\u00f3digo Penal y es un delito tipificado desde 2011.<\/p>\n<p><a href=\"https:\/\/sanluispotosi.quadratin.com.mx\/media\/protestan-en-rioverde-exigen-justicia-por-feminicidio\/\" rel=\"noopener noreferrer\" target=\"_blank\">https:\/\/sanluispotosi.quadratin.com.mx\/media\/protestan-en-rioverde-exigen-justicia-por-feminicidio\/<\/a><\/p>\n","protected":false},"excerpt":{"rendered":"<p>Gilberto Salas\/Quadratin SLP 3 julio 2020 Foto: recuperada de Quadrat\u00edn SLP RIOVERDE, SLP., 3 de julio de 2020.- Unas 30 personas se manifestaron esta ma\u00f1ana en las salas de oralidad &hellip; <a href=\"http:\/\/www.grieta.org.mx\/index.php\/2020\/07\/03\/protestan-en-rioverde-exigen-justicia-por-feminicidio-san-luis-potosi\/\" class=\"more-link\">Leer m\u00e1s<\/a><\/p>\n","protected":false},"author":2,"featured_media":51564,"comment_status":"closed","ping_status":"closed","sticky":false,"template":"","format":"standard","meta":{"ngg_post_thumbnail":0,"_jetpack_newsletter_access":"","_jetpack_dont_email_post_to_subs":false,"_jetpack_newsletter_tier_id":0,"_jetpack_memberships_contains_paywalled_content":false,"_jetpack_memberships_contains_paid_content":false,"footnotes":""},"categories":[80,84,1284,2,29,83,1519],"tags":[81,3019],"class_list":["post-51563","post","type-post","status-publish","format-standard","has-post-thumbnail","hentry","category-cintillo","category-feminicidios","category-feminicidios-en-san-luis-potosi","category-noticias-nacionales","category-san-luis-potosi","category-temas-nacionales","category-violencia-contra-las-mujeres-en-san-luis-potosi","tag-feminicidios","tag-movilizaciones-contra-feminicidios","entry"],"jetpack_featured_media_url":"http:\/\/www.grieta.org.mx\/wp-content\/uploads\/2020\/07\/WhatsApp-Image-2020-07-03-at-1.35.13-PM-1160x700.jpeg","jetpack_sharing_enabled":true,"jetpack_shortlink":"https:\/\/wp.me\/p7ZJR4-dpF","jetpack_likes_enabled":false,"jetpack-related-posts":[{"id":31312,"url":"http:\/\/www.grieta.org.mx\/index.php\/2019\/03\/19\/en-poco-mas-de-2-anos-slp-registra-90-feminicidios-san-luis-potosi\/","url_meta":{"origin":51563,"position":0},"title":"EN POCO M\u00c1S DE 2 A\u00d1OS, SLP REGISTRA 90 FEMINICIDIOS (San Luis Potos\u00ed)","author":"grieta","date":"19 marzo, 2019","format":false,"excerpt":"Omar Ni\u00f1o La Alerta de de G\u00e9nero Contra Las Mujeres en San Luis Potos\u00ed ha sido un fracaso, se\u00f1al\u00f3 en rueda de prensa el Presidente de la Comisi\u00f3n Estatal de Derechos Humanos Jorge Andr\u00e9s L\u00f3pez Espinoza. El Ombudsman inform\u00f3 que en el 2017 hubo 34 muertes violentas en el 2018\u2026","rel":"","context":"En &quot;CINTILLO&quot;","block_context":{"text":"CINTILLO","link":"http:\/\/www.grieta.org.mx\/index.php\/category\/cintillo\/"},"img":{"alt_text":"","src":"https:\/\/i0.wp.com\/www.grieta.org.mx\/wp-content\/uploads\/2019\/03\/EN-POCO-M%C3%81S-DE-2-A%C3%91OS-SLP-REGISTRA-90-FEMINICIDIOS-slp-mzo.png?resize=350%2C200","width":350,"height":200,"srcset":"https:\/\/i0.wp.com\/www.grieta.org.mx\/wp-content\/uploads\/2019\/03\/EN-POCO-M%C3%81S-DE-2-A%C3%91OS-SLP-REGISTRA-90-FEMINICIDIOS-slp-mzo.png?resize=350%2C200 1x, https:\/\/i0.wp.com\/www.grieta.org.mx\/wp-content\/uploads\/2019\/03\/EN-POCO-M%C3%81S-DE-2-A%C3%91OS-SLP-REGISTRA-90-FEMINICIDIOS-slp-mzo.png?resize=525%2C300 1.5x"},"classes":[]},{"id":28627,"url":"http:\/\/www.grieta.org.mx\/index.php\/2019\/01\/28\/feminicidios-y-violaciones-azotan-a-slp-san-luis-potosi\/","url_meta":{"origin":51563,"position":1},"title":"Feminicidios y violaciones azotan a SLP (San Luis Potos\u00ed)","author":"grieta","date":"28 enero, 2019","format":false,"excerpt":"Jaime Hern\u00e1ndez \/ Pulso En ambos delitos, la entidad se ubic\u00f3 entre los diez estados con mayor incidencia del pa\u00eds Durante 2018, 93 potosinas fueron v\u00edctimas de homicidio. De esos cr\u00edmenes, 27 fueron considerados como feminicidios, ubicando a San Luis Potos\u00ed en el d\u00e9cimo lugar entre los estados con mayor\u2026","rel":"","context":"En &quot;CINTILLO&quot;","block_context":{"text":"CINTILLO","link":"http:\/\/www.grieta.org.mx\/index.php\/category\/cintillo\/"},"img":{"alt_text":"","src":"https:\/\/i0.wp.com\/www.grieta.org.mx\/wp-content\/uploads\/2019\/01\/Feminicidios-y-violaciones-azotan-a-SLP.jpg?resize=350%2C200","width":350,"height":200,"srcset":"https:\/\/i0.wp.com\/www.grieta.org.mx\/wp-content\/uploads\/2019\/01\/Feminicidios-y-violaciones-azotan-a-SLP.jpg?resize=350%2C200 1x, https:\/\/i0.wp.com\/www.grieta.org.mx\/wp-content\/uploads\/2019\/01\/Feminicidios-y-violaciones-azotan-a-SLP.jpg?resize=525%2C300 1.5x"},"classes":[]},{"id":39474,"url":"http:\/\/www.grieta.org.mx\/index.php\/2019\/08\/23\/vandalizan-edificio-de-fiscalia-en-san-luis-potosi-por-feminicidios\/","url_meta":{"origin":51563,"position":2},"title":"Vandalizan edificio de Fiscal\u00eda en San Luis Potos\u00ed por feminicidios","author":"grieta","date":"23 agosto, 2019","format":false,"excerpt":"Juan Hern\u00e1ndez | Quadrat\u00edn SLP SAN LUIS POTOS\u00cd, SLP., 23 de agosto 2019.- Colectivos de mujeres se manifestaron vandalizando las instalaciones de la Fiscal\u00eda General del Estado (FGE) en protesta por los dos m\u00e1s recientes asesinatos de mujeres potosinas, que se suman a una larga lista de v\u00edctimas femeninas este\u2026","rel":"","context":"En &quot;CINTILLO&quot;","block_context":{"text":"CINTILLO","link":"http:\/\/www.grieta.org.mx\/index.php\/category\/cintillo\/"},"img":{"alt_text":"","src":"https:\/\/i0.wp.com\/www.grieta.org.mx\/wp-content\/uploads\/2019\/09\/asesinos.jpg?resize=350%2C200","width":350,"height":200,"srcset":"https:\/\/i0.wp.com\/www.grieta.org.mx\/wp-content\/uploads\/2019\/09\/asesinos.jpg?resize=350%2C200 1x, https:\/\/i0.wp.com\/www.grieta.org.mx\/wp-content\/uploads\/2019\/09\/asesinos.jpg?resize=525%2C300 1.5x, https:\/\/i0.wp.com\/www.grieta.org.mx\/wp-content\/uploads\/2019\/09\/asesinos.jpg?resize=700%2C400 2x, https:\/\/i0.wp.com\/www.grieta.org.mx\/wp-content\/uploads\/2019\/09\/asesinos.jpg?resize=1050%2C600 3x"},"classes":[]},{"id":23346,"url":"http:\/\/www.grieta.org.mx\/index.php\/2018\/05\/29\/slp-lugar-peligroso-para-mujeres-san-luis-potosi\/","url_meta":{"origin":51563,"position":3},"title":"SLP, lugar peligroso para mujeres (San Luis Potos\u00ed)","author":"grieta","date":"29 mayo, 2018","format":false,"excerpt":"Agencias \/ Plano Informativo De enero a abril se han registrado ya 10 feminicidios San Luis Potos\u00ed se ubica en el poco honroso sexto lugar nacional de feminicidios, en el reporte del Sistema Nacional de Seguridad P\u00fablica que establece que durante abril nuevamente repunt\u00f3 la violencia extrema en contra de\u2026","rel":"","context":"En &quot;CINTILLO&quot;","block_context":{"text":"CINTILLO","link":"http:\/\/www.grieta.org.mx\/index.php\/category\/cintillo\/"},"img":{"alt_text":"","src":"https:\/\/i0.wp.com\/www.grieta.org.mx\/wp-content\/uploads\/2018\/05\/SLP-lugar-peligroso-para-mujeres.jpg?resize=350%2C200","width":350,"height":200,"srcset":"https:\/\/i0.wp.com\/www.grieta.org.mx\/wp-content\/uploads\/2018\/05\/SLP-lugar-peligroso-para-mujeres.jpg?resize=350%2C200 1x, https:\/\/i0.wp.com\/www.grieta.org.mx\/wp-content\/uploads\/2018\/05\/SLP-lugar-peligroso-para-mujeres.jpg?resize=525%2C300 1.5x"},"classes":[]},{"id":8751,"url":"http:\/\/www.grieta.org.mx\/index.php\/2016\/08\/10\/feminicidios-en-san-luis-potosi\/","url_meta":{"origin":51563,"position":4},"title":"Feminicidios en San Luis Potos\u00ed","author":"grieta","date":"10 agosto, 2016","format":false,"excerpt":"09\/08\/16. Inmujeres y asociaciones critican fallida estrategia contra la violencia de g\u00e9nero en SLPLa Jornada San Luis 20\/06\/16. Violencia contra la mujer en SLPPlano Informativo 10\/05\/16. En San Luis Potos\u00ed. 171 feminicidios en 5 a\u00f1osAstrolabio 18\/01\/16. Feminicidio en Alaquines Plano Informativo 13\/11\/15. Feminicidios en SLP: Ausencia de protocolos, casos olvidados,\u2026","rel":"","context":"En &quot;Feminicidios&quot;","block_context":{"text":"Feminicidios","link":"http:\/\/www.grieta.org.mx\/index.php\/category\/temas-nacionales\/feminicidios\/"},"img":{"alt_text":"","src":"https:\/\/i0.wp.com\/www.grieta.org.mx\/wp-content\/uploads\/2018\/03\/14524434_1106112876131411_958039263622046936_o.jpg?resize=350%2C200","width":350,"height":200,"srcset":"https:\/\/i0.wp.com\/www.grieta.org.mx\/wp-content\/uploads\/2018\/03\/14524434_1106112876131411_958039263622046936_o.jpg?resize=350%2C200 1x, https:\/\/i0.wp.com\/www.grieta.org.mx\/wp-content\/uploads\/2018\/03\/14524434_1106112876131411_958039263622046936_o.jpg?resize=525%2C300 1.5x, https:\/\/i0.wp.com\/www.grieta.org.mx\/wp-content\/uploads\/2018\/03\/14524434_1106112876131411_958039263622046936_o.jpg?resize=700%2C400 2x"},"classes":[]},{"id":38745,"url":"http:\/\/www.grieta.org.mx\/index.php\/2019\/08\/16\/feministas-toman-centro-historico-con-protestas-san-luis-potosi\/","url_meta":{"origin":51563,"position":5},"title":"Feministas toman Centro Hist\u00f3rico con protestas (San Luis Potos\u00ed)","author":"grieta","date":"16 agosto, 2019","format":false,"excerpt":"Patricia Azuara \/ Quadratin SLP SAN LUIS POTOS\u00cd, SLP., 16 de agosto de 2019.- Feministas potosinas tomaron las calles y plazas del centro hist\u00f3rico para exigir justicia por los m\u00faltiples homicidios de mujeres y la reciente violencia en contra de una jovencita en la Ciudad de M\u00e9xico, presuntamente a manos\u2026","rel":"","context":"En &quot;CINTILLO&quot;","block_context":{"text":"CINTILLO","link":"http:\/\/www.grieta.org.mx\/index.php\/category\/cintillo\/"},"img":{"alt_text":"","src":"https:\/\/i0.wp.com\/www.grieta.org.mx\/wp-content\/uploads\/2019\/09\/finistas-1160x700.jpeg?resize=350%2C200","width":350,"height":200,"srcset":"https:\/\/i0.wp.com\/www.grieta.org.mx\/wp-content\/uploads\/2019\/09\/finistas-1160x700.jpeg?resize=350%2C200 1x, https:\/\/i0.wp.com\/www.grieta.org.mx\/wp-content\/uploads\/2019\/09\/finistas-1160x700.jpeg?resize=525%2C300 1.5x, https:\/\/i0.wp.com\/www.grieta.org.mx\/wp-content\/uploads\/2019\/09\/finistas-1160x700.jpeg?resize=700%2C400 2x, https:\/\/i0.wp.com\/www.grieta.org.mx\/wp-content\/uploads\/2019\/09\/finistas-1160x700.jpeg?resize=1050%2C600 3x"},"classes":[]}],"_links":{"self":[{"href":"http:\/\/www.grieta.org.mx\/index.php\/wp-json\/wp\/v2\/posts\/51563","targetHints":{"allow":["GET"]}}],"collection":[{"href":"http:\/\/www.grieta.org.mx\/index.php\/wp-json\/wp\/v2\/posts"}],"about":[{"href":"http:\/\/www.grieta.org.mx\/index.php\/wp-json\/wp\/v2\/types\/post"}],"author":[{"embeddable":true,"href":"http:\/\/www.grieta.org.mx\/index.php\/wp-json\/wp\/v2\/users\/2"}],"replies":[{"embeddable":true,"href":"http:\/\/www.grieta.org.mx\/index.php\/wp-json\/wp\/v2\/comments?post=51563"}],"version-history":[{"count":1,"href":"http:\/\/www.grieta.org.mx\/index.php\/wp-json\/wp\/v2\/posts\/51563\/revisions"}],"predecessor-version":[{"id":51566,"href":"http:\/\/www.grieta.org.mx\/index.php\/wp-json\/wp\/v2\/posts\/51563\/revisions\/51566"}],"wp:featuredmedia":[{"embeddable":true,"href":"http:\/\/www.grieta.org.mx\/index.php\/wp-json\/wp\/v2\/media\/51564"}],"wp:attachment":[{"href":"http:\/\/www.grieta.org.mx\/index.php\/wp-json\/wp\/v2\/media?parent=51563"}],"wp:term":[{"taxonomy":"category","embeddable":true,"href":"http:\/\/www.grieta.org.mx\/index.php\/wp-json\/wp\/v2\/categories?post=51563"},{"taxonomy":"post_tag","embeddable":true,"href":"http:\/\/www.grieta.org.mx\/index.php\/wp-json\/wp\/v2\/tags?post=51563"}],"curies":[{"name":"wp","href":"https:\/\/api.w.org\/{rel}","templated":true}]}}