{"id":51560,"date":"2020-07-02T11:36:08","date_gmt":"2020-07-02T16:36:08","guid":{"rendered":"http:\/\/www.grieta.org.mx\/?p=51560"},"modified":"2020-07-05T11:41:21","modified_gmt":"2020-07-05T16:41:21","slug":"busqueda-de-personas-desaparecidas-asignatura-pendiente-en-aguascalientes","status":"publish","type":"post","link":"http:\/\/www.grieta.org.mx\/index.php\/2020\/07\/02\/busqueda-de-personas-desaparecidas-asignatura-pendiente-en-aguascalientes\/","title":{"rendered":"B\u00fasqueda de personas desaparecidas, asignatura pendiente en Aguascalientes"},"content":{"rendered":"<p>Alejandro Romo\/Newsweek Aguascalientes<br \/>\n2 julio 2020<\/p>\n<p><img loading=\"lazy\" decoding=\"async\" data-attachment-id=\"51561\" data-permalink=\"http:\/\/www.grieta.org.mx\/index.php\/2020\/07\/02\/busqueda-de-personas-desaparecidas-asignatura-pendiente-en-aguascalientes\/43730677864_a15ee54d44_c\/\" data-orig-file=\"http:\/\/www.grieta.org.mx\/wp-content\/uploads\/2020\/07\/43730677864_a15ee54d44_c.jpg\" data-orig-size=\"674,450\" data-comments-opened=\"0\" data-image-meta=\"{&quot;aperture&quot;:&quot;0&quot;,&quot;credit&quot;:&quot;Hugo Gomez&quot;,&quot;camera&quot;:&quot;&quot;,&quot;caption&quot;:&quot;&quot;,&quot;created_timestamp&quot;:&quot;0&quot;,&quot;copyright&quot;:&quot;&quot;,&quot;focal_length&quot;:&quot;0&quot;,&quot;iso&quot;:&quot;0&quot;,&quot;shutter_speed&quot;:&quot;0&quot;,&quot;title&quot;:&quot;&quot;,&quot;orientation&quot;:&quot;1&quot;}\" data-image-title=\"43730677864_a15ee54d44_c\" data-image-description=\"\" data-image-caption=\"\" data-medium-file=\"http:\/\/www.grieta.org.mx\/wp-content\/uploads\/2020\/07\/43730677864_a15ee54d44_c-300x200.jpg\" data-large-file=\"http:\/\/www.grieta.org.mx\/wp-content\/uploads\/2020\/07\/43730677864_a15ee54d44_c.jpg\" src=\"http:\/\/www.grieta.org.mx\/wp-content\/uploads\/2020\/07\/43730677864_a15ee54d44_c.jpg\" alt=\"\" width=\"674\" height=\"450\" class=\"aligncenter size-full wp-image-51561\" srcset=\"http:\/\/www.grieta.org.mx\/wp-content\/uploads\/2020\/07\/43730677864_a15ee54d44_c.jpg 674w, http:\/\/www.grieta.org.mx\/wp-content\/uploads\/2020\/07\/43730677864_a15ee54d44_c-300x200.jpg 300w\" sizes=\"auto, (max-width: 674px) 100vw, 674px\" \/><br \/>\nFoto: Hugo G\u00f3mez<\/p>\n<p>De acuerdo a la coordinadora del Observatorio de Violencia Social y de G\u00e9nero (OVSG), Violeta Sab\u00e1s D\u00edaz de Le\u00f3n, la desaparici\u00f3n de personas ha aumentado de forma considerable a nivel nacional en los \u00faltimos a\u00f1os, y Aguascalientes no est\u00e1 exento a esa realidad.<\/p>\n<p>Aunque las cifras de la Fiscal\u00eda General del Estado y las organizaciones o colectivos en materia de derechos humanos pueden variar, la activista mencion\u00f3 que la cantidad de denuncias de personas desaparecidas pudo haberse duplicado en los \u00faltimos cinco a\u00f1os.<\/p>\n<p>\u201cEl a\u00f1o pasado, en el 2019, fueron cerca de 350 mujeres reportadas como desaparecidas, incluso ni\u00f1as y adolescentes, mientras que en hombres es una cantidad similar, por lo que la cantidad total de denuncias ser\u00eda mayor a 700, sin contar los reportes que se hacen a LOCATEL, pero el aumento ha sido impresionante, de los \u00faltimos cinco a\u00f1os a la fecha ha aumentado casi el doble\u201d, asever\u00f3.<\/p>\n<p>Al respecto, se\u00f1al\u00f3 que una de las primeras acciones al entrar en funciones la comisi\u00f3n local deber\u00e1 ser la de analizar el contexto y contenido de cada expediente de personas desaparecidas y depurar aqu\u00e9llos en los que haya sido localizada la persona, pues en la actualidad es una pr\u00e1ctica poco frecuente, lo que permitir\u00e1 tener datos m\u00e1s precisos de la problem\u00e1tica.<\/p>\n<p>\u201cSe deben hacer cruces de informaci\u00f3n porque en muchas desapariciones pueden estar implicadas personas similares, entonces primero ser\u00eda revisar el estado que guardan los expedientes y las carpetas de investigaci\u00f3n y a partir de ah\u00ed actualizar las bases de datos de personas que est\u00e1n bajo el status de desaparecidas pero que ya fueron localizadas desde hace a\u00f1os\u201d.<\/p>\n<p>Este aspecto no s\u00f3lo es privativo de Aguascalientes, sino tambi\u00e9n a nivel nacional, ya que por ejemplo el Registro Nacional de Datos de Personas Extraviadas o Desaparecidas (RNPED) \u2013que concentra los datos generales de las personas no localizadas a partir de las denuncias presentadas ante los ministerios p\u00fablicos- mantiene un rezago desde abril de 2018.<\/p>\n<p>En ese entonces, Aguascalientes registr\u00f3 223 denuncias por desaparici\u00f3n de personas en ministerios p\u00fablicos locales, as\u00ed como nueve denuncias en carpetas de investigaci\u00f3n del fuero federal.<\/p>\n<p>Las desapariciones de personas en M\u00e9xico ascendieron a 5 mil 477 en 2017 y en los primeros cuatro meses de 2018 sumaban 1,653, seg\u00fan los datos del RNPED.<\/p>\n<p>En Aguascalientes, los primeros casos denunciados ante la entonces Procuradur\u00eda General de Justicia del Estado ocurrieron en 2007, en su mayor\u00eda relacionados con el caso \u201cMaverick\u201d, ocurrido el 29 de abril, en el que un grupo de sujetos armados priv\u00f3 de la libertad a ocho personas del exterior del antro Maverick, al norte de la ciudad capital. La mitad eran alba\u00f1iles que en ese momento realizaban trabajos de remodelaci\u00f3n en el lugar.<\/p>\n<p>A m\u00e1s de 13 a\u00f1os, sus familiares siguen sin saber nada de ellos.<\/p>\n<p>\u201cAntes del 2007 no se ten\u00eda incluso un registro de las personas que hab\u00edan desaparecido, los datos oficiales por el portal de transparencia dan cuenta a partir del 2007, entonces es justo el caso de Maverick, que es el m\u00e1s antiguo que tenemos, y el m\u00e1s reciente es el de una mujer que desapareci\u00f3 en Pabell\u00f3n de Arteaga hace dos meses\u201d, subray\u00f3.<\/p>\n<p>Actualmente, el Observatorio de Violencia Social y de G\u00e9nero (OVSG) brinda acompa\u00f1amiento jur\u00eddico a 12 familias de Aguascalientes que tienen a alg\u00fan ser querido desaparecido, as\u00ed como a tres familias de municipios de Jalisco colindantes con Aguascalientes.<\/p>\n<p>Violeta Sab\u00e1s destac\u00f3 la necesidad de que se cambie la perspectiva de investigaci\u00f3n de los casos de personas desaparecidas, y que desde el momento de su denuncia ante la Fiscal\u00eda Especializada en Desaparici\u00f3n y No Localizaci\u00f3n de Personas se considere a las personas como potenciales v\u00edctimas de alg\u00fan delito, lo que permitir\u00eda dar celeridad a los trabajos de localizaci\u00f3n.<\/p>\n<p>\u201cAnte toda desaparici\u00f3n de una persona se tiene que presumir la presunta comisi\u00f3n de un delito, es decir, que si desaparece una adolescente de 15 o 16 a\u00f1os no se tiene que presumir que ella se fue de su casa porque quiso y ya no regres\u00f3, sino que se tiene que presumir que posiblemente haya sido v\u00edctima de alguna extorsi\u00f3n o hasta de trata de personas, es decir, es un contexto m\u00e1s complejo en el que se deben realizar las investigaciones\u201d.<\/p>\n<p>Nombramiento de titular de la Comisi\u00f3n de B\u00fasqueda debe estar alejado de intereses pol\u00edticos y de cuotas<\/p>\n<p>Este lunes se public\u00f3 en el Peri\u00f3dico Oficial del Estado el decreto del gobierno estatal con el que se crea la comisi\u00f3n para que entre en funciones a m\u00e1s tardar el 30 de julio.<\/p>\n<p>Entre sus art\u00edculos transitorios tambi\u00e9n se agrega que en un plazo no mayor a 10 d\u00edas h\u00e1biles se deber\u00e1 realizar el nombramiento de la persona que encabezar\u00e1 los trabajos de la comisi\u00f3n.<\/p>\n<p>La elecci\u00f3n se realizar\u00e1 de forma discrecional, a partir de una propuesta del Secretario General de Gobierno Estatal al Gobernador de Aguascalientes, sin que se haya realizado una convocatoria p\u00fablica para abrir el procedimiento a la participaci\u00f3n de las organizaciones y colectivos involucrados en la defensa de derechos humanos y en la b\u00fasqueda de personas desaparecidas.<\/p>\n<p>Al respecto, la coordinadora del OVSG exhort\u00f3 al Ejecutivo Estatal para que el nombramiento de la persona que encabece la comisi\u00f3n cubra con el perfil t\u00e9cnico y de experiencia en el tema y no se elija por medio de cuotas o filiaciones pol\u00edtico-partidistas.<\/p>\n<p>\u201cPara que la comisi\u00f3n funcione tiene que estar exenta de cuotas, es decir, que pongan al titular de la comisi\u00f3n porque no pudieron colocarlo o colocarla en otro lado y la pusieron en la comisi\u00f3n, y tambi\u00e9n las \u00e1reas tienen que estar exentas de toda circunstancia pol\u00edtica, porque justo con estas discrecionalidades no se cumplen con los objetivos de las comisiones\u201d, a\u00f1adi\u00f3.<\/p>\n<p>La Ley para la Atenci\u00f3n y Prevenci\u00f3n de la Desaparici\u00f3n de Personas en el Estado de Aguascalientes contempla los siguientes requisitos para asumir el cargo de comisionado:<\/p>\n<p>Ser mexicano y acreditar residencia m\u00ednima de dos a\u00f1os en Aguascalientes.<br \/>\nNo haber sido condenado por la comisi\u00f3n de un delito doloso o inhabilitado como servidor p\u00fablico.<br \/>\nContar con t\u00edtulo de licenciatura y c\u00e9dula profesional.<br \/>\nNo haber desempe\u00f1ado cargo de dirigente nacional o estatal en alg\u00fan partido pol\u00edtico en los dos a\u00f1os previos al nombramiento.<br \/>\nHaberse desempe\u00f1ado destacadamente en actividades profesionales, de servicio p\u00fablico, en la sociedad civil o acad\u00e9micas relacionadas con la materia de esta ley, por lo menos en los dos a\u00f1os previos.<br \/>\nTener conocimientos y experiencia en derechos humanos y b\u00fasqueda de personas.<br \/>\nLa persona elegida como titular de la Comisi\u00f3n Estatal de B\u00fasqueda de Personas no podr\u00e1 tener ning\u00fan otro empleo, cargo o comisi\u00f3n, salvo en instituciones docentes, cient\u00edficas o de beneficiencia.<br \/>\nFinalmente, Violeta Sab\u00e1s tambi\u00e9n hizo un llamado al gobierno estatal para que el presupuesto para el funcionamiento de la comisi\u00f3n sea otorgado en tiempo y forma, aunque debido al cierre del ejercicio fiscal 2020 y a las condiciones econ\u00f3micas provocadas por la contingencia podr\u00edan postergar el inicio del trabajo de la comisi\u00f3n.<\/p>\n<p>\u201cYa est\u00e1 muy cercano el cierre del ejercicio fiscal, entonces no sabemos con precisi\u00f3n cu\u00e1nto se destinar\u00e1 de presupuesto, pero una de las situaciones que vemos como una situaci\u00f3n problem\u00e1tica porque sabemos que ya est\u00e1 la ley, el decreto y la creaci\u00f3n, pero c\u00f3mo se otorgar\u00e1 el presupuesto, pero puede ser que se atrase m\u00e1s y que la comisi\u00f3n pueda estar operando hasta los \u00faltimos meses del a\u00f1o con un presupuesto muy reducido\u201d, afirm\u00f3.<\/p>\n<p><a href=\"https:\/\/newsweekespanol.com\/2020\/07\/busqueda-de-personas-desaparecidas-asignatura-pendiente-en-aguascalientes-ovsg\/\" rel=\"noopener noreferrer\" target=\"_blank\">https:\/\/newsweekespanol.com\/2020\/07\/busqueda-de-personas-desaparecidas-asignatura-pendiente-en-aguascalientes-ovsg\/<\/a><\/p>\n","protected":false},"excerpt":{"rendered":"<p>Alejandro Romo\/Newsweek Aguascalientes 2 julio 2020 Foto: Hugo G\u00f3mez De acuerdo a la coordinadora del Observatorio de Violencia Social y de G\u00e9nero (OVSG), Violeta Sab\u00e1s D\u00edaz de Le\u00f3n, la desaparici\u00f3n &hellip; <a href=\"http:\/\/www.grieta.org.mx\/index.php\/2020\/07\/02\/busqueda-de-personas-desaparecidas-asignatura-pendiente-en-aguascalientes\/\" class=\"more-link\">Leer m\u00e1s<\/a><\/p>\n","protected":false},"author":2,"featured_media":51561,"comment_status":"closed","ping_status":"closed","sticky":false,"template":"","format":"standard","meta":{"ngg_post_thumbnail":0,"_jetpack_newsletter_access":"","_jetpack_dont_email_post_to_subs":false,"_jetpack_newsletter_tier_id":0,"_jetpack_memberships_contains_paywalled_content":false,"_jetpack_memberships_contains_paid_content":false,"footnotes":""},"categories":[4,80,87,1189,2,83],"tags":[1828,121,3152],"class_list":["post-51560","post","type-post","status-publish","format-standard","has-post-thumbnail","hentry","category-aguascalientes","category-cintillo","category-desaparecidos","category-desaparecidos-en-aguascalientes","category-noticias-nacionales","category-temas-nacionales","tag-busqueda-de-desaparecidos","tag-desaparecidos","tag-observatorio-de-violencia-social-y-genero","entry"],"jetpack_featured_media_url":"http:\/\/www.grieta.org.mx\/wp-content\/uploads\/2020\/07\/43730677864_a15ee54d44_c.jpg","jetpack_sharing_enabled":true,"jetpack_shortlink":"https:\/\/wp.me\/p7ZJR4-dpC","jetpack_likes_enabled":false,"jetpack-related-posts":[{"id":54712,"url":"http:\/\/www.grieta.org.mx\/index.php\/2020\/08\/17\/inicia-caravana-de-familiares-de-desaparecidos-de-aguascalientes-en-puerto-vallarta\/","url_meta":{"origin":51560,"position":0},"title":"Inicia caravana de familiares de desaparecidos de Aguascalientes en Puerto Vallarta","author":"grieta","date":"17 agosto, 2020","format":false,"excerpt":"Alejandro Romo\/Newsweek Aguascalientes 17 agosto 2020 Este lunes comenz\u00f3 la caravana de b\u00fasqueda organizada por el Colectivo Buscando Personas, Verdad y Justicia y el Observatorio de Violencia Social y de G\u00e9nero (OVSG) y familiares de personas desaparecidas de Aguascalientes en municipios de Jalisco. La caravana inici\u00f3 en Puerto Vallarta, Jalisco,\u2026","rel":"","context":"En &quot;Aguascalientes&quot;","block_context":{"text":"Aguascalientes","link":"http:\/\/www.grieta.org.mx\/index.php\/category\/noticias-nacionales\/aguascalientes\/"},"img":{"alt_text":"","src":"https:\/\/i0.wp.com\/www.grieta.org.mx\/wp-content\/uploads\/2020\/11\/WhatsApp-Image-2020-08-17-at-1.48.32-PM.jpeg?resize=350%2C200","width":350,"height":200,"srcset":"https:\/\/i0.wp.com\/www.grieta.org.mx\/wp-content\/uploads\/2020\/11\/WhatsApp-Image-2020-08-17-at-1.48.32-PM.jpeg?resize=350%2C200 1x, https:\/\/i0.wp.com\/www.grieta.org.mx\/wp-content\/uploads\/2020\/11\/WhatsApp-Image-2020-08-17-at-1.48.32-PM.jpeg?resize=525%2C300 1.5x"},"classes":[]},{"id":65364,"url":"http:\/\/www.grieta.org.mx\/index.php\/2022\/09\/28\/denuncian-opacidad-sobre-desaparecidos-en-aguascalientes\/","url_meta":{"origin":51560,"position":1},"title":"Denuncian opacidad sobre desaparecidos en Aguascalientes","author":"grieta","date":"28 septiembre, 2022","format":false,"excerpt":"Claudia \u00c1vila\/El Sol del Centro 28 septiembre 2022 Fiscal\u00eda y Comisi\u00f3n Estatal de B\u00fasqueda no informan con exactitud cu\u00e1ntas personas no localizadas hay, se\u00f1ala el Observatorio de Violencia Social y de G\u00e9nero Aguascalientes es uno de los estados m\u00e1s opacos en cuanto a la b\u00fasqueda de personas desaparecidas, pues si\u2026","rel":"","context":"En &quot;Aguascalientes&quot;","block_context":{"text":"Aguascalientes","link":"http:\/\/www.grieta.org.mx\/index.php\/category\/noticias-nacionales\/aguascalientes\/"},"img":{"alt_text":"","src":"https:\/\/i0.wp.com\/www.grieta.org.mx\/wp-content\/uploads\/2022\/09\/Marcha-Desaparecidos.jpg?resize=350%2C200","width":350,"height":200,"srcset":"https:\/\/i0.wp.com\/www.grieta.org.mx\/wp-content\/uploads\/2022\/09\/Marcha-Desaparecidos.jpg?resize=350%2C200 1x, https:\/\/i0.wp.com\/www.grieta.org.mx\/wp-content\/uploads\/2022\/09\/Marcha-Desaparecidos.jpg?resize=525%2C300 1.5x, https:\/\/i0.wp.com\/www.grieta.org.mx\/wp-content\/uploads\/2022\/09\/Marcha-Desaparecidos.jpg?resize=700%2C400 2x"},"classes":[]},{"id":30728,"url":"http:\/\/www.grieta.org.mx\/index.php\/2019\/03\/08\/familiares-de-desaparecidos-se-manifiestan-en-aguascalientes\/","url_meta":{"origin":51560,"position":2},"title":"Familiares de desaparecidos se manifiestan en Aguascalientes","author":"grieta","date":"8 marzo, 2019","format":false,"excerpt":"En el posicionamiento se exigi\u00f3 al gobierno federal la actualizaci\u00f3n de bases de datos estatal y nacional que contenga la informaci\u00f3n y fotograf\u00eda de personas desaparecidas Karla M\u00e9ndez\/Exc\u00e9lsior AGUASCALIENTES, Aguascalientes. Durante la visita del Presidente Andr\u00e9s Manuel L\u00f3pez Obrador, familiares de personas desaparecidas se manifestaron en el evento \"La idea\u2026","rel":"","context":"En &quot;Aguascalientes&quot;","block_context":{"text":"Aguascalientes","link":"http:\/\/www.grieta.org.mx\/index.php\/category\/noticias-nacionales\/aguascalientes\/"},"img":{"alt_text":"","src":"https:\/\/i0.wp.com\/www.grieta.org.mx\/wp-content\/uploads\/2019\/03\/2111539.jpg?resize=350%2C200","width":350,"height":200,"srcset":"https:\/\/i0.wp.com\/www.grieta.org.mx\/wp-content\/uploads\/2019\/03\/2111539.jpg?resize=350%2C200 1x, https:\/\/i0.wp.com\/www.grieta.org.mx\/wp-content\/uploads\/2019\/03\/2111539.jpg?resize=525%2C300 1.5x"},"classes":[]},{"id":65264,"url":"http:\/\/www.grieta.org.mx\/index.php\/2022\/09\/13\/a-los-desaparecidos-hay-que-buscarlos-siempre-aguascalientes\/","url_meta":{"origin":51560,"position":3},"title":"A los desaparecidos hay que buscarlos siempre (Aguascalientes)","author":"grieta","date":"13 septiembre, 2022","format":false,"excerpt":"Redacci\u00f3n\/El Heraldo Aguascalientes 13 septiembre 2022 Buscar\u00e1 el Observatorio de Violencia Social y de G\u00e9nero de Aguascalientes posicionar con la gobernadora electa Tere Jim\u00e9nez Esquivel los temas de prevenci\u00f3n a la violencia feminicida y el de la atenci\u00f3n prioritaria en la b\u00fasqueda y localizaci\u00f3n de personas, destac\u00f3 su coordinadora, Violeta\u2026","rel":"","context":"En &quot;Aguascalientes&quot;","block_context":{"text":"Aguascalientes","link":"http:\/\/www.grieta.org.mx\/index.php\/category\/noticias-nacionales\/aguascalientes\/"},"img":{"alt_text":"","src":"https:\/\/i0.wp.com\/www.grieta.org.mx\/wp-content\/uploads\/2022\/09\/manifestacion-familias-personas-desaparecidas-ASC_7854-696x464-1.jpg?resize=350%2C200","width":350,"height":200,"srcset":"https:\/\/i0.wp.com\/www.grieta.org.mx\/wp-content\/uploads\/2022\/09\/manifestacion-familias-personas-desaparecidas-ASC_7854-696x464-1.jpg?resize=350%2C200 1x, https:\/\/i0.wp.com\/www.grieta.org.mx\/wp-content\/uploads\/2022\/09\/manifestacion-familias-personas-desaparecidas-ASC_7854-696x464-1.jpg?resize=525%2C300 1.5x"},"classes":[]},{"id":54822,"url":"http:\/\/www.grieta.org.mx\/index.php\/2020\/10\/20\/reanudaran-busqueda-de-personas-en-presunta-fosa-localizada-en-tres-centurias-aguascalientes\/","url_meta":{"origin":51560,"position":4},"title":"Reanudar\u00e1n b\u00fasqueda de personas en fosa localizada en Tres Centurias, Aguascalientes","author":"grieta","date":"20 octubre, 2020","format":false,"excerpt":"Mariana Orozco\/Debate 20 octubre 2020 Mediante las redes sociales oficiales en Observatorio de Violencia Social y de G\u00e9nero de Aguascalientes, informar\u00f3n que las autoridades estatales reanudar\u00e1n la b\u00fasqueda de personas dentro de la presunta fosa clandestina ubicada en Tres Centurias en el estado hidroc\u00e1lido Reanudar\u00e1n b\u00fasqueda de personas en fosa\u2026","rel":"","context":"En &quot;Aguascalientes&quot;","block_context":{"text":"Aguascalientes","link":"http:\/\/www.grieta.org.mx\/index.php\/category\/noticias-nacionales\/aguascalientes\/"},"img":{"alt_text":"","src":"https:\/\/i0.wp.com\/www.grieta.org.mx\/wp-content\/uploads\/2020\/11\/fosa-ags.png?resize=350%2C200","width":350,"height":200,"srcset":"https:\/\/i0.wp.com\/www.grieta.org.mx\/wp-content\/uploads\/2020\/11\/fosa-ags.png?resize=350%2C200 1x, https:\/\/i0.wp.com\/www.grieta.org.mx\/wp-content\/uploads\/2020\/11\/fosa-ags.png?resize=525%2C300 1.5x, https:\/\/i0.wp.com\/www.grieta.org.mx\/wp-content\/uploads\/2020\/11\/fosa-ags.png?resize=700%2C400 2x"},"classes":[]},{"id":65077,"url":"http:\/\/www.grieta.org.mx\/index.php\/2022\/08\/31\/familiares-de-desaparecidos-se-manifiestan-en-aguascalientes-2\/","url_meta":{"origin":51560,"position":5},"title":"Familiares de desaparecidos se manifiestan en Aguascalientes","author":"grieta","date":"31 agosto, 2022","format":false,"excerpt":"Judith Gavl\u00e1n\/El Sol del centro 31 agosto 2022 Por el d\u00eda D\u00eda Internacional de las V\u00edctimas de Desapariciones Forzadas, algunos colectivos y familiares se re\u00fanen para conmemorar a los desaparecidos Familiares y colectivos de personas desaparecidas se manifestaron en Aguascalientes en la plaza principal, con motivo del D\u00eda Internacional de\u2026","rel":"","context":"En &quot;Aguascalientes&quot;","block_context":{"text":"Aguascalientes","link":"http:\/\/www.grieta.org.mx\/index.php\/category\/noticias-nacionales\/aguascalientes\/"},"img":{"alt_text":"","src":"https:\/\/i0.wp.com\/www.grieta.org.mx\/wp-content\/uploads\/2022\/09\/Manifestacion-PersonasDesaparecidas.jpg?resize=350%2C200","width":350,"height":200,"srcset":"https:\/\/i0.wp.com\/www.grieta.org.mx\/wp-content\/uploads\/2022\/09\/Manifestacion-PersonasDesaparecidas.jpg?resize=350%2C200 1x, https:\/\/i0.wp.com\/www.grieta.org.mx\/wp-content\/uploads\/2022\/09\/Manifestacion-PersonasDesaparecidas.jpg?resize=525%2C300 1.5x, https:\/\/i0.wp.com\/www.grieta.org.mx\/wp-content\/uploads\/2022\/09\/Manifestacion-PersonasDesaparecidas.jpg?resize=700%2C400 2x"},"classes":[]}],"_links":{"self":[{"href":"http:\/\/www.grieta.org.mx\/index.php\/wp-json\/wp\/v2\/posts\/51560","targetHints":{"allow":["GET"]}}],"collection":[{"href":"http:\/\/www.grieta.org.mx\/index.php\/wp-json\/wp\/v2\/posts"}],"about":[{"href":"http:\/\/www.grieta.org.mx\/index.php\/wp-json\/wp\/v2\/types\/post"}],"author":[{"embeddable":true,"href":"http:\/\/www.grieta.org.mx\/index.php\/wp-json\/wp\/v2\/users\/2"}],"replies":[{"embeddable":true,"href":"http:\/\/www.grieta.org.mx\/index.php\/wp-json\/wp\/v2\/comments?post=51560"}],"version-history":[{"count":1,"href":"http:\/\/www.grieta.org.mx\/index.php\/wp-json\/wp\/v2\/posts\/51560\/revisions"}],"predecessor-version":[{"id":51562,"href":"http:\/\/www.grieta.org.mx\/index.php\/wp-json\/wp\/v2\/posts\/51560\/revisions\/51562"}],"wp:featuredmedia":[{"embeddable":true,"href":"http:\/\/www.grieta.org.mx\/index.php\/wp-json\/wp\/v2\/media\/51561"}],"wp:attachment":[{"href":"http:\/\/www.grieta.org.mx\/index.php\/wp-json\/wp\/v2\/media?parent=51560"}],"wp:term":[{"taxonomy":"category","embeddable":true,"href":"http:\/\/www.grieta.org.mx\/index.php\/wp-json\/wp\/v2\/categories?post=51560"},{"taxonomy":"post_tag","embeddable":true,"href":"http:\/\/www.grieta.org.mx\/index.php\/wp-json\/wp\/v2\/tags?post=51560"}],"curies":[{"name":"wp","href":"https:\/\/api.w.org\/{rel}","templated":true}]}}