{"id":5156,"date":"2015-08-22T03:39:25","date_gmt":"2015-08-22T03:39:25","guid":{"rendered":"http:\/\/50.22.11.12\/~grietaor\/?p=5156"},"modified":"2016-03-26T03:45:09","modified_gmt":"2016-03-26T03:45:09","slug":"atiende-cnc-a-afectados-por-libramiento-palmillas-apaseo","status":"publish","type":"post","link":"http:\/\/www.grieta.org.mx\/index.php\/2015\/08\/22\/atiende-cnc-a-afectados-por-libramiento-palmillas-apaseo\/","title":{"rendered":"Atiende CNC a afectados por libramiento Palmillas\u2013Apaseo"},"content":{"rendered":"<p>Rafael Rodr\u00edguez\/Noticias de Quer\u00e9taro<\/p>\n<p>En las Instalaciones de la Confederaci\u00f3n Nacional Campesina (CNC) en el municipio de San Juan del R\u00edo se llev\u00f3 a cabo una reuni\u00f3n de trabajo con los diferentes presidentes del comisariado que han sido afectados por la construcci\u00f3n del nuevo libramiento Palmillas Paseo.<br \/>\nLos afectados son los ejidos del Chaparro, Tunamanza, Santa lucia, Estancia de Santa Lucia, Santa B\u00e1rbara la Cueva, Potrerillos, quienes se manifestaron en d\u00edas pasados bloqueando la carreta 300 que va en direcci\u00f3n al municipio de Amealco.<\/p>\n<p>A la reuni\u00f3n acudieron los representantes de la empresa ICA, URBA, as\u00ed como personal de la Secretaria de Comunicaciones y Transportes (SCT), la Secretaria de Gobierno y Regidor Jos\u00e9 Javier Osornio Salinas Presidente de la Comisi\u00f3n de Desarrollo Agropecuario.<\/p>\n<p>Durante la reuni\u00f3n se dijo que se tocaron puntos importantes, dando a conocer a los comisariados los avances de las obras que se realizan en favor de los ejidos y comunidades afectadas. Dichas obras comprende respetar los derechos de paso y canales de riego que estos sean adecuados a la obra en beneficio de los productores agr\u00edcolas y no se vean m\u00e1s afectados.<\/p>\n<p>Por \u00faltimo en cuanto al pago de m\u00e1s de un mill\u00f3n de pesos que exigen los ejidatarios, se coment\u00f3 que se contin\u00faa la gesti\u00f3n para que pueda salir el recurso que ayude a saldar la deuda con los afectados, ya que es un tema que le compete a directamente a la federaci\u00f3n y a la empresa constructora.<\/p>\n<p><a href=\"http:\/\/www.noticiasdequeretaro.com.mx\/informacion\/noticias\/22\/87\/_queretaro\/2015\/08\/22\/111529\/atiende-cnc-a-afectados-por-libramiento-palmillase28093apaseo.aspx\" target=\"_blank\">www.noticiasdequeretaro.com.mx\/informacion\/noticias\/22\/87\/_queretaro\/2015\/08\/22\/111529\/atiende-cnc-a-afectados-por-libramiento-palmillase28093apaseo.aspx<\/a><\/p>\n","protected":false},"excerpt":{"rendered":"<p>Rafael Rodr\u00edguez\/Noticias de Quer\u00e9taro En las Instalaciones de la Confederaci\u00f3n Nacional Campesina (CNC) en el municipio de San Juan del R\u00edo se llev\u00f3 a cabo una reuni\u00f3n de trabajo con &hellip; <a href=\"http:\/\/www.grieta.org.mx\/index.php\/2015\/08\/22\/atiende-cnc-a-afectados-por-libramiento-palmillas-apaseo\/\" class=\"more-link\">Leer m\u00e1s<\/a><\/p>\n","protected":false},"author":2,"featured_media":21928,"comment_status":"closed","ping_status":"open","sticky":false,"template":"","format":"standard","meta":{"ngg_post_thumbnail":0,"_jetpack_newsletter_access":"","_jetpack_dont_email_post_to_subs":false,"_jetpack_newsletter_tier_id":0,"_jetpack_memberships_contains_paywalled_content":false,"_jetpack_memberships_contains_paid_content":false,"footnotes":""},"categories":[80,359],"tags":[175,304,389,388],"class_list":["post-5156","post","type-post","status-publish","format-standard","has-post-thumbnail","hentry","category-cintillo","category-queretaro","tag-ejidatarios","tag-ica","tag-libramiento-apaseo-palmilas","tag-sct","entry"],"jetpack_featured_media_url":"http:\/\/www.grieta.org.mx\/wp-content\/uploads\/2018\/03\/14524434_1106112876131411_958039263622046936_o.jpg","jetpack_sharing_enabled":true,"jetpack_shortlink":"https:\/\/wp.me\/p7ZJR4-1la","jetpack_likes_enabled":false,"jetpack-related-posts":[{"id":5155,"url":"http:\/\/www.grieta.org.mx\/index.php\/2016\/04\/30\/ejidatarios-de-san-juan-y-amealco-exigen-indemnizacion-por-libramiento\/","url_meta":{"origin":5156,"position":0},"title":"Conflictos por la construcci\u00f3n del libramiento Apaseo-Palmillas","author":"grieta","date":"30 abril, 2016","format":false,"excerpt":"30\/04\/16. Dice la SCT que no puede intervenir en conflicto del libramiento AM Quer\u00e9taro 28\/04\/16. Denuncia Sindicato de Trabajadores Transportistas del Municipio de Huimilpan despojo laboral AM Quer\u00e9taro 25\/10\/15. Sin pagar a afectados por obra en Apaseo-Palmillas AM Quer\u00e9taro 15\/09\/15. ICA y la SCT incumplen con pagos a ejidatarios afectados\u2026","rel":"","context":"En &quot;Comunicaciones y transportes&quot;","block_context":{"text":"Comunicaciones y transportes","link":"http:\/\/www.grieta.org.mx\/index.php\/category\/megaproyectos\/comunicaciones-y-transportes\/"},"img":{"alt_text":"","src":"https:\/\/i0.wp.com\/www.grieta.org.mx\/wp-content\/uploads\/2018\/03\/14524434_1106112876131411_958039263622046936_o.jpg?resize=350%2C200","width":350,"height":200,"srcset":"https:\/\/i0.wp.com\/www.grieta.org.mx\/wp-content\/uploads\/2018\/03\/14524434_1106112876131411_958039263622046936_o.jpg?resize=350%2C200 1x, https:\/\/i0.wp.com\/www.grieta.org.mx\/wp-content\/uploads\/2018\/03\/14524434_1106112876131411_958039263622046936_o.jpg?resize=525%2C300 1.5x, https:\/\/i0.wp.com\/www.grieta.org.mx\/wp-content\/uploads\/2018\/03\/14524434_1106112876131411_958039263622046936_o.jpg?resize=700%2C400 2x"},"classes":[]},{"id":5157,"url":"http:\/\/www.grieta.org.mx\/index.php\/2015\/08\/14\/se-reunen-ejidatarios-de-san-juan-del-rio-con-sct-y-constructora\/","url_meta":{"origin":5156,"position":1},"title":"Se re\u00fanen ejidatarios de San Juan del R\u00edo con SCT y constructora","author":"grieta","date":"14 agosto, 2015","format":false,"excerpt":"Guillermo Contreras\/AM Quer\u00e9taro Se re\u00fanen ejidatarios de San Juan del R\u00edo con SCT y constructora Los de la constructora aseguran que se siguen cuantificando los da\u00f1os a las parcelas, toda vez que hay continuidad en el gobierno federal. Cabe recordar que el libramiento Apaseo-Palmillas es una obra concesionada a la\u2026","rel":"","context":"En &quot;CINTILLO&quot;","block_context":{"text":"CINTILLO","link":"http:\/\/www.grieta.org.mx\/index.php\/category\/cintillo\/"},"img":{"alt_text":"","src":"https:\/\/i0.wp.com\/www.grieta.org.mx\/wp-content\/uploads\/2018\/03\/14524434_1106112876131411_958039263622046936_o.jpg?resize=350%2C200","width":350,"height":200,"srcset":"https:\/\/i0.wp.com\/www.grieta.org.mx\/wp-content\/uploads\/2018\/03\/14524434_1106112876131411_958039263622046936_o.jpg?resize=350%2C200 1x, https:\/\/i0.wp.com\/www.grieta.org.mx\/wp-content\/uploads\/2018\/03\/14524434_1106112876131411_958039263622046936_o.jpg?resize=525%2C300 1.5x, https:\/\/i0.wp.com\/www.grieta.org.mx\/wp-content\/uploads\/2018\/03\/14524434_1106112876131411_958039263622046936_o.jpg?resize=700%2C400 2x"},"classes":[]},{"id":11536,"url":"http:\/\/www.grieta.org.mx\/index.php\/2015\/10\/25\/sin-pagar-a-afectados-por-obra-en-apaseo-palmillas\/","url_meta":{"origin":5156,"position":2},"title":"Sin pagar a afectados por obra en Apaseo-Palmillas","author":"grieta","date":"25 octubre, 2015","format":false,"excerpt":"Redacci\u00f3n\/AM Quer\u00e9taro Los ejidatarios afectados por obra en San Juan del R\u00edo no han recibido la indemnizaci\u00f3n por los trabajos de la empresa ICA La Secretar\u00eda de Comunicaciones y Transportes (SCT) no ha pagado las indemnizaciones que comprometi\u00f3 con los ejidatarios de San Juan del R\u00edo por las afectaciones que\u2026","rel":"","context":"En &quot;CINTILLO&quot;","block_context":{"text":"CINTILLO","link":"http:\/\/www.grieta.org.mx\/index.php\/category\/cintillo\/"},"img":{"alt_text":"","src":"https:\/\/i0.wp.com\/www.grieta.org.mx\/wp-content\/uploads\/2018\/03\/14524434_1106112876131411_958039263622046936_o.jpg?resize=350%2C200","width":350,"height":200,"srcset":"https:\/\/i0.wp.com\/www.grieta.org.mx\/wp-content\/uploads\/2018\/03\/14524434_1106112876131411_958039263622046936_o.jpg?resize=350%2C200 1x, https:\/\/i0.wp.com\/www.grieta.org.mx\/wp-content\/uploads\/2018\/03\/14524434_1106112876131411_958039263622046936_o.jpg?resize=525%2C300 1.5x, https:\/\/i0.wp.com\/www.grieta.org.mx\/wp-content\/uploads\/2018\/03\/14524434_1106112876131411_958039263622046936_o.jpg?resize=700%2C400 2x"},"classes":[]},{"id":11540,"url":"http:\/\/www.grieta.org.mx\/index.php\/2016\/04\/30\/dice-la-sct-que-no-puede-intervenir-en-conflicto-del-libramiento\/","url_meta":{"origin":5156,"position":3},"title":"Dice la SCT que no puede intervenir en conflicto del libramiento","author":"grieta","date":"30 abril, 2016","format":false,"excerpt":"M\u00f3nica Gordillo\/AM Quer\u00e9taro Integrantes del Sindicato de Trabajadores Transportistas del Municipio de Huimilpan aseguraron ser despojados en la obra de construcci\u00f3n del libramiento Apaseo-Palmillas El director del Centro de la Secretar\u00eda de Comunicaciones y Transportes (SCT), Ricardo Ortiz Estrada, subray\u00f3 que la dependencia federal no puede intervenir en contratos entre\u2026","rel":"","context":"En &quot;CINTILLO&quot;","block_context":{"text":"CINTILLO","link":"http:\/\/www.grieta.org.mx\/index.php\/category\/cintillo\/"},"img":{"alt_text":"","src":"https:\/\/i0.wp.com\/www.grieta.org.mx\/wp-content\/uploads\/2018\/03\/14524434_1106112876131411_958039263622046936_o.jpg?resize=350%2C200","width":350,"height":200,"srcset":"https:\/\/i0.wp.com\/www.grieta.org.mx\/wp-content\/uploads\/2018\/03\/14524434_1106112876131411_958039263622046936_o.jpg?resize=350%2C200 1x, https:\/\/i0.wp.com\/www.grieta.org.mx\/wp-content\/uploads\/2018\/03\/14524434_1106112876131411_958039263622046936_o.jpg?resize=525%2C300 1.5x, https:\/\/i0.wp.com\/www.grieta.org.mx\/wp-content\/uploads\/2018\/03\/14524434_1106112876131411_958039263622046936_o.jpg?resize=700%2C400 2x"},"classes":[]},{"id":4999,"url":"http:\/\/www.grieta.org.mx\/index.php\/2015\/09\/15\/ica-y-la-sct-incumplen-con-pagos-a-ejidatarios-afectados-por-el-libramiento-palmillas-apaseo\/","url_meta":{"origin":5156,"position":4},"title":"ICA y la SCT incumplen con pagos a ejidatarios afectados por el libramiento Palmillas-Apaseo","author":"grieta","date":"15 septiembre, 2015","format":false,"excerpt":"Guillermo Contreras\/AM Quer\u00e9taro De acuerdo con el titular del Centro SCT en el estado, el proyecto del libramiento Apaseo-Palmillas se entregar\u00e1 hasta el segundo semestre del pr\u00f3ximo a\u00f1o El inicio de operaciones del libramiento Apaseo-Palmillas, proyecto en el que se aplican recursos por 5 mil 700 millones de pesos, se\u2026","rel":"","context":"En &quot;CINTILLO&quot;","block_context":{"text":"CINTILLO","link":"http:\/\/www.grieta.org.mx\/index.php\/category\/cintillo\/"},"img":{"alt_text":"","src":"https:\/\/i0.wp.com\/www.grieta.org.mx\/wp-content\/uploads\/2018\/03\/14524434_1106112876131411_958039263622046936_o.jpg?resize=350%2C200","width":350,"height":200,"srcset":"https:\/\/i0.wp.com\/www.grieta.org.mx\/wp-content\/uploads\/2018\/03\/14524434_1106112876131411_958039263622046936_o.jpg?resize=350%2C200 1x, https:\/\/i0.wp.com\/www.grieta.org.mx\/wp-content\/uploads\/2018\/03\/14524434_1106112876131411_958039263622046936_o.jpg?resize=525%2C300 1.5x, https:\/\/i0.wp.com\/www.grieta.org.mx\/wp-content\/uploads\/2018\/03\/14524434_1106112876131411_958039263622046936_o.jpg?resize=700%2C400 2x"},"classes":[]},{"id":11623,"url":"http:\/\/www.grieta.org.mx\/index.php\/2016\/04\/28\/denuncia-sindicato-despojo-laboral\/","url_meta":{"origin":5156,"position":5},"title":"Denuncia Sindicato de Trabajadores Transportistas del Municipio de Huimilpan despojo laboral","author":"grieta","date":"28 abril, 2016","format":false,"excerpt":"M\u00f3nica Gordillo\/AM Quer\u00e9taro Los trabajadores acusaron de despojo al Sindicato Nacional del Estado de M\u00e9xico en la obra de construcci\u00f3n de la autopista Apaseo El Grande-Palmillas Integrantes del Sindicato de Trabajadores Transportistas del Municipio de Huimilpan, adherido a la CTM, denunciaron el despojo laboral desde el s\u00e1bado pasado por parte\u2026","rel":"","context":"En &quot;CINTILLO&quot;","block_context":{"text":"CINTILLO","link":"http:\/\/www.grieta.org.mx\/index.php\/category\/cintillo\/"},"img":{"alt_text":"","src":"https:\/\/i0.wp.com\/www.grieta.org.mx\/wp-content\/uploads\/2018\/03\/14524434_1106112876131411_958039263622046936_o.jpg?resize=350%2C200","width":350,"height":200,"srcset":"https:\/\/i0.wp.com\/www.grieta.org.mx\/wp-content\/uploads\/2018\/03\/14524434_1106112876131411_958039263622046936_o.jpg?resize=350%2C200 1x, https:\/\/i0.wp.com\/www.grieta.org.mx\/wp-content\/uploads\/2018\/03\/14524434_1106112876131411_958039263622046936_o.jpg?resize=525%2C300 1.5x, https:\/\/i0.wp.com\/www.grieta.org.mx\/wp-content\/uploads\/2018\/03\/14524434_1106112876131411_958039263622046936_o.jpg?resize=700%2C400 2x"},"classes":[]}],"_links":{"self":[{"href":"http:\/\/www.grieta.org.mx\/index.php\/wp-json\/wp\/v2\/posts\/5156","targetHints":{"allow":["GET"]}}],"collection":[{"href":"http:\/\/www.grieta.org.mx\/index.php\/wp-json\/wp\/v2\/posts"}],"about":[{"href":"http:\/\/www.grieta.org.mx\/index.php\/wp-json\/wp\/v2\/types\/post"}],"author":[{"embeddable":true,"href":"http:\/\/www.grieta.org.mx\/index.php\/wp-json\/wp\/v2\/users\/2"}],"replies":[{"embeddable":true,"href":"http:\/\/www.grieta.org.mx\/index.php\/wp-json\/wp\/v2\/comments?post=5156"}],"version-history":[{"count":1,"href":"http:\/\/www.grieta.org.mx\/index.php\/wp-json\/wp\/v2\/posts\/5156\/revisions"}],"predecessor-version":[{"id":5160,"href":"http:\/\/www.grieta.org.mx\/index.php\/wp-json\/wp\/v2\/posts\/5156\/revisions\/5160"}],"wp:featuredmedia":[{"embeddable":true,"href":"http:\/\/www.grieta.org.mx\/index.php\/wp-json\/wp\/v2\/media\/21928"}],"wp:attachment":[{"href":"http:\/\/www.grieta.org.mx\/index.php\/wp-json\/wp\/v2\/media?parent=5156"}],"wp:term":[{"taxonomy":"category","embeddable":true,"href":"http:\/\/www.grieta.org.mx\/index.php\/wp-json\/wp\/v2\/categories?post=5156"},{"taxonomy":"post_tag","embeddable":true,"href":"http:\/\/www.grieta.org.mx\/index.php\/wp-json\/wp\/v2\/tags?post=5156"}],"curies":[{"name":"wp","href":"https:\/\/api.w.org\/{rel}","templated":true}]}}