{"id":51386,"date":"2020-06-23T20:43:25","date_gmt":"2020-06-24T01:43:25","guid":{"rendered":"http:\/\/www.grieta.org.mx\/?p=51386"},"modified":"2020-06-27T20:49:59","modified_gmt":"2020-06-28T01:49:59","slug":"protestan-migrantes-y-provocan-cierre-de-puente-en-matamoros-tamaulipas","status":"publish","type":"post","link":"http:\/\/www.grieta.org.mx\/index.php\/2020\/06\/23\/protestan-migrantes-y-provocan-cierre-de-puente-en-matamoros-tamaulipas\/","title":{"rendered":"Protestan migrantes y provocan cierre de puente en Matamoros (Tamaulipas)"},"content":{"rendered":"<p>Jaime Jim\u00e9nez\/El Sol de Tampico<br \/>\n23 junio 2020<\/p>\n<blockquote><p>Fue cerrado por espacio de horas despu\u00e9s que un grupo de migrantes intent\u00f3 cruzar a los Estados Unidos de manera forzosa<\/p><\/blockquote>\n<p><img loading=\"lazy\" decoding=\"async\" data-attachment-id=\"51387\" data-permalink=\"http:\/\/www.grieta.org.mx\/index.php\/2020\/06\/23\/protestan-migrantes-y-provocan-cierre-de-puente-en-matamoros-tamaulipas\/whatsapp-image-2020-06-23-at-11-38-34\/\" data-orig-file=\"http:\/\/www.grieta.org.mx\/wp-content\/uploads\/2020\/06\/WhatsApp-Image-2020-06-23-at-11.38.34.jpeg\" data-orig-size=\"768,479\" data-comments-opened=\"0\" data-image-meta=\"{&quot;aperture&quot;:&quot;0&quot;,&quot;credit&quot;:&quot;&quot;,&quot;camera&quot;:&quot;&quot;,&quot;caption&quot;:&quot;&quot;,&quot;created_timestamp&quot;:&quot;0&quot;,&quot;copyright&quot;:&quot;&quot;,&quot;focal_length&quot;:&quot;0&quot;,&quot;iso&quot;:&quot;0&quot;,&quot;shutter_speed&quot;:&quot;0&quot;,&quot;title&quot;:&quot;&quot;,&quot;orientation&quot;:&quot;0&quot;}\" data-image-title=\"WhatsApp Image 2020-06-23 at 11.38.34\" data-image-description=\"\" data-image-caption=\"\" data-medium-file=\"http:\/\/www.grieta.org.mx\/wp-content\/uploads\/2020\/06\/WhatsApp-Image-2020-06-23-at-11.38.34-300x187.jpeg\" data-large-file=\"http:\/\/www.grieta.org.mx\/wp-content\/uploads\/2020\/06\/WhatsApp-Image-2020-06-23-at-11.38.34.jpeg\" src=\"http:\/\/www.grieta.org.mx\/wp-content\/uploads\/2020\/06\/WhatsApp-Image-2020-06-23-at-11.38.34.jpeg\" alt=\"\" width=\"768\" height=\"479\" class=\"aligncenter size-full wp-image-51387\" srcset=\"http:\/\/www.grieta.org.mx\/wp-content\/uploads\/2020\/06\/WhatsApp-Image-2020-06-23-at-11.38.34.jpeg 768w, http:\/\/www.grieta.org.mx\/wp-content\/uploads\/2020\/06\/WhatsApp-Image-2020-06-23-at-11.38.34-300x187.jpeg 300w\" sizes=\"auto, (max-width: 768px) 100vw, 768px\" \/><br \/>\nEl puente nuevo internacional de Matamoros, Tamaulipas fue cerrado por algunas horas | Jaime Jim\u00e9nez | El Sol de Tampico<\/p>\n<p>Reynosa, Tamaulipas.- El puente nuevo internacional de Matamoros, Tamaulipas, fue cerrado por espacio de horas despu\u00e9s que un grupo de migrantes intent\u00f3 cruzar a los Estados Unidos de manera forzosa.<\/p>\n<p>El incidente ocurri\u00f3 aproximadamente a las 03:00 horas de este martes, cuando los extranjeros que se encuentran varados en esa ciudad fronteriza protestaron contra autoridades norteamericanas.<\/p>\n<p>Cabe mencionar que hasta el momento contin\u00faan suspendidos los tr\u00e1mites para el asilo pol\u00edtico, es por eso que los migrantes se encuentran desesperados.<\/p>\n<p>El puente nuevo internacional ya opera de forma normal para peatones y automovilistas quienes realizan viajes esenciales se sur a norte y viceversa.<\/p>\n<p><img loading=\"lazy\" decoding=\"async\" data-attachment-id=\"51389\" data-permalink=\"http:\/\/www.grieta.org.mx\/index.php\/2020\/06\/23\/protestan-migrantes-y-provocan-cierre-de-puente-en-matamoros-tamaulipas\/whatsapp-image-2020-06-23-at-11-38-34-1\/\" data-orig-file=\"http:\/\/www.grieta.org.mx\/wp-content\/uploads\/2020\/06\/WhatsApp-Image-2020-06-23-at-11.38.34-1.jpeg\" data-orig-size=\"480,475\" data-comments-opened=\"0\" data-image-meta=\"{&quot;aperture&quot;:&quot;0&quot;,&quot;credit&quot;:&quot;&quot;,&quot;camera&quot;:&quot;&quot;,&quot;caption&quot;:&quot;&quot;,&quot;created_timestamp&quot;:&quot;0&quot;,&quot;copyright&quot;:&quot;&quot;,&quot;focal_length&quot;:&quot;0&quot;,&quot;iso&quot;:&quot;0&quot;,&quot;shutter_speed&quot;:&quot;0&quot;,&quot;title&quot;:&quot;&quot;,&quot;orientation&quot;:&quot;0&quot;}\" data-image-title=\"WhatsApp Image 2020-06-23 at 11.38.34 (1)\" data-image-description=\"\" data-image-caption=\"\" data-medium-file=\"http:\/\/www.grieta.org.mx\/wp-content\/uploads\/2020\/06\/WhatsApp-Image-2020-06-23-at-11.38.34-1-300x297.jpeg\" data-large-file=\"http:\/\/www.grieta.org.mx\/wp-content\/uploads\/2020\/06\/WhatsApp-Image-2020-06-23-at-11.38.34-1.jpeg\" src=\"http:\/\/www.grieta.org.mx\/wp-content\/uploads\/2020\/06\/WhatsApp-Image-2020-06-23-at-11.38.34-1.jpeg\" alt=\"\" width=\"480\" height=\"475\" class=\"aligncenter size-full wp-image-51389\" srcset=\"http:\/\/www.grieta.org.mx\/wp-content\/uploads\/2020\/06\/WhatsApp-Image-2020-06-23-at-11.38.34-1.jpeg 480w, http:\/\/www.grieta.org.mx\/wp-content\/uploads\/2020\/06\/WhatsApp-Image-2020-06-23-at-11.38.34-1-300x297.jpeg 300w, http:\/\/www.grieta.org.mx\/wp-content\/uploads\/2020\/06\/WhatsApp-Image-2020-06-23-at-11.38.34-1-130x130.jpeg 130w\" sizes=\"auto, (max-width: 480px) 100vw, 480px\" \/><br \/>\nJaime Jim\u00e9nez | El Sol de Tampico<\/p>\n<p><a href=\"https:\/\/www.elsoldetampico.com.mx\/local\/regional\/protestan-migrantes-y-provocan-cierre-de-puente-en-matamoros-5401187.html\" rel=\"noopener noreferrer\" target=\"_blank\">https:\/\/www.elsoldetampico.com.mx\/local\/regional\/protestan-migrantes-y-provocan-cierre-de-puente-en-matamoros-5401187.html<\/a><\/p>\n","protected":false},"excerpt":{"rendered":"<p>Jaime Jim\u00e9nez\/El Sol de Tampico 23 junio 2020 Fue cerrado por espacio de horas despu\u00e9s que un grupo de migrantes intent\u00f3 cruzar a los Estados Unidos de manera forzosa El &hellip; <a href=\"http:\/\/www.grieta.org.mx\/index.php\/2020\/06\/23\/protestan-migrantes-y-provocan-cierre-de-puente-en-matamoros-tamaulipas\/\" class=\"more-link\">Leer m\u00e1s<\/a><\/p>\n","protected":false},"author":2,"featured_media":51387,"comment_status":"closed","ping_status":"closed","sticky":false,"template":"","format":"standard","meta":{"ngg_post_thumbnail":0,"_jetpack_newsletter_access":"","_jetpack_dont_email_post_to_subs":false,"_jetpack_newsletter_tier_id":0,"_jetpack_memberships_contains_paywalled_content":false,"_jetpack_memberships_contains_paid_content":false,"footnotes":""},"categories":[80,3269,86,2124,2,33,83],"tags":[3241,158,3561,2875],"class_list":["post-51386","post","type-post","status-publish","format-standard","has-post-thumbnail","hentry","category-cintillo","category-covid-19-en-tamaulipas","category-migrantes","category-migrantes-en-tamaulipas","category-noticias-nacionales","category-tamaulipas","category-temas-nacionales","tag-covid-19","tag-migrantes","tag-protestas-de-migrantes","tag-violacion-al-derecho-de-buscar-asilo-politico","entry"],"jetpack_featured_media_url":"http:\/\/www.grieta.org.mx\/wp-content\/uploads\/2020\/06\/WhatsApp-Image-2020-06-23-at-11.38.34.jpeg","jetpack_sharing_enabled":true,"jetpack_shortlink":"https:\/\/wp.me\/p7ZJR4-dmO","jetpack_likes_enabled":false,"jetpack-related-posts":[{"id":32882,"url":"http:\/\/www.grieta.org.mx\/index.php\/2019\/04\/30\/desesperante-situacion-de-migrantes-en-puente-tamaulipas\/","url_meta":{"origin":51386,"position":0},"title":"Desesperante situaci\u00f3n de migrantes en puente (Tamaulipas)","author":"grieta","date":"30 abril, 2019","format":false,"excerpt":"Miguel Jim\u00e9nez \/ El Ma\u00f1ana Suman meses en espera de ser atendidos para el asilo Matamoros, Tam.- Cada vez se vuelve m\u00e1s complicado la estancia para los migrantes que se encuentran en los puentes internacionales de Matamoros en busca de cruzar a los Estados Unidos de manera legal. Hay quienes\u2026","rel":"","context":"En &quot;CINTILLO&quot;","block_context":{"text":"CINTILLO","link":"http:\/\/www.grieta.org.mx\/index.php\/category\/cintillo\/"},"img":{"alt_text":"","src":"https:\/\/i0.wp.com\/www.grieta.org.mx\/wp-content\/uploads\/2019\/05\/Desesperante-situaci%C3%B3n-de-migrantes-en-puente-tama-may.jpg?resize=350%2C200","width":350,"height":200,"srcset":"https:\/\/i0.wp.com\/www.grieta.org.mx\/wp-content\/uploads\/2019\/05\/Desesperante-situaci%C3%B3n-de-migrantes-en-puente-tama-may.jpg?resize=350%2C200 1x, https:\/\/i0.wp.com\/www.grieta.org.mx\/wp-content\/uploads\/2019\/05\/Desesperante-situaci%C3%B3n-de-migrantes-en-puente-tama-may.jpg?resize=525%2C300 1.5x"},"classes":[]},{"id":40268,"url":"http:\/\/www.grieta.org.mx\/index.php\/2019\/10\/10\/migrantes-tomaron-el-puente-internacional-nuevo-en-tamaulipas-piden-que-se-aceleren-sus-tramites-de-asilo\/","url_meta":{"origin":51386,"position":1},"title":"Migrantes tomaron el Puente Internacional Nuevo en Tamaulipas; piden que se aceleren sus tr\u00e1mites de asilo","author":"grieta","date":"10 octubre, 2019","format":false,"excerpt":"Conexi\u00f3n Migrante Los migrantes han manifestado que tienen ya varios meses en M\u00e9xico, sin embargo, no han recibido respuestas favorables a sus peticiones El Puente Internacional Nuevo, ubicado en Matamoros, Tamaulipas, fue tomado por cerca de 500 migrantes para pedir a las autoridades de Estados Unidos que se aceleren sus\u2026","rel":"","context":"En &quot;Migrantes&quot;","block_context":{"text":"Migrantes","link":"http:\/\/www.grieta.org.mx\/index.php\/category\/temas-nacionales\/migrantes\/"},"img":{"alt_text":"","src":"https:\/\/i0.wp.com\/www.grieta.org.mx\/wp-content\/uploads\/2019\/10\/Migrantes-tomaron-el-Puente-Internacional-Nuevo-en-Matamoros-piden-acelerar-sus-tr%C3%A1mites-para-llegar-a-E.U.jpg?resize=350%2C200","width":350,"height":200,"srcset":"https:\/\/i0.wp.com\/www.grieta.org.mx\/wp-content\/uploads\/2019\/10\/Migrantes-tomaron-el-Puente-Internacional-Nuevo-en-Matamoros-piden-acelerar-sus-tr%C3%A1mites-para-llegar-a-E.U.jpg?resize=350%2C200 1x, https:\/\/i0.wp.com\/www.grieta.org.mx\/wp-content\/uploads\/2019\/10\/Migrantes-tomaron-el-Puente-Internacional-Nuevo-en-Matamoros-piden-acelerar-sus-tr%C3%A1mites-para-llegar-a-E.U.jpg?resize=525%2C300 1.5x, https:\/\/i0.wp.com\/www.grieta.org.mx\/wp-content\/uploads\/2019\/10\/Migrantes-tomaron-el-Puente-Internacional-Nuevo-en-Matamoros-piden-acelerar-sus-tr%C3%A1mites-para-llegar-a-E.U.jpg?resize=700%2C400 2x, https:\/\/i0.wp.com\/www.grieta.org.mx\/wp-content\/uploads\/2019\/10\/Migrantes-tomaron-el-Puente-Internacional-Nuevo-en-Matamoros-piden-acelerar-sus-tr%C3%A1mites-para-llegar-a-E.U.jpg?resize=1050%2C600 3x"},"classes":[]},{"id":65609,"url":"http:\/\/www.grieta.org.mx\/index.php\/2022\/10\/14\/migrantes-venezolanos-protestan-encadenados-en-tamaulipas-contra-el-gobernador-de-texas\/","url_meta":{"origin":51386,"position":2},"title":"Migrantes venezolanos protestan encadenados en Tamaulipas contra el gobernador de Texas","author":"grieta","date":"14 octubre, 2022","format":false,"excerpt":"Carlos Ju\u00e1rez\/El Heraldo de M\u00e9xico 14 octubre 2022 Encadenados y con las manos pintadas de blanco en se\u00f1al de paz, un contingente de venezolanos deportados llegaron hasta el Puente Nuevo que conecta a Tamaulipas y Texas, para protestar en contra del gobierno de los Estados Unidos por \"deportarlos con enga\u00f1os\"\u2026","rel":"","context":"En &quot;CINTILLO&quot;","block_context":{"text":"CINTILLO","link":"http:\/\/www.grieta.org.mx\/index.php\/category\/cintillo\/"},"img":{"alt_text":"","src":"https:\/\/i0.wp.com\/www.grieta.org.mx\/wp-content\/uploads\/2022\/10\/f960x540-596717_670792_79.jpg?resize=350%2C200","width":350,"height":200,"srcset":"https:\/\/i0.wp.com\/www.grieta.org.mx\/wp-content\/uploads\/2022\/10\/f960x540-596717_670792_79.jpg?resize=350%2C200 1x, https:\/\/i0.wp.com\/www.grieta.org.mx\/wp-content\/uploads\/2022\/10\/f960x540-596717_670792_79.jpg?resize=525%2C300 1.5x, https:\/\/i0.wp.com\/www.grieta.org.mx\/wp-content\/uploads\/2022\/10\/f960x540-596717_670792_79.jpg?resize=700%2C400 2x"},"classes":[]},{"id":32879,"url":"http:\/\/www.grieta.org.mx\/index.php\/2019\/05\/02\/sin-cifras-reales-sobre-migrantes-tamaulipas\/","url_meta":{"origin":51386,"position":3},"title":"Sin cifras reales sobre migrantes (Tamaulipas)","author":"grieta","date":"2 mayo, 2019","format":false,"excerpt":"Miguel Jim\u00e9nez \/ El Ma\u00f1ana EN ESPERA. Arriba de mil solicitantes de asilo est\u00e1n en Matamoros, en albergues o en el bordo del r\u00edo Bravo. El encargado de la Casa del Migrante de Matamoros, Juan Antonio Sierra Vargas, asegur\u00f3 que ninguna agrupaci\u00f3n ni dependencia oficial tiene n\u00fameros reales de migrantes\u2026","rel":"","context":"En &quot;CINTILLO&quot;","block_context":{"text":"CINTILLO","link":"http:\/\/www.grieta.org.mx\/index.php\/category\/cintillo\/"},"img":{"alt_text":"","src":"https:\/\/i0.wp.com\/www.grieta.org.mx\/wp-content\/uploads\/2019\/05\/Sin-cifras-reales-sobre-migrantes-tama-may.jpg?resize=350%2C200","width":350,"height":200,"srcset":"https:\/\/i0.wp.com\/www.grieta.org.mx\/wp-content\/uploads\/2019\/05\/Sin-cifras-reales-sobre-migrantes-tama-may.jpg?resize=350%2C200 1x, https:\/\/i0.wp.com\/www.grieta.org.mx\/wp-content\/uploads\/2019\/05\/Sin-cifras-reales-sobre-migrantes-tama-may.jpg?resize=525%2C300 1.5x"},"classes":[]},{"id":35874,"url":"http:\/\/www.grieta.org.mx\/index.php\/2019\/06\/29\/tragedia-no-frenara-el-flujo-de-migrantes-tamaulipas\/","url_meta":{"origin":51386,"position":4},"title":"Tragedia no frenar\u00e1 el flujo de migrantes (Tamaulipas)","author":"grieta","date":"29 junio, 2019","format":false,"excerpt":"Miguel Jim\u00e9nez \/ El Ma\u00f1ana Persiste el arribo no solamente de centroamericanos Matamoros, Tam.- La migraci\u00f3n de personas de otros pa\u00edses que llegan a la frontera con intenciones de cruzarse hacia los Estados Unidos no se detendr\u00e1 pese a las tragedias, como la sucedida esta semana en Matamoros, donde un\u2026","rel":"","context":"En &quot;CINTILLO&quot;","block_context":{"text":"CINTILLO","link":"http:\/\/www.grieta.org.mx\/index.php\/category\/cintillo\/"},"img":{"alt_text":"","src":"https:\/\/i0.wp.com\/www.grieta.org.mx\/wp-content\/uploads\/2019\/07\/Tragedia-no-frenar%C3%A1-el-flujo-de-migrantes-tama-jul.jpg?resize=350%2C200","width":350,"height":200,"srcset":"https:\/\/i0.wp.com\/www.grieta.org.mx\/wp-content\/uploads\/2019\/07\/Tragedia-no-frenar%C3%A1-el-flujo-de-migrantes-tama-jul.jpg?resize=350%2C200 1x, https:\/\/i0.wp.com\/www.grieta.org.mx\/wp-content\/uploads\/2019\/07\/Tragedia-no-frenar%C3%A1-el-flujo-de-migrantes-tama-jul.jpg?resize=525%2C300 1.5x"},"classes":[]},{"id":34031,"url":"http:\/\/www.grieta.org.mx\/index.php\/2019\/05\/31\/migrantes-retan-la-muerte-en-rio-situacion-ya-es-preocupante-cruz-roja-tamaulipas\/","url_meta":{"origin":51386,"position":5},"title":"Migrantes retan la muerte en r\u00edo. Situaci\u00f3n ya es preocupante: Cruz Roja (Tamaulipas)","author":"grieta","date":"31 mayo, 2019","format":false,"excerpt":"Miguel Jim\u00e9nez \/ El Ma\u00f1ana Se desesperan e intentan cruzar a nado a los Estados Unidos Matamoros, Tam.- Francisco Ponce Lara, coordinador de Socorros de la Cruz Roja en Matamoros, asegur\u00f3 que la desesperaci\u00f3n de los migrantes por intentar llegar a Estados Unidos est\u00e1 provocando que cada vez m\u00e1s se\u2026","rel":"","context":"En &quot;CINTILLO&quot;","block_context":{"text":"CINTILLO","link":"http:\/\/www.grieta.org.mx\/index.php\/category\/cintillo\/"},"img":{"alt_text":"","src":"https:\/\/i0.wp.com\/www.grieta.org.mx\/wp-content\/uploads\/2019\/06\/Migrantes-retan-la-muerte-en-r%C3%ADo.-Situaci%C3%B3n-ya-es-preocupante-Cruz-Roja-tama-jun.jpg?resize=350%2C200","width":350,"height":200,"srcset":"https:\/\/i0.wp.com\/www.grieta.org.mx\/wp-content\/uploads\/2019\/06\/Migrantes-retan-la-muerte-en-r%C3%ADo.-Situaci%C3%B3n-ya-es-preocupante-Cruz-Roja-tama-jun.jpg?resize=350%2C200 1x, https:\/\/i0.wp.com\/www.grieta.org.mx\/wp-content\/uploads\/2019\/06\/Migrantes-retan-la-muerte-en-r%C3%ADo.-Situaci%C3%B3n-ya-es-preocupante-Cruz-Roja-tama-jun.jpg?resize=525%2C300 1.5x"},"classes":[]}],"_links":{"self":[{"href":"http:\/\/www.grieta.org.mx\/index.php\/wp-json\/wp\/v2\/posts\/51386","targetHints":{"allow":["GET"]}}],"collection":[{"href":"http:\/\/www.grieta.org.mx\/index.php\/wp-json\/wp\/v2\/posts"}],"about":[{"href":"http:\/\/www.grieta.org.mx\/index.php\/wp-json\/wp\/v2\/types\/post"}],"author":[{"embeddable":true,"href":"http:\/\/www.grieta.org.mx\/index.php\/wp-json\/wp\/v2\/users\/2"}],"replies":[{"embeddable":true,"href":"http:\/\/www.grieta.org.mx\/index.php\/wp-json\/wp\/v2\/comments?post=51386"}],"version-history":[{"count":1,"href":"http:\/\/www.grieta.org.mx\/index.php\/wp-json\/wp\/v2\/posts\/51386\/revisions"}],"predecessor-version":[{"id":51390,"href":"http:\/\/www.grieta.org.mx\/index.php\/wp-json\/wp\/v2\/posts\/51386\/revisions\/51390"}],"wp:featuredmedia":[{"embeddable":true,"href":"http:\/\/www.grieta.org.mx\/index.php\/wp-json\/wp\/v2\/media\/51387"}],"wp:attachment":[{"href":"http:\/\/www.grieta.org.mx\/index.php\/wp-json\/wp\/v2\/media?parent=51386"}],"wp:term":[{"taxonomy":"category","embeddable":true,"href":"http:\/\/www.grieta.org.mx\/index.php\/wp-json\/wp\/v2\/categories?post=51386"},{"taxonomy":"post_tag","embeddable":true,"href":"http:\/\/www.grieta.org.mx\/index.php\/wp-json\/wp\/v2\/tags?post=51386"}],"curies":[{"name":"wp","href":"https:\/\/api.w.org\/{rel}","templated":true}]}}