{"id":5138,"date":"2015-08-19T03:23:01","date_gmt":"2015-08-19T03:23:01","guid":{"rendered":"http:\/\/50.22.11.12\/~grietaor\/?p=5138"},"modified":"2016-03-26T03:24:01","modified_gmt":"2016-03-26T03:24:01","slug":"toman-maestros-sede-e-impiden-reunion-entre-titular-de-ieepo-y-trabajadores-de-la-educacion-en-juchitan","status":"publish","type":"post","link":"http:\/\/www.grieta.org.mx\/index.php\/2015\/08\/19\/toman-maestros-sede-e-impiden-reunion-entre-titular-de-ieepo-y-trabajadores-de-la-educacion-en-juchitan\/","title":{"rendered":"\u201cToman\u201d maestros sede e impiden reuni\u00f3n entre titular de IEEPO y trabajadores de la educaci\u00f3n en Juchit\u00e1n"},"content":{"rendered":"<p>Diana Manzo, Oaxaca.<\/p>\n<p>JUCHIT\u00c1N,OAX.- M\u00e1s de un centenar de maestros de la secci\u00f3n 22 de la CNTE que pertenecen al sector Juchit\u00e1n en el Istmo de Tehuantepec, impidieron la reuni\u00f3n que sostendr\u00eda el titular del \u201cnuevo\u201d IEEPO, Mois\u00e9s Robles en esta ciudad con trabajadores de la educaci\u00f3n.<\/p>\n<p>Con una concentraci\u00f3n pac\u00edfica afuera de la sede, que ser\u00eda en un conocido restaurante, a muy temprana hora, los maestros arribaron al lugar y m\u00e1s tarde informaron que la dependencia hab\u00eda cancelado su visita por \u201cfalta de condiciones\u201d.<\/p>\n<p>Los mentores se\u00f1alaron que no van a permitir la realizaci\u00f3n de ning\u00fan acto p\u00fablico en donde est\u00e9 presente el funcionario estatal y tampoco sus \u201cc\u00f3mplices\u201d de la \u201cmal llamada\u201d reforma del IEEPO.<\/p>\n<p>Adri\u00e1n Ram\u00edrez Castillo, jefe del sector Juchit\u00e1n inform\u00f3 que la tarde del martes fueron notificados por una voz femenina llamada \u201cLupita\u201d que invitaba a directivos y jefes de sector a una reuni\u00f3n con el Director del nuevo IEEPO, por lo que accionaron de inmediato para evitar cualquier presencia del funcionario en la ciudad.<\/p>\n<p>Asimismo inform\u00f3 que maestros del Sector Salina Cruz, tambi\u00e9n impidieron el arribo al puerto del mandatario Oaxaque\u00f1o, Gabino Cu\u00e9 Monteagudo, qui\u00e9n estar\u00eda presente en la conmemoraci\u00f3n del medio siglo en que esta ciudad se convirti\u00f3 en capital del estado oaxaque\u00f1o.<\/p>\n<p>\u201cTanto nosotros de Juchit\u00e1n como maestros de Salina Cruz estamos atentos a la llegada de funcionarios estatales, en el caso del gobernador vamos a impedir que llegue al territorio istme\u00f1o, al igual que los funcionarios del IEEPO, no los queremos, porque han utilizado su poder para lastimar la educaci\u00f3n p\u00fablica en el estado y no lo vamos a permitir, exigimos respeto y una mesa de dialogo con el mandatario oaxaque\u00f1o\u201d, dijo.<\/p>\n<p>Ram\u00edrez Castillo se\u00f1al\u00f3 que por acuerdo de la asamblea estatal las clases comenzar\u00e1n este jueves y toda la base magisterial se encuentra lista para arrancar el nuevo ciclo escolar 2015-2016.<\/p>\n<p>\u201cNuestra lucha ser\u00e1 en las aulas y por las tardes en las calles, para este jueves tendremos una marcha regional masiva en esta ciudad, con la presencia de los seis sectores educativos\u201d, finaliz\u00f3.<\/p>\n<p>Los maestros se retiraron en el lugar luego de permanecer m\u00e1s de siete horas haciendo guardia frente al restaurante.<\/p>\n<p><a href=\"http:\/\/pagina3.mx\/2015\/08\/toman-maestros-sede-e-impiden-reunion-entre-titular-de-ieepo-y-trabajadores-de-la-educacion-en-juchitan\/\" target=\"_blank\">pagina3.mx\/2015\/08\/toman-maestros-sede-e-impiden-reunion-entre-titular-de-ieepo-y-trabajadores-de-la-educacion-en-juchitan\/<\/a><\/p>\n","protected":false},"excerpt":{"rendered":"<p>Diana Manzo, Oaxaca. JUCHIT\u00c1N,OAX.- M\u00e1s de un centenar de maestros de la secci\u00f3n 22 de la CNTE que pertenecen al sector Juchit\u00e1n en el Istmo de Tehuantepec, impidieron la reuni\u00f3n &hellip; <a href=\"http:\/\/www.grieta.org.mx\/index.php\/2015\/08\/19\/toman-maestros-sede-e-impiden-reunion-entre-titular-de-ieepo-y-trabajadores-de-la-educacion-en-juchitan\/\" class=\"more-link\">Leer m\u00e1s<\/a><\/p>\n","protected":false},"author":2,"featured_media":21928,"comment_status":"closed","ping_status":"open","sticky":false,"template":"","format":"standard","meta":{"ngg_post_thumbnail":0,"_jetpack_newsletter_access":"","_jetpack_dont_email_post_to_subs":false,"_jetpack_newsletter_tier_id":0,"_jetpack_memberships_contains_paywalled_content":false,"_jetpack_memberships_contains_paid_content":false,"footnotes":""},"categories":[80],"tags":[133,93,135],"class_list":["post-5138","post","type-post","status-publish","format-standard","has-post-thumbnail","hentry","category-cintillo","tag-maestros","tag-oaxaca","tag-reforma-educativa","entry"],"jetpack_featured_media_url":"http:\/\/www.grieta.org.mx\/wp-content\/uploads\/2018\/03\/14524434_1106112876131411_958039263622046936_o.jpg","jetpack_sharing_enabled":true,"jetpack_shortlink":"https:\/\/wp.me\/p7ZJR4-1kS","jetpack_likes_enabled":false,"jetpack-related-posts":[{"id":5110,"url":"http:\/\/www.grieta.org.mx\/index.php\/2015\/08\/10\/maestros-de-la-seccion-22-toman-de-forma-indefinida-coordinacion-de-ieepo-en-juchitan\/","url_meta":{"origin":5138,"position":0},"title":"Maestros de la secci\u00f3n 22 \u201ctoman\u201d de forma indefinida coordinaci\u00f3n de IEEPO en Juchit\u00e1n","author":"grieta","date":"10 agosto, 2015","format":false,"excerpt":"P\u00e1gina 3. Diana Manzo, Jucht\u00e1n, Oaxaca.- Maestros de la secci\u00f3n 22 de la regi\u00f3n Istmo despu\u00e9s de reunirse con trabajadores de la coordinaci\u00f3n regional del IEEPO en Juchit\u00e1n acordaron una \u201ctoma\u201d de forma indefinida para el resguardo de las instalaciones y exigir al gobierno de Oaxaca la instalaci\u00f3n de una\u2026","rel":"","context":"En &quot;CINTILLO&quot;","block_context":{"text":"CINTILLO","link":"http:\/\/www.grieta.org.mx\/index.php\/category\/cintillo\/"},"img":{"alt_text":"","src":"https:\/\/i0.wp.com\/www.grieta.org.mx\/wp-content\/uploads\/2018\/03\/14524434_1106112876131411_958039263622046936_o.jpg?resize=350%2C200","width":350,"height":200,"srcset":"https:\/\/i0.wp.com\/www.grieta.org.mx\/wp-content\/uploads\/2018\/03\/14524434_1106112876131411_958039263622046936_o.jpg?resize=350%2C200 1x, https:\/\/i0.wp.com\/www.grieta.org.mx\/wp-content\/uploads\/2018\/03\/14524434_1106112876131411_958039263622046936_o.jpg?resize=525%2C300 1.5x, https:\/\/i0.wp.com\/www.grieta.org.mx\/wp-content\/uploads\/2018\/03\/14524434_1106112876131411_958039263622046936_o.jpg?resize=700%2C400 2x"},"classes":[]},{"id":13631,"url":"http:\/\/www.grieta.org.mx\/index.php\/2016\/06\/02\/por-tercer-semana-maestros-toman-oficinas-de-ieepo-en-juchitan\/","url_meta":{"origin":5138,"position":1},"title":"Por tercer semana maestros \u201ctoman\u201d oficinas de IEEPO en Juchit\u00e1n","author":"grieta","date":"2 junio, 2016","format":false,"excerpt":"P\u00e1gina 3. Diana Manzo, Juchit\u00e1n, Oaxaca.- Por tercera semana consecutiva profesores de la Secci\u00f3n 22 de la CNTE encabezan la toma de las oficinas de los Servicios regionales del Instituto Estatal de Educaci\u00f3n P\u00fablica de Oaxaca (IEEPO) como parte de su movilizaci\u00f3n nacional y la exigencia de una mesa de\u2026","rel":"","context":"En &quot;CINTILLO&quot;","block_context":{"text":"CINTILLO","link":"http:\/\/www.grieta.org.mx\/index.php\/category\/cintillo\/"},"img":{"alt_text":"","src":"https:\/\/i0.wp.com\/www.grieta.org.mx\/wp-content\/uploads\/2018\/03\/14524434_1106112876131411_958039263622046936_o.jpg?resize=350%2C200","width":350,"height":200,"srcset":"https:\/\/i0.wp.com\/www.grieta.org.mx\/wp-content\/uploads\/2018\/03\/14524434_1106112876131411_958039263622046936_o.jpg?resize=350%2C200 1x, https:\/\/i0.wp.com\/www.grieta.org.mx\/wp-content\/uploads\/2018\/03\/14524434_1106112876131411_958039263622046936_o.jpg?resize=525%2C300 1.5x, https:\/\/i0.wp.com\/www.grieta.org.mx\/wp-content\/uploads\/2018\/03\/14524434_1106112876131411_958039263622046936_o.jpg?resize=700%2C400 2x"},"classes":[]},{"id":9383,"url":"http:\/\/www.grieta.org.mx\/index.php\/2016\/03\/17\/protestan-maestros-de-educacion-indigena-frente-al-ieepo\/","url_meta":{"origin":5138,"position":2},"title":"Protestan maestros de educaci\u00f3n ind\u00edgena frente al IEEPO","author":"grieta","date":"17 marzo, 2016","format":false,"excerpt":"Luis Jer\u00f3nimo, Oaxaca. OAXACA, Oax., 17 de marzo de 2016.- Maestros de educaci\u00f3n ind\u00edgena de Oaxaca de la Secci\u00f3n 22 del Sindicato Nacional de Trabajadores de la Educaci\u00f3n (SNTE) iniciaron este jueves un mitin frente a las oficinas del Instituto Estatal de Educaci\u00f3n P\u00fablica de Oaxaca (IEEPO) para protestar por\u2026","rel":"","context":"En &quot;CINTILLO&quot;","block_context":{"text":"CINTILLO","link":"http:\/\/www.grieta.org.mx\/index.php\/category\/cintillo\/"},"img":{"alt_text":"","src":"https:\/\/i0.wp.com\/www.grieta.org.mx\/wp-content\/uploads\/2018\/03\/14524434_1106112876131411_958039263622046936_o.jpg?resize=350%2C200","width":350,"height":200,"srcset":"https:\/\/i0.wp.com\/www.grieta.org.mx\/wp-content\/uploads\/2018\/03\/14524434_1106112876131411_958039263622046936_o.jpg?resize=350%2C200 1x, https:\/\/i0.wp.com\/www.grieta.org.mx\/wp-content\/uploads\/2018\/03\/14524434_1106112876131411_958039263622046936_o.jpg?resize=525%2C300 1.5x, https:\/\/i0.wp.com\/www.grieta.org.mx\/wp-content\/uploads\/2018\/03\/14524434_1106112876131411_958039263622046936_o.jpg?resize=700%2C400 2x"},"classes":[]},{"id":1974,"url":"http:\/\/www.grieta.org.mx\/index.php\/2015\/11\/21\/de-protesta-dia-de-la-revolucion-mexicana-en-el-istmo\/","url_meta":{"origin":5138,"position":3},"title":"De protesta, D\u00eda de la Revoluci\u00f3n Mexicana en el istmo","author":"grieta","date":"21 noviembre, 2015","format":false,"excerpt":"Istmo Press, Oaxaca #Ixtepec 21 nov (#istmopress).- El 20 de noviembre fue de protesta, tanto en Juchit\u00e1n de Zaragoza durante el desfile c\u00edvico conmemorativo al 105 aniversario de la Revoluci\u00f3n Mexicana, como en Ciudad Ixtepec, donde los docentes marcharon por la tarde en contra de la reforma educativa y el\u2026","rel":"","context":"En &quot;CINTILLO&quot;","block_context":{"text":"CINTILLO","link":"http:\/\/www.grieta.org.mx\/index.php\/category\/cintillo\/"},"img":{"alt_text":"","src":"https:\/\/i0.wp.com\/www.grieta.org.mx\/wp-content\/uploads\/2018\/03\/14524434_1106112876131411_958039263622046936_o.jpg?resize=350%2C200","width":350,"height":200,"srcset":"https:\/\/i0.wp.com\/www.grieta.org.mx\/wp-content\/uploads\/2018\/03\/14524434_1106112876131411_958039263622046936_o.jpg?resize=350%2C200 1x, https:\/\/i0.wp.com\/www.grieta.org.mx\/wp-content\/uploads\/2018\/03\/14524434_1106112876131411_958039263622046936_o.jpg?resize=525%2C300 1.5x, https:\/\/i0.wp.com\/www.grieta.org.mx\/wp-content\/uploads\/2018\/03\/14524434_1106112876131411_958039263622046936_o.jpg?resize=700%2C400 2x"},"classes":[]},{"id":12903,"url":"http:\/\/www.grieta.org.mx\/index.php\/2016\/05\/24\/seccion-22-custodia-el-ieepo-en-el-istmo\/","url_meta":{"origin":5138,"position":4},"title":"Secci\u00f3n 22 custodia el IEEPO en el istmo","author":"grieta","date":"24 mayo, 2016","format":false,"excerpt":"Diana Manzo, Oaxaca. #Juchit\u00e1n 24 may (#Istmopress) .- Profesores de la Secci\u00f3n 22 de la CNTE cumplieron una semana de mantener \u201ctomada\u201d las oficinas principales de la Delegaci\u00f3n regi\u00f3n Istmo del Instituto Estatal de Educaci\u00f3n P\u00fablica de Oaxaca (IEEPO) como parte de sus acciones del paro nacional en contra de\u2026","rel":"","context":"En &quot;CINTILLO&quot;","block_context":{"text":"CINTILLO","link":"http:\/\/www.grieta.org.mx\/index.php\/category\/cintillo\/"},"img":{"alt_text":"","src":"https:\/\/i0.wp.com\/www.grieta.org.mx\/wp-content\/uploads\/2018\/03\/14524434_1106112876131411_958039263622046936_o.jpg?resize=350%2C200","width":350,"height":200,"srcset":"https:\/\/i0.wp.com\/www.grieta.org.mx\/wp-content\/uploads\/2018\/03\/14524434_1106112876131411_958039263622046936_o.jpg?resize=350%2C200 1x, https:\/\/i0.wp.com\/www.grieta.org.mx\/wp-content\/uploads\/2018\/03\/14524434_1106112876131411_958039263622046936_o.jpg?resize=525%2C300 1.5x, https:\/\/i0.wp.com\/www.grieta.org.mx\/wp-content\/uploads\/2018\/03\/14524434_1106112876131411_958039263622046936_o.jpg?resize=700%2C400 2x"},"classes":[]},{"id":16407,"url":"http:\/\/www.grieta.org.mx\/index.php\/2016\/07\/10\/maestros-de-oaxaca-mantienen-seis-bloqueos-carreteros-este-domingo\/","url_meta":{"origin":5138,"position":5},"title":"Maestros de Oaxaca mantienen seis bloqueos carreteros este domingo","author":"grieta","date":"10 julio, 2016","format":false,"excerpt":"El Financiero. Evlin Arag\u00f3n, Oaxaca.- Con menor participaci\u00f3n que en anteriores d\u00edas, este fin de semana integrantes de la Secci\u00f3n 22 adherida a la Coordinadora Nacional de Trabajadores de la Educaci\u00f3n (CNTE), mantuvieron algunos bloqueos al interior del estado e impidieron el acceso en las oficinas principales del Instituto Estatal\u2026","rel":"","context":"En &quot;CINTILLO&quot;","block_context":{"text":"CINTILLO","link":"http:\/\/www.grieta.org.mx\/index.php\/category\/cintillo\/"},"img":{"alt_text":"","src":"https:\/\/i0.wp.com\/www.grieta.org.mx\/wp-content\/uploads\/2018\/03\/14524434_1106112876131411_958039263622046936_o.jpg?resize=350%2C200","width":350,"height":200,"srcset":"https:\/\/i0.wp.com\/www.grieta.org.mx\/wp-content\/uploads\/2018\/03\/14524434_1106112876131411_958039263622046936_o.jpg?resize=350%2C200 1x, https:\/\/i0.wp.com\/www.grieta.org.mx\/wp-content\/uploads\/2018\/03\/14524434_1106112876131411_958039263622046936_o.jpg?resize=525%2C300 1.5x, https:\/\/i0.wp.com\/www.grieta.org.mx\/wp-content\/uploads\/2018\/03\/14524434_1106112876131411_958039263622046936_o.jpg?resize=700%2C400 2x"},"classes":[]}],"_links":{"self":[{"href":"http:\/\/www.grieta.org.mx\/index.php\/wp-json\/wp\/v2\/posts\/5138","targetHints":{"allow":["GET"]}}],"collection":[{"href":"http:\/\/www.grieta.org.mx\/index.php\/wp-json\/wp\/v2\/posts"}],"about":[{"href":"http:\/\/www.grieta.org.mx\/index.php\/wp-json\/wp\/v2\/types\/post"}],"author":[{"embeddable":true,"href":"http:\/\/www.grieta.org.mx\/index.php\/wp-json\/wp\/v2\/users\/2"}],"replies":[{"embeddable":true,"href":"http:\/\/www.grieta.org.mx\/index.php\/wp-json\/wp\/v2\/comments?post=5138"}],"version-history":[{"count":1,"href":"http:\/\/www.grieta.org.mx\/index.php\/wp-json\/wp\/v2\/posts\/5138\/revisions"}],"predecessor-version":[{"id":5139,"href":"http:\/\/www.grieta.org.mx\/index.php\/wp-json\/wp\/v2\/posts\/5138\/revisions\/5139"}],"wp:featuredmedia":[{"embeddable":true,"href":"http:\/\/www.grieta.org.mx\/index.php\/wp-json\/wp\/v2\/media\/21928"}],"wp:attachment":[{"href":"http:\/\/www.grieta.org.mx\/index.php\/wp-json\/wp\/v2\/media?parent=5138"}],"wp:term":[{"taxonomy":"category","embeddable":true,"href":"http:\/\/www.grieta.org.mx\/index.php\/wp-json\/wp\/v2\/categories?post=5138"},{"taxonomy":"post_tag","embeddable":true,"href":"http:\/\/www.grieta.org.mx\/index.php\/wp-json\/wp\/v2\/tags?post=5138"}],"curies":[{"name":"wp","href":"https:\/\/api.w.org\/{rel}","templated":true}]}}