{"id":5136,"date":"2015-08-19T03:20:53","date_gmt":"2015-08-19T03:20:53","guid":{"rendered":"http:\/\/50.22.11.12\/~grietaor\/?p=5136"},"modified":"2018-06-18T23:04:28","modified_gmt":"2018-06-19T04:04:28","slug":"toman-maestros-de-la-22-palacio-municipal-de-union-hidalgo","status":"publish","type":"post","link":"http:\/\/www.grieta.org.mx\/index.php\/2015\/08\/19\/toman-maestros-de-la-22-palacio-municipal-de-union-hidalgo\/","title":{"rendered":"Toman maestros de la 22 palacio municipal de Uni\u00f3n Hidalgo"},"content":{"rendered":"<p>P\u00e1gina 3.<\/p>\n<p>Diana Manzo, <\/p>\n<p>Uni\u00f3n Hidalgo, Oaxaca.- Unos 200 maestros originarios de esta comunidad zapoteca y que pertenecen a la Secci\u00f3n 22 de la CNTE, tomaron las instalaciones del palacio municipal debido que el alcalde no se present\u00f3 a una reuni\u00f3n programada con anterioridad en el inmueble.<\/p>\n<p>Y es que el martes pasado, los maestros de la secci\u00f3n 22 de la regi\u00f3n del Istmo de Tehuantepec marcharon en esta misma comunidad y entregaron un pliego petitorio al alcalde Jos\u00e9 L\u00f3pez de la Cruz acordando reunirse este mi\u00e9rcoles a las 10:00 horas.<\/p>\n<p>Los profesores se\u00f1alaron que al llegar al inmueble p\u00fablico, el secretario municipal les indic\u00f3 que el edil se encontraba fuera de la ciudad por motivos de gestiones en la capital oaxaque\u00f1a.<\/p>\n<p>Esta acci\u00f3n molest\u00f3 a los mentores, quienes se\u00f1alaron que era una falta de respeto de la autoridad municipal qui\u00e9n no les notific\u00f3 de su ausencia y que la reuni\u00f3n se podr\u00eda posponer sin ning\u00fan problema.<\/p>\n<p>\u201cNosotros no estamos jugando, lo que deseamos es que la autoridad municipal nos escuch\u00e9 y nos apoye en esta \u201cmal llamada Reforma educativa\u201d, porque sabemos que el gobierno del estado a trav\u00e9s del IEEPO los ha mandado a traer para que lo respalden y dejen de apoyarnos\u201d, precisaron.<\/p>\n<p>Los maestros que participaron en esta toma de inmueble corresponden a distintos niveles educativos, desde preescolar, primaria y secundaria asimismo del \u00e1rea de educaci\u00f3n f\u00edsica.<\/p>\n<p>Mohamed Otaqui Toledo, vocero de la secci\u00f3n 22 se\u00f1al\u00f3 que al comunicarse con el alcalde, le indic\u00f3 que no pudo avisar de su salida a la capital oaxaque\u00f1a, por lo que llam\u00f3 a un nuevo encuentro el pr\u00f3ximo s\u00e1bado por la ma\u00f1ana.<\/p>\n<p>\u201cEl alcalde simplemente nos dijo que se le olvid\u00f3 ratificar la hora y fecha, sin embargo la base de maestros de Uni\u00f3n Hidalgo decidi\u00f3 tomar el inmueble para demostrar que no se trata de un juego sino de asumir los compromisos con responsabilidad\u201d, a\u00f1adi\u00f3.<\/p>\n<p>Por su parte el alcalde Jos\u00e9 L\u00f3pez de la Cruz, pidi\u00f3 prudencia a los profesores y que a su regreso se reunir\u00e1 con todos ellos para escucharlos y atender sus peticiones.<\/p>\n<p>En la cuenta de twitter del diario \u201cTiempo en L\u00ednea\u201d aparece que este martes, el titular del IEEPO, Mois\u00e9s Robles se reunir\u00e1 con alcaldes de Oaxaca.<\/p>\n<p><a href=\"http:\/\/pagina3.mx\/2015\/08\/toman-maestros-de-la-22-toman-palacio-municipal-de-union-h\" target=\"_blank\">pagina3.mx\/2015\/08\/toman-maestros-de-la-22-toman-palacio-municipal-de-union-h<\/a>idalgo\/<\/p>\n","protected":false},"excerpt":{"rendered":"<p>P\u00e1gina 3. Diana Manzo, Uni\u00f3n Hidalgo, Oaxaca.- Unos 200 maestros originarios de esta comunidad zapoteca y que pertenecen a la Secci\u00f3n 22 de la CNTE, tomaron las instalaciones del palacio &hellip; <a href=\"http:\/\/www.grieta.org.mx\/index.php\/2015\/08\/19\/toman-maestros-de-la-22-palacio-municipal-de-union-hidalgo\/\" class=\"more-link\">Leer m\u00e1s<\/a><\/p>\n","protected":false},"author":2,"featured_media":21928,"comment_status":"closed","ping_status":"open","sticky":false,"template":"","format":"standard","meta":{"ngg_post_thumbnail":0,"_jetpack_newsletter_access":"","_jetpack_dont_email_post_to_subs":false,"_jetpack_newsletter_tier_id":0,"_jetpack_memberships_contains_paywalled_content":false,"_jetpack_memberships_contains_paid_content":false,"footnotes":""},"categories":[80,1341,2,25],"tags":[133,93,135],"class_list":["post-5136","post","type-post","status-publish","format-standard","has-post-thumbnail","hentry","category-cintillo","category-movilizaciones-contra-la-reforma-educativa-y-evaluacion-magisterial-en-oaxaca","category-noticias-nacionales","category-oaxaca","tag-maestros","tag-oaxaca","tag-reforma-educativa","entry"],"jetpack_featured_media_url":"http:\/\/www.grieta.org.mx\/wp-content\/uploads\/2018\/03\/14524434_1106112876131411_958039263622046936_o.jpg","jetpack_sharing_enabled":true,"jetpack_shortlink":"https:\/\/wp.me\/p7ZJR4-1kQ","jetpack_likes_enabled":false,"jetpack-related-posts":[{"id":5114,"url":"http:\/\/www.grieta.org.mx\/index.php\/2015\/08\/11\/marcha-seccion-22-en-union-hidalgo-para-exigir-respecto-a-trabajo-educativo\/","url_meta":{"origin":5136,"position":0},"title":"Marcha secci\u00f3n 22 en Uni\u00f3n Hidalgo para exigir respecto a trabajo educativo","author":"grieta","date":"11 agosto, 2015","format":false,"excerpt":"Diana Manzo, Oaxaca. UNI\u00d3N HIDALGO, OAX.- Unos 800 maestros de la secci\u00f3n 22 de la CNTE que conforman los seis sectores educativos en el Istmo de Tehuantepec, marcharon desde el acceso principal del municipio de Uni\u00f3n Hidalgo hasta el palacio municipal de forma pac\u00edfica para exigir al alcalde Jos\u00e9 L\u00f3pez\u2026","rel":"","context":"En &quot;CINTILLO&quot;","block_context":{"text":"CINTILLO","link":"http:\/\/www.grieta.org.mx\/index.php\/category\/cintillo\/"},"img":{"alt_text":"","src":"https:\/\/i0.wp.com\/www.grieta.org.mx\/wp-content\/uploads\/2018\/03\/14524434_1106112876131411_958039263622046936_o.jpg?resize=350%2C200","width":350,"height":200,"srcset":"https:\/\/i0.wp.com\/www.grieta.org.mx\/wp-content\/uploads\/2018\/03\/14524434_1106112876131411_958039263622046936_o.jpg?resize=350%2C200 1x, https:\/\/i0.wp.com\/www.grieta.org.mx\/wp-content\/uploads\/2018\/03\/14524434_1106112876131411_958039263622046936_o.jpg?resize=525%2C300 1.5x, https:\/\/i0.wp.com\/www.grieta.org.mx\/wp-content\/uploads\/2018\/03\/14524434_1106112876131411_958039263622046936_o.jpg?resize=700%2C400 2x"},"classes":[]},{"id":5110,"url":"http:\/\/www.grieta.org.mx\/index.php\/2015\/08\/10\/maestros-de-la-seccion-22-toman-de-forma-indefinida-coordinacion-de-ieepo-en-juchitan\/","url_meta":{"origin":5136,"position":1},"title":"Maestros de la secci\u00f3n 22 \u201ctoman\u201d de forma indefinida coordinaci\u00f3n de IEEPO en Juchit\u00e1n","author":"grieta","date":"10 agosto, 2015","format":false,"excerpt":"P\u00e1gina 3. Diana Manzo, Jucht\u00e1n, Oaxaca.- Maestros de la secci\u00f3n 22 de la regi\u00f3n Istmo despu\u00e9s de reunirse con trabajadores de la coordinaci\u00f3n regional del IEEPO en Juchit\u00e1n acordaron una \u201ctoma\u201d de forma indefinida para el resguardo de las instalaciones y exigir al gobierno de Oaxaca la instalaci\u00f3n de una\u2026","rel":"","context":"En &quot;CINTILLO&quot;","block_context":{"text":"CINTILLO","link":"http:\/\/www.grieta.org.mx\/index.php\/category\/cintillo\/"},"img":{"alt_text":"","src":"https:\/\/i0.wp.com\/www.grieta.org.mx\/wp-content\/uploads\/2018\/03\/14524434_1106112876131411_958039263622046936_o.jpg?resize=350%2C200","width":350,"height":200,"srcset":"https:\/\/i0.wp.com\/www.grieta.org.mx\/wp-content\/uploads\/2018\/03\/14524434_1106112876131411_958039263622046936_o.jpg?resize=350%2C200 1x, https:\/\/i0.wp.com\/www.grieta.org.mx\/wp-content\/uploads\/2018\/03\/14524434_1106112876131411_958039263622046936_o.jpg?resize=525%2C300 1.5x, https:\/\/i0.wp.com\/www.grieta.org.mx\/wp-content\/uploads\/2018\/03\/14524434_1106112876131411_958039263622046936_o.jpg?resize=700%2C400 2x"},"classes":[]},{"id":14786,"url":"http:\/\/www.grieta.org.mx\/index.php\/2016\/06\/23\/se-solidariza-cnte-hidalgo-con-maestros-de-oaxaca\/","url_meta":{"origin":5136,"position":2},"title":"Se solidariza CNTE-Hidalgo con maestros de Oaxaca","author":"grieta","date":"23 junio, 2016","format":false,"excerpt":"Ver\u00f3nica Monroy Profesores de diversas instituciones miembros de la Coordinadora Nacional de Trabajadores de la Educaci\u00f3n (CNTE), con marchas y colocaci\u00f3n de lonas en espacios p\u00fablicos y en los propios planteles han expresado su solidaridad con sus hom\u00f3logos de Oaxaca, adem\u00e1s han repudiado los hechos violentos que se registraron el\u2026","rel":"","context":"En &quot;CINTILLO&quot;","block_context":{"text":"CINTILLO","link":"http:\/\/www.grieta.org.mx\/index.php\/category\/cintillo\/"},"img":{"alt_text":"","src":"https:\/\/i0.wp.com\/www.grieta.org.mx\/wp-content\/uploads\/2018\/03\/14524434_1106112876131411_958039263622046936_o.jpg?resize=350%2C200","width":350,"height":200,"srcset":"https:\/\/i0.wp.com\/www.grieta.org.mx\/wp-content\/uploads\/2018\/03\/14524434_1106112876131411_958039263622046936_o.jpg?resize=350%2C200 1x, https:\/\/i0.wp.com\/www.grieta.org.mx\/wp-content\/uploads\/2018\/03\/14524434_1106112876131411_958039263622046936_o.jpg?resize=525%2C300 1.5x, https:\/\/i0.wp.com\/www.grieta.org.mx\/wp-content\/uploads\/2018\/03\/14524434_1106112876131411_958039263622046936_o.jpg?resize=700%2C400 2x"},"classes":[]},{"id":21076,"url":"http:\/\/www.grieta.org.mx\/index.php\/2016\/09\/02\/cierra-seccion-22-plazas-comerciales-de-oaxaca\/","url_meta":{"origin":5136,"position":3},"title":"Cierra secci\u00f3n 22 plazas comerciales de Oaxaca","author":"grieta","date":"2 septiembre, 2016","format":false,"excerpt":"Quadrat\u00edn. Luis Jer\u00f3nimo, Oaxaca.- Maestros de la Secci\u00f3n 22 del Sindicato Nacional de Trabajadores de la Educaci\u00f3n (SNTE) bloquearon los accesos a plazas comerciales de Oaxaca, en protesta contra la reforma educativa. Los docentes tomaron las entradas de la Plaza Oaxaca, Plaza del Valle y Macroplaza, en la que impidieron\u2026","rel":"","context":"En &quot;CINTILLO&quot;","block_context":{"text":"CINTILLO","link":"http:\/\/www.grieta.org.mx\/index.php\/category\/cintillo\/"},"img":{"alt_text":"","src":"https:\/\/i0.wp.com\/www.grieta.org.mx\/wp-content\/uploads\/2018\/03\/14524434_1106112876131411_958039263622046936_o.jpg?resize=350%2C200","width":350,"height":200,"srcset":"https:\/\/i0.wp.com\/www.grieta.org.mx\/wp-content\/uploads\/2018\/03\/14524434_1106112876131411_958039263622046936_o.jpg?resize=350%2C200 1x, https:\/\/i0.wp.com\/www.grieta.org.mx\/wp-content\/uploads\/2018\/03\/14524434_1106112876131411_958039263622046936_o.jpg?resize=525%2C300 1.5x, https:\/\/i0.wp.com\/www.grieta.org.mx\/wp-content\/uploads\/2018\/03\/14524434_1106112876131411_958039263622046936_o.jpg?resize=700%2C400 2x"},"classes":[]},{"id":2985,"url":"http:\/\/www.grieta.org.mx\/index.php\/2015\/07\/29\/protestan-maestros-de-tamaulipas\/","url_meta":{"origin":5136,"position":4},"title":"Protestan maestros de Tamaulipas","author":"grieta","date":"29 julio, 2015","format":false,"excerpt":"MexNewz Maestros de la Secci\u00f3n 30 del SNTE, en Tamaulipas, esta noche realizaron una marcha para protestar contra la reforma educativa y en apoyo a sus compa\u00f1eros de la CNTE, en Oaxaca. Cerca de las 20:30 horas, el contingente representativo integrado por m\u00e1s de 30 maestros, sin vigilancia policiaca y\u2026","rel":"","context":"En &quot;CINTILLO&quot;","block_context":{"text":"CINTILLO","link":"http:\/\/www.grieta.org.mx\/index.php\/category\/cintillo\/"},"img":{"alt_text":"","src":"https:\/\/i0.wp.com\/www.grieta.org.mx\/wp-content\/uploads\/2018\/03\/14524434_1106112876131411_958039263622046936_o.jpg?resize=350%2C200","width":350,"height":200,"srcset":"https:\/\/i0.wp.com\/www.grieta.org.mx\/wp-content\/uploads\/2018\/03\/14524434_1106112876131411_958039263622046936_o.jpg?resize=350%2C200 1x, https:\/\/i0.wp.com\/www.grieta.org.mx\/wp-content\/uploads\/2018\/03\/14524434_1106112876131411_958039263622046936_o.jpg?resize=525%2C300 1.5x, https:\/\/i0.wp.com\/www.grieta.org.mx\/wp-content\/uploads\/2018\/03\/14524434_1106112876131411_958039263622046936_o.jpg?resize=700%2C400 2x"},"classes":[]},{"id":1909,"url":"http:\/\/www.grieta.org.mx\/index.php\/2016\/01\/26\/realizan-profesores-de-la-seccion-22-marcha-en-juchitan\/","url_meta":{"origin":5136,"position":5},"title":"Realizan profesores de la secci\u00f3n 22 marcha en Juchitan","author":"grieta","date":"26 enero, 2016","format":false,"excerpt":"Istmopress. E. Santiago, Juchit\u00e1n, Oaxaca.- Unos doscientos profesores de la secci\u00f3n 22 marchan en esta ciudad, para exigir liberaci\u00f3n de cuatro compa\u00f1eros detenidos. Encabezados por l\u00edder magisterial de la regi\u00f3n del Istmo Adrian Ram\u00edrez Castillo, los mentores iniciaron su movilizaci\u00f3n partiendo del Crucero hasta llegar al palacio municipal. Frente al\u2026","rel":"","context":"En &quot;CINTILLO&quot;","block_context":{"text":"CINTILLO","link":"http:\/\/www.grieta.org.mx\/index.php\/category\/cintillo\/"},"img":{"alt_text":"","src":"https:\/\/i0.wp.com\/www.grieta.org.mx\/wp-content\/uploads\/2018\/03\/14524434_1106112876131411_958039263622046936_o.jpg?resize=350%2C200","width":350,"height":200,"srcset":"https:\/\/i0.wp.com\/www.grieta.org.mx\/wp-content\/uploads\/2018\/03\/14524434_1106112876131411_958039263622046936_o.jpg?resize=350%2C200 1x, https:\/\/i0.wp.com\/www.grieta.org.mx\/wp-content\/uploads\/2018\/03\/14524434_1106112876131411_958039263622046936_o.jpg?resize=525%2C300 1.5x, https:\/\/i0.wp.com\/www.grieta.org.mx\/wp-content\/uploads\/2018\/03\/14524434_1106112876131411_958039263622046936_o.jpg?resize=700%2C400 2x"},"classes":[]}],"_links":{"self":[{"href":"http:\/\/www.grieta.org.mx\/index.php\/wp-json\/wp\/v2\/posts\/5136","targetHints":{"allow":["GET"]}}],"collection":[{"href":"http:\/\/www.grieta.org.mx\/index.php\/wp-json\/wp\/v2\/posts"}],"about":[{"href":"http:\/\/www.grieta.org.mx\/index.php\/wp-json\/wp\/v2\/types\/post"}],"author":[{"embeddable":true,"href":"http:\/\/www.grieta.org.mx\/index.php\/wp-json\/wp\/v2\/users\/2"}],"replies":[{"embeddable":true,"href":"http:\/\/www.grieta.org.mx\/index.php\/wp-json\/wp\/v2\/comments?post=5136"}],"version-history":[{"count":1,"href":"http:\/\/www.grieta.org.mx\/index.php\/wp-json\/wp\/v2\/posts\/5136\/revisions"}],"predecessor-version":[{"id":23824,"href":"http:\/\/www.grieta.org.mx\/index.php\/wp-json\/wp\/v2\/posts\/5136\/revisions\/23824"}],"wp:featuredmedia":[{"embeddable":true,"href":"http:\/\/www.grieta.org.mx\/index.php\/wp-json\/wp\/v2\/media\/21928"}],"wp:attachment":[{"href":"http:\/\/www.grieta.org.mx\/index.php\/wp-json\/wp\/v2\/media?parent=5136"}],"wp:term":[{"taxonomy":"category","embeddable":true,"href":"http:\/\/www.grieta.org.mx\/index.php\/wp-json\/wp\/v2\/categories?post=5136"},{"taxonomy":"post_tag","embeddable":true,"href":"http:\/\/www.grieta.org.mx\/index.php\/wp-json\/wp\/v2\/tags?post=5136"}],"curies":[{"name":"wp","href":"https:\/\/api.w.org\/{rel}","templated":true}]}}