{"id":5127,"date":"2015-03-22T03:14:27","date_gmt":"2015-03-22T03:14:27","guid":{"rendered":"http:\/\/50.22.11.12\/~grietaor\/?p=5127"},"modified":"2016-03-26T03:15:32","modified_gmt":"2016-03-26T03:15:32","slug":"hay-mas-de-10-mil-desaparecidos-fundenl","status":"publish","type":"post","link":"http:\/\/www.grieta.org.mx\/index.php\/2015\/03\/22\/hay-mas-de-10-mil-desaparecidos-fundenl\/","title":{"rendered":"Hay m\u00e1s de 10 mil desaparecidos: Fundenl"},"content":{"rendered":"<p>Milenio<\/p>\n<p>Daniela Garc\u00eda<\/p>\n<p>Monterrey. C\u00e1lculos de Fuerzas Unidas por Nuestros Desaparecidos de Nuevo Le\u00f3n (Fundenl) e informaci\u00f3n que les ha llegado por parte de familiares de desaparecidos y personal de la mismas fuerzas policiacas indican que la cifra de desaparecidos en el estado ascender\u00eda a 10 mil personas, contrario a lo que ha asegurado Gobierno Estatal.<\/p>\n<p>Lourdes Huerta, de Fundenl, asegur\u00f3 que la cifra es \u201cmucho m\u00e1s elevada\u201d de lo que se ha manejado de manera oficial por parte de las autoridades e inclusive apunt\u00f3 que cada vez m\u00e1s personas se han estado acercando para reportar sobre desapariciones forzadas.<\/p>\n<p>Esto incluye personas que desaparecieron desde hace 3 o 4 a\u00f1os.<\/p>\n<p>\u201cA nivel nacional tenemos un aproximado entre 26 mil y 28 mil personas desaparecidas. A nivel local, Nuevo Le\u00f3n maneja s\u00f3lo la cifra que maneja otra organizaci\u00f3n que est\u00e1n aliados con ellos (CADHAC), y \u00e9sa es la que toma Gobierno. M\u00e1s no toma la de las otras organizaciones, m\u00e1s la de la gente que se est\u00e1 uniendo.<\/p>\n<p>\u201c(?) La gente ya empez\u00f3 a romper el miedo y el temor porque anteriormente no sal\u00edan de sus casas y ahorita incluso desaparecieron hace 3 o 4 a\u00f1os se est\u00e1n empezando a denunciar. Esto quiere decir que esto se va a disparar, \u00bfy qu\u00e9 va a pasar?\u201d, asegur\u00f3 Huerta, mam\u00e1 de Cristian Car\u00edn Flores, desaparecido desde agosto de 2010.<\/p>\n<p>De esta manera, han decidido emprender una b\u00fasqueda ciudadana por lo que llamaron a todos los interesados a participar otorgando informaci\u00f3n que tengan sobre desapariciones forzadas, o bien, el paradero de personas que la han sufrido.<\/p>\n<p>Recordando, asegur\u00f3, que esta aportaci\u00f3n se puede realizar de manera an\u00f3nima.<\/p>\n<p>Hasta febrero de este a\u00f1o, Ciudadanos en Apoyo a los Derechos Humanos (CADHAC) ten\u00eda registradas m\u00e1s de mil 200 personas del estado desaparecidas. El 80 por ciento de \u00e9stas ocurrieron en Nuevo Le\u00f3n y 20 por ciento en Tamaulipas y otros estados.<\/p>\n<p>De este registro de personas desaparecidas se han localizado en Nuevo Le\u00f3n a 125 personas, de las cuales 60 se encontraron con vida y 65 identificadas por compatibilidad de perfiles gen\u00e9ticos (ADN).<\/p>\n<p>Sin embargo, el Fundenl no coincidi\u00f3 con esta informaci\u00f3n, al se\u00f1alar que, seg\u00fan sus c\u00e1lculos, la cifra ser\u00eda \u201carriba de unos 10 mil\u201d.<\/p>\n<p>Esto, agreg\u00f3 Huerta, porque cada vez se encuentran m\u00e1s fosas con restos humanos, y las autoridades no informan sobre \u00e9stas pese a que se les ha pedido informaci\u00f3n directamente a las autoridades.<\/p>\n<p>\u201cSabemos por periciales que tienen alrededor de 10 mil restos en fragmentos y personas en fosas comunes. Pero es muy extra\u00f1o que no pueda congeniar y no contabilice? \u00bfC\u00f3mo tienes 10 mil y dices que en total hay 20 mil? Entonces, \u00bfd\u00f3nde est\u00e1n las familias de esos desaparecidos?\u201d, cuestion\u00f3.<\/p>\n<p>Huerta particip\u00f3 junto a otros integrantes de Fundenl en una movilizaci\u00f3n este domingo, donde junto a agrupaciones y colectivos, hicieron un llamado a las autoridades para resolver los casos de desaparici\u00f3n forzada y dejar de esconder informaci\u00f3n sobre los restos que se han encontrado en el estado. Ah\u00ed tambi\u00e9n pidieron a los asistentes y paseantes del Centro de Monterrey que les hicieran llegar cualquier informaci\u00f3n que tuvieran sobre el paradero de personas desaparecidas, mientras entregaban fotograf\u00edas de \u00e9stas.<\/p>\n<p><a href=\"http:\/\/www.milenio.com\/region\/fundenl-desaparecidos-huerta_0_485951647.html\" target=\"_blank\">www.milenio.com\/region\/fundenl-desaparecidos-huerta_0_485951647.html<\/a><\/p>\n","protected":false},"excerpt":{"rendered":"<p>Milenio Daniela Garc\u00eda Monterrey. C\u00e1lculos de Fuerzas Unidas por Nuestros Desaparecidos de Nuevo Le\u00f3n (Fundenl) e informaci\u00f3n que les ha llegado por parte de familiares de desaparecidos y personal de &hellip; <a href=\"http:\/\/www.grieta.org.mx\/index.php\/2015\/03\/22\/hay-mas-de-10-mil-desaparecidos-fundenl\/\" class=\"more-link\">Leer m\u00e1s<\/a><\/p>\n","protected":false},"author":2,"featured_media":21928,"comment_status":"closed","ping_status":"open","sticky":false,"template":"","format":"standard","meta":{"ngg_post_thumbnail":0,"_jetpack_newsletter_access":"","_jetpack_dont_email_post_to_subs":false,"_jetpack_newsletter_tier_id":0,"_jetpack_memberships_contains_paywalled_content":false,"_jetpack_memberships_contains_paid_content":false,"footnotes":""},"categories":[80,87,202],"tags":[385],"class_list":["post-5127","post","type-post","status-publish","format-standard","has-post-thumbnail","hentry","category-cintillo","category-desaparecidos","category-nuevo-leon","tag-fundenl","entry"],"jetpack_featured_media_url":"http:\/\/www.grieta.org.mx\/wp-content\/uploads\/2018\/03\/14524434_1106112876131411_958039263622046936_o.jpg","jetpack_sharing_enabled":true,"jetpack_shortlink":"https:\/\/wp.me\/p7ZJR4-1kH","jetpack_likes_enabled":false,"jetpack-related-posts":[{"id":48951,"url":"http:\/\/www.grieta.org.mx\/index.php\/2020\/05\/10\/protestan-en-redes-por-desaparecidos-de-nuevo-leon\/","url_meta":{"origin":5127,"position":0},"title":"Protestan en redes por desaparecidos de Nuevo Le\u00f3n","author":"grieta","date":"10 mayo, 2020","format":false,"excerpt":"Ante la contingencia por el covid-19, FUNDENL realiz\u00f3 una \u201cmarcha\u201d en redes sociales exigiendo al Gobierno del Estado no parar con la b\u00fasqueda de las personas desaparecidas. Kevin Recio\/ MILENIO La organizaci\u00f3n no gubernamental Fuerzas Unidas por Nuestros Desaparecidos en Nuevo Le\u00f3n, (FUNDENL) \u201cmarch\u00f3\u201d en redes sociales exigiendo al Estado\u2026","rel":"","context":"En &quot;CINTILLO&quot;","block_context":{"text":"CINTILLO","link":"http:\/\/www.grieta.org.mx\/index.php\/category\/cintillo\/"},"img":{"alt_text":"","src":"https:\/\/i0.wp.com\/www.grieta.org.mx\/wp-content\/uploads\/2020\/05\/desaparecidos-archivos.jpg?resize=350%2C200","width":350,"height":200,"srcset":"https:\/\/i0.wp.com\/www.grieta.org.mx\/wp-content\/uploads\/2020\/05\/desaparecidos-archivos.jpg?resize=350%2C200 1x, https:\/\/i0.wp.com\/www.grieta.org.mx\/wp-content\/uploads\/2020\/05\/desaparecidos-archivos.jpg?resize=525%2C300 1.5x, https:\/\/i0.wp.com\/www.grieta.org.mx\/wp-content\/uploads\/2020\/05\/desaparecidos-archivos.jpg?resize=700%2C400 2x"},"classes":[]},{"id":28398,"url":"http:\/\/www.grieta.org.mx\/index.php\/2019\/01\/16\/critican-que-fiscalia-de-nl-no-invierta-en-investigadores-nuevo-leon\/","url_meta":{"origin":5127,"position":1},"title":"Critican que Fiscal\u00eda de NL no invierta en investigadores (Nuevo Le\u00f3n)","author":"grieta","date":"16 enero, 2019","format":false,"excerpt":"Melva Frutos \/ Posta NUEVO LE\u00d3N.- Fuerzas Unidas por Nuestros Desaparecidos en Nuevo Le\u00f3n (FUNDENL) reproch\u00f3 que la Fiscal\u00eda\u00a0General busque contratar 291 empleados administrativos y s\u00f3lo siete para puestos para an\u00e1lisis e inteligencia. En recientes declaraciones, el fiscal general de Nuevo Le\u00f3n, Gustavo Adolfo Guerrero, ha comentado que derivado de\u2026","rel":"","context":"En &quot;CINTILLO&quot;","block_context":{"text":"CINTILLO","link":"http:\/\/www.grieta.org.mx\/index.php\/category\/cintillo\/"},"img":{"alt_text":"","src":"https:\/\/i0.wp.com\/www.grieta.org.mx\/wp-content\/uploads\/2018\/03\/14524434_1106112876131411_958039263622046936_o.jpg?resize=350%2C200","width":350,"height":200,"srcset":"https:\/\/i0.wp.com\/www.grieta.org.mx\/wp-content\/uploads\/2018\/03\/14524434_1106112876131411_958039263622046936_o.jpg?resize=350%2C200 1x, https:\/\/i0.wp.com\/www.grieta.org.mx\/wp-content\/uploads\/2018\/03\/14524434_1106112876131411_958039263622046936_o.jpg?resize=525%2C300 1.5x, https:\/\/i0.wp.com\/www.grieta.org.mx\/wp-content\/uploads\/2018\/03\/14524434_1106112876131411_958039263622046936_o.jpg?resize=700%2C400 2x"},"classes":[]},{"id":48939,"url":"http:\/\/www.grieta.org.mx\/index.php\/2020\/05\/10\/se-manifiesta-fundenl-en-puentes-peatonales-nuevo-leon\/","url_meta":{"origin":5127,"position":2},"title":"Se manifiesta FUNDENL en puentes peatonales (Nuevo Le\u00f3n)","author":"grieta","date":"10 mayo, 2020","format":false,"excerpt":"C\u00e9sar L\u00f3pez\/ EL PORVENIR Aseguraron que la contingencia sanitaria no deber\u00eda ser un obst\u00e1culo para seguir busc\u00e1ndolas. \"Desparecidos \u00bfd\u00f3nde est\u00e1n?, fuerza madres de FUNDENL\", eran las leyendas que se pod\u00edan apreciar en las mantas. La organizaci\u00f3n Fuerzas Unidas por Nuestros Desaparecidos en Nuevo Le\u00f3n, se moviliz\u00f3 en diferentes puentes peatonales\u2026","rel":"","context":"En &quot;CINTILLO&quot;","block_context":{"text":"CINTILLO","link":"http:\/\/www.grieta.org.mx\/index.php\/category\/cintillo\/"},"img":{"alt_text":"","src":"https:\/\/i0.wp.com\/www.grieta.org.mx\/wp-content\/uploads\/2020\/05\/fundenl.jpg?resize=350%2C200","width":350,"height":200,"srcset":"https:\/\/i0.wp.com\/www.grieta.org.mx\/wp-content\/uploads\/2020\/05\/fundenl.jpg?resize=350%2C200 1x, https:\/\/i0.wp.com\/www.grieta.org.mx\/wp-content\/uploads\/2020\/05\/fundenl.jpg?resize=525%2C300 1.5x, https:\/\/i0.wp.com\/www.grieta.org.mx\/wp-content\/uploads\/2020\/05\/fundenl.jpg?resize=700%2C400 2x, https:\/\/i0.wp.com\/www.grieta.org.mx\/wp-content\/uploads\/2020\/05\/fundenl.jpg?resize=1050%2C600 3x"},"classes":[]},{"id":5111,"url":"http:\/\/www.grieta.org.mx\/index.php\/2015\/09\/02\/oculto-medina-cifra-negra-de-desapariciones-acusa-ong\/","url_meta":{"origin":5127,"position":3},"title":"Ocult\u00f3 Medina \u201ccifra negra\u201d de desapariciones, acusa ONG","author":"grieta","date":"2 septiembre, 2015","format":false,"excerpt":"Proceso MONTERREY, N.L. (apro).- La agrupaci\u00f3n Fuerzas Unidas por Nuestros Desaparecidos en Nuevo Le\u00f3n (Fundenl) estim\u00f3 que la \u201ctragedia humanitaria\u201d que vive la entidad por la violencia generalizada podr\u00eda haber ocasionado unas 10 mil v\u00edctimas de las que se desconoce su paradero. Al emitir un comunicado, en el que reproch\u00f3\u2026","rel":"","context":"En &quot;CINTILLO&quot;","block_context":{"text":"CINTILLO","link":"http:\/\/www.grieta.org.mx\/index.php\/category\/cintillo\/"},"img":{"alt_text":"","src":"https:\/\/i0.wp.com\/www.grieta.org.mx\/wp-content\/uploads\/2018\/03\/14524434_1106112876131411_958039263622046936_o.jpg?resize=350%2C200","width":350,"height":200,"srcset":"https:\/\/i0.wp.com\/www.grieta.org.mx\/wp-content\/uploads\/2018\/03\/14524434_1106112876131411_958039263622046936_o.jpg?resize=350%2C200 1x, https:\/\/i0.wp.com\/www.grieta.org.mx\/wp-content\/uploads\/2018\/03\/14524434_1106112876131411_958039263622046936_o.jpg?resize=525%2C300 1.5x, https:\/\/i0.wp.com\/www.grieta.org.mx\/wp-content\/uploads\/2018\/03\/14524434_1106112876131411_958039263622046936_o.jpg?resize=700%2C400 2x"},"classes":[]},{"id":48961,"url":"http:\/\/www.grieta.org.mx\/index.php\/2020\/05\/12\/demanda-fundenl-que-siga-viva-su-lucha-y-alcanzar-justicia-nuevo-leon\/","url_meta":{"origin":5127,"position":4},"title":"Demanda FUNDENL que siga viva su lucha y alcanzar justicia (Nuevo Le\u00f3n)","author":"grieta","date":"12 mayo, 2020","format":false,"excerpt":"Al sentirse olvidados por las autoridades de justicia. EL PORVENIR Al sentirse olvidados por las autoridades de justicia, integrantes de la Fundaci\u00f3n de FUNDENL, en b\u00fasqueda por los desparecidos, demandan que sus lucha siga viva, en especial por la fe de que se les haga justicia. En este tema Lety\u2026","rel":"","context":"En &quot;CINTILLO&quot;","block_context":{"text":"CINTILLO","link":"http:\/\/www.grieta.org.mx\/index.php\/category\/cintillo\/"},"img":{"alt_text":"","src":"https:\/\/i0.wp.com\/www.grieta.org.mx\/wp-content\/uploads\/2020\/05\/cover8.jpg?resize=350%2C200","width":350,"height":200,"srcset":"https:\/\/i0.wp.com\/www.grieta.org.mx\/wp-content\/uploads\/2020\/05\/cover8.jpg?resize=350%2C200 1x, https:\/\/i0.wp.com\/www.grieta.org.mx\/wp-content\/uploads\/2020\/05\/cover8.jpg?resize=525%2C300 1.5x, https:\/\/i0.wp.com\/www.grieta.org.mx\/wp-content\/uploads\/2020\/05\/cover8.jpg?resize=700%2C400 2x, https:\/\/i0.wp.com\/www.grieta.org.mx\/wp-content\/uploads\/2020\/05\/cover8.jpg?resize=1050%2C600 3x"},"classes":[]},{"id":4894,"url":"http:\/\/www.grieta.org.mx\/index.php\/2016\/08\/05\/desaparecidos-en-nuevo-leon\/","url_meta":{"origin":5127,"position":5},"title":"Desaparecidos en Nuevo Le\u00f3n","author":"grieta","date":"5 agosto, 2016","format":false,"excerpt":"03\/08\/16. Empeora situaci\u00f3n de v\u00edctimas de desaparici\u00f3n en Nuevo Le\u00f3nVanguardia Mx 10\/06\/16. Familias de Nuevo Le\u00f3n piden localizar a padres desaparecidos Vanguardia Mx 10\/01\/16. Realizan evento en memoria de desaparecidos en NL La Jornada 19\/11\/15. En Nuevo Le\u00f3n, 173 casos de desaparici\u00f3n que involucran a 314 v\u00edctimas Desinform\u00e9monos 08\/11\/15. En\u2026","rel":"","context":"En &quot;Desaparecidos&quot;","block_context":{"text":"Desaparecidos","link":"http:\/\/www.grieta.org.mx\/index.php\/category\/temas-nacionales\/desaparecidos\/"},"img":{"alt_text":"","src":"https:\/\/i0.wp.com\/www.grieta.org.mx\/wp-content\/uploads\/2018\/03\/14524434_1106112876131411_958039263622046936_o.jpg?resize=350%2C200","width":350,"height":200,"srcset":"https:\/\/i0.wp.com\/www.grieta.org.mx\/wp-content\/uploads\/2018\/03\/14524434_1106112876131411_958039263622046936_o.jpg?resize=350%2C200 1x, https:\/\/i0.wp.com\/www.grieta.org.mx\/wp-content\/uploads\/2018\/03\/14524434_1106112876131411_958039263622046936_o.jpg?resize=525%2C300 1.5x, https:\/\/i0.wp.com\/www.grieta.org.mx\/wp-content\/uploads\/2018\/03\/14524434_1106112876131411_958039263622046936_o.jpg?resize=700%2C400 2x"},"classes":[]}],"_links":{"self":[{"href":"http:\/\/www.grieta.org.mx\/index.php\/wp-json\/wp\/v2\/posts\/5127","targetHints":{"allow":["GET"]}}],"collection":[{"href":"http:\/\/www.grieta.org.mx\/index.php\/wp-json\/wp\/v2\/posts"}],"about":[{"href":"http:\/\/www.grieta.org.mx\/index.php\/wp-json\/wp\/v2\/types\/post"}],"author":[{"embeddable":true,"href":"http:\/\/www.grieta.org.mx\/index.php\/wp-json\/wp\/v2\/users\/2"}],"replies":[{"embeddable":true,"href":"http:\/\/www.grieta.org.mx\/index.php\/wp-json\/wp\/v2\/comments?post=5127"}],"version-history":[{"count":1,"href":"http:\/\/www.grieta.org.mx\/index.php\/wp-json\/wp\/v2\/posts\/5127\/revisions"}],"predecessor-version":[{"id":5129,"href":"http:\/\/www.grieta.org.mx\/index.php\/wp-json\/wp\/v2\/posts\/5127\/revisions\/5129"}],"wp:featuredmedia":[{"embeddable":true,"href":"http:\/\/www.grieta.org.mx\/index.php\/wp-json\/wp\/v2\/media\/21928"}],"wp:attachment":[{"href":"http:\/\/www.grieta.org.mx\/index.php\/wp-json\/wp\/v2\/media?parent=5127"}],"wp:term":[{"taxonomy":"category","embeddable":true,"href":"http:\/\/www.grieta.org.mx\/index.php\/wp-json\/wp\/v2\/categories?post=5127"},{"taxonomy":"post_tag","embeddable":true,"href":"http:\/\/www.grieta.org.mx\/index.php\/wp-json\/wp\/v2\/tags?post=5127"}],"curies":[{"name":"wp","href":"https:\/\/api.w.org\/{rel}","templated":true}]}}