{"id":51268,"date":"2020-06-16T11:04:56","date_gmt":"2020-06-16T16:04:56","guid":{"rendered":"http:\/\/www.grieta.org.mx\/?p=51268"},"modified":"2020-06-27T11:21:14","modified_gmt":"2020-06-27T16:21:14","slug":"trabajadores-y-ex-empleados-protestan-en-planta-de-nissan-en-aguascalientes","status":"publish","type":"post","link":"http:\/\/www.grieta.org.mx\/index.php\/2020\/06\/16\/trabajadores-y-ex-empleados-protestan-en-planta-de-nissan-en-aguascalientes\/","title":{"rendered":"Trabajadores y ex empleados protestan en planta de Nissan, en Aguascalientes"},"content":{"rendered":"<p>Liberto Ure\u00f1a\/Milenio<br \/>\n16 junio 2020<\/p>\n<blockquote><p>Los manifestantes impidieron el tr\u00e1nsito en la carretera 45 Sur; exigen libertad sindical, reajuste en salarios y horarios de funciones.<\/p><\/blockquote>\n<p><img loading=\"lazy\" decoding=\"async\" data-attachment-id=\"51269\" data-permalink=\"http:\/\/www.grieta.org.mx\/index.php\/2020\/06\/16\/trabajadores-y-ex-empleados-protestan-en-planta-de-nissan-en-aguascalientes\/manifestantes-instalaron-frente-accesos-empresa_0_27_1200_746\/\" data-orig-file=\"http:\/\/www.grieta.org.mx\/wp-content\/uploads\/2020\/06\/manifestantes-instalaron-frente-accesos-empresa_0_27_1200_746.jpeg\" data-orig-size=\"958,596\" data-comments-opened=\"0\" data-image-meta=\"{&quot;aperture&quot;:&quot;0&quot;,&quot;credit&quot;:&quot;&quot;,&quot;camera&quot;:&quot;&quot;,&quot;caption&quot;:&quot;&quot;,&quot;created_timestamp&quot;:&quot;0&quot;,&quot;copyright&quot;:&quot;&quot;,&quot;focal_length&quot;:&quot;0&quot;,&quot;iso&quot;:&quot;0&quot;,&quot;shutter_speed&quot;:&quot;0&quot;,&quot;title&quot;:&quot;&quot;,&quot;orientation&quot;:&quot;0&quot;}\" data-image-title=\"manifestantes-instalaron-frente-accesos-empresa_0_27_1200_746\" data-image-description=\"\" data-image-caption=\"\" data-medium-file=\"http:\/\/www.grieta.org.mx\/wp-content\/uploads\/2020\/06\/manifestantes-instalaron-frente-accesos-empresa_0_27_1200_746-300x187.jpeg\" data-large-file=\"http:\/\/www.grieta.org.mx\/wp-content\/uploads\/2020\/06\/manifestantes-instalaron-frente-accesos-empresa_0_27_1200_746.jpeg\" class=\"aligncenter wp-image-51269\" src=\"http:\/\/www.grieta.org.mx\/wp-content\/uploads\/2020\/06\/manifestantes-instalaron-frente-accesos-empresa_0_27_1200_746.jpeg\" alt=\"\" width=\"800\" height=\"498\" srcset=\"http:\/\/www.grieta.org.mx\/wp-content\/uploads\/2020\/06\/manifestantes-instalaron-frente-accesos-empresa_0_27_1200_746.jpeg 958w, http:\/\/www.grieta.org.mx\/wp-content\/uploads\/2020\/06\/manifestantes-instalaron-frente-accesos-empresa_0_27_1200_746-300x187.jpeg 300w, http:\/\/www.grieta.org.mx\/wp-content\/uploads\/2020\/06\/manifestantes-instalaron-frente-accesos-empresa_0_27_1200_746-768x478.jpeg 768w, http:\/\/www.grieta.org.mx\/wp-content\/uploads\/2020\/06\/manifestantes-instalaron-frente-accesos-empresa_0_27_1200_746-804x500.jpeg 804w\" sizes=\"auto, (max-width: 800px) 100vw, 800px\" \/><br \/>\nLos manifestantes se instalaron frente a los accesos de la empresa en Aguascalientes. (Foto: Liberto Ure\u00f1a)<\/p>\n<p>Cerca de 100 trabajadores despedidos y algunos en activo de la empresa Nissan realizaron esta ma\u00f1ana una manifestaci\u00f3n afuera de la planta A1 ubicada en la carretera 45 Sur, en Aguascalientes.<\/p>\n<p>Los ex trabajadores colocaron piedras en la lateral de la carretera para bloquear el paso de los camiones y veh\u00edculos particulares que transportaban a los empleados que pretend\u00edan ingresar a la planta a las 07:00 horas, as\u00ed como tambi\u00e9n se posicionaron en las diferentes entradas peatonales de la empresa en las cuales invitaban a los trabajadores activos a sumarse a su causa.<\/p>\n<p>Al ingreso de los trabajadores, los empleados que fueron despedidos les entregaban tr\u00edpticos informativos y con esto buscaban que se sumar\u00e1n a su manifestaci\u00f3n pero ingresaron a la planta a laborar de manera regular.<\/p>\n<p><img loading=\"lazy\" decoding=\"async\" data-attachment-id=\"51272\" data-permalink=\"http:\/\/www.grieta.org.mx\/index.php\/2020\/06\/16\/trabajadores-y-ex-empleados-protestan-en-planta-de-nissan-en-aguascalientes\/trabajadores-llamaron-companeros-sumarse-protesta_thumb_591_348\/\" data-orig-file=\"http:\/\/www.grieta.org.mx\/wp-content\/uploads\/2020\/06\/trabajadores-llamaron-companeros-sumarse-protesta_thumb_591_348.jpeg\" data-orig-size=\"618,348\" data-comments-opened=\"0\" data-image-meta=\"{&quot;aperture&quot;:&quot;0&quot;,&quot;credit&quot;:&quot;&quot;,&quot;camera&quot;:&quot;&quot;,&quot;caption&quot;:&quot;&quot;,&quot;created_timestamp&quot;:&quot;0&quot;,&quot;copyright&quot;:&quot;&quot;,&quot;focal_length&quot;:&quot;0&quot;,&quot;iso&quot;:&quot;0&quot;,&quot;shutter_speed&quot;:&quot;0&quot;,&quot;title&quot;:&quot;&quot;,&quot;orientation&quot;:&quot;0&quot;}\" data-image-title=\"trabajadores-llamaron-companeros-sumarse-protesta_thumb_591_348\" data-image-description=\"\" data-image-caption=\"\" data-medium-file=\"http:\/\/www.grieta.org.mx\/wp-content\/uploads\/2020\/06\/trabajadores-llamaron-companeros-sumarse-protesta_thumb_591_348-300x169.jpeg\" data-large-file=\"http:\/\/www.grieta.org.mx\/wp-content\/uploads\/2020\/06\/trabajadores-llamaron-companeros-sumarse-protesta_thumb_591_348.jpeg\" src=\"http:\/\/www.grieta.org.mx\/wp-content\/uploads\/2020\/06\/trabajadores-llamaron-companeros-sumarse-protesta_thumb_591_348.jpeg\" alt=\"\" width=\"618\" height=\"348\" class=\"aligncenter size-full wp-image-51272\" srcset=\"http:\/\/www.grieta.org.mx\/wp-content\/uploads\/2020\/06\/trabajadores-llamaron-companeros-sumarse-protesta_thumb_591_348.jpeg 618w, http:\/\/www.grieta.org.mx\/wp-content\/uploads\/2020\/06\/trabajadores-llamaron-companeros-sumarse-protesta_thumb_591_348-300x169.jpeg 300w\" sizes=\"auto, (max-width: 618px) 100vw, 618px\" \/><br \/>\nLos trabajadores llamaron a sus compa\u00f1eros a sumarse a la protesta. (Foto: Liberto Ure\u00f1a) <\/p>\n<p>Los trabajadores despedidos y en activo exigen libertad sindical, una remuneraci\u00f3n justa de utilidades, as\u00ed como modificar los horarios de la jornada laboral de 12 a 8 horas y el pago de las horas extra conforme a lo consignado en la ley.<\/p>\n<p>En los ingresos peatonales hubo algunos empujones de empleados que atravesaron la barrera humana, pero sin que esto llegar\u00e1 a convertirse en un incidente mayor.<\/p>\n<p>La Secretar\u00eda de Seguridad P\u00fablica de la entidad apoy\u00f3 para controlar la situaci\u00f3n y brindar seguridad a los veh\u00edculos que circulan por esta importante arteria al sur de la Ciudad de Aguascalientes.<\/p>\n<p>OMZI<\/p>\n<p><a href=\"https:\/\/www.milenio.com\/estados\/aguascalientes-trabajadores-protestan-frente-planta-nissan\" rel=\"noopener noreferrer\" target=\"_blank\">https:\/\/www.milenio.com\/estados\/aguascalientes-trabajadores-protestan-frente-planta-nissan<\/a><\/p>\n","protected":false},"excerpt":{"rendered":"<p>Liberto Ure\u00f1a\/Milenio 16 junio 2020 Los manifestantes impidieron el tr\u00e1nsito en la carretera 45 Sur; exigen libertad sindical, reajuste en salarios y horarios de funciones. Los manifestantes se instalaron frente &hellip; <a href=\"http:\/\/www.grieta.org.mx\/index.php\/2020\/06\/16\/trabajadores-y-ex-empleados-protestan-en-planta-de-nissan-en-aguascalientes\/\" class=\"more-link\">Leer m\u00e1s<\/a><\/p>\n","protected":false},"author":2,"featured_media":51269,"comment_status":"closed","ping_status":"closed","sticky":false,"template":"","format":"standard","meta":{"ngg_post_thumbnail":0,"_jetpack_newsletter_access":"","_jetpack_dont_email_post_to_subs":false,"_jetpack_newsletter_tier_id":0,"_jetpack_memberships_contains_paywalled_content":false,"_jetpack_memberships_contains_paid_content":false,"footnotes":""},"categories":[4,80,910,1373,2,83],"tags":[3549,2105,2841,3132,3275],"class_list":["post-51268","post","type-post","status-publish","format-standard","has-post-thumbnail","hentry","category-aguascalientes","category-cintillo","category-explotacion-y-precariedad-laboral","category-explotacion-y-precariedad-laboral-en-aguascalientes","category-noticias-nacionales","category-temas-nacionales","tag-despidos-injustificados","tag-despidos-masivos","tag-explotacion-y-precariedad-laboral","tag-nissan","tag-protestas-de-trabajadores","entry"],"jetpack_featured_media_url":"http:\/\/www.grieta.org.mx\/wp-content\/uploads\/2020\/06\/manifestantes-instalaron-frente-accesos-empresa_0_27_1200_746.jpeg","jetpack_sharing_enabled":true,"jetpack_shortlink":"https:\/\/wp.me\/p7ZJR4-dkU","jetpack_likes_enabled":false,"jetpack-related-posts":[{"id":51398,"url":"http:\/\/www.grieta.org.mx\/index.php\/2020\/06\/25\/nissan-anuncia-200-despidos-en-su-planta-de-aguascalientes\/","url_meta":{"origin":51268,"position":0},"title":"Nissan anuncia 200 despidos en su planta de Aguascalientes","author":"grieta","date":"25 junio, 2020","format":false,"excerpt":"Redacci\u00f3n\/Infobae 25 junio 2020 Sin embargo, asegur\u00f3 que no aplazar\u00e1 sus planes de inversi\u00f3n en el pa\u00eds Foto: archivo La pandemia del COVID-19 sigue golpeando con fuerza a la econom\u00eda mexicana. Este jueves, la automotriz japonesa Nissan anunci\u00f3 que despedir\u00e1 a 200 trabajadores de su planta ubicada en el estado\u2026","rel":"","context":"En &quot;Aguascalientes&quot;","block_context":{"text":"Aguascalientes","link":"http:\/\/www.grieta.org.mx\/index.php\/category\/noticias-nacionales\/aguascalientes\/"},"img":{"alt_text":"","src":"https:\/\/i0.wp.com\/www.grieta.org.mx\/wp-content\/uploads\/2020\/06\/Q72LI56ETJE4VBHT55T3P5IVEQ.jpg?resize=350%2C200","width":350,"height":200,"srcset":"https:\/\/i0.wp.com\/www.grieta.org.mx\/wp-content\/uploads\/2020\/06\/Q72LI56ETJE4VBHT55T3P5IVEQ.jpg?resize=350%2C200 1x, https:\/\/i0.wp.com\/www.grieta.org.mx\/wp-content\/uploads\/2020\/06\/Q72LI56ETJE4VBHT55T3P5IVEQ.jpg?resize=525%2C300 1.5x, https:\/\/i0.wp.com\/www.grieta.org.mx\/wp-content\/uploads\/2020\/06\/Q72LI56ETJE4VBHT55T3P5IVEQ.jpg?resize=700%2C400 2x"},"classes":[]},{"id":28058,"url":"http:\/\/www.grieta.org.mx\/index.php\/2018\/12\/19\/nissan-recorta-a-mil-trabajadores-en-aguascalientes-y-cuernavaca\/","url_meta":{"origin":51268,"position":1},"title":"Nissan recorta a mil trabajadores en Aguascalientes y Cuernavaca","author":"grieta","date":"19 diciembre, 2018","format":false,"excerpt":"AGUASCALIENTES, Ags., (apro).- La empresa automotriz Nissan Mexicana anunci\u00f3 un recorte de mil plazas en las plantas armadoras con las que cuenta, ubicadas en Aguascalientes y Cuernavaca, argumentando las cambiantes condiciones de mercado en M\u00e9xico y Estados Unidos. A trav\u00e9s de un comunicado oficial, Nissan explic\u00f3 que se ajustar\u00e1 a\u2026","rel":"","context":"En &quot;Aguascalientes&quot;","block_context":{"text":"Aguascalientes","link":"http:\/\/www.grieta.org.mx\/index.php\/category\/noticias-nacionales\/aguascalientes\/"},"img":{"alt_text":"","src":"https:\/\/i0.wp.com\/www.grieta.org.mx\/wp-content\/uploads\/2018\/03\/14524434_1106112876131411_958039263622046936_o.jpg?resize=350%2C200","width":350,"height":200,"srcset":"https:\/\/i0.wp.com\/www.grieta.org.mx\/wp-content\/uploads\/2018\/03\/14524434_1106112876131411_958039263622046936_o.jpg?resize=350%2C200 1x, https:\/\/i0.wp.com\/www.grieta.org.mx\/wp-content\/uploads\/2018\/03\/14524434_1106112876131411_958039263622046936_o.jpg?resize=525%2C300 1.5x, https:\/\/i0.wp.com\/www.grieta.org.mx\/wp-content\/uploads\/2018\/03\/14524434_1106112876131411_958039263622046936_o.jpg?resize=700%2C400 2x"},"classes":[]},{"id":50376,"url":"http:\/\/www.grieta.org.mx\/index.php\/2020\/06\/04\/nissan-despide-300-personas-en-aguascalientes\/","url_meta":{"origin":51268,"position":2},"title":"Nissan despide 300 personas en Aguascalientes","author":"grieta","date":"4 junio, 2020","format":false,"excerpt":"Jennifer Gonz\u00e1lez\/Expansi\u00f3n 4 junio 2020 500 personas dejar\u00e1n de trabajar en la planta de Nissan y en el sector de autopartes a partir de este lunes, informaron organizaciones sindicales. M\u00e9xico es el mayor proveedor de partes y componentes automotrices para Estados Unidos. (gerenme\/Getty Images\/iStockphoto) La armadora japonesa Nissan, que emplea\u2026","rel":"","context":"En &quot;CINTILLO&quot;","block_context":{"text":"CINTILLO","link":"http:\/\/www.grieta.org.mx\/index.php\/category\/cintillo\/"},"img":{"alt_text":"","src":"https:\/\/i0.wp.com\/www.grieta.org.mx\/wp-content\/uploads\/2020\/06\/autopartes.jpg?resize=350%2C200","width":350,"height":200,"srcset":"https:\/\/i0.wp.com\/www.grieta.org.mx\/wp-content\/uploads\/2020\/06\/autopartes.jpg?resize=350%2C200 1x, https:\/\/i0.wp.com\/www.grieta.org.mx\/wp-content\/uploads\/2020\/06\/autopartes.jpg?resize=525%2C300 1.5x, https:\/\/i0.wp.com\/www.grieta.org.mx\/wp-content\/uploads\/2020\/06\/autopartes.jpg?resize=700%2C400 2x, https:\/\/i0.wp.com\/www.grieta.org.mx\/wp-content\/uploads\/2020\/06\/autopartes.jpg?resize=1050%2C600 3x, https:\/\/i0.wp.com\/www.grieta.org.mx\/wp-content\/uploads\/2020\/06\/autopartes.jpg?resize=1400%2C800 4x"},"classes":[]},{"id":49695,"url":"http:\/\/www.grieta.org.mx\/index.php\/2020\/05\/19\/se-manifiestan-trabajadores-de-nissan-por-pago-de-utilidades-en-aguascalientes\/","url_meta":{"origin":51268,"position":3},"title":"Se manifiestan trabajadores de Nissan por pago de utilidades en Aguascalientes","author":"grieta","date":"19 mayo, 2020","format":false,"excerpt":"Alejandro Romo\/Newsweek Aguascalientes 19 mayo 2020 Foto: Alejandro Romo M\u00e1s de 100 trabajadores de las plantas A-1 y A-2 de la empresa ensambladora japonesa Nissan se manifestaron la ma\u00f1ana de este martes en el Palacio de Gobierno Estatal para solicitar al gobierno encabezado por el panista Mart\u00edn Orozco Sandoval que\u2026","rel":"","context":"En &quot;Aguascalientes&quot;","block_context":{"text":"Aguascalientes","link":"http:\/\/www.grieta.org.mx\/index.php\/category\/noticias-nacionales\/aguascalientes\/"},"img":{"alt_text":"","src":"https:\/\/i0.wp.com\/www.grieta.org.mx\/wp-content\/uploads\/2020\/05\/05ebebb1-54fe-42d2-a174-17d147755e74-750x530.jpg?resize=350%2C200","width":350,"height":200,"srcset":"https:\/\/i0.wp.com\/www.grieta.org.mx\/wp-content\/uploads\/2020\/05\/05ebebb1-54fe-42d2-a174-17d147755e74-750x530.jpg?resize=350%2C200 1x, https:\/\/i0.wp.com\/www.grieta.org.mx\/wp-content\/uploads\/2020\/05\/05ebebb1-54fe-42d2-a174-17d147755e74-750x530.jpg?resize=525%2C300 1.5x, https:\/\/i0.wp.com\/www.grieta.org.mx\/wp-content\/uploads\/2020\/05\/05ebebb1-54fe-42d2-a174-17d147755e74-750x530.jpg?resize=700%2C400 2x"},"classes":[]},{"id":48445,"url":"http:\/\/www.grieta.org.mx\/index.php\/2020\/04\/08\/kia-y-nissan-prolongan-paro-tecnico-sin-garantia-del-100-de-salarios\/","url_meta":{"origin":51268,"position":4},"title":"KIA y Nissan prolongan paro t\u00e9cnico, sin garant\u00eda del 100% de salarios","author":"grieta","date":"8 abril, 2020","format":false,"excerpt":"Alex Osorio\/La Izquierda Diario 8 abril 2020 Dos de las grandes automotrices instaladas en el pa\u00eds, sostendr\u00e1n el paro t\u00e9cnico hasta el 30 de abril, la incertidumbre sobre el salario y los despidos se hace presente entre los trabajadores. En un comunicado del vicepresidente de Nissan Aguascalientes, Armando \u00c1vila, indic\u00f3\u2026","rel":"","context":"En &quot;Aguascalientes&quot;","block_context":{"text":"Aguascalientes","link":"http:\/\/www.grieta.org.mx\/index.php\/category\/noticias-nacionales\/aguascalientes\/"},"img":{"alt_text":"","src":"https:\/\/i0.wp.com\/www.grieta.org.mx\/wp-content\/uploads\/2020\/05\/nissan.png?resize=350%2C200","width":350,"height":200,"srcset":"https:\/\/i0.wp.com\/www.grieta.org.mx\/wp-content\/uploads\/2020\/05\/nissan.png?resize=350%2C200 1x, https:\/\/i0.wp.com\/www.grieta.org.mx\/wp-content\/uploads\/2020\/05\/nissan.png?resize=525%2C300 1.5x, https:\/\/i0.wp.com\/www.grieta.org.mx\/wp-content\/uploads\/2020\/05\/nissan.png?resize=700%2C400 2x"},"classes":[]},{"id":59126,"url":"http:\/\/www.grieta.org.mx\/index.php\/2021\/04\/30\/afectan-paros-tecnicos-en-planta-a-1-de-nissana-10-mil-trabajadores-en-aguascalientes-durante-mayo\/","url_meta":{"origin":51268,"position":5},"title":"Afectan paros t\u00e9cnicos en planta A-1 de Nissana 10 mil trabajadores en Aguascalientes durante mayo","author":"grieta","date":"30 abril, 2021","format":false,"excerpt":"Alejandro Romo\/Newsweek Aguascalientes 30 abril 2021 Debido al desabasto de microcomponentes y aditamentos electr\u00f3nicos en la industria automotriz, durante mayo continuar\u00e1n los paros parciales de actividades en la planta ensambladora A-1 de Nissan en Aguascalientes. De acuerdo al Sindicato de la Industria Automotriz y Metalmec\u00e1nica, los d\u00edas en los que\u2026","rel":"","context":"En &quot;Aguascalientes&quot;","block_context":{"text":"Aguascalientes","link":"http:\/\/www.grieta.org.mx\/index.php\/category\/noticias-nacionales\/aguascalientes\/"},"img":{"alt_text":"","src":"https:\/\/i0.wp.com\/www.grieta.org.mx\/wp-content\/uploads\/2021\/04\/planta-nissan.jpg?resize=350%2C200","width":350,"height":200,"srcset":"https:\/\/i0.wp.com\/www.grieta.org.mx\/wp-content\/uploads\/2021\/04\/planta-nissan.jpg?resize=350%2C200 1x, https:\/\/i0.wp.com\/www.grieta.org.mx\/wp-content\/uploads\/2021\/04\/planta-nissan.jpg?resize=525%2C300 1.5x"},"classes":[]}],"_links":{"self":[{"href":"http:\/\/www.grieta.org.mx\/index.php\/wp-json\/wp\/v2\/posts\/51268","targetHints":{"allow":["GET"]}}],"collection":[{"href":"http:\/\/www.grieta.org.mx\/index.php\/wp-json\/wp\/v2\/posts"}],"about":[{"href":"http:\/\/www.grieta.org.mx\/index.php\/wp-json\/wp\/v2\/types\/post"}],"author":[{"embeddable":true,"href":"http:\/\/www.grieta.org.mx\/index.php\/wp-json\/wp\/v2\/users\/2"}],"replies":[{"embeddable":true,"href":"http:\/\/www.grieta.org.mx\/index.php\/wp-json\/wp\/v2\/comments?post=51268"}],"version-history":[{"count":1,"href":"http:\/\/www.grieta.org.mx\/index.php\/wp-json\/wp\/v2\/posts\/51268\/revisions"}],"predecessor-version":[{"id":51273,"href":"http:\/\/www.grieta.org.mx\/index.php\/wp-json\/wp\/v2\/posts\/51268\/revisions\/51273"}],"wp:featuredmedia":[{"embeddable":true,"href":"http:\/\/www.grieta.org.mx\/index.php\/wp-json\/wp\/v2\/media\/51269"}],"wp:attachment":[{"href":"http:\/\/www.grieta.org.mx\/index.php\/wp-json\/wp\/v2\/media?parent=51268"}],"wp:term":[{"taxonomy":"category","embeddable":true,"href":"http:\/\/www.grieta.org.mx\/index.php\/wp-json\/wp\/v2\/categories?post=51268"},{"taxonomy":"post_tag","embeddable":true,"href":"http:\/\/www.grieta.org.mx\/index.php\/wp-json\/wp\/v2\/tags?post=51268"}],"curies":[{"name":"wp","href":"https:\/\/api.w.org\/{rel}","templated":true}]}}