{"id":5124,"date":"2015-07-09T03:11:52","date_gmt":"2015-07-09T03:11:52","guid":{"rendered":"http:\/\/50.22.11.12\/~grietaor\/?p=5124"},"modified":"2016-03-26T03:13:34","modified_gmt":"2016-03-26T03:13:34","slug":"cifra-negra-de-desapariciones-en-nl-seria-de-8-por-cada-10-casos","status":"publish","type":"post","link":"http:\/\/www.grieta.org.mx\/index.php\/2015\/07\/09\/cifra-negra-de-desapariciones-en-nl-seria-de-8-por-cada-10-casos\/","title":{"rendered":"Cifra negra de desapariciones en NL ser\u00eda de 8 por cada 10 casos"},"content":{"rendered":"<p>Proceso<\/p>\n<p>LUCIANO CAMPOS GARZA<\/p>\n<p>MONTERREY, N.L., (apro).- Integrantes de la agrupaci\u00f3n Fuerzas Unidas por Nuestros Desaparecidos de Nuevo Le\u00f3n (Fundenl) informaron que la cifra negra de desapariciones en la entidad \u201cpuede llegar a ocho de 10 casos\u201d, por lo que las familias de los afectados deben acudir ante las autoridades para presentar denuncias ministeriales.<\/p>\n<p>En un comunicado difundido hoy, en el que expresan su decepci\u00f3n por la falta de inter\u00e9s de la Procuradur\u00eda nuevoleonesa en los casos denunciados, los adheridos a Fundenl se\u00f1alaron que buscan maneras para fomentar la denuncia ante los casos que se incrementaron por la guerra contra el narcotr\u00e1fico impulsada por el expresidente Felipe Calder\u00f3n.<\/p>\n<p>\u201cFundenl est\u00e1 generando procesos de acercamiento de familias que no han denunciado la desaparici\u00f3n de sus seres queridos, cifra que puede llegar a ocho de cada 10 casos. Para ello se ha concretado una reuni\u00f3n con las comisiones nacional y estatal de Atenci\u00f3n a V\u00edctimas y otras dependencias estatales y federales, el pr\u00f3ximo jueves 16, con el objetivo de realizar el trabajo en conjunto bajo el mismo principio de acci\u00f3n de las mesas de trabajo\u201d, apuntaron.<\/p>\n<p>Y advirtieron que de manera permanente insistir\u00e1n ante las autoridades que se cumpla la ley, pues est\u00e1n obligadas a impartir justicia y asistir a las v\u00edctimas y allegados.<\/p>\n<p>\u201cEstas l\u00edneas de trabajo se concretaron en una estrategia interinstitucional solicitada por Fundenl a partir del 1 de julio y son independientes del trabajo t\u00e9cnico de investigaci\u00f3n, responsabilidad de la Procuradur\u00eda. El enfoque es que se cumplan las leyes, estatal y federal, de Atenci\u00f3n a V\u00edctimas, para que sean garantizados sus derechos arrebatados por la violencia\u201d.<\/p>\n<p>Al presentar una evaluaci\u00f3n del gobierno de Rodrigo Medina en materia de investigaci\u00f3n en casos de personas desaparecidas, el organismo liderado por Irma Leticia Hidalgo dijo que la Procuradur\u00eda General de Justicia del estado (PGJE) no ha hecho su trabajo, pues en la mayor\u00eda de las averiguaciones abiertas no han realizado investigaciones.<\/p>\n<p>Expuso que entre los meses de agosto de 2014 y julio del 2015 fueron revisados ocho expedientes. En ellos fueron programados 52 interrogatorios, de los cuales nueve (17%) fueron efectuados, 33 (64%) est\u00e1n en tr\u00e1mites y 10 (19%) no se realizaron. En 34 acciones de b\u00fasqueda programadas, cinco (15%) se hicieron, 21 (62%) estaban en tr\u00e1mite y ocho (23%) fueron no realizados. En 45 desahogos de pruebas, ocho (18%) se realizaron, 20 (44%) estaban en tr\u00e1mite y 17 (38%) no se hicieron.<\/p>\n<p>\u201cLa evaluaci\u00f3n de estas mesas que presentamos aqu\u00ed en n\u00fameros concretos, muestra que la estrategia de investigaci\u00f3n, b\u00fasqueda y localizaci\u00f3n ha sido deficiente y se reduce a mostrarnos oficios, es decir, no hay investigaci\u00f3n de campo efectiva\u201d, apunt\u00f3.<\/p>\n<p>La PGJE, a\u00f1adi\u00f3, no est\u00e1 buscando a las y los desaparecidos.<\/p>\n<p>\u201cA partir de la reuni\u00f3n de hoy solicitaremos al procurador Javier Flores Zald\u00edvar que ordene que todos los rubros que est\u00e1n en tramite se resuelvan en un plazo de un mes\u201d.<\/p>\n<p>Lo que se necesita son acciones concretas, \u201cno m\u00e1s conferencias, ni largas pl\u00e1ticas\u201d, apuntaron los activistas, tomando en cuenta que no existen cifras oficiales sobre desapariciones en la entidad.<\/p>\n<p><a href=\"http:\/\/www.proceso.com.mx\/?p=410182\" target=\"_blank\">www.proceso.com.mx\/?p=410182<\/a><\/p>\n","protected":false},"excerpt":{"rendered":"<p>Proceso LUCIANO CAMPOS GARZA MONTERREY, N.L., (apro).- Integrantes de la agrupaci\u00f3n Fuerzas Unidas por Nuestros Desaparecidos de Nuevo Le\u00f3n (Fundenl) informaron que la cifra negra de desapariciones en la entidad &hellip; <a href=\"http:\/\/www.grieta.org.mx\/index.php\/2015\/07\/09\/cifra-negra-de-desapariciones-en-nl-seria-de-8-por-cada-10-casos\/\" class=\"more-link\">Leer m\u00e1s<\/a><\/p>\n","protected":false},"author":2,"featured_media":21928,"comment_status":"closed","ping_status":"open","sticky":false,"template":"","format":"standard","meta":{"ngg_post_thumbnail":0,"_jetpack_newsletter_access":"","_jetpack_dont_email_post_to_subs":false,"_jetpack_newsletter_tier_id":0,"_jetpack_memberships_contains_paywalled_content":false,"_jetpack_memberships_contains_paid_content":false,"footnotes":""},"categories":[80,87,202],"tags":[385],"class_list":["post-5124","post","type-post","status-publish","format-standard","has-post-thumbnail","hentry","category-cintillo","category-desaparecidos","category-nuevo-leon","tag-fundenl","entry"],"jetpack_featured_media_url":"http:\/\/www.grieta.org.mx\/wp-content\/uploads\/2018\/03\/14524434_1106112876131411_958039263622046936_o.jpg","jetpack_sharing_enabled":true,"jetpack_shortlink":"https:\/\/wp.me\/p7ZJR4-1kE","jetpack_likes_enabled":false,"jetpack-related-posts":[{"id":4894,"url":"http:\/\/www.grieta.org.mx\/index.php\/2016\/08\/05\/desaparecidos-en-nuevo-leon\/","url_meta":{"origin":5124,"position":0},"title":"Desaparecidos en Nuevo Le\u00f3n","author":"grieta","date":"5 agosto, 2016","format":false,"excerpt":"03\/08\/16. Empeora situaci\u00f3n de v\u00edctimas de desaparici\u00f3n en Nuevo Le\u00f3nVanguardia Mx 10\/06\/16. Familias de Nuevo Le\u00f3n piden localizar a padres desaparecidos Vanguardia Mx 10\/01\/16. Realizan evento en memoria de desaparecidos en NL La Jornada 19\/11\/15. En Nuevo Le\u00f3n, 173 casos de desaparici\u00f3n que involucran a 314 v\u00edctimas Desinform\u00e9monos 08\/11\/15. En\u2026","rel":"","context":"En &quot;Desaparecidos&quot;","block_context":{"text":"Desaparecidos","link":"http:\/\/www.grieta.org.mx\/index.php\/category\/temas-nacionales\/desaparecidos\/"},"img":{"alt_text":"","src":"https:\/\/i0.wp.com\/www.grieta.org.mx\/wp-content\/uploads\/2018\/03\/14524434_1106112876131411_958039263622046936_o.jpg?resize=350%2C200","width":350,"height":200,"srcset":"https:\/\/i0.wp.com\/www.grieta.org.mx\/wp-content\/uploads\/2018\/03\/14524434_1106112876131411_958039263622046936_o.jpg?resize=350%2C200 1x, https:\/\/i0.wp.com\/www.grieta.org.mx\/wp-content\/uploads\/2018\/03\/14524434_1106112876131411_958039263622046936_o.jpg?resize=525%2C300 1.5x, https:\/\/i0.wp.com\/www.grieta.org.mx\/wp-content\/uploads\/2018\/03\/14524434_1106112876131411_958039263622046936_o.jpg?resize=700%2C400 2x"},"classes":[]},{"id":5111,"url":"http:\/\/www.grieta.org.mx\/index.php\/2015\/09\/02\/oculto-medina-cifra-negra-de-desapariciones-acusa-ong\/","url_meta":{"origin":5124,"position":1},"title":"Ocult\u00f3 Medina \u201ccifra negra\u201d de desapariciones, acusa ONG","author":"grieta","date":"2 septiembre, 2015","format":false,"excerpt":"Proceso MONTERREY, N.L. (apro).- La agrupaci\u00f3n Fuerzas Unidas por Nuestros Desaparecidos en Nuevo Le\u00f3n (Fundenl) estim\u00f3 que la \u201ctragedia humanitaria\u201d que vive la entidad por la violencia generalizada podr\u00eda haber ocasionado unas 10 mil v\u00edctimas de las que se desconoce su paradero. Al emitir un comunicado, en el que reproch\u00f3\u2026","rel":"","context":"En &quot;CINTILLO&quot;","block_context":{"text":"CINTILLO","link":"http:\/\/www.grieta.org.mx\/index.php\/category\/cintillo\/"},"img":{"alt_text":"","src":"https:\/\/i0.wp.com\/www.grieta.org.mx\/wp-content\/uploads\/2018\/03\/14524434_1106112876131411_958039263622046936_o.jpg?resize=350%2C200","width":350,"height":200,"srcset":"https:\/\/i0.wp.com\/www.grieta.org.mx\/wp-content\/uploads\/2018\/03\/14524434_1106112876131411_958039263622046936_o.jpg?resize=350%2C200 1x, https:\/\/i0.wp.com\/www.grieta.org.mx\/wp-content\/uploads\/2018\/03\/14524434_1106112876131411_958039263622046936_o.jpg?resize=525%2C300 1.5x, https:\/\/i0.wp.com\/www.grieta.org.mx\/wp-content\/uploads\/2018\/03\/14524434_1106112876131411_958039263622046936_o.jpg?resize=700%2C400 2x"},"classes":[]},{"id":5127,"url":"http:\/\/www.grieta.org.mx\/index.php\/2015\/03\/22\/hay-mas-de-10-mil-desaparecidos-fundenl\/","url_meta":{"origin":5124,"position":2},"title":"Hay m\u00e1s de 10 mil desaparecidos: Fundenl","author":"grieta","date":"22 marzo, 2015","format":false,"excerpt":"Milenio Daniela Garc\u00eda Monterrey. C\u00e1lculos de Fuerzas Unidas por Nuestros Desaparecidos de Nuevo Le\u00f3n (Fundenl) e informaci\u00f3n que les ha llegado por parte de familiares de desaparecidos y personal de la mismas fuerzas policiacas indican que la cifra de desaparecidos en el estado ascender\u00eda a 10 mil personas, contrario a\u2026","rel":"","context":"En &quot;CINTILLO&quot;","block_context":{"text":"CINTILLO","link":"http:\/\/www.grieta.org.mx\/index.php\/category\/cintillo\/"},"img":{"alt_text":"","src":"https:\/\/i0.wp.com\/www.grieta.org.mx\/wp-content\/uploads\/2018\/03\/14524434_1106112876131411_958039263622046936_o.jpg?resize=350%2C200","width":350,"height":200,"srcset":"https:\/\/i0.wp.com\/www.grieta.org.mx\/wp-content\/uploads\/2018\/03\/14524434_1106112876131411_958039263622046936_o.jpg?resize=350%2C200 1x, https:\/\/i0.wp.com\/www.grieta.org.mx\/wp-content\/uploads\/2018\/03\/14524434_1106112876131411_958039263622046936_o.jpg?resize=525%2C300 1.5x, https:\/\/i0.wp.com\/www.grieta.org.mx\/wp-content\/uploads\/2018\/03\/14524434_1106112876131411_958039263622046936_o.jpg?resize=700%2C400 2x"},"classes":[]},{"id":48951,"url":"http:\/\/www.grieta.org.mx\/index.php\/2020\/05\/10\/protestan-en-redes-por-desaparecidos-de-nuevo-leon\/","url_meta":{"origin":5124,"position":3},"title":"Protestan en redes por desaparecidos de Nuevo Le\u00f3n","author":"grieta","date":"10 mayo, 2020","format":false,"excerpt":"Ante la contingencia por el covid-19, FUNDENL realiz\u00f3 una \u201cmarcha\u201d en redes sociales exigiendo al Gobierno del Estado no parar con la b\u00fasqueda de las personas desaparecidas. Kevin Recio\/ MILENIO La organizaci\u00f3n no gubernamental Fuerzas Unidas por Nuestros Desaparecidos en Nuevo Le\u00f3n, (FUNDENL) \u201cmarch\u00f3\u201d en redes sociales exigiendo al Estado\u2026","rel":"","context":"En &quot;CINTILLO&quot;","block_context":{"text":"CINTILLO","link":"http:\/\/www.grieta.org.mx\/index.php\/category\/cintillo\/"},"img":{"alt_text":"","src":"https:\/\/i0.wp.com\/www.grieta.org.mx\/wp-content\/uploads\/2020\/05\/desaparecidos-archivos.jpg?resize=350%2C200","width":350,"height":200,"srcset":"https:\/\/i0.wp.com\/www.grieta.org.mx\/wp-content\/uploads\/2020\/05\/desaparecidos-archivos.jpg?resize=350%2C200 1x, https:\/\/i0.wp.com\/www.grieta.org.mx\/wp-content\/uploads\/2020\/05\/desaparecidos-archivos.jpg?resize=525%2C300 1.5x, https:\/\/i0.wp.com\/www.grieta.org.mx\/wp-content\/uploads\/2020\/05\/desaparecidos-archivos.jpg?resize=700%2C400 2x"},"classes":[]},{"id":48939,"url":"http:\/\/www.grieta.org.mx\/index.php\/2020\/05\/10\/se-manifiesta-fundenl-en-puentes-peatonales-nuevo-leon\/","url_meta":{"origin":5124,"position":4},"title":"Se manifiesta FUNDENL en puentes peatonales (Nuevo Le\u00f3n)","author":"grieta","date":"10 mayo, 2020","format":false,"excerpt":"C\u00e9sar L\u00f3pez\/ EL PORVENIR Aseguraron que la contingencia sanitaria no deber\u00eda ser un obst\u00e1culo para seguir busc\u00e1ndolas. \"Desparecidos \u00bfd\u00f3nde est\u00e1n?, fuerza madres de FUNDENL\", eran las leyendas que se pod\u00edan apreciar en las mantas. La organizaci\u00f3n Fuerzas Unidas por Nuestros Desaparecidos en Nuevo Le\u00f3n, se moviliz\u00f3 en diferentes puentes peatonales\u2026","rel":"","context":"En &quot;CINTILLO&quot;","block_context":{"text":"CINTILLO","link":"http:\/\/www.grieta.org.mx\/index.php\/category\/cintillo\/"},"img":{"alt_text":"","src":"https:\/\/i0.wp.com\/www.grieta.org.mx\/wp-content\/uploads\/2020\/05\/fundenl.jpg?resize=350%2C200","width":350,"height":200,"srcset":"https:\/\/i0.wp.com\/www.grieta.org.mx\/wp-content\/uploads\/2020\/05\/fundenl.jpg?resize=350%2C200 1x, https:\/\/i0.wp.com\/www.grieta.org.mx\/wp-content\/uploads\/2020\/05\/fundenl.jpg?resize=525%2C300 1.5x, https:\/\/i0.wp.com\/www.grieta.org.mx\/wp-content\/uploads\/2020\/05\/fundenl.jpg?resize=700%2C400 2x, https:\/\/i0.wp.com\/www.grieta.org.mx\/wp-content\/uploads\/2020\/05\/fundenl.jpg?resize=1050%2C600 3x"},"classes":[]},{"id":19297,"url":"http:\/\/www.grieta.org.mx\/index.php\/2016\/08\/03\/empeora-situacion-de-victimas-de-desaparicion-en-nuevo-leon\/","url_meta":{"origin":5124,"position":5},"title":"Empeora situaci\u00f3n de v\u00edctimas de desaparici\u00f3n en Nuevo Le\u00f3n","author":"grieta","date":"3 agosto, 2016","format":false,"excerpt":"Aracely Chantaka Para los familiares de desaparecidos en la entidad, la situaci\u00f3n de atenci\u00f3n para sus casos ha empeorado por parte de la Procuradur\u00eda General de Justicia en el estado, en relaci\u00f3n con el sexenio anterior Monterrey, Nuevo Le\u00f3n.- Para los familiares de desaparecidos en la entidad, la situaci\u00f3n de\u2026","rel":"","context":"En &quot;CINTILLO&quot;","block_context":{"text":"CINTILLO","link":"http:\/\/www.grieta.org.mx\/index.php\/category\/cintillo\/"},"img":{"alt_text":"","src":"https:\/\/i0.wp.com\/www.grieta.org.mx\/wp-content\/uploads\/2018\/03\/14524434_1106112876131411_958039263622046936_o.jpg?resize=350%2C200","width":350,"height":200,"srcset":"https:\/\/i0.wp.com\/www.grieta.org.mx\/wp-content\/uploads\/2018\/03\/14524434_1106112876131411_958039263622046936_o.jpg?resize=350%2C200 1x, https:\/\/i0.wp.com\/www.grieta.org.mx\/wp-content\/uploads\/2018\/03\/14524434_1106112876131411_958039263622046936_o.jpg?resize=525%2C300 1.5x, https:\/\/i0.wp.com\/www.grieta.org.mx\/wp-content\/uploads\/2018\/03\/14524434_1106112876131411_958039263622046936_o.jpg?resize=700%2C400 2x"},"classes":[]}],"_links":{"self":[{"href":"http:\/\/www.grieta.org.mx\/index.php\/wp-json\/wp\/v2\/posts\/5124","targetHints":{"allow":["GET"]}}],"collection":[{"href":"http:\/\/www.grieta.org.mx\/index.php\/wp-json\/wp\/v2\/posts"}],"about":[{"href":"http:\/\/www.grieta.org.mx\/index.php\/wp-json\/wp\/v2\/types\/post"}],"author":[{"embeddable":true,"href":"http:\/\/www.grieta.org.mx\/index.php\/wp-json\/wp\/v2\/users\/2"}],"replies":[{"embeddable":true,"href":"http:\/\/www.grieta.org.mx\/index.php\/wp-json\/wp\/v2\/comments?post=5124"}],"version-history":[{"count":1,"href":"http:\/\/www.grieta.org.mx\/index.php\/wp-json\/wp\/v2\/posts\/5124\/revisions"}],"predecessor-version":[{"id":5126,"href":"http:\/\/www.grieta.org.mx\/index.php\/wp-json\/wp\/v2\/posts\/5124\/revisions\/5126"}],"wp:featuredmedia":[{"embeddable":true,"href":"http:\/\/www.grieta.org.mx\/index.php\/wp-json\/wp\/v2\/media\/21928"}],"wp:attachment":[{"href":"http:\/\/www.grieta.org.mx\/index.php\/wp-json\/wp\/v2\/media?parent=5124"}],"wp:term":[{"taxonomy":"category","embeddable":true,"href":"http:\/\/www.grieta.org.mx\/index.php\/wp-json\/wp\/v2\/categories?post=5124"},{"taxonomy":"post_tag","embeddable":true,"href":"http:\/\/www.grieta.org.mx\/index.php\/wp-json\/wp\/v2\/tags?post=5124"}],"curies":[{"name":"wp","href":"https:\/\/api.w.org\/{rel}","templated":true}]}}