{"id":5120,"date":"2015-07-10T03:09:19","date_gmt":"2015-07-10T03:09:19","guid":{"rendered":"http:\/\/50.22.11.12\/~grietaor\/?p=5120"},"modified":"2016-03-26T03:11:00","modified_gmt":"2016-03-26T03:11:00","slug":"familiares-somos-los-otros-desaparecidos","status":"publish","type":"post","link":"http:\/\/www.grieta.org.mx\/index.php\/2015\/07\/10\/familiares-somos-los-otros-desaparecidos\/","title":{"rendered":"\u201cFamiliares somos los otros desaparecidos\u201d"},"content":{"rendered":"<p>El Debate<\/p>\n<p>Monterrey, Nuevo Le\u00f3n (El Universal).- Para la Procuradur\u00eda del Justicia de Nuevo Le\u00f3n, los familiares de v\u00edctimas de desaparici\u00f3n \u201cno existimos, somos los otros desaparecidos\u201d, pues incluso quienes se han organizado, se enfrentan con omisiones, negligencia y falta de resultados.<\/p>\n<p>As\u00ed lo se\u00f1al\u00f3 Irma Leticia Hidalgo, dirigente de la agrupaci\u00f3n Fuerzas Unidas por Nuestros Desaparecidos en Nuevo Le\u00f3n (FUNDNL), quien se\u00f1al\u00f3 que el gobierno de Rodrigo Medina de la Cruz decidi\u00f3 que la manera de enfrentar las consecuencias de la guerra contra el narcotr\u00e1fico (desaparici\u00f3n de personas, ejecuciones, extorsiones, cobro de piso, secuestros y despojo de inmuebles, terrenos y empresas), ser\u00eda \u201cla evasi\u00f3n de la realidad\u201d.<\/p>\n<p>Durante el tiempo que la Procuradur\u00eda de Justicia estuvo a cargo de Adri\u00e1n de la Garza Santos \u2014hoy alcalde electo de Monterrey\u2014, la decisi\u00f3n fue \u201cno atender a las v\u00edctimas del delito\u201d, postura que perme\u00f3 en la actuaci\u00f3n de ministerios p\u00fablicos, polic\u00edas ministeriales, elementos periciales y del servicio m\u00e9dico forense, acus\u00f3 Hidalgo.<\/p>\n<p>En los \u00faltimos 10 meses, que incluyen la parte final de la gesti\u00f3n de Adri\u00e1n de la Garza y de Javier Flores ya como procurador, expuso la activista, se abri\u00f3 una mesa de evaluaci\u00f3n para revisar el trabajo de los agentes del Ministerio P\u00fablico por parte de la procuradur\u00eda y familiares de v\u00edctimas.<\/p>\n<p>Seg\u00fan las cifras, se demostr\u00f3 que la estrategia de investigaci\u00f3n, b\u00fasqueda y localizaci\u00f3n \u201cha sido deficiente\u201d.<br \/>\nHidalgo mencion\u00f3 que de 52 comparecencias para interrogar a personas que pudieran aportar informaci\u00f3n, s\u00f3lo se han realizado nueve (17%), est\u00e1n en tr\u00e1mite 33 (64%) y 10 no se realizaron (19%).<\/p>\n<p>Sobre la b\u00fasqueda, expres\u00f3, \u201cse contabilizaron 34, de las cuales cinco se realizaron (15%), 21 est\u00e1n en tr\u00e1mite (62%), y ocho no se realizaron (23%)\u201d.<\/p>\n<p>En lo referente a desahogo de pruebas periciales, se contabilizaron 45, de las cuales se han desahogado ocho (18%), 20 est\u00e1n en tr\u00e1mite (44%), y 17 est\u00e1n como no realizadas (38%).<br \/>\nEntre los recursos que ya no se pueden realizar est\u00e1n por ejemplo las \u201csabanas de llamadas\u201d, porque las compa\u00f1\u00edas telef\u00f3nicas ya no tienen la informaci\u00f3n y en muchas comparecencias, el contenido de las respuestas a los interrogatorios son \u201cno se acordaba\u201d, \u201cno quiso declarar\u201d, \u201cno sab\u00eda nada\u201d.<\/p>\n<p>-Mil cuerpos sin identificar.<br \/>\n\u201cEn la \u00faltima reuni\u00f3n que sostuvimos el 23 de abril, nos informaron que existen mil cuerpos en las fosas comunes sin identificar, y lo dicen como si estuvieran hablando de carros\u201d, reproch\u00f3 Hidalgo. Adem\u00e1s, la jefa de periciales expres\u00f3 que son migrantes, \u201cporque no tienen denuncia\u201d.<\/p>\n<p>La activista se\u00f1al\u00f3 que en la reuni\u00f3n que sostuvieron este jueves con funcionarios de la procuradur\u00eda les presentaron \u201cy vamos a llevarles un plan de b\u00fasqueda real, operativo, hecho por las familias y avalado por la ONU\u201d.<\/p>\n<p>Adem\u00e1s, otra activista de FUNDNL, Lourdes Huerta, adelant\u00f3 que solicitar\u00e1n que se aplique la Ley General de V\u00edctimas, porque a ning\u00fan familiar se le ha apoyado en nada.<\/p>\n<p><a href=\"http:\/\/www.debate.com.mx\/mexico\/Familiares-somos-los-otros-desaparecidos-20150710-0009.html\" target=\"_blank\">www.debate.com.mx\/mexico\/Familiares-somos-los-otros-desaparecidos-20150710-0009.html<\/a><\/p>\n","protected":false},"excerpt":{"rendered":"<p>El Debate Monterrey, Nuevo Le\u00f3n (El Universal).- Para la Procuradur\u00eda del Justicia de Nuevo Le\u00f3n, los familiares de v\u00edctimas de desaparici\u00f3n \u201cno existimos, somos los otros desaparecidos\u201d, pues incluso quienes &hellip; <a href=\"http:\/\/www.grieta.org.mx\/index.php\/2015\/07\/10\/familiares-somos-los-otros-desaparecidos\/\" class=\"more-link\">Leer m\u00e1s<\/a><\/p>\n","protected":false},"author":2,"featured_media":21928,"comment_status":"closed","ping_status":"open","sticky":false,"template":"","format":"standard","meta":{"ngg_post_thumbnail":0,"_jetpack_newsletter_access":"","_jetpack_dont_email_post_to_subs":false,"_jetpack_newsletter_tier_id":0,"_jetpack_memberships_contains_paywalled_content":false,"_jetpack_memberships_contains_paid_content":false,"footnotes":""},"categories":[80,87,202],"tags":[385],"class_list":["post-5120","post","type-post","status-publish","format-standard","has-post-thumbnail","hentry","category-cintillo","category-desaparecidos","category-nuevo-leon","tag-fundenl","entry"],"jetpack_featured_media_url":"http:\/\/www.grieta.org.mx\/wp-content\/uploads\/2018\/03\/14524434_1106112876131411_958039263622046936_o.jpg","jetpack_sharing_enabled":true,"jetpack_shortlink":"https:\/\/wp.me\/p7ZJR4-1kA","jetpack_likes_enabled":false,"jetpack-related-posts":[{"id":4894,"url":"http:\/\/www.grieta.org.mx\/index.php\/2016\/08\/05\/desaparecidos-en-nuevo-leon\/","url_meta":{"origin":5120,"position":0},"title":"Desaparecidos en Nuevo Le\u00f3n","author":"grieta","date":"5 agosto, 2016","format":false,"excerpt":"03\/08\/16. Empeora situaci\u00f3n de v\u00edctimas de desaparici\u00f3n en Nuevo Le\u00f3nVanguardia Mx 10\/06\/16. Familias de Nuevo Le\u00f3n piden localizar a padres desaparecidos Vanguardia Mx 10\/01\/16. Realizan evento en memoria de desaparecidos en NL La Jornada 19\/11\/15. En Nuevo Le\u00f3n, 173 casos de desaparici\u00f3n que involucran a 314 v\u00edctimas Desinform\u00e9monos 08\/11\/15. En\u2026","rel":"","context":"En &quot;Desaparecidos&quot;","block_context":{"text":"Desaparecidos","link":"http:\/\/www.grieta.org.mx\/index.php\/category\/temas-nacionales\/desaparecidos\/"},"img":{"alt_text":"","src":"https:\/\/i0.wp.com\/www.grieta.org.mx\/wp-content\/uploads\/2018\/03\/14524434_1106112876131411_958039263622046936_o.jpg?resize=350%2C200","width":350,"height":200,"srcset":"https:\/\/i0.wp.com\/www.grieta.org.mx\/wp-content\/uploads\/2018\/03\/14524434_1106112876131411_958039263622046936_o.jpg?resize=350%2C200 1x, https:\/\/i0.wp.com\/www.grieta.org.mx\/wp-content\/uploads\/2018\/03\/14524434_1106112876131411_958039263622046936_o.jpg?resize=525%2C300 1.5x, https:\/\/i0.wp.com\/www.grieta.org.mx\/wp-content\/uploads\/2018\/03\/14524434_1106112876131411_958039263622046936_o.jpg?resize=700%2C400 2x"},"classes":[]},{"id":19297,"url":"http:\/\/www.grieta.org.mx\/index.php\/2016\/08\/03\/empeora-situacion-de-victimas-de-desaparicion-en-nuevo-leon\/","url_meta":{"origin":5120,"position":1},"title":"Empeora situaci\u00f3n de v\u00edctimas de desaparici\u00f3n en Nuevo Le\u00f3n","author":"grieta","date":"3 agosto, 2016","format":false,"excerpt":"Aracely Chantaka Para los familiares de desaparecidos en la entidad, la situaci\u00f3n de atenci\u00f3n para sus casos ha empeorado por parte de la Procuradur\u00eda General de Justicia en el estado, en relaci\u00f3n con el sexenio anterior Monterrey, Nuevo Le\u00f3n.- Para los familiares de desaparecidos en la entidad, la situaci\u00f3n de\u2026","rel":"","context":"En &quot;CINTILLO&quot;","block_context":{"text":"CINTILLO","link":"http:\/\/www.grieta.org.mx\/index.php\/category\/cintillo\/"},"img":{"alt_text":"","src":"https:\/\/i0.wp.com\/www.grieta.org.mx\/wp-content\/uploads\/2018\/03\/14524434_1106112876131411_958039263622046936_o.jpg?resize=350%2C200","width":350,"height":200,"srcset":"https:\/\/i0.wp.com\/www.grieta.org.mx\/wp-content\/uploads\/2018\/03\/14524434_1106112876131411_958039263622046936_o.jpg?resize=350%2C200 1x, https:\/\/i0.wp.com\/www.grieta.org.mx\/wp-content\/uploads\/2018\/03\/14524434_1106112876131411_958039263622046936_o.jpg?resize=525%2C300 1.5x, https:\/\/i0.wp.com\/www.grieta.org.mx\/wp-content\/uploads\/2018\/03\/14524434_1106112876131411_958039263622046936_o.jpg?resize=700%2C400 2x"},"classes":[]},{"id":14049,"url":"http:\/\/www.grieta.org.mx\/index.php\/2016\/06\/10\/familias-de-nuevo-leon-piden-localizar-a-padres-desaparecidos\/","url_meta":{"origin":5120,"position":2},"title":"Familias de Nuevo Le\u00f3n piden localizar a padres desaparecidos","author":"grieta","date":"10 junio, 2016","format":false,"excerpt":"Aracely Chantaka Foto: Aracely Chantaka Con una marcha que inici\u00f3 en las instalaciones de la Pur\u00edsima el contingente manifest\u00f3 su descontento por los casos de desapariciones en la entidad Nuevo Le\u00f3n.- En el marco de la pr\u00f3xima celebraci\u00f3n del D\u00eda del Padre, integrantes de Ciudadanos en Apoyo a los Derechos\u2026","rel":"","context":"En &quot;CINTILLO&quot;","block_context":{"text":"CINTILLO","link":"http:\/\/www.grieta.org.mx\/index.php\/category\/cintillo\/"},"img":{"alt_text":"","src":"https:\/\/i0.wp.com\/www.grieta.org.mx\/wp-content\/uploads\/2018\/03\/14524434_1106112876131411_958039263622046936_o.jpg?resize=350%2C200","width":350,"height":200,"srcset":"https:\/\/i0.wp.com\/www.grieta.org.mx\/wp-content\/uploads\/2018\/03\/14524434_1106112876131411_958039263622046936_o.jpg?resize=350%2C200 1x, https:\/\/i0.wp.com\/www.grieta.org.mx\/wp-content\/uploads\/2018\/03\/14524434_1106112876131411_958039263622046936_o.jpg?resize=525%2C300 1.5x, https:\/\/i0.wp.com\/www.grieta.org.mx\/wp-content\/uploads\/2018\/03\/14524434_1106112876131411_958039263622046936_o.jpg?resize=700%2C400 2x"},"classes":[]},{"id":22125,"url":"http:\/\/www.grieta.org.mx\/index.php\/2018\/02\/19\/familiares-de-desaparecidos-reclaman-20-mdp-por-reparacion-a-la-procuraduria-de-nl\/","url_meta":{"origin":5120,"position":3},"title":"Familiares de desaparecidos reclaman 20 mdp por reparaci\u00f3n a la Procuradur\u00eda de NL","author":"grieta","date":"19 febrero, 2018","format":false,"excerpt":"Luciano Campos Garza MONTERREY, NL (apro).- Familiares de tres personas desaparecidas promovieron hoy un recurso para demandar de la Procuradur\u00eda estatal el pago de 20 millones de pesos, en conjunto, como reparaci\u00f3n por el da\u00f1o que la ausencia ha generado a parientes de las v\u00edctimas. Los desaparecidos son Nicol\u00e1s Flores\u2026","rel":"","context":"En &quot;CINTILLO&quot;","block_context":{"text":"CINTILLO","link":"http:\/\/www.grieta.org.mx\/index.php\/category\/cintillo\/"},"img":{"alt_text":"","src":"https:\/\/i0.wp.com\/www.grieta.org.mx\/wp-content\/uploads\/2018\/03\/14524434_1106112876131411_958039263622046936_o.jpg?resize=350%2C200","width":350,"height":200,"srcset":"https:\/\/i0.wp.com\/www.grieta.org.mx\/wp-content\/uploads\/2018\/03\/14524434_1106112876131411_958039263622046936_o.jpg?resize=350%2C200 1x, https:\/\/i0.wp.com\/www.grieta.org.mx\/wp-content\/uploads\/2018\/03\/14524434_1106112876131411_958039263622046936_o.jpg?resize=525%2C300 1.5x, https:\/\/i0.wp.com\/www.grieta.org.mx\/wp-content\/uploads\/2018\/03\/14524434_1106112876131411_958039263622046936_o.jpg?resize=700%2C400 2x"},"classes":[]},{"id":33316,"url":"http:\/\/www.grieta.org.mx\/index.php\/2019\/05\/10\/cinco-madres-de-desaparecidos-en-nuevo-leon-murieron-sin-encontrar-justicia-cadhac\/","url_meta":{"origin":5120,"position":4},"title":"Cinco madres de desaparecidos en Nuevo Le\u00f3n murieron sin encontrar justicia: CADHAC","author":"grieta","date":"10 mayo, 2019","format":false,"excerpt":"Lauren Franco \/ Contral\u00ednea Este viernes 10 de mayo, decenas de personas se reunieron en la Plaza de la Pur\u00edsima, en el Centro de Monterrey, en el marco de la \u201cMarcha en memoria de las madres de personas desaparecidos que murieron sin encontrar a sus hijos\u201d. De acuerdo con la\u2026","rel":"","context":"En &quot;CINTILLO&quot;","block_context":{"text":"CINTILLO","link":"http:\/\/www.grieta.org.mx\/index.php\/category\/cintillo\/"},"img":{"alt_text":"","src":"https:\/\/i0.wp.com\/www.grieta.org.mx\/wp-content\/uploads\/2019\/05\/Cinco-madres-de-desaparecidos-en-Nuevo-Le%C3%B3n-murieron-sin-encontrar-justicia-CADHAC-nl-may.jpg?resize=350%2C200","width":350,"height":200,"srcset":"https:\/\/i0.wp.com\/www.grieta.org.mx\/wp-content\/uploads\/2019\/05\/Cinco-madres-de-desaparecidos-en-Nuevo-Le%C3%B3n-murieron-sin-encontrar-justicia-CADHAC-nl-may.jpg?resize=350%2C200 1x, https:\/\/i0.wp.com\/www.grieta.org.mx\/wp-content\/uploads\/2019\/05\/Cinco-madres-de-desaparecidos-en-Nuevo-Le%C3%B3n-murieron-sin-encontrar-justicia-CADHAC-nl-may.jpg?resize=525%2C300 1.5x"},"classes":[]},{"id":48939,"url":"http:\/\/www.grieta.org.mx\/index.php\/2020\/05\/10\/se-manifiesta-fundenl-en-puentes-peatonales-nuevo-leon\/","url_meta":{"origin":5120,"position":5},"title":"Se manifiesta FUNDENL en puentes peatonales (Nuevo Le\u00f3n)","author":"grieta","date":"10 mayo, 2020","format":false,"excerpt":"C\u00e9sar L\u00f3pez\/ EL PORVENIR Aseguraron que la contingencia sanitaria no deber\u00eda ser un obst\u00e1culo para seguir busc\u00e1ndolas. \"Desparecidos \u00bfd\u00f3nde est\u00e1n?, fuerza madres de FUNDENL\", eran las leyendas que se pod\u00edan apreciar en las mantas. La organizaci\u00f3n Fuerzas Unidas por Nuestros Desaparecidos en Nuevo Le\u00f3n, se moviliz\u00f3 en diferentes puentes peatonales\u2026","rel":"","context":"En &quot;CINTILLO&quot;","block_context":{"text":"CINTILLO","link":"http:\/\/www.grieta.org.mx\/index.php\/category\/cintillo\/"},"img":{"alt_text":"","src":"https:\/\/i0.wp.com\/www.grieta.org.mx\/wp-content\/uploads\/2020\/05\/fundenl.jpg?resize=350%2C200","width":350,"height":200,"srcset":"https:\/\/i0.wp.com\/www.grieta.org.mx\/wp-content\/uploads\/2020\/05\/fundenl.jpg?resize=350%2C200 1x, https:\/\/i0.wp.com\/www.grieta.org.mx\/wp-content\/uploads\/2020\/05\/fundenl.jpg?resize=525%2C300 1.5x, https:\/\/i0.wp.com\/www.grieta.org.mx\/wp-content\/uploads\/2020\/05\/fundenl.jpg?resize=700%2C400 2x, https:\/\/i0.wp.com\/www.grieta.org.mx\/wp-content\/uploads\/2020\/05\/fundenl.jpg?resize=1050%2C600 3x"},"classes":[]}],"_links":{"self":[{"href":"http:\/\/www.grieta.org.mx\/index.php\/wp-json\/wp\/v2\/posts\/5120","targetHints":{"allow":["GET"]}}],"collection":[{"href":"http:\/\/www.grieta.org.mx\/index.php\/wp-json\/wp\/v2\/posts"}],"about":[{"href":"http:\/\/www.grieta.org.mx\/index.php\/wp-json\/wp\/v2\/types\/post"}],"author":[{"embeddable":true,"href":"http:\/\/www.grieta.org.mx\/index.php\/wp-json\/wp\/v2\/users\/2"}],"replies":[{"embeddable":true,"href":"http:\/\/www.grieta.org.mx\/index.php\/wp-json\/wp\/v2\/comments?post=5120"}],"version-history":[{"count":1,"href":"http:\/\/www.grieta.org.mx\/index.php\/wp-json\/wp\/v2\/posts\/5120\/revisions"}],"predecessor-version":[{"id":5122,"href":"http:\/\/www.grieta.org.mx\/index.php\/wp-json\/wp\/v2\/posts\/5120\/revisions\/5122"}],"wp:featuredmedia":[{"embeddable":true,"href":"http:\/\/www.grieta.org.mx\/index.php\/wp-json\/wp\/v2\/media\/21928"}],"wp:attachment":[{"href":"http:\/\/www.grieta.org.mx\/index.php\/wp-json\/wp\/v2\/media?parent=5120"}],"wp:term":[{"taxonomy":"category","embeddable":true,"href":"http:\/\/www.grieta.org.mx\/index.php\/wp-json\/wp\/v2\/categories?post=5120"},{"taxonomy":"post_tag","embeddable":true,"href":"http:\/\/www.grieta.org.mx\/index.php\/wp-json\/wp\/v2\/tags?post=5120"}],"curies":[{"name":"wp","href":"https:\/\/api.w.org\/{rel}","templated":true}]}}