{"id":51169,"date":"2020-06-14T17:47:43","date_gmt":"2020-06-14T22:47:43","guid":{"rendered":"http:\/\/www.grieta.org.mx\/?p=51169"},"modified":"2020-06-24T17:58:21","modified_gmt":"2020-06-24T22:58:21","slug":"son-27-mil-957-empleos-perdidos-en-tres-meses-por-covid-19-en-tamaulipas","status":"publish","type":"post","link":"http:\/\/www.grieta.org.mx\/index.php\/2020\/06\/14\/son-27-mil-957-empleos-perdidos-en-tres-meses-por-covid-19-en-tamaulipas\/","title":{"rendered":"Son 27 mil 957 empleos perdidos en tres meses por covid-19 en Tamaulipas"},"content":{"rendered":"<p>V\u00edctor Hugo Dur\u00e1n\/Milenio<br \/>\n14 junio 2020<\/p>\n<blockquote><p>Tendencia a la baja en asegurados ante el IMSS se mantuvo en mayo; el 70% pertenecen a puestos permanentes.<\/p><\/blockquote>\n<p><img loading=\"lazy\" decoding=\"async\" data-attachment-id=\"51170\" data-permalink=\"http:\/\/www.grieta.org.mx\/index.php\/2020\/06\/14\/son-27-mil-957-empleos-perdidos-en-tres-meses-por-covid-19-en-tamaulipas\/estima-canacintra-perdida-de-hasta\/\" data-orig-file=\"http:\/\/www.grieta.org.mx\/wp-content\/uploads\/2020\/06\/estima-canacintra-perdida-de-hasta.jpg\" data-orig-size=\"958,596\" data-comments-opened=\"0\" data-image-meta=\"{&quot;aperture&quot;:&quot;0&quot;,&quot;credit&quot;:&quot;&quot;,&quot;camera&quot;:&quot;&quot;,&quot;caption&quot;:&quot;&quot;,&quot;created_timestamp&quot;:&quot;0&quot;,&quot;copyright&quot;:&quot;&quot;,&quot;focal_length&quot;:&quot;0&quot;,&quot;iso&quot;:&quot;0&quot;,&quot;shutter_speed&quot;:&quot;0&quot;,&quot;title&quot;:&quot;&quot;,&quot;orientation&quot;:&quot;0&quot;}\" data-image-title=\"estima-canacintra-perdida-de-hasta\" data-image-description=\"\" data-image-caption=\"\" data-medium-file=\"http:\/\/www.grieta.org.mx\/wp-content\/uploads\/2020\/06\/estima-canacintra-perdida-de-hasta-300x187.jpg\" data-large-file=\"http:\/\/www.grieta.org.mx\/wp-content\/uploads\/2020\/06\/estima-canacintra-perdida-de-hasta.jpg\" class=\"aligncenter wp-image-51170\" src=\"http:\/\/www.grieta.org.mx\/wp-content\/uploads\/2020\/06\/estima-canacintra-perdida-de-hasta.jpg\" alt=\"\" width=\"800\" height=\"498\" srcset=\"http:\/\/www.grieta.org.mx\/wp-content\/uploads\/2020\/06\/estima-canacintra-perdida-de-hasta.jpg 958w, http:\/\/www.grieta.org.mx\/wp-content\/uploads\/2020\/06\/estima-canacintra-perdida-de-hasta-300x187.jpg 300w, http:\/\/www.grieta.org.mx\/wp-content\/uploads\/2020\/06\/estima-canacintra-perdida-de-hasta-768x478.jpg 768w, http:\/\/www.grieta.org.mx\/wp-content\/uploads\/2020\/06\/estima-canacintra-perdida-de-hasta-804x500.jpg 804w\" sizes=\"auto, (max-width: 800px) 100vw, 800px\" \/><br \/>\nDesempleo\/Archivo<\/p>\n<p>Desde marzo y hasta mayo de este a\u00f1o, se han perdido 27 mil 957 empleos en Tamaulipas, de los cuales el 70 por ciento de esta cantidad pertenec\u00ederon a trabajadores permanentes. Dicha tendencia se registra durante el confinamiento causado por la pandemia del covid-19 y el cierre eventual de empresas al acatar las medidas de salud.<\/p>\n<p>En el \u00faltimo reporte de puestos registrados en el Instituto Mexicano del Seguro Social y respaldados por la Secretar\u00eda de Trabajo y Previsi\u00f3n Social, en mayo la cifra qued\u00f3 en 658 mil 034 personas, de lo cual y en comparaci\u00f3n con abril (664 mil 641 asegurados), una reducci\u00f3n de 6 mil 607 plazas laborales. Cabe se\u00f1alar que en febrero se alcanz\u00f3 el tope m\u00e1ximo, es decir, 685 mil 991.<\/p>\n<p><img loading=\"lazy\" decoding=\"async\" data-attachment-id=\"51171\" data-permalink=\"http:\/\/www.grieta.org.mx\/index.php\/2020\/06\/14\/son-27-mil-957-empleos-perdidos-en-tres-meses-por-covid-19-en-tamaulipas\/cdmx-entregaron-seguros-desempleo-araceli_thumb_589_348\/\" data-orig-file=\"http:\/\/www.grieta.org.mx\/wp-content\/uploads\/2020\/06\/cdmx-entregaron-seguros-desempleo-araceli_thumb_589_348.jpeg\" data-orig-size=\"618,348\" data-comments-opened=\"0\" data-image-meta=\"{&quot;aperture&quot;:&quot;0&quot;,&quot;credit&quot;:&quot;&quot;,&quot;camera&quot;:&quot;&quot;,&quot;caption&quot;:&quot;&quot;,&quot;created_timestamp&quot;:&quot;0&quot;,&quot;copyright&quot;:&quot;&quot;,&quot;focal_length&quot;:&quot;0&quot;,&quot;iso&quot;:&quot;0&quot;,&quot;shutter_speed&quot;:&quot;0&quot;,&quot;title&quot;:&quot;&quot;,&quot;orientation&quot;:&quot;0&quot;}\" data-image-title=\"cdmx-entregaron-seguros-desempleo-araceli_thumb_589_348\" data-image-description=\"\" data-image-caption=\"\" data-medium-file=\"http:\/\/www.grieta.org.mx\/wp-content\/uploads\/2020\/06\/cdmx-entregaron-seguros-desempleo-araceli_thumb_589_348-300x169.jpeg\" data-large-file=\"http:\/\/www.grieta.org.mx\/wp-content\/uploads\/2020\/06\/cdmx-entregaron-seguros-desempleo-araceli_thumb_589_348.jpeg\" src=\"http:\/\/www.grieta.org.mx\/wp-content\/uploads\/2020\/06\/cdmx-entregaron-seguros-desempleo-araceli_thumb_589_348.jpeg\" alt=\"\" width=\"618\" height=\"348\" class=\"aligncenter size-full wp-image-51171\" srcset=\"http:\/\/www.grieta.org.mx\/wp-content\/uploads\/2020\/06\/cdmx-entregaron-seguros-desempleo-araceli_thumb_589_348.jpeg 618w, http:\/\/www.grieta.org.mx\/wp-content\/uploads\/2020\/06\/cdmx-entregaron-seguros-desempleo-araceli_thumb_589_348-300x169.jpeg 300w\" sizes=\"auto, (max-width: 618px) 100vw, 618px\" \/><br \/>\nPandemia por covid-19 | Archivo <\/p>\n<p>La referida tendencia comenz\u00f3 a reflejarse desde marzo, al darse una disminuci\u00f3n de 5 mil 932 tamaulipecos previamente inscritos por los patrones que causaron baja. Para el siguientes mes, la cantidad se acrecent\u00f3 hasta los 9 mil 409. Entre ambos, el recorte lleg\u00f3 a los 15 mil 341.<\/p>\n<p>Estos n\u00fameros son los m\u00e1s bajos que la Delegaci\u00f3n en la entidad registra en los \u00faltimos dos a\u00f1os y medio; desde diciembre del 2017 donde apenas se contabilizaron 647 mil personas con un trabajo, no se presentaba una reducci\u00f3n tan dr\u00e1stica.<\/p>\n<p>Referente al \u00e1rea de empleos permanentes, la cantidad durante los \u00faltimos tres meses asciende a los 19 mil 701. Del acumulado en los meses ya mencionados, significa que 3 de 4 tamaulipecos quienes prestaban sus servicios de forma indefinida a una empresa, dejaron de colaborar en ella dentro de este per\u00edodo. Al \u00faltimo mes, qued\u00f3 en 594 mil 039.<\/p>\n<p>Otro de los rubros afectados est\u00e1 en la oferta para los eventuales, al darse en los tres meses un descenso hasta llegar a 8 mil 256. Casi el 90 por ciento, alrededor de 7 mil 700 plazas, corresponden al sector urbano, mientras el resto se localizan en la zona rural de la entidad.<\/p>\n<p>IMEF espera mayor impacto<br \/>\nEn la encuesta de expectativas econ\u00f3micas emitidas por el Instituto Mexicano de Ejecutivos de Finanzas (IMEF), se prev\u00e9 para junio una p\u00e9rdida formal de casi un mill\u00f3n de empleos, al tomar como base la lista de registros ante el Seguro Social, esto a nivel nacional y lo cual acrecenta los n\u00fameros reportados con anterioridad, vislumbrados en 812 mil 500 fuentes laborales.<\/p>\n<p>Destaca el bolet\u00edn emitido por el organismo en Tampico, que dirige Rafael Aveleyra Fern\u00e1ndez, una reducci\u00f3n del 8.5 por ciento del crecimiento en el Producto Interno Bruto, adem\u00e1s de alcanzar un 3.10 por ciento la inflaci\u00f3n. A pesar de esto, ven un tipo de cambio relativamente favorable para el peso mexicano, al comercializarse el d\u00f3lar en los 23 pesos.<\/p>\n<p>GINS<\/p>\n<p><a href=\"https:\/\/www.milenio.com\/negocios\/coronavirus-tamaulipas-27-mil-957-empleos-perdidos-meses\" rel=\"noopener noreferrer\" target=\"_blank\">https:\/\/www.milenio.com\/negocios\/coronavirus-tamaulipas-27-mil-957-empleos-perdidos-meses<\/a><\/p>\n","protected":false},"excerpt":{"rendered":"<p>V\u00edctor Hugo Dur\u00e1n\/Milenio 14 junio 2020 Tendencia a la baja en asegurados ante el IMSS se mantuvo en mayo; el 70% pertenecen a puestos permanentes. Desempleo\/Archivo Desde marzo y hasta &hellip; <a href=\"http:\/\/www.grieta.org.mx\/index.php\/2020\/06\/14\/son-27-mil-957-empleos-perdidos-en-tres-meses-por-covid-19-en-tamaulipas\/\" class=\"more-link\">Leer m\u00e1s<\/a><\/p>\n","protected":false},"author":2,"featured_media":51170,"comment_status":"closed","ping_status":"closed","sticky":false,"template":"","format":"standard","meta":{"ngg_post_thumbnail":0,"_jetpack_newsletter_access":"","_jetpack_dont_email_post_to_subs":false,"_jetpack_newsletter_tier_id":0,"_jetpack_memberships_contains_paywalled_content":false,"_jetpack_memberships_contains_paid_content":false,"footnotes":""},"categories":[80,3269,910,1137,2,33,83],"tags":[3241,163,2841,3365],"class_list":["post-51169","post","type-post","status-publish","format-standard","has-post-thumbnail","hentry","category-cintillo","category-covid-19-en-tamaulipas","category-explotacion-y-precariedad-laboral","category-explotacion-y-precariedad-laboral-en-tamaulipas","category-noticias-nacionales","category-tamaulipas","category-temas-nacionales","tag-covid-19","tag-despidos","tag-explotacion-y-precariedad-laboral","tag-perdida-de-empleo","entry"],"jetpack_featured_media_url":"http:\/\/www.grieta.org.mx\/wp-content\/uploads\/2020\/06\/estima-canacintra-perdida-de-hasta.jpg","jetpack_sharing_enabled":true,"jetpack_shortlink":"https:\/\/wp.me\/p7ZJR4-djj","jetpack_likes_enabled":false,"jetpack-related-posts":[{"id":64901,"url":"http:\/\/www.grieta.org.mx\/index.php\/2022\/08\/16\/maquilas-de-tamaulipas-han-despedido-a-casi-cinco-mil-trabajadores\/","url_meta":{"origin":51169,"position":0},"title":"Maquilas de Tamaulipas han despedido a casi cinco mil trabajadores","author":"grieta","date":"16 agosto, 2022","format":false,"excerpt":"Paola Mel\u00e9ndez\/Hoy Tamaulipas 16 agosto 2022 Seg\u00fan el IMSS, en el Estado se ha presentado una baja de cuatro mil 673 obreros entre marzo y julio del 2022. Ciudad Victoria, Tamaulipas.- La industria maquiladora en Tamaulipas ha recortado casi cinco mil empleos en cuatro meses, seg\u00fan el Instituto Mexicano del\u2026","rel":"","context":"En &quot;CINTILLO&quot;","block_context":{"text":"CINTILLO","link":"http:\/\/www.grieta.org.mx\/index.php\/category\/cintillo\/"},"img":{"alt_text":"","src":"https:\/\/i0.wp.com\/www.grieta.org.mx\/wp-content\/uploads\/2022\/08\/Maquilas-de-Tamaulipas-han-despedido-a-casi-cinco-mil-trabajadores-en-cuatro-meses.jpg?resize=350%2C200","width":350,"height":200,"srcset":"https:\/\/i0.wp.com\/www.grieta.org.mx\/wp-content\/uploads\/2022\/08\/Maquilas-de-Tamaulipas-han-despedido-a-casi-cinco-mil-trabajadores-en-cuatro-meses.jpg?resize=350%2C200 1x, https:\/\/i0.wp.com\/www.grieta.org.mx\/wp-content\/uploads\/2022\/08\/Maquilas-de-Tamaulipas-han-despedido-a-casi-cinco-mil-trabajadores-en-cuatro-meses.jpg?resize=525%2C300 1.5x, https:\/\/i0.wp.com\/www.grieta.org.mx\/wp-content\/uploads\/2022\/08\/Maquilas-de-Tamaulipas-han-despedido-a-casi-cinco-mil-trabajadores-en-cuatro-meses.jpg?resize=700%2C400 2x"},"classes":[]},{"id":53972,"url":"http:\/\/www.grieta.org.mx\/index.php\/2020\/08\/12\/suman-31-mil-empleos-perdidos-en-tamaulipas-a-raiz-del-covid-19\/","url_meta":{"origin":51169,"position":1},"title":"Suman 31 mil empleos perdidos en Tamaulipas a ra\u00edz del Covid-19","author":"grieta","date":"12 agosto, 2020","format":false,"excerpt":"Armando Castillo\/HoyTam 12 agosto 2020 Ciudad Victoria, Tamaulipas. - La cifra de empleos perdidos en lo que va del a\u00f1o es de alrededor de 31 mil, la mayor parte dentro de la industria maquiladora y en lo que resta del a\u00f1o dif\u00edcilmente se habr\u00e1n de recuperar, estableci\u00f3 el secretario del\u2026","rel":"","context":"En &quot;CINTILLO&quot;","block_context":{"text":"CINTILLO","link":"http:\/\/www.grieta.org.mx\/index.php\/category\/cintillo\/"},"img":{"alt_text":"","src":"https:\/\/i0.wp.com\/www.grieta.org.mx\/wp-content\/uploads\/2020\/10\/Suman-31-mil-empleos-perdidos-en-Tamaulipas-a-raiz-del-Covid-19.jpg?resize=350%2C200","width":350,"height":200,"srcset":"https:\/\/i0.wp.com\/www.grieta.org.mx\/wp-content\/uploads\/2020\/10\/Suman-31-mil-empleos-perdidos-en-Tamaulipas-a-raiz-del-Covid-19.jpg?resize=350%2C200 1x, https:\/\/i0.wp.com\/www.grieta.org.mx\/wp-content\/uploads\/2020\/10\/Suman-31-mil-empleos-perdidos-en-Tamaulipas-a-raiz-del-Covid-19.jpg?resize=525%2C300 1.5x, https:\/\/i0.wp.com\/www.grieta.org.mx\/wp-content\/uploads\/2020\/10\/Suman-31-mil-empleos-perdidos-en-Tamaulipas-a-raiz-del-Covid-19.jpg?resize=700%2C400 2x"},"classes":[]},{"id":50101,"url":"http:\/\/www.grieta.org.mx\/index.php\/2020\/05\/31\/se-pierden-por-pandemia-22-mil-empleos-en-tamaulipas\/","url_meta":{"origin":51169,"position":2},"title":"Se pierden por pandemia 22 mil empleos en Tamaulipas","author":"grieta","date":"31 mayo, 2020","format":false,"excerpt":"Armando Castillo \/Hoy T.am 31 mayo 2020 Carlos Garc\u00eda Gonz\u00e1lez, secretario de Desarrollo Econ\u00f3mico en Tamaulipas, asegur\u00f3 que durante abril y mayo, existe una p\u00e9rdida de unos 22 mil empleos, producto de la situaci\u00f3n de emergencia sanitaria. Ciudad Victoria, Tamaulipas. - Carlos Garc\u00eda Gonz\u00e1lez, secretario de Desarrollo Econ\u00f3mico en Tamaulipas,\u2026","rel":"","context":"En &quot;CINTILLO&quot;","block_context":{"text":"CINTILLO","link":"http:\/\/www.grieta.org.mx\/index.php\/category\/cintillo\/"},"img":{"alt_text":"","src":"https:\/\/i0.wp.com\/www.grieta.org.mx\/wp-content\/uploads\/2020\/06\/Se-pierden-por-pandemia-22-mil-empleos-en-Tamaulipas.jpg?resize=350%2C200","width":350,"height":200,"srcset":"https:\/\/i0.wp.com\/www.grieta.org.mx\/wp-content\/uploads\/2020\/06\/Se-pierden-por-pandemia-22-mil-empleos-en-Tamaulipas.jpg?resize=350%2C200 1x, https:\/\/i0.wp.com\/www.grieta.org.mx\/wp-content\/uploads\/2020\/06\/Se-pierden-por-pandemia-22-mil-empleos-en-Tamaulipas.jpg?resize=525%2C300 1.5x, https:\/\/i0.wp.com\/www.grieta.org.mx\/wp-content\/uploads\/2020\/06\/Se-pierden-por-pandemia-22-mil-empleos-en-Tamaulipas.jpg?resize=700%2C400 2x"},"classes":[]},{"id":34040,"url":"http:\/\/www.grieta.org.mx\/index.php\/2019\/05\/29\/pierde-matamoros-otros-1815-empleos-tamaulipas\/","url_meta":{"origin":51169,"position":3},"title":"Pierde Matamoros otros 1,815 empleos (Tamaulipas)","author":"grieta","date":"29 mayo, 2019","format":false,"excerpt":"Miguel Jim\u00e9nez \/ El Ma\u00f1ana Matamoros, Tam.- De acuerdo a estad\u00edsticas del Instituto Mexicano del Seguro Social se registra que al cierre de abril se han perdido mil 815 empleos formales en Matamoros, de los cuales mil 561 pertenec\u00edan a la industria maquiladora. Al concluir diciembre del a\u00f1o pasado se\u2026","rel":"","context":"En &quot;CINTILLO&quot;","block_context":{"text":"CINTILLO","link":"http:\/\/www.grieta.org.mx\/index.php\/category\/cintillo\/"},"img":{"alt_text":"","src":"https:\/\/i0.wp.com\/www.grieta.org.mx\/wp-content\/uploads\/2019\/06\/Pierde-Matamoros-otros-1815-empleos-tama-jun.jpg?resize=350%2C200","width":350,"height":200,"srcset":"https:\/\/i0.wp.com\/www.grieta.org.mx\/wp-content\/uploads\/2019\/06\/Pierde-Matamoros-otros-1815-empleos-tama-jun.jpg?resize=350%2C200 1x, https:\/\/i0.wp.com\/www.grieta.org.mx\/wp-content\/uploads\/2019\/06\/Pierde-Matamoros-otros-1815-empleos-tama-jun.jpg?resize=525%2C300 1.5x"},"classes":[]},{"id":52279,"url":"http:\/\/www.grieta.org.mx\/index.php\/2020\/07\/22\/denuncian-a-maquiladoras-por-incumplir-medidas-sanitarias\/","url_meta":{"origin":51169,"position":4},"title":"Denuncian a maquiladoras por incumplir medidas sanitarias (Tamaulipas)","author":"grieta","date":"22 julio, 2020","format":false,"excerpt":"Carolina Garza\/Milenio 22 julio 2020 En Reynosa m\u00e1s de 400 empresas enfrentan procesos legales. Maquiladoras de Reynosa en tiempos de covid-19 | Cortes\u00eda Los despachos jur\u00eddicos de Reynosa se saturan de demandas por trabajadores del sector industrial en donde se\u00f1alan, incumplen con las medidas de sanidad. El abogado Javier Gerardo\u2026","rel":"","context":"En &quot;CINTILLO&quot;","block_context":{"text":"CINTILLO","link":"http:\/\/www.grieta.org.mx\/index.php\/category\/cintillo\/"},"img":{"alt_text":"","src":"https:\/\/i0.wp.com\/www.grieta.org.mx\/wp-content\/uploads\/2020\/08\/maquiladoras-de-reynosa-en-tiempos.jpg?resize=350%2C200","width":350,"height":200,"srcset":"https:\/\/i0.wp.com\/www.grieta.org.mx\/wp-content\/uploads\/2020\/08\/maquiladoras-de-reynosa-en-tiempos.jpg?resize=350%2C200 1x, https:\/\/i0.wp.com\/www.grieta.org.mx\/wp-content\/uploads\/2020\/08\/maquiladoras-de-reynosa-en-tiempos.jpg?resize=525%2C300 1.5x, https:\/\/i0.wp.com\/www.grieta.org.mx\/wp-content\/uploads\/2020\/08\/maquiladoras-de-reynosa-en-tiempos.jpg?resize=700%2C400 2x"},"classes":[]},{"id":49592,"url":"http:\/\/www.grieta.org.mx\/index.php\/2020\/05\/04\/maquiladoras-violan-acuerdo-de-cuarentena-y-abrieron-operaciones-tamaulipas\/","url_meta":{"origin":51169,"position":5},"title":"Maquiladoras violan acuerdo de cuarentena y abrieron operaciones (Tamaulipas)","author":"grieta","date":"4 mayo, 2020","format":false,"excerpt":"Armando Sandoval\/Notigape 4 mayo 2020 Pese a que se hizo un alargue de la cuarentena por parte de las autoridades federales hasta el 30 de este mes de mayo, muchas empresas maquiladoras de esta ciudad pr\u00e1cticamente obligaron a que sus trabajadores retomaran sus actividades en el inicio de esta semana,\u2026","rel":"","context":"En &quot;CINTILLO&quot;","block_context":{"text":"CINTILLO","link":"http:\/\/www.grieta.org.mx\/index.php\/category\/cintillo\/"},"img":{"alt_text":"","src":"https:\/\/i0.wp.com\/www.grieta.org.mx\/wp-content\/uploads\/2020\/05\/8yCm0apOqNx2VNAFWBse.png?resize=350%2C200","width":350,"height":200,"srcset":"https:\/\/i0.wp.com\/www.grieta.org.mx\/wp-content\/uploads\/2020\/05\/8yCm0apOqNx2VNAFWBse.png?resize=350%2C200 1x, https:\/\/i0.wp.com\/www.grieta.org.mx\/wp-content\/uploads\/2020\/05\/8yCm0apOqNx2VNAFWBse.png?resize=525%2C300 1.5x, https:\/\/i0.wp.com\/www.grieta.org.mx\/wp-content\/uploads\/2020\/05\/8yCm0apOqNx2VNAFWBse.png?resize=700%2C400 2x"},"classes":[]}],"_links":{"self":[{"href":"http:\/\/www.grieta.org.mx\/index.php\/wp-json\/wp\/v2\/posts\/51169","targetHints":{"allow":["GET"]}}],"collection":[{"href":"http:\/\/www.grieta.org.mx\/index.php\/wp-json\/wp\/v2\/posts"}],"about":[{"href":"http:\/\/www.grieta.org.mx\/index.php\/wp-json\/wp\/v2\/types\/post"}],"author":[{"embeddable":true,"href":"http:\/\/www.grieta.org.mx\/index.php\/wp-json\/wp\/v2\/users\/2"}],"replies":[{"embeddable":true,"href":"http:\/\/www.grieta.org.mx\/index.php\/wp-json\/wp\/v2\/comments?post=51169"}],"version-history":[{"count":1,"href":"http:\/\/www.grieta.org.mx\/index.php\/wp-json\/wp\/v2\/posts\/51169\/revisions"}],"predecessor-version":[{"id":51172,"href":"http:\/\/www.grieta.org.mx\/index.php\/wp-json\/wp\/v2\/posts\/51169\/revisions\/51172"}],"wp:featuredmedia":[{"embeddable":true,"href":"http:\/\/www.grieta.org.mx\/index.php\/wp-json\/wp\/v2\/media\/51170"}],"wp:attachment":[{"href":"http:\/\/www.grieta.org.mx\/index.php\/wp-json\/wp\/v2\/media?parent=51169"}],"wp:term":[{"taxonomy":"category","embeddable":true,"href":"http:\/\/www.grieta.org.mx\/index.php\/wp-json\/wp\/v2\/categories?post=51169"},{"taxonomy":"post_tag","embeddable":true,"href":"http:\/\/www.grieta.org.mx\/index.php\/wp-json\/wp\/v2\/tags?post=51169"}],"curies":[{"name":"wp","href":"https:\/\/api.w.org\/{rel}","templated":true}]}}