{"id":510,"date":"2015-09-05T00:02:38","date_gmt":"2015-09-05T00:02:38","guid":{"rendered":"http:\/\/50.22.11.12\/~grietaor\/?p=510"},"modified":"2016-03-01T03:00:54","modified_gmt":"2016-03-01T03:00:54","slug":"ejidatarios-de-tultepec-protestan-contra-ohl","status":"publish","type":"post","link":"http:\/\/www.grieta.org.mx\/index.php\/2015\/09\/05\/ejidatarios-de-tultepec-protestan-contra-ohl\/","title":{"rendered":"Ejidatarios de Tultepec protestan contra OHL"},"content":{"rendered":"<p>Juan Manuel Barrera<\/p>\n<p>TULTEPEC, M\u00e9x.\u2014 Polic\u00edas estatales desalojaron a ejidatarios de este municipio que bloquearon durante dos horas el Circuito Exterior Mexiquense, a la altura de la caseta de cobro de Tultepec.<\/p>\n<p>Los inconformes exigieron a la empresa espa\u00f1ola OHL y al gobierno mexiquense el pago de predios ejidales que ocuparon al parecer indebidamente para construir la vialidad.<\/p>\n<p>La movilizaci\u00f3n de los ejidatarios inici\u00f3 alrededor de las 8:00 horas de ayer y el desalojo se realiz\u00f3 despu\u00e9s de las 10:30 horas, cuando polic\u00edas estatales formaron una valla y con sus escudos desalojaron por la fuerza a los inconformes, por lo que la vialidad fue reabierta a la circulaci\u00f3n, sin que se reportaran lesionados.<\/p>\n<p>Los inconformes pidieron al gobierno estatal y al Congreso mexiquense su intervenci\u00f3n para que la empresa OHL pague las indemnizaciones o les devuelva 90 mil metros cuadrados de predios que ocup\u00f3 indebidamente para la construcci\u00f3n de la mencionada vialidad.<\/p>\n<p>Afirmaron que hasta el momento el asunto se dirime en tribunales, pero jueces y magistrados no han emitido resoluciones definitivas para obligar a OHL que cumpla con sus obligaciones. \u201cSr. gobernador, usted es nuestro amigo, ay\u00fadenos a que OHL nos devuelva las tierras que nos despoj\u00f3\u201d y \u201cSe\u00f1ores diputados, ustedes que son representantes del pueblo, defiendan a los ejidatarios de los abusos de OHL\u201d, dec\u00edan las mantas que llevaban los inconformes, que utilizaron autobuses y tr\u00e1ileres para el bloqueo de la vialidad de cuota.<\/p>\n<p>Los inconformes recordaron que en diversas ocasiones han sido exhibidas grabaciones de funcionarios de OHL y del gobierno estatal que revelan presuntos actos de corrupci\u00f3n, por lo que pidieron claridad en los juicios y procedimientos que iniciaron contra la empresa concesionaria del Circuito Exterior Mexiquense.<\/p>\n<p>Los ejidatarios recordaron que la vialidad fue construida entre 2006 y 2011, con afectaci\u00f3n de 259 ejidatarios, aunque \u201cOHL ocup\u00f3 indebidamente 90 mil metros cuadrados de terrenos, no ha pagado la indemnizaci\u00f3n correspondiente\u201d, afirmaron.<\/p>\n<p><a href=\"http:\/\/www.eluniversal.com.mx\/articulo\/metropoli\/edomex\/2015\/09\/5\/ejidatarios-de-tultepec-protestan-contra-ohl\" target=\"_blank\">www.eluniversal.com.mx\/articulo\/metropoli\/edomex\/2015\/09\/5\/ejidatarios-de-tultepec-protestan-contra-ohl<\/a><\/p>\n","protected":false},"excerpt":{"rendered":"<p>Juan Manuel Barrera TULTEPEC, M\u00e9x.\u2014 Polic\u00edas estatales desalojaron a ejidatarios de este municipio que bloquearon durante dos horas el Circuito Exterior Mexiquense, a la altura de la caseta de cobro &hellip; <a href=\"http:\/\/www.grieta.org.mx\/index.php\/2015\/09\/05\/ejidatarios-de-tultepec-protestan-contra-ohl\/\" class=\"more-link\">Leer m\u00e1s<\/a><\/p>\n","protected":false},"author":2,"featured_media":21928,"comment_status":"closed","ping_status":"open","sticky":false,"template":"","format":"standard","meta":{"ngg_post_thumbnail":0,"_jetpack_newsletter_access":"","_jetpack_dont_email_post_to_subs":false,"_jetpack_newsletter_tier_id":0,"_jetpack_memberships_contains_paywalled_content":false,"_jetpack_memberships_contains_paid_content":false,"footnotes":""},"categories":[80],"tags":[92],"class_list":["post-510","post","type-post","status-publish","format-standard","has-post-thumbnail","hentry","category-cintillo","tag-estado-de-mexico","entry"],"jetpack_featured_media_url":"http:\/\/www.grieta.org.mx\/wp-content\/uploads\/2018\/03\/14524434_1106112876131411_958039263622046936_o.jpg","jetpack_sharing_enabled":true,"jetpack_shortlink":"https:\/\/wp.me\/p7ZJR4-8e","jetpack_likes_enabled":false,"jetpack-related-posts":[{"id":506,"url":"http:\/\/www.grieta.org.mx\/index.php\/2015\/10\/31\/ejidatarios-denuncian-abusos-de-ohl-por-circuito-exterior-mexiquense\/","url_meta":{"origin":510,"position":0},"title":"Ejidatarios denuncian abusos de OHL por Circuito Exterior Mexiquense","author":"grieta","date":"31 octubre, 2015","format":false,"excerpt":"31\/10\/15. Ejidatarios denuncian abusos de OHLLa Silla Rota 05\/09\/15. Ejidatarios de Tultepec protestan contra OHLEl Universal 03\/08\/15. OHL, corrupci\u00f3n de Montiel a Pe\u00f1a (Segunda Parte)Homozapping 02\/08\/15. OHL, corrupci\u00f3n de Montiel a Pe\u00f1a (Primera Parte)Homozapping","rel":"","context":"En &quot;Estado de M\u00e9xico&quot;","block_context":{"text":"Estado de M\u00e9xico","link":"http:\/\/www.grieta.org.mx\/index.php\/category\/noticias-nacionales\/estado-de-mexico\/"},"img":{"alt_text":"","src":"https:\/\/i0.wp.com\/www.grieta.org.mx\/wp-content\/uploads\/2018\/03\/14524434_1106112876131411_958039263622046936_o.jpg?resize=350%2C200","width":350,"height":200,"srcset":"https:\/\/i0.wp.com\/www.grieta.org.mx\/wp-content\/uploads\/2018\/03\/14524434_1106112876131411_958039263622046936_o.jpg?resize=350%2C200 1x, https:\/\/i0.wp.com\/www.grieta.org.mx\/wp-content\/uploads\/2018\/03\/14524434_1106112876131411_958039263622046936_o.jpg?resize=525%2C300 1.5x, https:\/\/i0.wp.com\/www.grieta.org.mx\/wp-content\/uploads\/2018\/03\/14524434_1106112876131411_958039263622046936_o.jpg?resize=700%2C400 2x"},"classes":[]},{"id":507,"url":"http:\/\/www.grieta.org.mx\/index.php\/2015\/10\/31\/ejidatarios-denuncian-abusos-de-ohl\/","url_meta":{"origin":510,"position":1},"title":"Ejidatarios denuncian abusos de OHL","author":"grieta","date":"31 octubre, 2015","format":false,"excerpt":"La empresa espa\u00f1ola OHL se ha visto envuelta en diversos esc\u00e1ndalos de corrupci\u00f3n y se prepara para ensanchar su controvertido Circuito Exterior Mexiquense La obra fue nombrada por el otrora gobernador Enrique Pe\u00f1a Nieto, como la obra carretera m\u00e1s importante del pa\u00eds. En una entrevista realizada por PROCESO, ejidatarios han\u2026","rel":"","context":"En &quot;CINTILLO&quot;","block_context":{"text":"CINTILLO","link":"http:\/\/www.grieta.org.mx\/index.php\/category\/cintillo\/"},"img":{"alt_text":"","src":"https:\/\/i0.wp.com\/www.grieta.org.mx\/wp-content\/uploads\/2018\/03\/14524434_1106112876131411_958039263622046936_o.jpg?resize=350%2C200","width":350,"height":200,"srcset":"https:\/\/i0.wp.com\/www.grieta.org.mx\/wp-content\/uploads\/2018\/03\/14524434_1106112876131411_958039263622046936_o.jpg?resize=350%2C200 1x, https:\/\/i0.wp.com\/www.grieta.org.mx\/wp-content\/uploads\/2018\/03\/14524434_1106112876131411_958039263622046936_o.jpg?resize=525%2C300 1.5x, https:\/\/i0.wp.com\/www.grieta.org.mx\/wp-content\/uploads\/2018\/03\/14524434_1106112876131411_958039263622046936_o.jpg?resize=700%2C400 2x"},"classes":[]},{"id":512,"url":"http:\/\/www.grieta.org.mx\/index.php\/2015\/08\/03\/ohl-corrupcion-de-montiel-a-pena-segunda-parte\/","url_meta":{"origin":510,"position":2},"title":"OHL, corrupci\u00f3n de Montiel a Pe\u00f1a (Segunda Parte)","author":"grieta","date":"3 agosto, 2015","format":false,"excerpt":"Jenaro Villamil Autoesc\u00e1ndalos y corrupci\u00f3n Nada fren\u00f3 el desarrollo y los negocios de OHL en el Estado de M\u00e9xico. Ni las denuncias por despojo contra ejidatarios y propietarios de predios en la construcci\u00f3n del Circuito Exterior Mexiquense y del Viaducto Bicentenario, ni las denuncias por abuso y colusi\u00f3n en el\u2026","rel":"","context":"En &quot;CINTILLO&quot;","block_context":{"text":"CINTILLO","link":"http:\/\/www.grieta.org.mx\/index.php\/category\/cintillo\/"},"img":{"alt_text":"","src":"https:\/\/i0.wp.com\/www.grieta.org.mx\/wp-content\/uploads\/2018\/03\/14524434_1106112876131411_958039263622046936_o.jpg?resize=350%2C200","width":350,"height":200,"srcset":"https:\/\/i0.wp.com\/www.grieta.org.mx\/wp-content\/uploads\/2018\/03\/14524434_1106112876131411_958039263622046936_o.jpg?resize=350%2C200 1x, https:\/\/i0.wp.com\/www.grieta.org.mx\/wp-content\/uploads\/2018\/03\/14524434_1106112876131411_958039263622046936_o.jpg?resize=525%2C300 1.5x, https:\/\/i0.wp.com\/www.grieta.org.mx\/wp-content\/uploads\/2018\/03\/14524434_1106112876131411_958039263622046936_o.jpg?resize=700%2C400 2x"},"classes":[]},{"id":25787,"url":"http:\/\/www.grieta.org.mx\/index.php\/2018\/08\/20\/vecinos-de-ecatepec-protestan-por-el-alza-en-el-circuito-exterior-mexiquense-y-dan-paso-libre-a-automovilistas-estado-de-mexico\/","url_meta":{"origin":510,"position":3},"title":"Vecinos de Ecatepec protestan por el alza en el Circuito Exterior Mexiquense y dan paso libre a automovilistas (Estado de M\u00e9xico)","author":"grieta","date":"20 agosto, 2018","format":false,"excerpt":"Redacci\u00f3n\/Sin Embargo Reportes de redes sociales se\u00f1alan que desde las 09:00 horas, integrantes de \u201cLas Am\u00e9ricas\u201d, arribaron a la caseta del Circuito Exterior Mexiquense que est\u00e1 a la altura del fraccionamiento, ubicado en Ecatepec, Estado de M\u00e9xico, para manifestarse en contra del alza en los costos de esta carretera. El\u2026","rel":"","context":"En &quot;CINTILLO&quot;","block_context":{"text":"CINTILLO","link":"http:\/\/www.grieta.org.mx\/index.php\/category\/cintillo\/"},"img":{"alt_text":"","src":"https:\/\/i0.wp.com\/www.grieta.org.mx\/wp-content\/uploads\/2018\/08\/lasamercias-ecatepec-ohl.jpg?resize=350%2C200","width":350,"height":200,"srcset":"https:\/\/i0.wp.com\/www.grieta.org.mx\/wp-content\/uploads\/2018\/08\/lasamercias-ecatepec-ohl.jpg?resize=350%2C200 1x, https:\/\/i0.wp.com\/www.grieta.org.mx\/wp-content\/uploads\/2018\/08\/lasamercias-ecatepec-ohl.jpg?resize=525%2C300 1.5x, https:\/\/i0.wp.com\/www.grieta.org.mx\/wp-content\/uploads\/2018\/08\/lasamercias-ecatepec-ohl.jpg?resize=700%2C400 2x, https:\/\/i0.wp.com\/www.grieta.org.mx\/wp-content\/uploads\/2018\/08\/lasamercias-ecatepec-ohl.jpg?resize=1050%2C600 3x"},"classes":[]},{"id":61174,"url":"http:\/\/www.grieta.org.mx\/index.php\/2021\/08\/17\/exigen-pobladores-de-tultepec-claridad-en-proyecto-del-tren-suburbano-estado-de-mexico\/","url_meta":{"origin":510,"position":4},"title":"Exigen pobladores de Tultepec claridad en proyecto del tren suburbano (Estado de M\u00e9xico)","author":"grieta","date":"17 agosto, 2021","format":false,"excerpt":"Mercedes MArt\u00ednez \/ ADNoticias Pobladores de Santiago Teyahualco, en el municipio de Tultepec, prohibieron el ingreso de maquinaria para avanzar en la ampliaci\u00f3n del tren Suburbano hasta que sean informados de forma clara y precisa sobre el proyecto y las construcciones que se llevar\u00e1n a cabo. Vecinos de la colonia\u2026","rel":"","context":"En &quot;Aeropuerto Santa Luc\u00eda&quot;","block_context":{"text":"Aeropuerto Santa Luc\u00eda","link":"http:\/\/www.grieta.org.mx\/index.php\/category\/megaproyectos\/aeropuerto-santa-lucia\/"},"img":{"alt_text":"","src":"https:\/\/i0.wp.com\/www.grieta.org.mx\/wp-content\/uploads\/2021\/08\/Exigen-pobladores-de-Tultepec-claridad-en-proyecto-del-tren-suburbano-edomex-ago.jpeg?resize=350%2C200","width":350,"height":200,"srcset":"https:\/\/i0.wp.com\/www.grieta.org.mx\/wp-content\/uploads\/2021\/08\/Exigen-pobladores-de-Tultepec-claridad-en-proyecto-del-tren-suburbano-edomex-ago.jpeg?resize=350%2C200 1x, https:\/\/i0.wp.com\/www.grieta.org.mx\/wp-content\/uploads\/2021\/08\/Exigen-pobladores-de-Tultepec-claridad-en-proyecto-del-tren-suburbano-edomex-ago.jpeg?resize=525%2C300 1.5x, https:\/\/i0.wp.com\/www.grieta.org.mx\/wp-content\/uploads\/2021\/08\/Exigen-pobladores-de-Tultepec-claridad-en-proyecto-del-tren-suburbano-edomex-ago.jpeg?resize=700%2C400 2x"},"classes":[]},{"id":514,"url":"http:\/\/www.grieta.org.mx\/index.php\/2015\/08\/02\/ohl-corrupcion-de-montiel-a-pena-primera-parte\/","url_meta":{"origin":510,"position":5},"title":"OHL, corrupci\u00f3n de Montiel a Pe\u00f1a (Primera Parte)","author":"grieta","date":"2 agosto, 2015","format":false,"excerpt":"Jenaro Villamil Hace 11 a\u00f1os, el entonces gobernador del Estado de M\u00e9xico, Arturo Montiel, tir\u00f3 la casa por la ventana para festejar el bautizo de sus dos hijos gemelos, Sof\u00eda y Adri\u00e1n, con la joven francesa Maude Versini, su segunda esposa. Al convivio en El Santuario de Valle de Bravo,\u2026","rel":"","context":"En &quot;CINTILLO&quot;","block_context":{"text":"CINTILLO","link":"http:\/\/www.grieta.org.mx\/index.php\/category\/cintillo\/"},"img":{"alt_text":"","src":"https:\/\/i0.wp.com\/www.grieta.org.mx\/wp-content\/uploads\/2018\/03\/14524434_1106112876131411_958039263622046936_o.jpg?resize=350%2C200","width":350,"height":200,"srcset":"https:\/\/i0.wp.com\/www.grieta.org.mx\/wp-content\/uploads\/2018\/03\/14524434_1106112876131411_958039263622046936_o.jpg?resize=350%2C200 1x, https:\/\/i0.wp.com\/www.grieta.org.mx\/wp-content\/uploads\/2018\/03\/14524434_1106112876131411_958039263622046936_o.jpg?resize=525%2C300 1.5x, https:\/\/i0.wp.com\/www.grieta.org.mx\/wp-content\/uploads\/2018\/03\/14524434_1106112876131411_958039263622046936_o.jpg?resize=700%2C400 2x"},"classes":[]}],"_links":{"self":[{"href":"http:\/\/www.grieta.org.mx\/index.php\/wp-json\/wp\/v2\/posts\/510","targetHints":{"allow":["GET"]}}],"collection":[{"href":"http:\/\/www.grieta.org.mx\/index.php\/wp-json\/wp\/v2\/posts"}],"about":[{"href":"http:\/\/www.grieta.org.mx\/index.php\/wp-json\/wp\/v2\/types\/post"}],"author":[{"embeddable":true,"href":"http:\/\/www.grieta.org.mx\/index.php\/wp-json\/wp\/v2\/users\/2"}],"replies":[{"embeddable":true,"href":"http:\/\/www.grieta.org.mx\/index.php\/wp-json\/wp\/v2\/comments?post=510"}],"version-history":[{"count":1,"href":"http:\/\/www.grieta.org.mx\/index.php\/wp-json\/wp\/v2\/posts\/510\/revisions"}],"predecessor-version":[{"id":511,"href":"http:\/\/www.grieta.org.mx\/index.php\/wp-json\/wp\/v2\/posts\/510\/revisions\/511"}],"wp:featuredmedia":[{"embeddable":true,"href":"http:\/\/www.grieta.org.mx\/index.php\/wp-json\/wp\/v2\/media\/21928"}],"wp:attachment":[{"href":"http:\/\/www.grieta.org.mx\/index.php\/wp-json\/wp\/v2\/media?parent=510"}],"wp:term":[{"taxonomy":"category","embeddable":true,"href":"http:\/\/www.grieta.org.mx\/index.php\/wp-json\/wp\/v2\/categories?post=510"},{"taxonomy":"post_tag","embeddable":true,"href":"http:\/\/www.grieta.org.mx\/index.php\/wp-json\/wp\/v2\/tags?post=510"}],"curies":[{"name":"wp","href":"https:\/\/api.w.org\/{rel}","templated":true}]}}