{"id":50949,"date":"2020-06-08T01:20:06","date_gmt":"2020-06-08T06:20:06","guid":{"rendered":"http:\/\/www.grieta.org.mx\/?p=50949"},"modified":"2020-06-17T01:26:15","modified_gmt":"2020-06-17T06:26:15","slug":"en-calles-de-cdmx-no-le-temen-a-la-covid-19-ahi-la-muerte-les-llega-hasta-en-las-coladeras","status":"publish","type":"post","link":"http:\/\/www.grieta.org.mx\/index.php\/2020\/06\/08\/en-calles-de-cdmx-no-le-temen-a-la-covid-19-ahi-la-muerte-les-llega-hasta-en-las-coladeras\/","title":{"rendered":"En calles de CdMx no le temen a la COVID-19. Ah\u00ed la muerte les llega hasta en las coladeras"},"content":{"rendered":"<p><img loading=\"lazy\" decoding=\"async\" data-attachment-id=\"50951\" data-permalink=\"http:\/\/www.grieta.org.mx\/index.php\/2020\/06\/08\/en-calles-de-cdmx-no-le-temen-a-la-covid-19-ahi-la-muerte-les-llega-hasta-en-las-coladeras\/en-calles-de-cdmx-no-le-temen-a-la-covid-19-ahi-la-muerte-les-llega-hasta-en-las-coladeras-cdmx-jun\/\" data-orig-file=\"http:\/\/www.grieta.org.mx\/wp-content\/uploads\/2020\/06\/En-calles-de-CdMx-no-le-temen-a-la-COVID-19.-Ah\u00ed-la-muerte-les-llega-hasta-en-las-coladeras-cdmx-jun.jpg\" data-orig-size=\"1100,580\" data-comments-opened=\"0\" data-image-meta=\"{&quot;aperture&quot;:&quot;0&quot;,&quot;credit&quot;:&quot;&quot;,&quot;camera&quot;:&quot;&quot;,&quot;caption&quot;:&quot;&quot;,&quot;created_timestamp&quot;:&quot;0&quot;,&quot;copyright&quot;:&quot;&quot;,&quot;focal_length&quot;:&quot;0&quot;,&quot;iso&quot;:&quot;0&quot;,&quot;shutter_speed&quot;:&quot;0&quot;,&quot;title&quot;:&quot;&quot;,&quot;orientation&quot;:&quot;0&quot;}\" data-image-title=\"En calles de CdMx no le temen a la COVID-19. Ah\u00ed la muerte les llega hasta en las coladeras cdmx jun\" data-image-description=\"\" data-image-caption=\"\" data-medium-file=\"http:\/\/www.grieta.org.mx\/wp-content\/uploads\/2020\/06\/En-calles-de-CdMx-no-le-temen-a-la-COVID-19.-Ah\u00ed-la-muerte-les-llega-hasta-en-las-coladeras-cdmx-jun-300x158.jpg\" data-large-file=\"http:\/\/www.grieta.org.mx\/wp-content\/uploads\/2020\/06\/En-calles-de-CdMx-no-le-temen-a-la-COVID-19.-Ah\u00ed-la-muerte-les-llega-hasta-en-las-coladeras-cdmx-jun-1024x540.jpg\" class=\"aligncenter wp-image-50951\" src=\"http:\/\/www.grieta.org.mx\/wp-content\/uploads\/2020\/06\/En-calles-de-CdMx-no-le-temen-a-la-COVID-19.-Ah\u00ed-la-muerte-les-llega-hasta-en-las-coladeras-cdmx-jun.jpg\" alt=\"\" width=\"642\" height=\"339\" srcset=\"http:\/\/www.grieta.org.mx\/wp-content\/uploads\/2020\/06\/En-calles-de-CdMx-no-le-temen-a-la-COVID-19.-Ah\u00ed-la-muerte-les-llega-hasta-en-las-coladeras-cdmx-jun.jpg 1100w, http:\/\/www.grieta.org.mx\/wp-content\/uploads\/2020\/06\/En-calles-de-CdMx-no-le-temen-a-la-COVID-19.-Ah\u00ed-la-muerte-les-llega-hasta-en-las-coladeras-cdmx-jun-300x158.jpg 300w, http:\/\/www.grieta.org.mx\/wp-content\/uploads\/2020\/06\/En-calles-de-CdMx-no-le-temen-a-la-COVID-19.-Ah\u00ed-la-muerte-les-llega-hasta-en-las-coladeras-cdmx-jun-768x405.jpg 768w, http:\/\/www.grieta.org.mx\/wp-content\/uploads\/2020\/06\/En-calles-de-CdMx-no-le-temen-a-la-COVID-19.-Ah\u00ed-la-muerte-les-llega-hasta-en-las-coladeras-cdmx-jun-1024x540.jpg 1024w, http:\/\/www.grieta.org.mx\/wp-content\/uploads\/2020\/06\/En-calles-de-CdMx-no-le-temen-a-la-COVID-19.-Ah\u00ed-la-muerte-les-llega-hasta-en-las-coladeras-cdmx-jun-948x500.jpg 948w\" sizes=\"auto, (max-width: 642px) 100vw, 642px\" \/><br \/>\nLa coladera en la que muri\u00f3 el hombre. Foto: Carlos Vargas, SinEmbargo.<\/p>\n<p>Carlos Vargas Sep\u00falveda \/ SinEmbargo<\/p>\n<blockquote><p>Con o sin pandemia, en las calles de la Ciudad de M\u00e9xico los vulnerables mueren. Le pas\u00f3 al hombre sin nombre de la colonia Guerrero durante los d\u00edas del Sem\u00e1foro Rojo, y le pas\u00f3 a otros antes de que el SARS-CoV-2 recorriera el planeta. Se muere en una jardinera de Garibaldi o en una coladera de Reforma.<\/p><\/blockquote>\n<p>Ciudad de M\u00e9xico, 8 de junio (SinEmbargo).\u2013 En las calles de la Ciudad de M\u00e9xico no se vive, se sobrevive. La muerte le llega a los vulnerables junto a un \u00e1rbol o adentro de una coladera. As\u00ed le pas\u00f3 a un hombre sin nombre. Una noche de Sem\u00e1foro Rojo entr\u00f3 a su guarida y la siguiente vez que se supo de \u00e9l fue porque autoridades capitalinas se presentaron con trajes especiales para sacar su cad\u00e1ver.<\/p>\n<p>En la barda de una de las salidas del Metro Garibaldi se recarga \u201cYoyo\u201d. Su puesto de pel\u00edculas, est\u00e9reos usados, ropa y peluches sucios es lo \u00fanico que tiene. Ah\u00ed, en la lateral de Reforma, a unos pasos del Eje 1 Norte, interactu\u00f3 con \u201cEl Ratita\u201d, como dice que le dec\u00edan al hombre que fue localizado sin vida en la coladera. \u201cAh, yo lo conoc\u00ed\u201d, asegura, luego se para del sill\u00f3n improvisado en el que se oculta del sol y busca entre sus cosas. Saca un ejemplar de un peri\u00f3dico de nota roja. \u201cEra este chavo\u201d, dice mientras se\u00f1ala un p\u00e1rrafo en una de las p\u00e1ginas interiores del diario. \u201cEsto pas\u00f3 aqu\u00ed atr\u00e1s\u201d, agrega. Desde su improvisado negocio, que adem\u00e1s es su hogar, se alcanza a ver la cinta amarilla que colocaron autoridades capitalinas.<\/p>\n<p>La ma\u00f1ana del viernes 5 de junio, el quinto d\u00eda de la \u201cnueva normalidad\u201d, vecinos de la colonia Guerrero alertaron sobre olores f\u00e9tidos que sal\u00edan desde la alcantarilla. Hasta ah\u00ed llegaron agentes portando cubrebocas. Bomberos, param\u00e9dicos y polic\u00edas ayudaron al rescate del cuerpo. Lo envolvieron en una bolsa blanca y lo condujeron hasta el Servicio M\u00e9dico Forense (Semefo). El hecho apenas fue consignado por algunos medios. En ninguno apareci\u00f3 el nombre de pila del fallecido. S\u00f3lo el apodo. Ni \u201cYoyo\u201d sabe c\u00f3mo se llamaba. S\u00f3lo dice que era chido.<\/p>\n<p>\u201cS\u00ed era agresivo, pues te tienes que defender, pero hasta ah\u00ed. \u00c9l vino aqu\u00ed, no te voy a decir qui\u00e9n vende eh, compr\u00f3 como 4 l\u00edquidos de 10 varos (uso coloquial que significa pesos), fueron 40 varos, ten\u00eda que venir luego por la cruda, wey, a huevo ten\u00eda que venir por la cruda, pero ya no vino\u201d, cuenta \u201cYoyo\u201d. No tiene muy claro cu\u00e1ndo fue ese episodio. Y es que ah\u00ed, en la calle, los d\u00edas parece que no tienen ni principio ni final. Nom\u00e1s se va sobreviviendo. Lo que s\u00ed tiene claro es que es la \u00faltima vez que vio con vida al hombre.<\/p>\n<p>Ahora s\u00f3lo quedan los curiosos que se paran unos segundos a ver la ropa que hay tirada en el fondo de la esquina. La cinta amarilla que prohibe el paso se ondea sobre la coladera de la que escapan moscas. Una veladora blanca apagada es el \u00fanico signo que hay de que alguien se acord\u00f3 del hombre sin nombre.<\/p>\n<p>\u201cYo ya voy a buscar un cuartito. Yo ya recapacit\u00e9 por \u00e9l. Digo: si hoy fue \u00e9l, ma\u00f1ana voy a ser yo. Ahorita estoy contento porque anoche cinco weyes se quedaron conmigo aqu\u00ed, dos ah\u00ed (se\u00f1ala su lado derecho), tres ah\u00ed (se\u00f1ala el lado izquierdo). Ya nos quedamos cinco cabrones, ya somos un chingo, cuenta \u201cYoyo\u201d. El hombre celebra la compa\u00f1\u00eda porque a veces, como en el caso de \u201cEl Ratita\u201d, la muerte llega acompa\u00f1ada de la soledad. Hoy y ayer.<\/p>\n<p>\u00bfDe qu\u00e9 muri\u00f3 el hombre? En la cuadra no saben. En las p\u00e1ginas oficiales de la Fiscal\u00eda General de Justicia de la Ciudad de M\u00e9xico (FGJ-CdMx) y la Secretar\u00eda de Seguridad Ciudadana (SSC) no se dio ninguna informaci\u00f3n al respecto. En los peri\u00f3dicos apenas se consign\u00f3 el hecho. \u00bfQui\u00e9n sabe de qu\u00e9 muri\u00f3? \u00bfQui\u00e9n sabe c\u00f3mo se llamaba? Y eso pasa aqu\u00ed y all\u00e1.<\/p>\n<p><img loading=\"lazy\" decoding=\"async\" data-attachment-id=\"50953\" data-permalink=\"http:\/\/www.grieta.org.mx\/index.php\/2020\/06\/08\/en-calles-de-cdmx-no-le-temen-a-la-covid-19-ahi-la-muerte-les-llega-hasta-en-las-coladeras\/en-calles-de-cdmx-no-le-temen-a-la-covid-19-ahi-la-muerte-les-llega-hasta-en-las-coladeras-cdmx-jun-2\/\" data-orig-file=\"http:\/\/www.grieta.org.mx\/wp-content\/uploads\/2020\/06\/En-calles-de-CdMx-no-le-temen-a-la-COVID-19.-Ah\u00ed-la-muerte-les-llega-hasta-en-las-coladeras-cdmx-jun-2.jpg\" data-orig-size=\"700,525\" data-comments-opened=\"0\" data-image-meta=\"{&quot;aperture&quot;:&quot;0&quot;,&quot;credit&quot;:&quot;&quot;,&quot;camera&quot;:&quot;&quot;,&quot;caption&quot;:&quot;&quot;,&quot;created_timestamp&quot;:&quot;0&quot;,&quot;copyright&quot;:&quot;&quot;,&quot;focal_length&quot;:&quot;0&quot;,&quot;iso&quot;:&quot;0&quot;,&quot;shutter_speed&quot;:&quot;0&quot;,&quot;title&quot;:&quot;&quot;,&quot;orientation&quot;:&quot;0&quot;}\" data-image-title=\"En calles de CdMx no le temen a la COVID-19. Ah\u00ed la muerte les llega hasta en las coladeras cdmx jun 2\" data-image-description=\"\" data-image-caption=\"\" data-medium-file=\"http:\/\/www.grieta.org.mx\/wp-content\/uploads\/2020\/06\/En-calles-de-CdMx-no-le-temen-a-la-COVID-19.-Ah\u00ed-la-muerte-les-llega-hasta-en-las-coladeras-cdmx-jun-2-300x225.jpg\" data-large-file=\"http:\/\/www.grieta.org.mx\/wp-content\/uploads\/2020\/06\/En-calles-de-CdMx-no-le-temen-a-la-COVID-19.-Ah\u00ed-la-muerte-les-llega-hasta-en-las-coladeras-cdmx-jun-2.jpg\" class=\"aligncenter wp-image-50953\" src=\"http:\/\/www.grieta.org.mx\/wp-content\/uploads\/2020\/06\/En-calles-de-CdMx-no-le-temen-a-la-COVID-19.-Ah\u00ed-la-muerte-les-llega-hasta-en-las-coladeras-cdmx-jun-2.jpg\" alt=\"\" width=\"623\" height=\"467\" srcset=\"http:\/\/www.grieta.org.mx\/wp-content\/uploads\/2020\/06\/En-calles-de-CdMx-no-le-temen-a-la-COVID-19.-Ah\u00ed-la-muerte-les-llega-hasta-en-las-coladeras-cdmx-jun-2.jpg 700w, http:\/\/www.grieta.org.mx\/wp-content\/uploads\/2020\/06\/En-calles-de-CdMx-no-le-temen-a-la-COVID-19.-Ah\u00ed-la-muerte-les-llega-hasta-en-las-coladeras-cdmx-jun-2-300x225.jpg 300w, http:\/\/www.grieta.org.mx\/wp-content\/uploads\/2020\/06\/En-calles-de-CdMx-no-le-temen-a-la-COVID-19.-Ah\u00ed-la-muerte-les-llega-hasta-en-las-coladeras-cdmx-jun-2-667x500.jpg 667w\" sizes=\"auto, (max-width: 623px) 100vw, 623px\" \/><br \/>\nLa coladera en la que perdi\u00f3 la vida el hombre. Foto: Carlos Vargas, SinEmbargo.<\/p>\n<p>LO MISMO LE PAS\u00d3 AL \u201cCABALLO\u201d<\/p>\n<p>Garibaldi es otro de los lugares a los que el confinamiento no lleg\u00f3. Los bares cerraron, s\u00ed; los mariachis callaron, tambi\u00e9n. Pero los rincones de la plaza a\u00fan son ocupados por personas en situaci\u00f3n vulnerable que no pudieron ir a casa porque no tienen una casa. Iv\u00e1n, un joven que un d\u00eda quiso ser boxeador, ilustra ah\u00ed por qu\u00e9 en las calles no se le teme a la COVID-19. Dice que no hay tiempo para temerle, porque la muerte se aparece de m\u00faltiples formas: como hipotermia, como un piquete de navaja que no alcanzaron a atender, como un balazo en la cabeza, como una sobredosis de algo. La muerte llega y ya.<\/p>\n<p>Iv\u00e1n tiene los nudillos inflamados. Algunos de sus dedos ya se ven chuecos. Y los presume, cada marca en las manos es como un trofeo. Dice que le ha tenido que romper la madre a varios para seguir respirando. \u00c9l es quien asegura que, en la calle, la casa que \u00e9l decidi\u00f3 tener, no se vive, sino que se sobrevive. Y los tiros, esos que se ha rifado, pues son nada m\u00e1s licencias para continuar un d\u00eda m\u00e1s, una noche m\u00e1s.<\/p>\n<p>\u00c9l, como \u201cYoyo\u201d, vio morir a un amigo en las calles. Dice que le dec\u00edan \u201cEl Caballo\u201d. Asegura que fue una noche antes de que el SARS-CoV-2 circulara por el mundo. \u201cEst\u00e1bamos aqu\u00ed. \u2018El Soldado\u2019 estaba tirado en la jardinera (junto a un \u00e1rbol). Le dimos vuelta a la pipa. Fuimos a tocar al \u2018Soldado\u2019. Estaba tieso\u201d, cuenta. El hombre habr\u00eda muerto por hipotermia, seg\u00fan Iv\u00e1n.<\/p>\n<p>Son esas postales del horror las que hicieron que en las calles se bloqueara el miedo a la COVID-19. Y es que, \u00bfpor qu\u00e9 temer hoy si se tuvo miedo ayer y se tendr\u00e1 miedo ma\u00f1ana? O al menos esa es la filosof\u00eda que se desborda en los sem\u00e1foros, plazas, esquinas, coladeras\u2026<\/p>\n<p>\u201cSi existe o no existe (el coronavirus), no me importa, cuando me toca, me toca, as\u00ed pueda morir de enfermedad, pueda morir de viejo o pueda morir de una pu\u00f1alada o un balazo\u201d, dice Iv\u00e1n. \u201cEn la calle no cualquiera sobrevive. Desde que yo llegu\u00e9 (a vivir a la calle) son 3 a\u00f1os, y preg\u00fantame cu\u00e1ntos de los que estaban cuando yo llegu\u00e9 siguen vivos, o d\u00f3nde est\u00e1n\u201d, agrega.<br \/>\nA nivel nacional se estiman al menos 14 millones 940 mil de personas en condici\u00f3n de calle, es decir, el 13.3 por ciento de la poblaci\u00f3n, de acuerdo con datos de la Comisi\u00f3n Econ\u00f3mica para Am\u00e9rica Latina y el Caribe (Cepal). Todos los d\u00edas se exponen a las m\u00faltiples formas de muerte. \u201cEl Ratita\u201d y \u201cEl Caballo\u201d murieron cerquita, en distintos momentos. Uno junto a un \u00e1rbol, el otro dentro de una coladera en la Ciudad de M\u00e9xico. Uno en la vieja realidad, uno durante el sem\u00e1foro rojo. Los dos con sus apodos.<\/p>\n<p><a href=\"https:\/\/www.sinembargo.mx\/08-06-2020\/3800859\" target=\"_blank\" rel=\"noopener noreferrer\">https:\/\/www.sinembargo.mx\/08-06-2020\/3800859<\/a><\/p>\n","protected":false},"excerpt":{"rendered":"<p>La coladera en la que muri\u00f3 el hombre. Foto: Carlos Vargas, SinEmbargo. Carlos Vargas Sep\u00falveda \/ SinEmbargo Con o sin pandemia, en las calles de la Ciudad de M\u00e9xico los &hellip; <a href=\"http:\/\/www.grieta.org.mx\/index.php\/2020\/06\/08\/en-calles-de-cdmx-no-le-temen-a-la-covid-19-ahi-la-muerte-les-llega-hasta-en-las-coladeras\/\" class=\"more-link\">Leer m\u00e1s<\/a><\/p>\n","protected":false},"author":2,"featured_media":50951,"comment_status":"closed","ping_status":"closed","sticky":false,"template":"","format":"standard","meta":{"ngg_post_thumbnail":0,"_jetpack_newsletter_access":"","_jetpack_dont_email_post_to_subs":false,"_jetpack_newsletter_tier_id":0,"_jetpack_memberships_contains_paywalled_content":false,"_jetpack_memberships_contains_paid_content":false,"footnotes":""},"categories":[80,14,3295,2,2797],"tags":[3241],"class_list":["post-50949","post","type-post","status-publish","format-standard","has-post-thumbnail","hentry","category-cintillo","category-ciudad-de-mexico","category-covid-19-en-ciudad-de-mexico","category-noticias-nacionales","category-pobreza-en-la-ciudad-de-mexico","tag-covid-19","entry"],"jetpack_featured_media_url":"http:\/\/www.grieta.org.mx\/wp-content\/uploads\/2020\/06\/En-calles-de-CdMx-no-le-temen-a-la-COVID-19.-Ah\u00ed-la-muerte-les-llega-hasta-en-las-coladeras-cdmx-jun.jpg","jetpack_sharing_enabled":true,"jetpack_shortlink":"https:\/\/wp.me\/p7ZJR4-dfL","jetpack_likes_enabled":false,"jetpack-related-posts":[{"id":50967,"url":"http:\/\/www.grieta.org.mx\/index.php\/2020\/06\/09\/locales-y-puestos-reabren-en-la-cdmx-con-semaforo-rojo-y-miles-de-muertos-hay-que-comer-dicen\/","url_meta":{"origin":50949,"position":0},"title":"Locales y puestos reabren en la CdMx con sem\u00e1foro rojo y miles de muertos. Hay que comer, dicen","author":"grieta","date":"9 junio, 2020","format":false,"excerpt":"Los comercientes en el centro hist\u00f3rico de la Ciudad de M\u00e9xico no pueden parar pese a la COVID-19. Foto: Jos\u00e9 M\u00e9ndez, EFE. EFE \/ Sin Embargo Comerciantes del centro de la Ciudad de M\u00e9xico retomaron ya sus actividades por la necesidad de recursos econ\u00f3micos. \u201cLa gente no aguanta m\u00e1s esto\u2026","rel":"","context":"En &quot;CINTILLO&quot;","block_context":{"text":"CINTILLO","link":"http:\/\/www.grieta.org.mx\/index.php\/category\/cintillo\/"},"img":{"alt_text":"","src":"https:\/\/i0.wp.com\/www.grieta.org.mx\/wp-content\/uploads\/2020\/06\/Locales-y-puestos-reabren-en-la-CdMx-con-sem%C3%A1foro-rojo-y-miles-de-muertos.-Hay-que-comer-dicen-cdmx-jun.jpg?resize=350%2C200","width":350,"height":200,"srcset":"https:\/\/i0.wp.com\/www.grieta.org.mx\/wp-content\/uploads\/2020\/06\/Locales-y-puestos-reabren-en-la-CdMx-con-sem%C3%A1foro-rojo-y-miles-de-muertos.-Hay-que-comer-dicen-cdmx-jun.jpg?resize=350%2C200 1x, https:\/\/i0.wp.com\/www.grieta.org.mx\/wp-content\/uploads\/2020\/06\/Locales-y-puestos-reabren-en-la-CdMx-con-sem%C3%A1foro-rojo-y-miles-de-muertos.-Hay-que-comer-dicen-cdmx-jun.jpg?resize=525%2C300 1.5x, https:\/\/i0.wp.com\/www.grieta.org.mx\/wp-content\/uploads\/2020\/06\/Locales-y-puestos-reabren-en-la-CdMx-con-sem%C3%A1foro-rojo-y-miles-de-muertos.-Hay-que-comer-dicen-cdmx-jun.jpg?resize=700%2C400 2x, https:\/\/i0.wp.com\/www.grieta.org.mx\/wp-content\/uploads\/2020\/06\/Locales-y-puestos-reabren-en-la-CdMx-con-sem%C3%A1foro-rojo-y-miles-de-muertos.-Hay-que-comer-dicen-cdmx-jun.jpg?resize=1050%2C600 3x"},"classes":[]},{"id":50405,"url":"http:\/\/www.grieta.org.mx\/index.php\/2020\/05\/29\/en-san-lazaro-cinco-empleados-muertos-y-26-enfermos-por-covid-19-ciudad-de-mexico\/","url_meta":{"origin":50949,"position":1},"title":"En San L\u00e1zaro, cinco empleados muertos y 26 enfermos por covid-19 (Ciudad de M\u00e9xico)","author":"grieta","date":"29 mayo, 2020","format":false,"excerpt":"Dos personas caminan con cubrebocas frente a la C\u00e1mara de Diputados. Foto: Miguel Dimayuga Proceso CIUDAD DE M\u00c9XICO (apro).- La C\u00e1mara de Diputados inform\u00f3 que cinco empleados han fallecido y otros 26 se han enfermado por covid-19. En un comunicado, la secretaria general de San L\u00e1zaro, Graciela B\u00e1ez Ric\u00e1rdez, detall\u00f3\u2026","rel":"","context":"En &quot;CINTILLO&quot;","block_context":{"text":"CINTILLO","link":"http:\/\/www.grieta.org.mx\/index.php\/category\/cintillo\/"},"img":{"alt_text":"","src":"https:\/\/i0.wp.com\/www.grieta.org.mx\/wp-content\/uploads\/2020\/06\/En-San-L%C3%A1zaro-cinco-empleados-muertos-y-26-enfermos-por-covid-19-cdmx-jun.jpg?resize=350%2C200","width":350,"height":200,"srcset":"https:\/\/i0.wp.com\/www.grieta.org.mx\/wp-content\/uploads\/2020\/06\/En-San-L%C3%A1zaro-cinco-empleados-muertos-y-26-enfermos-por-covid-19-cdmx-jun.jpg?resize=350%2C200 1x, https:\/\/i0.wp.com\/www.grieta.org.mx\/wp-content\/uploads\/2020\/06\/En-San-L%C3%A1zaro-cinco-empleados-muertos-y-26-enfermos-por-covid-19-cdmx-jun.jpg?resize=525%2C300 1.5x, https:\/\/i0.wp.com\/www.grieta.org.mx\/wp-content\/uploads\/2020\/06\/En-San-L%C3%A1zaro-cinco-empleados-muertos-y-26-enfermos-por-covid-19-cdmx-jun.jpg?resize=700%2C400 2x"},"classes":[]},{"id":50038,"url":"http:\/\/www.grieta.org.mx\/index.php\/2020\/05\/28\/mueren-trabajadores-de-limpia-de-la-ciudad-de-mexico-por-covid-19-sin-apoyo-ni-reconocimiento\/","url_meta":{"origin":50949,"position":2},"title":"Mueren trabajadores de limpia de la Ciudad de M\u00e9xico por COVID-19 sin apoyo, ni reconocimiento","author":"grieta","date":"28 mayo, 2020","format":false,"excerpt":"Imagen tomada de: http:\/\/cdmx.com\/ CDMX.COM Los trabajadores de limpia de la capital arriesgan su salud y la de sus familias al salir a las calles a recopilar la basura que generamos todos en camiones recolectores y por barrido. CDMX.COM entrevist\u00f3 a varios trabajadores de limpia y pudimos constatar que la\u2026","rel":"","context":"En &quot;CINTILLO&quot;","block_context":{"text":"CINTILLO","link":"http:\/\/www.grieta.org.mx\/index.php\/category\/cintillo\/"},"img":{"alt_text":"","src":"https:\/\/i0.wp.com\/www.grieta.org.mx\/wp-content\/uploads\/2020\/05\/Mueren-trabajadores-de-limpia-de-la-ciudad-de-M%C3%A9xico-por-COVID-19-sin-apoyo-ni-reconocimiento-cdmx-may.jpeg?resize=350%2C200","width":350,"height":200,"srcset":"https:\/\/i0.wp.com\/www.grieta.org.mx\/wp-content\/uploads\/2020\/05\/Mueren-trabajadores-de-limpia-de-la-ciudad-de-M%C3%A9xico-por-COVID-19-sin-apoyo-ni-reconocimiento-cdmx-may.jpeg?resize=350%2C200 1x, https:\/\/i0.wp.com\/www.grieta.org.mx\/wp-content\/uploads\/2020\/05\/Mueren-trabajadores-de-limpia-de-la-ciudad-de-M%C3%A9xico-por-COVID-19-sin-apoyo-ni-reconocimiento-cdmx-may.jpeg?resize=525%2C300 1.5x"},"classes":[]},{"id":25305,"url":"http:\/\/www.grieta.org.mx\/index.php\/2018\/07\/23\/nancy-estudiante-de-la-uacm-desaparecio-el-viernes-en-el-edomex-hoy-la-hallaron-muerta\/","url_meta":{"origin":50949,"position":3},"title":"Nancy, estudiante de la UACM, desapareci\u00f3 el viernes en el Edomex. Hoy la hallaron muerta","author":"grieta","date":"23 julio, 2018","format":false,"excerpt":"SinEmbargo Viernes 20 de julio, Estado de M\u00e9xico. Nancy Lara, estudiante de la Universidad Aut\u00f3noma de la Ciudad de M\u00e9xico (UACM), es vista por \u00faltima vez en una base de taxis. Menos de tres d\u00edas despu\u00e9s, la madrugada de este lunes, la joven de 25 a\u00f1os fue hallada muerta. A\u00fan\u2026","rel":"","context":"En &quot;CINTILLO&quot;","block_context":{"text":"CINTILLO","link":"http:\/\/www.grieta.org.mx\/index.php\/category\/cintillo\/"},"img":{"alt_text":"","src":"https:\/\/i0.wp.com\/www.grieta.org.mx\/wp-content\/uploads\/2018\/08\/37671767_10156462141753744_8297234593707196416_n.jpg?resize=350%2C200","width":350,"height":200,"srcset":"https:\/\/i0.wp.com\/www.grieta.org.mx\/wp-content\/uploads\/2018\/08\/37671767_10156462141753744_8297234593707196416_n.jpg?resize=350%2C200 1x, https:\/\/i0.wp.com\/www.grieta.org.mx\/wp-content\/uploads\/2018\/08\/37671767_10156462141753744_8297234593707196416_n.jpg?resize=525%2C300 1.5x, https:\/\/i0.wp.com\/www.grieta.org.mx\/wp-content\/uploads\/2018\/08\/37671767_10156462141753744_8297234593707196416_n.jpg?resize=700%2C400 2x, https:\/\/i0.wp.com\/www.grieta.org.mx\/wp-content\/uploads\/2018\/08\/37671767_10156462141753744_8297234593707196416_n.jpg?resize=1050%2C600 3x"},"classes":[]},{"id":57597,"url":"http:\/\/www.grieta.org.mx\/index.php\/2021\/03\/08\/trabajadoras-sexuales-se-unen-a-contingentes-de-la-marcha-8m-en-el-centro-por-derechos-laborales-ciudad-de-mexico\/","url_meta":{"origin":50949,"position":4},"title":"Trabajadoras sexuales se unen a contingentes de la marcha 8M en el centro por derechos laborales (Ciudad de M\u00e9xico)","author":"grieta","date":"8 marzo, 2021","format":false,"excerpt":"El contingente de AMETS a su paso frente a la Alameda (Karen Flores) \u00daltimo Minuto Con mensajes como \"Ni v\u00edctimas ni criminales, somos trabajadoras sexuales\", \u00a0marcharon por Reforma exigiendo que las autoridades las reconozcan Integrantes de la Alianza Mexicana de Trabajadoras Sexuales (AMETS) se unieron a las marchas con motivo\u2026","rel":"","context":"En &quot;CINTILLO&quot;","block_context":{"text":"CINTILLO","link":"http:\/\/www.grieta.org.mx\/index.php\/category\/cintillo\/"},"img":{"alt_text":"El contingente de AMETS a su paso frente a la Alameda","src":"https:\/\/i0.wp.com\/assets.ultimominuto.news\/__export\/1615245124029\/sites\/debate\/img\/2021\/03\/08\/trabajadoras_sexuales_8m.jpeg_172596871.jpeg?resize=350%2C200&ssl=1","width":350,"height":200,"srcset":"https:\/\/i0.wp.com\/assets.ultimominuto.news\/__export\/1615245124029\/sites\/debate\/img\/2021\/03\/08\/trabajadoras_sexuales_8m.jpeg_172596871.jpeg?resize=350%2C200&ssl=1 1x, https:\/\/i0.wp.com\/assets.ultimominuto.news\/__export\/1615245124029\/sites\/debate\/img\/2021\/03\/08\/trabajadoras_sexuales_8m.jpeg_172596871.jpeg?resize=525%2C300&ssl=1 1.5x"},"classes":[]},{"id":46484,"url":"http:\/\/www.grieta.org.mx\/index.php\/2020\/03\/23\/grave-situacion-que-vive-la-comunidad-otomi-en-la-ciudad-de-mexico-ante-covid-19\/","url_meta":{"origin":50949,"position":5},"title":"Grave, situaci\u00f3n que vive la comunidad otom\u00ed en la Ciudad de M\u00e9xico ante Covid-19","author":"grieta","date":"23 marzo, 2020","format":false,"excerpt":"Foto tomada de: www.somoselmedio.com Mercedes Matz\/@abraxas_m \/ Somos el medio Filiberto Margarito Juan, concejal de la comunidad otom\u00ed residente de la Ciudad de M\u00e9xico, calific\u00f3 como grave la situaci\u00f3n que enfrentan alrededor de 110 familias pertenecientes a la comunidad a consecuencia de la falta de acceso al agua, y al\u2026","rel":"","context":"En &quot;CINTILLO&quot;","block_context":{"text":"CINTILLO","link":"http:\/\/www.grieta.org.mx\/index.php\/category\/cintillo\/"},"img":{"alt_text":"","src":"https:\/\/i0.wp.com\/www.grieta.org.mx\/wp-content\/uploads\/2020\/03\/Grave-situaci%C3%B3n-que-vive-la-comunidad-otom%C3%AD-en-la-Ciudad-de-M%C3%A9xico-ante-Covid-19-cdmx-mzo.jpeg?resize=350%2C200","width":350,"height":200,"srcset":"https:\/\/i0.wp.com\/www.grieta.org.mx\/wp-content\/uploads\/2020\/03\/Grave-situaci%C3%B3n-que-vive-la-comunidad-otom%C3%AD-en-la-Ciudad-de-M%C3%A9xico-ante-Covid-19-cdmx-mzo.jpeg?resize=350%2C200 1x, https:\/\/i0.wp.com\/www.grieta.org.mx\/wp-content\/uploads\/2020\/03\/Grave-situaci%C3%B3n-que-vive-la-comunidad-otom%C3%AD-en-la-Ciudad-de-M%C3%A9xico-ante-Covid-19-cdmx-mzo.jpeg?resize=525%2C300 1.5x"},"classes":[]}],"_links":{"self":[{"href":"http:\/\/www.grieta.org.mx\/index.php\/wp-json\/wp\/v2\/posts\/50949","targetHints":{"allow":["GET"]}}],"collection":[{"href":"http:\/\/www.grieta.org.mx\/index.php\/wp-json\/wp\/v2\/posts"}],"about":[{"href":"http:\/\/www.grieta.org.mx\/index.php\/wp-json\/wp\/v2\/types\/post"}],"author":[{"embeddable":true,"href":"http:\/\/www.grieta.org.mx\/index.php\/wp-json\/wp\/v2\/users\/2"}],"replies":[{"embeddable":true,"href":"http:\/\/www.grieta.org.mx\/index.php\/wp-json\/wp\/v2\/comments?post=50949"}],"version-history":[{"count":1,"href":"http:\/\/www.grieta.org.mx\/index.php\/wp-json\/wp\/v2\/posts\/50949\/revisions"}],"predecessor-version":[{"id":50954,"href":"http:\/\/www.grieta.org.mx\/index.php\/wp-json\/wp\/v2\/posts\/50949\/revisions\/50954"}],"wp:featuredmedia":[{"embeddable":true,"href":"http:\/\/www.grieta.org.mx\/index.php\/wp-json\/wp\/v2\/media\/50951"}],"wp:attachment":[{"href":"http:\/\/www.grieta.org.mx\/index.php\/wp-json\/wp\/v2\/media?parent=50949"}],"wp:term":[{"taxonomy":"category","embeddable":true,"href":"http:\/\/www.grieta.org.mx\/index.php\/wp-json\/wp\/v2\/categories?post=50949"},{"taxonomy":"post_tag","embeddable":true,"href":"http:\/\/www.grieta.org.mx\/index.php\/wp-json\/wp\/v2\/tags?post=50949"}],"curies":[{"name":"wp","href":"https:\/\/api.w.org\/{rel}","templated":true}]}}