{"id":50884,"date":"2020-06-13T11:58:31","date_gmt":"2020-06-13T16:58:31","guid":{"rendered":"http:\/\/www.grieta.org.mx\/?p=50884"},"modified":"2020-06-16T12:37:17","modified_gmt":"2020-06-16T17:37:17","slug":"austeridad-republicana-frena-el-derecho-a-encontrar-a-los-desaparecidos-colectivos","status":"publish","type":"post","link":"http:\/\/www.grieta.org.mx\/index.php\/2020\/06\/13\/austeridad-republicana-frena-el-derecho-a-encontrar-a-los-desaparecidos-colectivos\/","title":{"rendered":"\u201cAusteridad republicana\u201d frena el derecho a encontrar a los desaparecidos: colectivos"},"content":{"rendered":"<p>Juan Alberto Cedillo\/ PROCESO<\/p>\n<figure id=\"attachment_50885\" aria-describedby=\"caption-attachment-50885\" style=\"width: 800px\" class=\"wp-caption aligncenter\"><img loading=\"lazy\" decoding=\"async\" data-attachment-id=\"50885\" data-permalink=\"http:\/\/www.grieta.org.mx\/index.php\/2020\/06\/13\/austeridad-republicana-frena-el-derecho-a-encontrar-a-los-desaparecidos-colectivos\/waimage-2020-02-17-at-23-3-870x522\/\" data-orig-file=\"http:\/\/www.grieta.org.mx\/wp-content\/uploads\/2020\/06\/WAImage-2020-02-17-at-23-3-870x522.jpg\" data-orig-size=\"870,522\" data-comments-opened=\"0\" data-image-meta=\"{&quot;aperture&quot;:&quot;0&quot;,&quot;credit&quot;:&quot;&quot;,&quot;camera&quot;:&quot;&quot;,&quot;caption&quot;:&quot;&quot;,&quot;created_timestamp&quot;:&quot;0&quot;,&quot;copyright&quot;:&quot;&quot;,&quot;focal_length&quot;:&quot;0&quot;,&quot;iso&quot;:&quot;0&quot;,&quot;shutter_speed&quot;:&quot;0&quot;,&quot;title&quot;:&quot;&quot;,&quot;orientation&quot;:&quot;0&quot;}\" data-image-title=\"WAImage-2020-02-17-at-23-3-870&amp;#215;522\" data-image-description=\"\" data-image-caption=\"&lt;p&gt;Quinta Brigada Nacional de B\u00fasqueda de Desaparecidos en Veracruz. Foto: Germ\u00e1n Canseco&lt;\/p&gt;\n\" data-medium-file=\"http:\/\/www.grieta.org.mx\/wp-content\/uploads\/2020\/06\/WAImage-2020-02-17-at-23-3-870x522-300x180.jpg\" data-large-file=\"http:\/\/www.grieta.org.mx\/wp-content\/uploads\/2020\/06\/WAImage-2020-02-17-at-23-3-870x522.jpg\" class=\"wp-image-50885\" src=\"http:\/\/www.grieta.org.mx\/wp-content\/uploads\/2020\/06\/WAImage-2020-02-17-at-23-3-870x522.jpg\" alt=\"\" width=\"800\" height=\"480\" srcset=\"http:\/\/www.grieta.org.mx\/wp-content\/uploads\/2020\/06\/WAImage-2020-02-17-at-23-3-870x522.jpg 870w, http:\/\/www.grieta.org.mx\/wp-content\/uploads\/2020\/06\/WAImage-2020-02-17-at-23-3-870x522-300x180.jpg 300w, http:\/\/www.grieta.org.mx\/wp-content\/uploads\/2020\/06\/WAImage-2020-02-17-at-23-3-870x522-768x461.jpg 768w, http:\/\/www.grieta.org.mx\/wp-content\/uploads\/2020\/06\/WAImage-2020-02-17-at-23-3-870x522-833x500.jpg 833w\" sizes=\"auto, (max-width: 800px) 100vw, 800px\" \/><figcaption id=\"caption-attachment-50885\" class=\"wp-caption-text\">Quinta Brigada Nacional de B\u00fasqueda de Desaparecidos en Veracruz. Foto: Germ\u00e1n Canseco<\/figcaption><\/figure>\n<p><strong>SALTILLO, Coahuila (proceso.com.mx).\u2013 El derecho de las familias con parientes desaparecidos a obtener justicia, reparaci\u00f3n integral, alcanzar la verdad y resolver la tragedia se ve frenado por la \u201causteridad republicana\u201d, tras la reducci\u00f3n de 75% del presupuesto a la Comisi\u00f3n Ejecutiva de Atenci\u00f3n a V\u00edctimas (CEAV) y para organismos afines, se\u00f1alaron a Proceso voceros de varios colectivos de v\u00edctimas de la violencia.<\/strong><\/p>\n<p>\u201cEnfrentamos hoy la indignante realidad de m\u00e1s de 61 mil personas desaparecidas, m\u00e1s de 30 mil cuerpos sin identificar y cientos de miles de fragmentos, fosas clandestinas y lugares de exterminio, miles de mexicanos, mexicanas y personas migrantes en estas cifras, y sin posibilidad de atender esta grave tragedia\u201d, coment\u00f3 Mar\u00eda Elena Salazar del Colectivo Familias Unidas por Nuestros Desaparecidos de M\u00e9xico (Fundem).<\/p>\n<p>La representante de Fundem y de otras organizaciones de familias con personas desaparecidas respondieron la informaci\u00f3n que anunci\u00f3 la titular de la CEAV, Mara G\u00f3mez P\u00e9rez.<\/p>\n<p>Como la consecuencia de los recortes, saldr\u00e1n el 60% del personal de la CEAV. Ya se les notific\u00f3 a m\u00e1s de 100 colaboradores de que no hay fondos para pagarles sus salarios.<\/p>\n<p>No obstante, los recortes anunciados oficialmente para todas las dependencias posteriormente fueron negados por el propio presidente Andr\u00e9s Manuel L\u00f3pez Obrador y por Alejandro Encinas, comisionado de Derechos Humanos de la Secretar\u00eda de Gobernaci\u00f3n.<\/p>\n<p>Mar\u00eda Elena Salazar rechaz\u00f3 esos dichos: \u201cClaro es para nosotras que detr\u00e1s de todas estas declaraciones, de parte de la Secretar\u00eda de Gobernaci\u00f3n, la CEAV, el Secretario de Hacienda y el titular de Derechos Humanos, Alejandro Encinas, y el mismo presidente de la naci\u00f3n, son ambiguas\u201d.<\/p>\n<p>\u201cHay un trasfondo m\u00e1s all\u00e1 de la desmantelaci\u00f3n de la CEAV, nosotras lucharemos por instituciones que fueron creadas a base de las necesidades y demandas de las familias\u201d, agreg\u00f3 la portavoz de Fundem.<\/p>\n<p>\u201cEl pa\u00eds se sigue desestabilizando y a su vez quieren hacer lo mismo con las v\u00edctimas, v\u00edctimas que el Estado mexicano no cuid\u00f3, ll\u00e1mese como se llame partido que fuera es lo mismo\u201d, concluy\u00f3.<\/p>\n<p>Los representantes de los colectivos demandan que la Secretar\u00eda de Hacienda y Cr\u00e9dito P\u00fablico, as\u00ed como la propia CEAV, hagan p\u00fablicos los documentos por los cuales se le ha pedido a la misma la reducci\u00f3n del 75% de los recursos con base en el decreto del 23 de abril de 2020.<\/p>\n<p>La violencia que recorre todos los rincones de la Rep\u00fablica ha dejado como saldo m\u00e1s de 61 mil personas desaparecidas, alrededor de 30 mil cad\u00e1veres sin identificar y cientos de miles de restos humanos que deben ser analizados.<\/p>\n<p>Gracias a la organizaci\u00f3n de familiares de las v\u00edctimas, organizadas en decenas de colectivos, se logr\u00f3 que se aprobaran leyes, presupuesto y dependencias que se enfocar\u00e1n a buscar a los miles de desaparecidos.<\/p>\n<p>\u201cEn el colectivo Voz y Dignidad por los Nuestros estamos preocupados por el recorte al presupuesto para la CEAV y nos propusimos ir a plantarnos ante la Secretar\u00eda de Hacienda\u201d, afirm\u00f3 Edith P\u00e9rez, fundadora de la organizaci\u00f3n que tiene sede en San Luis Potos\u00ed.<\/p>\n<p>\u201cCreemos que esto es parte de todo el cambio que L\u00f3pez Obrador est\u00e1 haciendo en todas las dependencias, donde se est\u00e1 perjudicando a muchos sin tomar en cuenta que en el combate a la corrupci\u00f3n se lleva entre las patas a muchos inocentes\u201d, agreg\u00f3 Edith P\u00e9rez.<\/p>\n<p>P\u00e9rez destac\u00f3 que en los hechos no existe dinero para continuar buscando a sus familiares.<\/p>\n<p>\u201cPero que a pesar de eso el colectivo Voz y Dignidad por los Nuestros continuar\u00e1 adelante con o sin apoyo del gobierno\u201d, a\u00f1adi\u00f3.<\/p>\n<p>Las organizaciones temen que los m\u00e1s de 30 mil cuerpos sin identificar y cientos de miles de fragmentos que fueron recolectados en fosas clandestinas y lugares de exterminio debido a los recortes quedar\u00e1n sin identificar.<\/p>\n<p>Godofredo Hern\u00e1ndez Rivera, fundador del Grupo Civil de B\u00fasqueda A.C., mencion\u00f3 que a pesar de que desde el a\u00f1o pasado est\u00e1 inscrito en la CEAV, no ha podido obtener ayuda para traslados a diligencias con los Ministerios P\u00fablicos que llevan su caso.<\/p>\n<p>\u201cDebo viajar a Ciudad Victoria, Tamaulipas, viajes que se prolongan hasta por tres d\u00edas para ver avances de mis Carpetas de Investigaci\u00f3n y a la fecha no he obtenido respuesta\u201d, precis\u00f3 Hern\u00e1ndez Rivera.<\/p>\n<p>\u201cEn diciembre del a\u00f1o pasado me dijeron que ya estaba mi registro, que ya estaba inscrito, pero hasta hoy solo me han hecho dar vueltas\u201d, subray\u00f3.<\/p>\n<p>Hern\u00e1ndez Rivera asegur\u00f3 que quiz\u00e1 hay omisi\u00f3n y manos interviniendo para que dichas ayudas no lleguen y s\u00f3lo se beneficien a ciertos dirigentes de algunos colectivos.<\/p>\n<p>\u201cQuiz\u00e1 para que no hagan ruido y mantenerlos callados como normalmente suele hacer el gobierno\u201d, concluy\u00f3 el fundador del Grupo Civil de B\u00fasqueda A.C.<\/p>\n<p>Los representantes de los colectivos tambi\u00e9n exigieron que la Comisi\u00f3n Nacional de los Derechos Humanos analice el decreto del 23 de abril del 2020 donde se anunciaron los recortes del presupuesto, y realice las acciones que por sus facultades le corresponde.<\/p>\n<p>Adem\u00e1s, que se abran carpetas de investigaci\u00f3n penal por los delitos o faltas administrativas que pudieran surgir de las exigencias planteadas anteriormente en este documento.<\/p>\n<p>Giovanni Barrios Moreno, presidente de la Asociaci\u00f3n Civil \u201cJusticia Tamaulipas\u201d, conf\u00eda en que el presidente y Alejandro Encinas frenen los recortes destinados a la b\u00fasqueda de desaparecidos.<\/p>\n<p>\u201cSi se concretan los recortes al presupuesto de la CEAV ser\u00eda imposible el funcionamiento de la Comisi\u00f3n, porque no tendr\u00eda para pagar sueldos, rentas e inmuebles que tienen en diferentes estados\u201d, afirm\u00f3 el fundador de \u201cJusticia Tamaulipas\u201d.<\/p>\n<p>Despu\u00e9s de ese anuncio contactamos a las autoridades correspondientes, en particular a Alejandro Encinas, y afortunadamente nos dicen que no hay dichos recortes, agreg\u00f3 Barrios Moreno.<\/p>\n<p>\u201cEs muy lamentable que se hagan declaraciones sobre los recortes. Ser\u00eda una violaci\u00f3n tremenda a los derechos humanos, pero afortunadamente tengo informaci\u00f3n de que no va hacer as\u00ed y que incluso el a\u00f1o que viene se aumentar\u00e1 el presupuesto para las b\u00fasquedas\u201d, concluy\u00f3 el dirigente de Justicia Tamaulipas.<\/p>\n<p><a href=\"https:\/\/www.proceso.com.mx\/634236\/austeridad-republicana-frena-el-derecho-a-encontrar-a-los-desaparecidos-colectivos\" target=\"_blank\" rel=\"noopener noreferrer\">https:\/\/www.proceso.com.mx\/634236\/austeridad-republicana-frena-el-derecho-a-encontrar-a-los-desaparecidos-colectivos<\/a><\/p>\n","protected":false},"excerpt":{"rendered":"<p>Juan Alberto Cedillo\/ PROCESO SALTILLO, Coahuila (proceso.com.mx).\u2013 El derecho de las familias con parientes desaparecidos a obtener justicia, reparaci\u00f3n integral, alcanzar la verdad y resolver la tragedia se ve frenado &hellip; <a href=\"http:\/\/www.grieta.org.mx\/index.php\/2020\/06\/13\/austeridad-republicana-frena-el-derecho-a-encontrar-a-los-desaparecidos-colectivos\/\" class=\"more-link\">Leer m\u00e1s<\/a><\/p>\n","protected":false},"author":2,"featured_media":50885,"comment_status":"closed","ping_status":"closed","sticky":false,"template":"","format":"standard","meta":{"ngg_post_thumbnail":0,"_jetpack_newsletter_access":"","_jetpack_dont_email_post_to_subs":false,"_jetpack_newsletter_tier_id":0,"_jetpack_memberships_contains_paywalled_content":false,"_jetpack_memberships_contains_paid_content":false,"footnotes":""},"categories":[80,419,87,368,1038,1197,2,33,83],"tags":[3523,3171,3520,3518,1668,3519,3522,158,3517],"class_list":["post-50884","post","type-post","status-publish","format-standard","has-post-thumbnail","hentry","category-cintillo","category-coahuila","category-desaparecidos","category-desaparecidos-analisis","category-desaparecidos-en-coahuila","category-desaparecidos-en-tamaulipas","category-noticias-nacionales","category-tamaulipas","category-temas-nacionales","tag-asociacion-civil-justicia-tamaulipas","tag-cndh","tag-colectivos-de-victimas-de-violencia","tag-comision-ejecutiva-de-atencion-a-victimas","tag-familiares-de-desaparecidos","tag-fundem","tag-grupo-civil-de-busqueda","tag-migrantes","tag-reduccion-presupuestal","entry"],"jetpack_featured_media_url":"http:\/\/www.grieta.org.mx\/wp-content\/uploads\/2020\/06\/WAImage-2020-02-17-at-23-3-870x522.jpg","jetpack_sharing_enabled":true,"jetpack_shortlink":"https:\/\/wp.me\/p7ZJR4-deI","jetpack_likes_enabled":false,"jetpack-related-posts":[{"id":36535,"url":"http:\/\/www.grieta.org.mx\/index.php\/2019\/07\/15\/con-limitados-recursos-buscan-a-desaparecidos\/","url_meta":{"origin":50884,"position":0},"title":"Con limitados recursos buscan a desaparecidos","author":"grieta","date":"15 julio, 2019","format":false,"excerpt":"Familiares y colectivos rastrean con poco apoyo a miles de personas en 19 entidades VANGUARDIA MX\/ EL UNIVERSaL CDMX.- Sin recursos econ\u00f3micos, materiales y humanos, e incluso en algunos casos sin ning\u00fan responsable a cargo, 19 comisiones locales de b\u00fasqueda han iniciado a marchas forzadas una tarea tit\u00e1nica: hallar a\u2026","rel":"","context":"En &quot;CINTILLO&quot;","block_context":{"text":"CINTILLO","link":"http:\/\/www.grieta.org.mx\/index.php\/category\/cintillo\/"},"img":{"alt_text":"","src":"https:\/\/i0.wp.com\/www.grieta.org.mx\/wp-content\/uploads\/2019\/07\/a08_princi_3_0.jpg?resize=350%2C200","width":350,"height":200,"srcset":"https:\/\/i0.wp.com\/www.grieta.org.mx\/wp-content\/uploads\/2019\/07\/a08_princi_3_0.jpg?resize=350%2C200 1x, https:\/\/i0.wp.com\/www.grieta.org.mx\/wp-content\/uploads\/2019\/07\/a08_princi_3_0.jpg?resize=525%2C300 1.5x, https:\/\/i0.wp.com\/www.grieta.org.mx\/wp-content\/uploads\/2019\/07\/a08_princi_3_0.jpg?resize=700%2C400 2x"},"classes":[]},{"id":31251,"url":"http:\/\/www.grieta.org.mx\/index.php\/2019\/03\/26\/crearan-grupo-para-localizar-y-revisar-fosas-en-la-frontera-tamaulipas\/","url_meta":{"origin":50884,"position":1},"title":"Crear\u00e1n grupo para localizar y revisar fosas en la frontera (Tamaulipas)","author":"grieta","date":"26 marzo, 2019","format":false,"excerpt":"Viviana Cervantes \/ El Ma\u00f1ana Buscar\u00e1 a desaparecidos la Asociaci\u00f3n Justicia Tamaulipas Reynosa, Tam. La Asociaci\u00f3n Justicia Tamaulipas, dedicada a la b\u00fasqueda de personas desaparecidas, crear\u00e1 un grupo especializado para localizar y revisar las fosas clandestinas que est\u00e1n en la zona fronteriza. Giovanni Barrios Moreno, director del organismo, se\u00f1al\u00f3 que\u2026","rel":"","context":"En &quot;CINTILLO&quot;","block_context":{"text":"CINTILLO","link":"http:\/\/www.grieta.org.mx\/index.php\/category\/cintillo\/"},"img":{"alt_text":"","src":"https:\/\/i0.wp.com\/www.grieta.org.mx\/wp-content\/uploads\/2019\/03\/Crear%C3%A1n-grupo-para-localizar-y-revisar-fosas-en-la-frontera-tama-mzo-300x158.jpg?resize=350%2C200","width":350,"height":200},"classes":[]},{"id":33367,"url":"http:\/\/www.grieta.org.mx\/index.php\/2019\/05\/11\/recuerdan-madres-a-sus-hijos-desaparecidos-tamaulipas\/","url_meta":{"origin":50884,"position":2},"title":"Recuerdan madres a sus hijos desaparecidos (Tamaulipas)","author":"grieta","date":"11 mayo, 2019","format":false,"excerpt":"El Ma\u00f1ana Un contingente de casi 100 personas comenz\u00f3 la marcha por los desaparecidos de Tamaulipas CIUDAD VICTORIA, TAMAULIPAS.- Al grito de \u201cVivos se los llevaron, vivos los queremos\u201d, un contingente de casi 100 personas march\u00f3 por los desaparecidos de Tamaulipas. Cerca de las 6:00 de la tarde, familiares de\u2026","rel":"","context":"En &quot;CINTILLO&quot;","block_context":{"text":"CINTILLO","link":"http:\/\/www.grieta.org.mx\/index.php\/category\/cintillo\/"},"img":{"alt_text":"","src":"https:\/\/i0.wp.com\/www.grieta.org.mx\/wp-content\/uploads\/2019\/05\/Recuerdan-madres-a-sus-hijos-desaparecidos-tama-may.jpg?resize=350%2C200","width":350,"height":200,"srcset":"https:\/\/i0.wp.com\/www.grieta.org.mx\/wp-content\/uploads\/2019\/05\/Recuerdan-madres-a-sus-hijos-desaparecidos-tama-may.jpg?resize=350%2C200 1x, https:\/\/i0.wp.com\/www.grieta.org.mx\/wp-content\/uploads\/2019\/05\/Recuerdan-madres-a-sus-hijos-desaparecidos-tama-may.jpg?resize=525%2C300 1.5x, https:\/\/i0.wp.com\/www.grieta.org.mx\/wp-content\/uploads\/2019\/05\/Recuerdan-madres-a-sus-hijos-desaparecidos-tama-may.jpg?resize=700%2C400 2x"},"classes":[]},{"id":26016,"url":"http:\/\/www.grieta.org.mx\/index.php\/2018\/08\/30\/refuerzan-busqueda-de-desaparecidos-en-bares-y-carceles-coahuila\/","url_meta":{"origin":50884,"position":3},"title":"Refuerzan b\u00fasqueda de desaparecidos en bares y c\u00e1rceles (Coahuila)","author":"grieta","date":"30 agosto, 2018","format":false,"excerpt":"Para celebrar D\u00eda Internacional de las V\u00edctimas de Desaparici\u00f3n Forzada, Fuundec realiz\u00f3 un homenaje en el '\u00c1rbol de la Esperanza', en la Alameda de Torre\u00f3n. Homenaje en el '\u00c1rbol de la Esperanza', en la Alameda de Torre\u00f3n. (Lucero S\u00e1nchez) Lucero S\u00e1nchez\/ MILENIO En el marco de la celebraci\u00f3n del D\u00eda\u2026","rel":"","context":"En &quot;CINTILLO&quot;","block_context":{"text":"CINTILLO","link":"http:\/\/www.grieta.org.mx\/index.php\/category\/cintillo\/"},"img":{"alt_text":"","src":"https:\/\/i0.wp.com\/www.grieta.org.mx\/wp-content\/uploads\/2018\/08\/homenaje-arbol-esperanza-alameda-torreon.jpg?resize=350%2C200","width":350,"height":200,"srcset":"https:\/\/i0.wp.com\/www.grieta.org.mx\/wp-content\/uploads\/2018\/08\/homenaje-arbol-esperanza-alameda-torreon.jpg?resize=350%2C200 1x, https:\/\/i0.wp.com\/www.grieta.org.mx\/wp-content\/uploads\/2018\/08\/homenaje-arbol-esperanza-alameda-torreon.jpg?resize=525%2C300 1.5x, https:\/\/i0.wp.com\/www.grieta.org.mx\/wp-content\/uploads\/2018\/08\/homenaje-arbol-esperanza-alameda-torreon.jpg?resize=700%2C400 2x"},"classes":[]},{"id":53048,"url":"http:\/\/www.grieta.org.mx\/index.php\/2020\/08\/30\/documental-fuerzas-unidas-coahuila\/","url_meta":{"origin":50884,"position":4},"title":"Documental \u2013 Fuerzas Unidas (Coahuila)","author":"grieta","date":"30 agosto, 2020","format":false,"excerpt":"Profesores y alumnos de la Universidad Iberoamericana Torre\u00f3n\/ SOMOS EL MEDIO \ufeff\ufeff Documental que recorre los primeros 10 a\u00f1os de uno de los primeros colectivos de familias de desaparecidos en M\u00e9xico. Testimonio de m\u00e1s de 20 miembros, quienes trazan su b\u00fasqueda incansable en solitario, la creaci\u00f3n del colectivo, los obst\u00e1culos\u2026","rel":"","context":"En &quot;CINTILLO&quot;","block_context":{"text":"CINTILLO","link":"http:\/\/www.grieta.org.mx\/index.php\/category\/cintillo\/"},"img":{"alt_text":"","src":"","width":0,"height":0},"classes":[]},{"id":43008,"url":"http:\/\/www.grieta.org.mx\/index.php\/2020\/01\/08\/hay-en-tamaulipas-7-mil-desaparecidos-irving-barrios\/","url_meta":{"origin":50884,"position":5},"title":"Hay en Tamaulipas 7 mil desaparecidos: Irving Barrios","author":"grieta","date":"8 enero, 2020","format":false,"excerpt":"Se trabaja en coordinaci\u00f3n con la Comisi\u00f3n Estatal de B\u00fasqueda y de los colectivos Ram\u00f3n Mendoza S.\/La Capital 8 enero 2019 CIUDAD VICTORIA, TAMAULIPAS.- La Fiscal\u00eda General del Estado de Tamaulipas report\u00f3 de manera oficial tener un registro de 7 mil personas desaparecidas, as\u00ed lo indic\u00f3 su titular, Irving Barrios\u2026","rel":"","context":"En &quot;CINTILLO&quot;","block_context":{"text":"CINTILLO","link":"http:\/\/www.grieta.org.mx\/index.php\/category\/cintillo\/"},"img":{"alt_text":"","src":"https:\/\/i0.wp.com\/www.grieta.org.mx\/wp-content\/uploads\/2020\/01\/f9b8c5cd-feb9-4ec9-8799-ca5f360f2647.jpg?resize=350%2C200","width":350,"height":200,"srcset":"https:\/\/i0.wp.com\/www.grieta.org.mx\/wp-content\/uploads\/2020\/01\/f9b8c5cd-feb9-4ec9-8799-ca5f360f2647.jpg?resize=350%2C200 1x, https:\/\/i0.wp.com\/www.grieta.org.mx\/wp-content\/uploads\/2020\/01\/f9b8c5cd-feb9-4ec9-8799-ca5f360f2647.jpg?resize=525%2C300 1.5x, https:\/\/i0.wp.com\/www.grieta.org.mx\/wp-content\/uploads\/2020\/01\/f9b8c5cd-feb9-4ec9-8799-ca5f360f2647.jpg?resize=700%2C400 2x"},"classes":[]}],"_links":{"self":[{"href":"http:\/\/www.grieta.org.mx\/index.php\/wp-json\/wp\/v2\/posts\/50884","targetHints":{"allow":["GET"]}}],"collection":[{"href":"http:\/\/www.grieta.org.mx\/index.php\/wp-json\/wp\/v2\/posts"}],"about":[{"href":"http:\/\/www.grieta.org.mx\/index.php\/wp-json\/wp\/v2\/types\/post"}],"author":[{"embeddable":true,"href":"http:\/\/www.grieta.org.mx\/index.php\/wp-json\/wp\/v2\/users\/2"}],"replies":[{"embeddable":true,"href":"http:\/\/www.grieta.org.mx\/index.php\/wp-json\/wp\/v2\/comments?post=50884"}],"version-history":[{"count":1,"href":"http:\/\/www.grieta.org.mx\/index.php\/wp-json\/wp\/v2\/posts\/50884\/revisions"}],"predecessor-version":[{"id":50900,"href":"http:\/\/www.grieta.org.mx\/index.php\/wp-json\/wp\/v2\/posts\/50884\/revisions\/50900"}],"wp:featuredmedia":[{"embeddable":true,"href":"http:\/\/www.grieta.org.mx\/index.php\/wp-json\/wp\/v2\/media\/50885"}],"wp:attachment":[{"href":"http:\/\/www.grieta.org.mx\/index.php\/wp-json\/wp\/v2\/media?parent=50884"}],"wp:term":[{"taxonomy":"category","embeddable":true,"href":"http:\/\/www.grieta.org.mx\/index.php\/wp-json\/wp\/v2\/categories?post=50884"},{"taxonomy":"post_tag","embeddable":true,"href":"http:\/\/www.grieta.org.mx\/index.php\/wp-json\/wp\/v2\/tags?post=50884"}],"curies":[{"name":"wp","href":"https:\/\/api.w.org\/{rel}","templated":true}]}}