{"id":5073,"date":"2015-07-24T02:46:01","date_gmt":"2015-07-24T02:46:01","guid":{"rendered":"http:\/\/50.22.11.12\/~grietaor\/?p=5073"},"modified":"2016-03-26T02:47:15","modified_gmt":"2016-03-26T02:47:15","slug":"docentes-de-la-cnte-arriban-al-zocalo-de-oaxaca","status":"publish","type":"post","link":"http:\/\/www.grieta.org.mx\/index.php\/2015\/07\/24\/docentes-de-la-cnte-arriban-al-zocalo-de-oaxaca\/","title":{"rendered":"Docentes de la CNTE arriban al Z\u00f3calo de Oaxaca"},"content":{"rendered":"<p>Redacci\u00f3n El Informador.<\/p>\n<p>OAXACA, OAXACA (24\/JUL\/2015).- \u201c\u00a1El pueblo est\u00e1 despierto! \u00a1El lunes es el d\u00eda decisivo!\u201d, aseguran los maestros al llegar al Z\u00f3calo de la ciudad de Oaxaca.<\/p>\n<p>Luego de recorrer las calles principales, el contingente del magisterio de la Coordinadora Nacional de Trabajadores de la Educaci\u00f3n (CNTE) arrib\u00f3 al primer cuadro de la ciudad de Oaxaca, en donde mantienen su plant\u00f3n.<\/p>\n<p>Ah\u00ed, los maestros disidentes enfatizaron que la marcha es el inicio de la gran resistencia en contra de la renovaci\u00f3n del Instituto Estatal de Educaci\u00f3n P\u00fablica de Oaxaca (IEEPO) y desconocieron al director del Instituto.<\/p>\n<p>\u201cLa marcha es el inicio de la gran resistencia, hoy inicia la movilizaci\u00f3n a nivel estatal y nacional\u201d, enfatizaron<\/p>\n<p>Durante el mitin se\u00f1alaron que si las autoridades hab\u00edan pensado que el movimiento iba a claudicar con las fuerzas federales, \u201cse equivocaron\u201d.<\/p>\n<p>Indicaron que las cuentas est\u00e1n pendientes, no dar\u00e1n marcha atr\u00e1s y desconocen al director del IEEPO.<\/p>\n<p>\u201cLa reforma laborar nos quita el derecho a sindicalizarnos. Oaxaca tiene dignidad y vale la pena toda una vida de lucha\u201d, comentaron.<\/p>\n<p><a href=\"http:\/\/rss.informador.com.mx\/~r\/informador-mexico\/~3\/pyWT-KCJUjA\/story01.htm\" target=\"_blank\">rss.informador.com.mx\/~r\/informador-mexico\/~3\/pyWT-KCJUjA\/story01.htm<\/a><\/p>\n","protected":false},"excerpt":{"rendered":"<p>Redacci\u00f3n El Informador. OAXACA, OAXACA (24\/JUL\/2015).- \u201c\u00a1El pueblo est\u00e1 despierto! \u00a1El lunes es el d\u00eda decisivo!\u201d, aseguran los maestros al llegar al Z\u00f3calo de la ciudad de Oaxaca. Luego de &hellip; <a href=\"http:\/\/www.grieta.org.mx\/index.php\/2015\/07\/24\/docentes-de-la-cnte-arriban-al-zocalo-de-oaxaca\/\" class=\"more-link\">Leer m\u00e1s<\/a><\/p>\n","protected":false},"author":2,"featured_media":21928,"comment_status":"closed","ping_status":"open","sticky":false,"template":"","format":"standard","meta":{"ngg_post_thumbnail":0,"_jetpack_newsletter_access":"","_jetpack_dont_email_post_to_subs":false,"_jetpack_newsletter_tier_id":0,"_jetpack_memberships_contains_paywalled_content":false,"_jetpack_memberships_contains_paid_content":false,"footnotes":""},"categories":[80],"tags":[133,93,135],"class_list":["post-5073","post","type-post","status-publish","format-standard","has-post-thumbnail","hentry","category-cintillo","tag-maestros","tag-oaxaca","tag-reforma-educativa","entry"],"jetpack_featured_media_url":"http:\/\/www.grieta.org.mx\/wp-content\/uploads\/2018\/03\/14524434_1106112876131411_958039263622046936_o.jpg","jetpack_sharing_enabled":true,"jetpack_shortlink":"https:\/\/wp.me\/p7ZJR4-1jP","jetpack_likes_enabled":false,"jetpack-related-posts":[{"id":69065,"url":"http:\/\/www.grieta.org.mx\/index.php\/2024\/06\/05\/maestros-exigen-castigar-a-los-responsables-de-las-agresiones-cometidas-en-el-zocalo-capitalino-y-en-oaxaca\/","url_meta":{"origin":5073,"position":0},"title":"Maestros exigen castigar a los responsables de las agresiones cometidas en el Z\u00f3calo capitalino y en Oaxaca","author":"grieta","date":"5 junio, 2024","format":false,"excerpt":"Ale Huitron y Olivia V\u00e1zquez Herrera \/ Infobae Los docentes se\u00f1alaron que mantendr\u00e1n el plant\u00f3n en el Z\u00f3calo Los maestros de la CNTE anunciaron pr\u00f3xima marcha del \u00c1ngel de la Independencia al Z\u00f3calo de la CDMX Yenny Aracely P\u00e9rez, secretaria general de la Secci\u00f3n 22 de Oaxaca, anunci\u00f3 que el\u2026","rel":"","context":"En &quot;CINTILLO&quot;","block_context":{"text":"CINTILLO","link":"http:\/\/www.grieta.org.mx\/index.php\/category\/cintillo\/"},"img":{"alt_text":"Los maestros de la CNTE que fueron reprimidos en Oaxaca tambi\u00e9n protestaron. (Cencos Secci\u00f3n Veintid\u00f3s)","src":"https:\/\/www.infobae.com\/new-resizer\/oIfhoEkxWR11t_hMzes3QWbCk3U=\/420x315\/filters:format(webp):quality(85)\/cloudfront-us-east-1.images.arcpublishing.com\/infobae\/SDIDKBPHERHF5AMXTJG6ED5ZKM.jpg%20420w","width":350,"height":200,"srcset":"https:\/\/www.infobae.com\/new-resizer\/oIfhoEkxWR11t_hMzes3QWbCk3U=\/420x315\/filters:format(webp):quality(85)\/cloudfront-us-east-1.images.arcpublishing.com\/infobae\/SDIDKBPHERHF5AMXTJG6ED5ZKM.jpg%20420w 1x, https:\/\/www.infobae.com\/new-resizer\/oIfhoEkxWR11t_hMzes3QWbCk3U=\/420x315\/filters:format(webp):quality(85)\/cloudfront-us-east-1.images.arcpublishing.com\/infobae\/SDIDKBPHERHF5AMXTJG6ED5ZKM.jpg%20420w 1.5x, https:\/\/www.infobae.com\/new-resizer\/oIfhoEkxWR11t_hMzes3QWbCk3U=\/420x315\/filters:format(webp):quality(85)\/cloudfront-us-east-1.images.arcpublishing.com\/infobae\/SDIDKBPHERHF5AMXTJG6ED5ZKM.jpg%20420w 2x, https:\/\/www.infobae.com\/new-resizer\/oIfhoEkxWR11t_hMzes3QWbCk3U=\/420x315\/filters:format(webp):quality(85)\/cloudfront-us-east-1.images.arcpublishing.com\/infobae\/SDIDKBPHERHF5AMXTJG6ED5ZKM.jpg%20420w 3x, https:\/\/www.infobae.com\/new-resizer\/oIfhoEkxWR11t_hMzes3QWbCk3U=\/420x315\/filters:format(webp):quality(85)\/cloudfront-us-east-1.images.arcpublishing.com\/infobae\/SDIDKBPHERHF5AMXTJG6ED5ZKM.jpg%20420w 4x"},"classes":[]},{"id":14316,"url":"http:\/\/www.grieta.org.mx\/index.php\/2016\/06\/15\/barricadas-marchas-y-bloqueos-a-10-anos-del-fallido-desalojo-de-maestros-en-oaxaca\/","url_meta":{"origin":5073,"position":1},"title":"Barricadas, marchas y bloqueos, a 10 a\u00f1os del fallido desalojo de maestros en Oaxaca","author":"grieta","date":"15 junio, 2016","format":false,"excerpt":"Jorge A. P\u00e9rez y Diana Manzo, Oaxaca Profesores afiliados a la secci\u00f3n 22 de la Coordinadora Nacional de los Trabajadores de la Educaci\u00f3n (CNTE), quienes se oponen a la implementaci\u00f3n de la reforma educativa, conmemoraron este martes con una marcha el d\u00e9cimo aniversario de que el ex gobernador pri\u00edsta de\u2026","rel":"","context":"En &quot;CINTILLO&quot;","block_context":{"text":"CINTILLO","link":"http:\/\/www.grieta.org.mx\/index.php\/category\/cintillo\/"},"img":{"alt_text":"","src":"https:\/\/i0.wp.com\/www.grieta.org.mx\/wp-content\/uploads\/2018\/03\/14524434_1106112876131411_958039263622046936_o.jpg?resize=350%2C200","width":350,"height":200,"srcset":"https:\/\/i0.wp.com\/www.grieta.org.mx\/wp-content\/uploads\/2018\/03\/14524434_1106112876131411_958039263622046936_o.jpg?resize=350%2C200 1x, https:\/\/i0.wp.com\/www.grieta.org.mx\/wp-content\/uploads\/2018\/03\/14524434_1106112876131411_958039263622046936_o.jpg?resize=525%2C300 1.5x, https:\/\/i0.wp.com\/www.grieta.org.mx\/wp-content\/uploads\/2018\/03\/14524434_1106112876131411_958039263622046936_o.jpg?resize=700%2C400 2x"},"classes":[]},{"id":21082,"url":"http:\/\/www.grieta.org.mx\/index.php\/2016\/09\/01\/marcha-la-seccion-22-en-la-ciudad-de-oaxaca\/","url_meta":{"origin":5073,"position":2},"title":"Marcha la Secci\u00f3n 22 en la ciudad de Oaxaca","author":"grieta","date":"1 septiembre, 2016","format":false,"excerpt":"Ernesto Rojas, Oaxaca. OAXACA, Oax., 1 de septiembre de 2016.- Integrantes de la Secci\u00f3n 22 del Sindicato Nacional de Trabajadores de la Educaci\u00f3n (SNTE) iniciaron este jueves una marcha en la ciudad de Oaxaca para protestar contra la reforma educativa. La Secci\u00f3n 22 indic\u00f3 que con esta marcha piden que\u2026","rel":"","context":"En &quot;CINTILLO&quot;","block_context":{"text":"CINTILLO","link":"http:\/\/www.grieta.org.mx\/index.php\/category\/cintillo\/"},"img":{"alt_text":"","src":"https:\/\/i0.wp.com\/www.grieta.org.mx\/wp-content\/uploads\/2018\/03\/14524434_1106112876131411_958039263622046936_o.jpg?resize=350%2C200","width":350,"height":200,"srcset":"https:\/\/i0.wp.com\/www.grieta.org.mx\/wp-content\/uploads\/2018\/03\/14524434_1106112876131411_958039263622046936_o.jpg?resize=350%2C200 1x, https:\/\/i0.wp.com\/www.grieta.org.mx\/wp-content\/uploads\/2018\/03\/14524434_1106112876131411_958039263622046936_o.jpg?resize=525%2C300 1.5x, https:\/\/i0.wp.com\/www.grieta.org.mx\/wp-content\/uploads\/2018\/03\/14524434_1106112876131411_958039263622046936_o.jpg?resize=700%2C400 2x"},"classes":[]},{"id":4133,"url":"http:\/\/www.grieta.org.mx\/index.php\/2015\/08\/27\/marcha-cnte-en-oaxaca-y-cdmx-en-la-15-accion-global-por-ayotzinapa\/","url_meta":{"origin":5073,"position":3},"title":"Marcha CNTE en Oaxaca y CDMX en la 15 acci\u00f3n global por Ayotzinapa","author":"grieta","date":"27 agosto, 2015","format":false,"excerpt":"David Yeudiel, Oaxaca A casi una semana de haber iniciado de manera alterna el ciclo escolar 2015-2016, profesores de la secci\u00f3n 22 de los trabajadores de la educaci\u00f3n, adheridos a la Coordinadora Nacional de Trabajadores de la Educaci\u00f3n (CNTE), se manifestaron el d\u00eda de ayer como parte de la 15\u2026","rel":"","context":"En &quot;CINTILLO&quot;","block_context":{"text":"CINTILLO","link":"http:\/\/www.grieta.org.mx\/index.php\/category\/cintillo\/"},"img":{"alt_text":"","src":"https:\/\/i0.wp.com\/www.grieta.org.mx\/wp-content\/uploads\/2018\/03\/14524434_1106112876131411_958039263622046936_o.jpg?resize=350%2C200","width":350,"height":200,"srcset":"https:\/\/i0.wp.com\/www.grieta.org.mx\/wp-content\/uploads\/2018\/03\/14524434_1106112876131411_958039263622046936_o.jpg?resize=350%2C200 1x, https:\/\/i0.wp.com\/www.grieta.org.mx\/wp-content\/uploads\/2018\/03\/14524434_1106112876131411_958039263622046936_o.jpg?resize=525%2C300 1.5x, https:\/\/i0.wp.com\/www.grieta.org.mx\/wp-content\/uploads\/2018\/03\/14524434_1106112876131411_958039263622046936_o.jpg?resize=700%2C400 2x"},"classes":[]},{"id":69948,"url":"http:\/\/www.grieta.org.mx\/index.php\/2024\/09\/13\/con-marcha-trabajadores-de-salud-y-de-educacion-rechazan-al-imss-bienestar-oaxaca\/","url_meta":{"origin":5073,"position":4},"title":"Con marcha, trabajadores de salud y de educaci\u00f3n rechazan al IMSS Bienestar (Oaxaca)","author":"grieta","date":"13 septiembre, 2024","format":false,"excerpt":"Imagen: Itsmopress Diana Manzo \/ Itsmopress #Oaxaca 13 Sep (#Istmopress) \u2013 Con una marcha por las principales calles de la capital de Oaxaca, unos 600 trabajadores sindicalizados de la secci\u00f3n 35 del Sector Salud y de la secci\u00f3n 22 de la CNTE rechazaron el traslado de los Servicios de Salud\u2026","rel":"","context":"En &quot;CINTILLO&quot;","block_context":{"text":"CINTILLO","link":"http:\/\/www.grieta.org.mx\/index.php\/category\/cintillo\/"},"img":{"alt_text":"","src":"https:\/\/i0.wp.com\/www.grieta.org.mx\/wp-content\/uploads\/2024\/09\/1726286512221.jpg?resize=350%2C200","width":350,"height":200,"srcset":"https:\/\/i0.wp.com\/www.grieta.org.mx\/wp-content\/uploads\/2024\/09\/1726286512221.jpg?resize=350%2C200 1x, https:\/\/i0.wp.com\/www.grieta.org.mx\/wp-content\/uploads\/2024\/09\/1726286512221.jpg?resize=525%2C300 1.5x, https:\/\/i0.wp.com\/www.grieta.org.mx\/wp-content\/uploads\/2024\/09\/1726286512221.jpg?resize=700%2C400 2x, https:\/\/i0.wp.com\/www.grieta.org.mx\/wp-content\/uploads\/2024\/09\/1726286512221.jpg?resize=1050%2C600 3x"},"classes":[]},{"id":1689,"url":"http:\/\/www.grieta.org.mx\/index.php\/2015\/12\/31\/continuan-maestros-de-la-cnte-en-protesta-en-el-zocalo\/","url_meta":{"origin":5073,"position":5},"title":"Contin\u00faan maestros de la CNTE en protesta en el z\u00f3calo","author":"grieta","date":"31 diciembre, 2015","format":false,"excerpt":"E-Oaxaca, Oaxaca Oaxaca.- Profesores regularizados de la secci\u00f3n 22 de la Coordinadora Nacional de Trabajadores de la Educaci\u00f3n (CNTE), contin\u00faan su protesta frente al Palacio de Gobierno, en exigencia de la restituci\u00f3n de sus sueldos, que fueron suspendidos desde el a\u00f1o pasado. Con pancartas y mantas los mentores reclaman al\u2026","rel":"","context":"En &quot;CINTILLO&quot;","block_context":{"text":"CINTILLO","link":"http:\/\/www.grieta.org.mx\/index.php\/category\/cintillo\/"},"img":{"alt_text":"","src":"https:\/\/i0.wp.com\/www.grieta.org.mx\/wp-content\/uploads\/2018\/03\/14524434_1106112876131411_958039263622046936_o.jpg?resize=350%2C200","width":350,"height":200,"srcset":"https:\/\/i0.wp.com\/www.grieta.org.mx\/wp-content\/uploads\/2018\/03\/14524434_1106112876131411_958039263622046936_o.jpg?resize=350%2C200 1x, https:\/\/i0.wp.com\/www.grieta.org.mx\/wp-content\/uploads\/2018\/03\/14524434_1106112876131411_958039263622046936_o.jpg?resize=525%2C300 1.5x, https:\/\/i0.wp.com\/www.grieta.org.mx\/wp-content\/uploads\/2018\/03\/14524434_1106112876131411_958039263622046936_o.jpg?resize=700%2C400 2x"},"classes":[]}],"_links":{"self":[{"href":"http:\/\/www.grieta.org.mx\/index.php\/wp-json\/wp\/v2\/posts\/5073","targetHints":{"allow":["GET"]}}],"collection":[{"href":"http:\/\/www.grieta.org.mx\/index.php\/wp-json\/wp\/v2\/posts"}],"about":[{"href":"http:\/\/www.grieta.org.mx\/index.php\/wp-json\/wp\/v2\/types\/post"}],"author":[{"embeddable":true,"href":"http:\/\/www.grieta.org.mx\/index.php\/wp-json\/wp\/v2\/users\/2"}],"replies":[{"embeddable":true,"href":"http:\/\/www.grieta.org.mx\/index.php\/wp-json\/wp\/v2\/comments?post=5073"}],"version-history":[{"count":1,"href":"http:\/\/www.grieta.org.mx\/index.php\/wp-json\/wp\/v2\/posts\/5073\/revisions"}],"predecessor-version":[{"id":5074,"href":"http:\/\/www.grieta.org.mx\/index.php\/wp-json\/wp\/v2\/posts\/5073\/revisions\/5074"}],"wp:featuredmedia":[{"embeddable":true,"href":"http:\/\/www.grieta.org.mx\/index.php\/wp-json\/wp\/v2\/media\/21928"}],"wp:attachment":[{"href":"http:\/\/www.grieta.org.mx\/index.php\/wp-json\/wp\/v2\/media?parent=5073"}],"wp:term":[{"taxonomy":"category","embeddable":true,"href":"http:\/\/www.grieta.org.mx\/index.php\/wp-json\/wp\/v2\/categories?post=5073"},{"taxonomy":"post_tag","embeddable":true,"href":"http:\/\/www.grieta.org.mx\/index.php\/wp-json\/wp\/v2\/tags?post=5073"}],"curies":[{"name":"wp","href":"https:\/\/api.w.org\/{rel}","templated":true}]}}