{"id":50700,"date":"2020-06-08T18:40:58","date_gmt":"2020-06-08T23:40:58","guid":{"rendered":"http:\/\/www.grieta.org.mx\/?p=50700"},"modified":"2020-06-12T18:47:48","modified_gmt":"2020-06-12T23:47:48","slug":"ha-resultado-dificil-la-nueva-normalidad-para-los-taxistas-de-aguascalientes","status":"publish","type":"post","link":"http:\/\/www.grieta.org.mx\/index.php\/2020\/06\/08\/ha-resultado-dificil-la-nueva-normalidad-para-los-taxistas-de-aguascalientes\/","title":{"rendered":"HA RESULTADO DIF\u00cdCIL LA NUEVA NORMALIDAD PARA LOS TAXISTAS DE AGUASCALIENTES"},"content":{"rendered":"<p>Adrian Javier Flores Nieves\/La Jornada Aguascalientes<br \/>\n8 junio 2020<\/p>\n<p><img loading=\"lazy\" decoding=\"async\" data-attachment-id=\"50701\" data-permalink=\"http:\/\/www.grieta.org.mx\/index.php\/2020\/06\/08\/ha-resultado-dificil-la-nueva-normalidad-para-los-taxistas-de-aguascalientes\/49637489496_7fcb456a7f_b\/\" data-orig-file=\"http:\/\/www.grieta.org.mx\/wp-content\/uploads\/2020\/06\/49637489496_7fcb456a7f_b.jpg\" data-orig-size=\"554,369\" data-comments-opened=\"0\" data-image-meta=\"{&quot;aperture&quot;:&quot;0&quot;,&quot;credit&quot;:&quot;&quot;,&quot;camera&quot;:&quot;&quot;,&quot;caption&quot;:&quot;&quot;,&quot;created_timestamp&quot;:&quot;0&quot;,&quot;copyright&quot;:&quot;&quot;,&quot;focal_length&quot;:&quot;0&quot;,&quot;iso&quot;:&quot;0&quot;,&quot;shutter_speed&quot;:&quot;0&quot;,&quot;title&quot;:&quot;&quot;,&quot;orientation&quot;:&quot;0&quot;}\" data-image-title=\"49637489496_7fcb456a7f_b\" data-image-description=\"\" data-image-caption=\"\" data-medium-file=\"http:\/\/www.grieta.org.mx\/wp-content\/uploads\/2020\/06\/49637489496_7fcb456a7f_b-300x200.jpg\" data-large-file=\"http:\/\/www.grieta.org.mx\/wp-content\/uploads\/2020\/06\/49637489496_7fcb456a7f_b.jpg\" src=\"http:\/\/www.grieta.org.mx\/wp-content\/uploads\/2020\/06\/49637489496_7fcb456a7f_b.jpg\" alt=\"\" width=\"554\" height=\"369\" class=\"aligncenter size-full wp-image-50701\" srcset=\"http:\/\/www.grieta.org.mx\/wp-content\/uploads\/2020\/06\/49637489496_7fcb456a7f_b.jpg 554w, http:\/\/www.grieta.org.mx\/wp-content\/uploads\/2020\/06\/49637489496_7fcb456a7f_b-300x200.jpg 300w\" sizes=\"auto, (max-width: 554px) 100vw, 554px\" \/><\/p>\n<blockquote><p>Con jornadas laborales largas, liquidaci\u00f3n y gastos de gasolina, lo que terminan ganando los choferes sigue siendo insuficiente<br \/>\nAlgunos patrones bajaron la liquidaci\u00f3n a la mitad, sin embargo, todav\u00eda hay choferes que terminaban llev\u00e1ndose al d\u00eda menos que el salario m\u00ednimo<\/p><\/blockquote>\n<p>A\u00fan con la criticada reactivaci\u00f3n econ\u00f3mica, el servicio de los taxis no ha repuesto sus ganancias como lo esperaba, as\u00ed lo se\u00f1al\u00f3 \u00d3scar Romo Delgado, presidente de Agrupaciones Unidas del Gremio Taxista (Augtea), quien record\u00f3 que a diferencia de otros negocios, aquellos que hacen sus ingresos de \u00e9ste servicio llevan ya casi tres meses viviendo al d\u00eda, por lo que han tenido que doblar jornadas para poder pagar la liquidaci\u00f3n, la gasolina y llevar algo de sustento a sus hogares. <\/p>\n<p>\u201cNosotros vamos al d\u00eda y, obviamente estos tres meses hemos tenido muy muy poco trabajo. Pues la verdad es que hemos batallado para poder llevar el sustento a la casa. Con muy poco trabajo, con el riesgo latente porque a final de cuentas nosotros como tal, d\u00eda con d\u00eda subimos diferentes personas y eso representa un riesgo tambi\u00e9n en la salud\u201d, extern\u00f3 el l\u00edder del gremio de taxistas. Respecto a temas de salud, dijo que afortunadamente no se han dado casos de choferes enfermos de Covid-19 en el grupo que \u00e9l representa. <\/p>\n<p>Aunque ya van tres semanas del inicio de la reactivaci\u00f3n paulatina econ\u00f3mica promovida por el Gobierno del Estado, la realidad es que para los taxistas todav\u00eda no se regulariza el servicio de tal manera que les pueda remunerar como antes lo hac\u00eda. \u201cSeguimos batallando con muy muy poco para el pasaje, y esto representa en que llevamos muy poco dinero a la casa\u201d. <\/p>\n<p>Ante esta situaci\u00f3n, la mayor\u00eda de los patrones optaron por bajar la liquidaci\u00f3n de los choferes para que as\u00ed pudieran tener m\u00e1s ganancias. Normalmente la liquidaci\u00f3n, por turno, ronda entre $200 y $250, dependiendo del concesionario, sin embargo se tuvo que bajar a la mitad para que los choferes pudieran subsanar sus ganancias que, en un d\u00eda regular y antes de la contingencia pod\u00eda ser de entre $300 a $500 pesos. <\/p>\n<p>Testimonios han se\u00f1alado que durante la pandemia han habido d\u00edas en que, despu\u00e9s de jornadas laborales de m\u00e1s de ocho horas, s\u00f3lo han podido llevar a sus hogares $100, que es menos del salario m\u00ednimo ($123.22). A\u00fan y cuando ya existen protocolos de salubridad para el uso de taxis o servicios de transporte de plataforma, la \u201cnueva normalidad\u201d todav\u00eda se pinta opaca para el gremio de taxistas.<\/p>\n<p><a href=\"https:\/\/www.lja.mx\/2020\/06\/ha-resultado-dificil-la-nueva-normalidad-para-los-taxistas-de-aguascalientes\/\" rel=\"noopener noreferrer\" target=\"_blank\">https:\/\/www.lja.mx\/2020\/06\/ha-resultado-dificil-la-nueva-normalidad-para-los-taxistas-de-aguascalientes\/<\/a><\/p>\n","protected":false},"excerpt":{"rendered":"<p>Adrian Javier Flores Nieves\/La Jornada Aguascalientes 8 junio 2020 Con jornadas laborales largas, liquidaci\u00f3n y gastos de gasolina, lo que terminan ganando los choferes sigue siendo insuficiente Algunos patrones bajaron &hellip; <a href=\"http:\/\/www.grieta.org.mx\/index.php\/2020\/06\/08\/ha-resultado-dificil-la-nueva-normalidad-para-los-taxistas-de-aguascalientes\/\" class=\"more-link\">Leer m\u00e1s<\/a><\/p>\n","protected":false},"author":2,"featured_media":50701,"comment_status":"closed","ping_status":"closed","sticky":false,"template":"","format":"standard","meta":{"ngg_post_thumbnail":0,"_jetpack_newsletter_access":"","_jetpack_dont_email_post_to_subs":false,"_jetpack_newsletter_tier_id":0,"_jetpack_memberships_contains_paywalled_content":false,"_jetpack_memberships_contains_paid_content":false,"footnotes":""},"categories":[4,80,3290,1373,2],"tags":[3241,2841],"class_list":["post-50700","post","type-post","status-publish","format-standard","has-post-thumbnail","hentry","category-aguascalientes","category-cintillo","category-covid-19-en-aguascalientes","category-explotacion-y-precariedad-laboral-en-aguascalientes","category-noticias-nacionales","tag-covid-19","tag-explotacion-y-precariedad-laboral","entry"],"jetpack_featured_media_url":"http:\/\/www.grieta.org.mx\/wp-content\/uploads\/2020\/06\/49637489496_7fcb456a7f_b.jpg","jetpack_sharing_enabled":true,"jetpack_shortlink":"https:\/\/wp.me\/p7ZJR4-dbK","jetpack_likes_enabled":false,"jetpack-related-posts":[{"id":49250,"url":"http:\/\/www.grieta.org.mx\/index.php\/2020\/04\/21\/en-aguascalientes-meseros-piden-ser-incluidos-en-apoyos-economicos\/","url_meta":{"origin":50700,"position":0},"title":"En Aguascalientes, meseros piden ser incluidos en apoyos econ\u00f3micos","author":"grieta","date":"21 abril, 2020","format":false,"excerpt":"Gabriel Soriano\/La Jornada Aguascalientes 21 abril 2020 Sin ingresos quedaron los meseros al prohibir la realizaci\u00f3n de eventos Gobierno del Estado prometi\u00f3 hacerle entrega a la brevedad de apoyos econ\u00f3micos Meseros que son contratados por eventos se manifiestan afuera del Palacio de Gobierno, pues ante la baja actividad en el\u2026","rel":"","context":"En &quot;Aguascalientes&quot;","block_context":{"text":"Aguascalientes","link":"http:\/\/www.grieta.org.mx\/index.php\/category\/noticias-nacionales\/aguascalientes\/"},"img":{"alt_text":"","src":"https:\/\/i0.wp.com\/www.grieta.org.mx\/wp-content\/uploads\/2020\/05\/48791281107_90b9f4861e_c.jpg?resize=350%2C200","width":350,"height":200,"srcset":"https:\/\/i0.wp.com\/www.grieta.org.mx\/wp-content\/uploads\/2020\/05\/48791281107_90b9f4861e_c.jpg?resize=350%2C200 1x, https:\/\/i0.wp.com\/www.grieta.org.mx\/wp-content\/uploads\/2020\/05\/48791281107_90b9f4861e_c.jpg?resize=525%2C300 1.5x, https:\/\/i0.wp.com\/www.grieta.org.mx\/wp-content\/uploads\/2020\/05\/48791281107_90b9f4861e_c.jpg?resize=700%2C400 2x"},"classes":[]},{"id":51585,"url":"http:\/\/www.grieta.org.mx\/index.php\/2020\/07\/05\/cierran-elektra-de-aguascalientes-por-brote-de-covid-19-entre-el-personal\/","url_meta":{"origin":50700,"position":1},"title":"Fallece trabajadora en Aguascalientes por brote de Covid-19 en Elektra","author":"grieta","date":"5 julio, 2020","format":false,"excerpt":"Redacci\u00f3n\/La Verdad 5 julio 2020 Uno de los empleados de Elektra de Aguascalientes falleci\u00f3 a causa del Covid-19; se detect\u00f3 un brote en el personal. Cierran Elektra de Aguascalientes por brote de Covid-19 entre el personal Una sucursal de Elektra de Aguascalientes cerr\u00f3 sus puertas temporalmente luego que se detect\u00f3\u2026","rel":"","context":"En &quot;Aguascalientes&quot;","block_context":{"text":"Aguascalientes","link":"http:\/\/www.grieta.org.mx\/index.php\/category\/noticias-nacionales\/aguascalientes\/"},"img":{"alt_text":"","src":"https:\/\/i0.wp.com\/www.grieta.org.mx\/wp-content\/uploads\/2020\/07\/elektra_aguascalientes.jpg_793492074.jpg?resize=350%2C200","width":350,"height":200,"srcset":"https:\/\/i0.wp.com\/www.grieta.org.mx\/wp-content\/uploads\/2020\/07\/elektra_aguascalientes.jpg_793492074.jpg?resize=350%2C200 1x, https:\/\/i0.wp.com\/www.grieta.org.mx\/wp-content\/uploads\/2020\/07\/elektra_aguascalientes.jpg_793492074.jpg?resize=525%2C300 1.5x, https:\/\/i0.wp.com\/www.grieta.org.mx\/wp-content\/uploads\/2020\/07\/elektra_aguascalientes.jpg_793492074.jpg?resize=700%2C400 2x"},"classes":[]},{"id":50376,"url":"http:\/\/www.grieta.org.mx\/index.php\/2020\/06\/04\/nissan-despide-300-personas-en-aguascalientes\/","url_meta":{"origin":50700,"position":2},"title":"Nissan despide 300 personas en Aguascalientes","author":"grieta","date":"4 junio, 2020","format":false,"excerpt":"Jennifer Gonz\u00e1lez\/Expansi\u00f3n 4 junio 2020 500 personas dejar\u00e1n de trabajar en la planta de Nissan y en el sector de autopartes a partir de este lunes, informaron organizaciones sindicales. M\u00e9xico es el mayor proveedor de partes y componentes automotrices para Estados Unidos. (gerenme\/Getty Images\/iStockphoto) La armadora japonesa Nissan, que emplea\u2026","rel":"","context":"En &quot;CINTILLO&quot;","block_context":{"text":"CINTILLO","link":"http:\/\/www.grieta.org.mx\/index.php\/category\/cintillo\/"},"img":{"alt_text":"","src":"https:\/\/i0.wp.com\/www.grieta.org.mx\/wp-content\/uploads\/2020\/06\/autopartes.jpg?resize=350%2C200","width":350,"height":200,"srcset":"https:\/\/i0.wp.com\/www.grieta.org.mx\/wp-content\/uploads\/2020\/06\/autopartes.jpg?resize=350%2C200 1x, https:\/\/i0.wp.com\/www.grieta.org.mx\/wp-content\/uploads\/2020\/06\/autopartes.jpg?resize=525%2C300 1.5x, https:\/\/i0.wp.com\/www.grieta.org.mx\/wp-content\/uploads\/2020\/06\/autopartes.jpg?resize=700%2C400 2x, https:\/\/i0.wp.com\/www.grieta.org.mx\/wp-content\/uploads\/2020\/06\/autopartes.jpg?resize=1050%2C600 3x, https:\/\/i0.wp.com\/www.grieta.org.mx\/wp-content\/uploads\/2020\/06\/autopartes.jpg?resize=1400%2C800 4x"},"classes":[]},{"id":38843,"url":"http:\/\/www.grieta.org.mx\/index.php\/2019\/07\/22\/complicado-escenario-para-las-trabajadoras-de-limpieza-aguascalientes\/","url_meta":{"origin":50700,"position":3},"title":"Complicado escenario para las trabajadoras de limpieza (Aguascalientes)","author":"grieta","date":"22 julio, 2019","format":false,"excerpt":"Entre la explotaci\u00f3n y la vulnerabilidad El Heraldo de Aguascalientes, 22 de julio de 2019 Redacci\u00f3n Aguascalientes, Ags.- Las trabajadoras de limpieza son un gremio muy explotado, donde no se respetan sus derechos y son expuestas a jornadas laborales excesivas, y en ocasiones hasta son objeto de acoso sexual por\u2026","rel":"","context":"En &quot;Aguascalientes&quot;","block_context":{"text":"Aguascalientes","link":"http:\/\/www.grieta.org.mx\/index.php\/category\/noticias-nacionales\/aguascalientes\/"},"img":{"alt_text":"","src":"https:\/\/i0.wp.com\/www.grieta.org.mx\/wp-content\/uploads\/2019\/09\/http-_www.heraldo.mx_wp-content_uploads_2019_03_trabajadoras-del-hogar-aseo-limpieza-ASC_0749-696x442.jpg?resize=350%2C200","width":350,"height":200,"srcset":"https:\/\/i0.wp.com\/www.grieta.org.mx\/wp-content\/uploads\/2019\/09\/http-_www.heraldo.mx_wp-content_uploads_2019_03_trabajadoras-del-hogar-aseo-limpieza-ASC_0749-696x442.jpg?resize=350%2C200 1x, https:\/\/i0.wp.com\/www.grieta.org.mx\/wp-content\/uploads\/2019\/09\/http-_www.heraldo.mx_wp-content_uploads_2019_03_trabajadoras-del-hogar-aseo-limpieza-ASC_0749-696x442.jpg?resize=525%2C300 1.5x"},"classes":[]},{"id":28058,"url":"http:\/\/www.grieta.org.mx\/index.php\/2018\/12\/19\/nissan-recorta-a-mil-trabajadores-en-aguascalientes-y-cuernavaca\/","url_meta":{"origin":50700,"position":4},"title":"Nissan recorta a mil trabajadores en Aguascalientes y Cuernavaca","author":"grieta","date":"19 diciembre, 2018","format":false,"excerpt":"AGUASCALIENTES, Ags., (apro).- La empresa automotriz Nissan Mexicana anunci\u00f3 un recorte de mil plazas en las plantas armadoras con las que cuenta, ubicadas en Aguascalientes y Cuernavaca, argumentando las cambiantes condiciones de mercado en M\u00e9xico y Estados Unidos. A trav\u00e9s de un comunicado oficial, Nissan explic\u00f3 que se ajustar\u00e1 a\u2026","rel":"","context":"En &quot;Aguascalientes&quot;","block_context":{"text":"Aguascalientes","link":"http:\/\/www.grieta.org.mx\/index.php\/category\/noticias-nacionales\/aguascalientes\/"},"img":{"alt_text":"","src":"https:\/\/i0.wp.com\/www.grieta.org.mx\/wp-content\/uploads\/2018\/03\/14524434_1106112876131411_958039263622046936_o.jpg?resize=350%2C200","width":350,"height":200,"srcset":"https:\/\/i0.wp.com\/www.grieta.org.mx\/wp-content\/uploads\/2018\/03\/14524434_1106112876131411_958039263622046936_o.jpg?resize=350%2C200 1x, https:\/\/i0.wp.com\/www.grieta.org.mx\/wp-content\/uploads\/2018\/03\/14524434_1106112876131411_958039263622046936_o.jpg?resize=525%2C300 1.5x, https:\/\/i0.wp.com\/www.grieta.org.mx\/wp-content\/uploads\/2018\/03\/14524434_1106112876131411_958039263622046936_o.jpg?resize=700%2C400 2x"},"classes":[]},{"id":34016,"url":"http:\/\/www.grieta.org.mx\/index.php\/2019\/05\/29\/aguascalientes-supero-en-desempleo-a-zacatecas-san-luis-y-jalisco\/","url_meta":{"origin":50700,"position":5},"title":"Aguascalientes Super\u00f3 En Desempleo A Zacatecas, San Luis Y Jalisco","author":"grieta","date":"29 mayo, 2019","format":false,"excerpt":"Fabiola Cornejo\/Ultranoticias Para Aguascalientes La tasa de desempleo en abril pasado se ubic\u00f3 por encima de estados vecinos como Zacatecas, San Luis Potos\u00ed y Jalisco. De acuerdo para el INEGI, el mes de abril, Aguascalientes cerr\u00f3 con una desocupaci\u00f3n del 3.4%, mientras en Zacatecas fue del 3.2%, Jalisco 3.2% y\u2026","rel":"","context":"En &quot;Aguascalientes&quot;","block_context":{"text":"Aguascalientes","link":"http:\/\/www.grieta.org.mx\/index.php\/category\/noticias-nacionales\/aguascalientes\/"},"img":{"alt_text":"","src":"https:\/\/i0.wp.com\/www.grieta.org.mx\/wp-content\/uploads\/2019\/05\/a1.jpg?resize=350%2C200","width":350,"height":200,"srcset":"https:\/\/i0.wp.com\/www.grieta.org.mx\/wp-content\/uploads\/2019\/05\/a1.jpg?resize=350%2C200 1x, https:\/\/i0.wp.com\/www.grieta.org.mx\/wp-content\/uploads\/2019\/05\/a1.jpg?resize=525%2C300 1.5x, https:\/\/i0.wp.com\/www.grieta.org.mx\/wp-content\/uploads\/2019\/05\/a1.jpg?resize=700%2C400 2x, https:\/\/i0.wp.com\/www.grieta.org.mx\/wp-content\/uploads\/2019\/05\/a1.jpg?resize=1050%2C600 3x"},"classes":[]}],"_links":{"self":[{"href":"http:\/\/www.grieta.org.mx\/index.php\/wp-json\/wp\/v2\/posts\/50700","targetHints":{"allow":["GET"]}}],"collection":[{"href":"http:\/\/www.grieta.org.mx\/index.php\/wp-json\/wp\/v2\/posts"}],"about":[{"href":"http:\/\/www.grieta.org.mx\/index.php\/wp-json\/wp\/v2\/types\/post"}],"author":[{"embeddable":true,"href":"http:\/\/www.grieta.org.mx\/index.php\/wp-json\/wp\/v2\/users\/2"}],"replies":[{"embeddable":true,"href":"http:\/\/www.grieta.org.mx\/index.php\/wp-json\/wp\/v2\/comments?post=50700"}],"version-history":[{"count":1,"href":"http:\/\/www.grieta.org.mx\/index.php\/wp-json\/wp\/v2\/posts\/50700\/revisions"}],"predecessor-version":[{"id":50702,"href":"http:\/\/www.grieta.org.mx\/index.php\/wp-json\/wp\/v2\/posts\/50700\/revisions\/50702"}],"wp:featuredmedia":[{"embeddable":true,"href":"http:\/\/www.grieta.org.mx\/index.php\/wp-json\/wp\/v2\/media\/50701"}],"wp:attachment":[{"href":"http:\/\/www.grieta.org.mx\/index.php\/wp-json\/wp\/v2\/media?parent=50700"}],"wp:term":[{"taxonomy":"category","embeddable":true,"href":"http:\/\/www.grieta.org.mx\/index.php\/wp-json\/wp\/v2\/categories?post=50700"},{"taxonomy":"post_tag","embeddable":true,"href":"http:\/\/www.grieta.org.mx\/index.php\/wp-json\/wp\/v2\/tags?post=50700"}],"curies":[{"name":"wp","href":"https:\/\/api.w.org\/{rel}","templated":true}]}}