{"id":50689,"date":"2020-03-09T17:14:53","date_gmt":"2020-03-09T23:14:53","guid":{"rendered":"http:\/\/www.grieta.org.mx\/?p=50689"},"modified":"2020-06-12T17:31:37","modified_gmt":"2020-06-12T22:31:37","slug":"conacyt-oculto-informe-critico-con-el-tren-maya-ven-riesgo","status":"publish","type":"post","link":"http:\/\/www.grieta.org.mx\/index.php\/2020\/03\/09\/conacyt-oculto-informe-critico-con-el-tren-maya-ven-riesgo\/","title":{"rendered":"Conacyt ocult\u00f3 informe cr\u00edtico con el Tren Maya; ven riesgo"},"content":{"rendered":"<p><img loading=\"lazy\" decoding=\"async\" data-attachment-id=\"50690\" data-permalink=\"http:\/\/www.grieta.org.mx\/index.php\/2020\/03\/09\/conacyt-oculto-informe-critico-con-el-tren-maya-ven-riesgo\/trenmayaconacytoculto\/\" data-orig-file=\"http:\/\/www.grieta.org.mx\/wp-content\/uploads\/2020\/06\/TrenMayaConacytOculto.png\" data-orig-size=\"640,391\" data-comments-opened=\"0\" data-image-meta=\"{&quot;aperture&quot;:&quot;0&quot;,&quot;credit&quot;:&quot;&quot;,&quot;camera&quot;:&quot;&quot;,&quot;caption&quot;:&quot;&quot;,&quot;created_timestamp&quot;:&quot;0&quot;,&quot;copyright&quot;:&quot;&quot;,&quot;focal_length&quot;:&quot;0&quot;,&quot;iso&quot;:&quot;0&quot;,&quot;shutter_speed&quot;:&quot;0&quot;,&quot;title&quot;:&quot;&quot;,&quot;orientation&quot;:&quot;0&quot;}\" data-image-title=\"TrenMayaConacytOculto\" data-image-description=\"\" data-image-caption=\"\" data-medium-file=\"http:\/\/www.grieta.org.mx\/wp-content\/uploads\/2020\/06\/TrenMayaConacytOculto-300x183.png\" data-large-file=\"http:\/\/www.grieta.org.mx\/wp-content\/uploads\/2020\/06\/TrenMayaConacytOculto.png\" src=\"http:\/\/www.grieta.org.mx\/wp-content\/uploads\/2020\/06\/TrenMayaConacytOculto.png\" alt=\"\" width=\"640\" height=\"391\" class=\"aligncenter size-full wp-image-50690\" srcset=\"http:\/\/www.grieta.org.mx\/wp-content\/uploads\/2020\/06\/TrenMayaConacytOculto.png 640w, http:\/\/www.grieta.org.mx\/wp-content\/uploads\/2020\/06\/TrenMayaConacytOculto-300x183.png 300w\" sizes=\"auto, (max-width: 640px) 100vw, 640px\" \/><\/p>\n<p>Carlos Caraba\u00f1a \/ El Universal<\/p>\n<blockquote><p>M\u00e1s de 30 cient\u00edficos entregaron un reporte de impacto del proyecto antes de la consulta de 2019, pero no fue difundido &#8220;para no influir&#8221;.<\/p><\/blockquote>\n<p>El Tren Maya, la obra estrella de la administraci\u00f3n del presidente Andr\u00e9s Manuel L\u00f3pez Obrador, conllevar\u00e1 afectaciones negativas a 10 \u00c1reas Naturales Protegidas (ANP) y a sus servicios ambientales, como la recarga de los acu\u00edferos y su capacidad para capturar carbono. Adem\u00e1s, podr\u00eda implicar la destrucci\u00f3n irrecuperable de mil 288 sitios arqueol\u00f3gicos, ha vulnerado los derechos de 146 mil ind\u00edgenas, las tierras aportadas para el proyecto y sus polos de desarrollo jam\u00e1s podr\u00e1n recuperarse; adem\u00e1s, el empleo que crear\u00e1 ser\u00e1 precario y temporal.<\/p>\n<p>Tambi\u00e9n se prev\u00e9 que abone al incremento de la trata de personas y al tr\u00e1fico de drogas en los cinco estados afectados.<\/p>\n<p>Ese es el resumen del documento Territorios mayas en el paso del tren: situaci\u00f3n actual y riesgos previsibles, elaborado por el grupo constituido por el Consejo Nacional de Ciencia y Tecnolog\u00eda (Conacyt) para el an\u00e1lisis de riesgos en los territorios en los que est\u00e1 proyectado el Tren Maya.<\/p>\n<p>A finales de septiembre de 2019, el Conacyt invit\u00f3 a m\u00e1s de 30 investigadores para conformar este grupo con el fin de estudiar las afectaciones a lo largo de los mil 500 kil\u00f3metros de v\u00eda, las diferentes estaciones y ciudades por las que pasar\u00e1 el tren.<\/p>\n<p>Tras la convocatoria de la consulta, el 15 de noviembre de 2019, el consejo apremi\u00f3 a los investigadores para que entregaran el an\u00e1lisis, bajo el entendido de que la informaci\u00f3n se difundir\u00eda antes del proceso.<\/p>\n<p>De acuerdo con fuentes cercanas a su elaboraci\u00f3n, un primer resultado fue enviado entre el 10 y el 12 de diciembre, pero el informe, en lugar de ser distribuido a secretar\u00edas y p\u00fablico en general, fue detenido.<\/p>\n<p>El an\u00e1lisis completo consta de cinco documentos de 60 cuartillas cada uno y se hizo llegar un resumen ejecutivo a la Presidencia de la Rep\u00fablica. La consulta se celebr\u00f3 finalmente el 14 y el 15 de diciembre de 2019. Votaron 100 mil personas en Campeche, Chiapas, Quintana Roo, Tabasco y Yucat\u00e1n.<\/p>\n<p>La Divisi\u00f3n de Derechos Humanos de la Organizaci\u00f3n de las Naciones Unidas (ONU) dijo que \u00e9sta no cumpli\u00f3 con los est\u00e1ndares internacionales y que los votantes apoyaron la obra s\u00f3lo por la posibilidad de cubrir sus necesidades b\u00e1sicas.<\/p>\n<p>\u201cNos pusieron tiempos muy breves para cumplir con esa fecha, pidi\u00e9ndonos que entreg\u00e1ramos algo. Y lo hicimos. Pero ah\u00ed se par\u00f3. Nos dijeron que era muy tarde y que ahora no quer\u00edan sacarlo antes de la consulta para no influir\u201d, explic\u00f3 uno de los investigadores bajo condici\u00f3n de anonimato. En el propio documento falta informaci\u00f3n p\u00fablica sobre el proyecto, la cual sali\u00f3 a la luz tras la consulta.<\/p>\n<p>El Conacyt dijo despu\u00e9s que lo difundir\u00eda en otras dos ocasiones (el 17 de diciembre de 2019 y, luego, en la tercera semana de enero de 2020); sin embargo, nunca lo hizo.<\/p>\n<p>El informe, seg\u00fan se lee, pretende ofrecer \u201cinformaci\u00f3n a los diversos actores de la sociedad, del gobierno y de la academia que tienen inter\u00e9s o la responsabilidad de contribuir activamente a garantizar la prevalencia del bien p\u00fablico\u201d; aunque aclara que no se dispone \u201ctodav\u00eda de estudios de infraestructura b\u00e1sica, impacto social, impacto ambiental y otros m\u00e1s espec\u00edficos indispensables para estimar la viabilidad y pertinencia de un proyecto de esta envergadura\u201d.<\/p>\n<p>El Tren Maya est\u00e1 en la zona de influencia de \u201cyacimientos petroleros del pa\u00eds y con una buena parte de los mineros\u201d.<\/p>\n<p>EL UNIVERSAL solicit\u00f3 la postura del Conacyt; sin embargo, al cierre de esta edici\u00f3n no se obtuvo respuesta.<\/p>\n<p>Medio ambiente<\/p>\n<p>El proyecto del Tren Maya afectar\u00e1 a por lo menos 10 \u00c1reas Naturales Protegidas: reservas estatales de Balam Kin y Balam K\u00fa (Campeche); el Parque Nacional de Palenque (Chiapas); las \u00c1reas de Protecci\u00f3n Ca\u00f1\u00f3n del Usumacinta (Chiapas), Yum Balam, Manglares de Nichupt\u00e9 y Uaymil (Quintana Roo); las Reservas de la Biosfera de Sian Ka\u2019an (Quintana Roo), as\u00ed como Los Petenes y Calakmul (Campeche).<\/p>\n<p>\u201cSufrir\u00e1n alteraciones [degradaci\u00f3n, fragmentaci\u00f3n y deforestaci\u00f3n] asociadas con la construcci\u00f3n, circulaci\u00f3n y desarrollo del proyecto\u201d, el cual tendr\u00e1 un impacto negativo en los servicios ambientales de los ecosistemas que ser\u00e1n afectados, destacando la recarga del manto fre\u00e1tico y la captura del bi\u00f3xido de carbono atmosf\u00e9rico.<\/p>\n<p>Arqueolog\u00eda<\/p>\n<p>Mil 288 sitios arqueol\u00f3gicos registrados en el inventario del Instituto Nacional de Antropolog\u00eda e Historia (INAH) est\u00e1n en un margen de 10 kil\u00f3metros a ambos lados de la v\u00eda prevista: \u201cTendr\u00edan una afectaci\u00f3n directa que, atendiendo a los c\u00e1lculos de pasajeros y carga del tren, podr\u00edan implicar la destrucci\u00f3n irrecuperable de vestigios culturales, da\u00f1o f\u00edsico, adulteraci\u00f3n o uso tur\u00edstico excesivo\u201d, se lee en el documento.<\/p>\n<p>Pueblos ind\u00edgenas<\/p>\n<p>El Instituto Nacional de Pueblos Ind\u00edgenas (INPI) registra, en una franja de un kil\u00f3metro a cada lado de la v\u00eda, 197 localidades ind\u00edgenas con 143 mil personas de pueblos originarios \u201cque ser\u00e1n afectadas por la construcci\u00f3n y funcionamiento del tren\u201d. El informe cita el Convenio 169 sobre Pueblos Ind\u00edgenas y Tribales de la Organizaci\u00f3n Internacional del Trabajo (OIT) firmado por M\u00e9xico y asegura que el derecho a contar con su \u201cconsentimiento libre, previo e informado\u201d no se cumple en el caso del Tren Maya, ya que \u201cno se ha hecho p\u00fablico el proyecto correspondiente ni los estudios de ingenier\u00eda b\u00e1sica e impactos ambiental, cultural y social\u201d e incluso, \u201cel trazo ha sido modificado y rectificado sin asegurar cu\u00e1l es el definitivo que se propone\u201d.<br \/>\nTierras para el Tren Maya<\/p>\n<p>Para que ejidatarios y peque\u00f1os propietarios aporten tierras para el Tren Maya, las estaciones y sus ciudades, se propone el esquema FIBRA, un fideicomiso que cotizar\u00e1 en la bolsa, en el que las comunidades pondr\u00edan las tierras y los inversores, el dinero.<\/p>\n<p>\u201cMediante las FIBRAS, la tierra no cambia de propietario, pero es entregada como soporte material y financiero\u201d, dice el documento. Estos instrumentos financieros h\u00edbridos tienen mayoritariamente rentas variables, cuyo rendimiento no est\u00e1 garantizado, podr\u00eda incluso ser nulo, y la inversi\u00f3n se podr\u00eda perder. Adem\u00e1s, \u201cla tierra ya no podr\u00e1 ser recuperada, a menos que los propietarios tuvieran el capital suficiente para comprar la totalidad de los certificados burs\u00e1tiles o los inmuebles construidos encima\u201d.<\/p>\n<p>Empleo<\/p>\n<p>El documento explica que la promesa de nuevos empleos es un elemento central del Tren Maya, pero observan dos problemas principales: por un lado, obedece principalmente a los trabajos de construcci\u00f3n que tienen una duraci\u00f3n limitada y despu\u00e9s de un primer momento de alta incorporaci\u00f3n, vendr\u00e1 una baja. Adem\u00e1s, se orientar\u00e1 a empleos precarios, con baja remuneraci\u00f3n y sin prestaciones que supone un trabajo de base.<br \/>\nTurismo<\/p>\n<p>El Tren Maya, con su orientaci\u00f3n al turismo, tendr\u00e1 \u201cun impacto en el aumento de actividades il\u00edcitas como la trata de personas y la circulaci\u00f3n y uso de drogas\u201d, lo que lleva al descuido e irrespeto con el entorno, que pone en riesgo el patrimonio cultural\u201d.<\/p>\n<p><a href=\"https:\/\/interactivo.eluniversal.com.mx\/online\/pdf-20\/PDF-RESUMEN-EJECUTIVO-GCTTM.pdf\" rel=\"noopener noreferrer\" target=\"_blank\">Documento Territorios mayas en el paso del Tren<\/a><\/p>\n<p><a href=\"https:\/\/www.eluniversal.com.mx\/nacion\/conacyt-oculto-informe-critico-con-el-tren-maya-ven-riesgo\" rel=\"noopener noreferrer\" target=\"_blank\">https:\/\/www.eluniversal.com.mx\/nacion\/conacyt-oculto-informe-critico-con-el-tren-maya-ven-riesgo<\/a><\/p>\n","protected":false},"excerpt":{"rendered":"<p>Carlos Caraba\u00f1a \/ El Universal M\u00e1s de 30 cient\u00edficos entregaron un reporte de impacto del proyecto antes de la consulta de 2019, pero no fue difundido &#8220;para no influir&#8221;. El &hellip; <a href=\"http:\/\/www.grieta.org.mx\/index.php\/2020\/03\/09\/conacyt-oculto-informe-critico-con-el-tren-maya-ven-riesgo\/\" class=\"more-link\">Leer m\u00e1s<\/a><\/p>\n","protected":false},"author":2,"featured_media":50690,"comment_status":"closed","ping_status":"closed","sticky":false,"template":"","format":"standard","meta":{"ngg_post_thumbnail":0,"_jetpack_newsletter_access":"","_jetpack_dont_email_post_to_subs":false,"_jetpack_newsletter_tier_id":0,"_jetpack_memberships_contains_paywalled_content":false,"_jetpack_memberships_contains_paid_content":false,"footnotes":""},"categories":[60,69,11,80,958,976,984,1,954,3,922,926,944,952,2,28,1875,1876,1877,2026,2044,36],"tags":[687,1878],"class_list":["post-50689","post","type-post","status-publish","format-standard","has-post-thumbnail","hentry","category-16-pueblo-maya","category-25-xpujil","category-campeche","category-cintillo","category-esp-campeche","category-esp-quintana-roo","category-esp-yucatan","category-espejos-de-la-resistencia","category-espejos-estados","category-megaproyectos","category-megaproyectos-estados","category-mp-campeche","category-mp-quintana-roo","category-mp-yucatan","category-noticias-nacionales","category-quintana-roo","category-resistencia-al-tren-maya-en-la-peninsula-de-yucatan","category-resistencia-al-tren-maya-en-la-peninsula-de-yucatan-quintana-roo","category-resistencia-al-tren-maya-en-la-peninsula-de-yucatan-campeche","category-tren-maya","category-tren-maya-analisis","category-yucatan","tag-conacyt","tag-tren-maya","entry"],"jetpack_featured_media_url":"http:\/\/www.grieta.org.mx\/wp-content\/uploads\/2020\/06\/TrenMayaConacytOculto.png","jetpack_sharing_enabled":true,"jetpack_shortlink":"https:\/\/wp.me\/p7ZJR4-dbz","jetpack_likes_enabled":false,"jetpack-related-posts":[{"id":47874,"url":"http:\/\/www.grieta.org.mx\/index.php\/2020\/04\/13\/las-vias-torcidas-del-tren-maya-video\/","url_meta":{"origin":50689,"position":0},"title":"Las v\u00edas torcidas del tren maya (Video)","author":"grieta","date":"13 abril, 2020","format":false,"excerpt":"https:\/\/www.youtube.com\/watch?v=k8FRX9eT0YY","rel":"","context":"En &quot;16. Pueblo Maya&quot;","block_context":{"text":"16. Pueblo Maya","link":"http:\/\/www.grieta.org.mx\/index.php\/category\/espejos-de-la-resistencia\/16-pueblo-maya\/"},"img":{"alt_text":"","src":"https:\/\/i0.wp.com\/www.grieta.org.mx\/wp-content\/uploads\/2020\/04\/ViasTorcidasTrenMaya.png?resize=350%2C200","width":350,"height":200,"srcset":"https:\/\/i0.wp.com\/www.grieta.org.mx\/wp-content\/uploads\/2020\/04\/ViasTorcidasTrenMaya.png?resize=350%2C200 1x, https:\/\/i0.wp.com\/www.grieta.org.mx\/wp-content\/uploads\/2020\/04\/ViasTorcidasTrenMaya.png?resize=525%2C300 1.5x, https:\/\/i0.wp.com\/www.grieta.org.mx\/wp-content\/uploads\/2020\/04\/ViasTorcidasTrenMaya.png?resize=700%2C400 2x"},"classes":[]},{"id":35945,"url":"http:\/\/www.grieta.org.mx\/index.php\/2019\/07\/05\/expansion-de-megaproyectos-en-la-peninsula-de-yucatan-video\/","url_meta":{"origin":50689,"position":1},"title":"Expansi\u00f3n de Megaproyectos en la Pen\u00ednsula de Yucat\u00e1n (Video)","author":"grieta","date":"5 julio, 2019","format":false,"excerpt":"https:\/\/youtu.be\/qLBARIAaBsI","rel":"","context":"En &quot;Campeche&quot;","block_context":{"text":"Campeche","link":"http:\/\/www.grieta.org.mx\/index.php\/category\/noticias-nacionales\/campeche\/"},"img":{"alt_text":"","src":"https:\/\/i0.wp.com\/img.youtube.com\/vi\/qLBARIAaBsI\/0.jpg?resize=350%2C200","width":350,"height":200},"classes":[]},{"id":45360,"url":"http:\/\/www.grieta.org.mx\/index.php\/2020\/02\/27\/no-estamos-peleando-la-suspension-provisional-del-tren-maya-sino-la-definitiva-cruz-rueda\/","url_meta":{"origin":50689,"position":2},"title":"&#8220;No estamos peleando la suspensi\u00f3n provisional del Tren Maya, sino la definitiva&#8221;: Cruz Rueda","author":"grieta","date":"27 febrero, 2020","format":false,"excerpt":"Impugnaci\u00f3n de Presidencia \"no nos quita el sue\u00f1o\" Abraham Bote \/Foto: Tomada de Twitter \/La Jornada Maya M\u00e9rida, Yucat\u00e1n Respecto a la impugnaci\u00f3n que realiz\u00f3 la Presidencia de la Rep\u00fablica y el apoderado de la Naci\u00f3n Financiera (Nafin), contra la suspensi\u00f3n provisional del proyecto de Tren Maya, la asesora jur\u00eddica\u2026","rel":"","context":"En &quot;16. Pueblo Maya&quot;","block_context":{"text":"16. Pueblo Maya","link":"http:\/\/www.grieta.org.mx\/index.php\/category\/espejos-de-la-resistencia\/16-pueblo-maya\/"},"img":{"alt_text":"","src":"https:\/\/i0.wp.com\/www.grieta.org.mx\/wp-content\/uploads\/2020\/02\/TrenMallaCampeche.png?resize=350%2C200","width":350,"height":200,"srcset":"https:\/\/i0.wp.com\/www.grieta.org.mx\/wp-content\/uploads\/2020\/02\/TrenMallaCampeche.png?resize=350%2C200 1x, https:\/\/i0.wp.com\/www.grieta.org.mx\/wp-content\/uploads\/2020\/02\/TrenMallaCampeche.png?resize=525%2C300 1.5x, https:\/\/i0.wp.com\/www.grieta.org.mx\/wp-content\/uploads\/2020\/02\/TrenMallaCampeche.png?resize=700%2C400 2x"},"classes":[]},{"id":48940,"url":"http:\/\/www.grieta.org.mx\/index.php\/2020\/05\/11\/interponen-queja-ante-la-cndh-contra-obras-del-tren-maya\/","url_meta":{"origin":50689,"position":3},"title":"Interponen queja ante la CNDH contra obras del Tren Maya","author":"grieta","date":"11 mayo, 2020","format":false,"excerpt":"Lilia Balam \/ Informe Fracto Colectivos ind\u00edgenas y organizaciones civiles argumentaron que continuar con la construcci\u00f3n del proyecto durante la pandemia vulnera los derechos de los pobladores de la regi\u00f3n. Colectivos ind\u00edgenas y organizaciones civiles de la Pen\u00ednsula de Yucat\u00e1n interpusieron una queja ante la Comisi\u00f3n Nacional de los Derechos\u2026","rel":"","context":"En &quot;Campeche&quot;","block_context":{"text":"Campeche","link":"http:\/\/www.grieta.org.mx\/index.php\/category\/noticias-nacionales\/campeche\/"},"img":{"alt_text":"","src":"https:\/\/i0.wp.com\/www.grieta.org.mx\/wp-content\/uploads\/2020\/05\/tren_maya.jpg1_-640x360-1-e1589284542406.jpg?resize=350%2C200","width":350,"height":200,"srcset":"https:\/\/i0.wp.com\/www.grieta.org.mx\/wp-content\/uploads\/2020\/05\/tren_maya.jpg1_-640x360-1-e1589284542406.jpg?resize=350%2C200 1x, https:\/\/i0.wp.com\/www.grieta.org.mx\/wp-content\/uploads\/2020\/05\/tren_maya.jpg1_-640x360-1-e1589284542406.jpg?resize=525%2C300 1.5x, https:\/\/i0.wp.com\/www.grieta.org.mx\/wp-content\/uploads\/2020\/05\/tren_maya.jpg1_-640x360-1-e1589284542406.jpg?resize=700%2C400 2x"},"classes":[]},{"id":29462,"url":"http:\/\/www.grieta.org.mx\/index.php\/2019\/02\/18\/migrantes-construirian-tren-maya-y-refineria-en-tabasco\/","url_meta":{"origin":50689,"position":4},"title":"Migrantes \u2018construir\u00edan\u2019 Tren Maya y refiner\u00eda en Tabasco","author":"grieta","date":"18 febrero, 2019","format":false,"excerpt":"Redacci\u00f3n \/ XEVA Noticias Ra\u00fal Bonifaz Mohedano, diputado federal de Morena y presidente de la Comisi\u00f3n de la Frontera Sur en el Congreso de la Uni\u00f3n, adelant\u00f3 que hay un proyecto que podr\u00eda contemplar la contrataci\u00f3n de migrantes en obras federales en el sur del pa\u00eds. El legislador federal expuso\u2026","rel":"","context":"En &quot;16. Pueblo Maya&quot;","block_context":{"text":"16. Pueblo Maya","link":"http:\/\/www.grieta.org.mx\/index.php\/category\/espejos-de-la-resistencia\/16-pueblo-maya\/"},"img":{"alt_text":"","src":"https:\/\/i0.wp.com\/www.grieta.org.mx\/wp-content\/uploads\/2019\/02\/tren-1550524057-621x354.jpg?resize=350%2C200","width":350,"height":200,"srcset":"https:\/\/i0.wp.com\/www.grieta.org.mx\/wp-content\/uploads\/2019\/02\/tren-1550524057-621x354.jpg?resize=350%2C200 1x, https:\/\/i0.wp.com\/www.grieta.org.mx\/wp-content\/uploads\/2019\/02\/tren-1550524057-621x354.jpg?resize=525%2C300 1.5x"},"classes":[]},{"id":50050,"url":"http:\/\/www.grieta.org.mx\/index.php\/2020\/05\/31\/los-derechos-indigenas-son-pisoteados-con-impunidad-presidencial-y-sin-recato-dicen-mayas-a-amlo\/","url_meta":{"origin":50689,"position":5},"title":"Los derechos ind\u00edgenas \u201cson pisoteados con impunidad presidencial y sin recato\u201d, dicen mayas a AMLO","author":"grieta","date":"31 mayo, 2020","format":false,"excerpt":"Redacci\u00f3n \/ Sin Embargo \u201cSr. L\u00f3pez, viene usted a Yucat\u00e1n, la tierra donde los malos gobiernos (de los tres niveles) se ponen sin decencia ni recato al servicio de megaproyectos de alma podrida, sembrando discordia y conflictos sociales en nuestras comunidades. Llega usted, Sr. L\u00f3pez, al Yucat\u00e1n donde la ilegalidad,\u2026","rel":"","context":"En &quot;16. Pueblo Maya&quot;","block_context":{"text":"16. Pueblo Maya","link":"http:\/\/www.grieta.org.mx\/index.php\/category\/espejos-de-la-resistencia\/16-pueblo-maya\/"},"img":{"alt_text":"","src":"https:\/\/i0.wp.com\/www.grieta.org.mx\/wp-content\/uploads\/2020\/05\/amloco-tirano-rex-e1590968383995.jpg?resize=350%2C200","width":350,"height":200,"srcset":"https:\/\/i0.wp.com\/www.grieta.org.mx\/wp-content\/uploads\/2020\/05\/amloco-tirano-rex-e1590968383995.jpg?resize=350%2C200 1x, https:\/\/i0.wp.com\/www.grieta.org.mx\/wp-content\/uploads\/2020\/05\/amloco-tirano-rex-e1590968383995.jpg?resize=525%2C300 1.5x, https:\/\/i0.wp.com\/www.grieta.org.mx\/wp-content\/uploads\/2020\/05\/amloco-tirano-rex-e1590968383995.jpg?resize=700%2C400 2x"},"classes":[]}],"_links":{"self":[{"href":"http:\/\/www.grieta.org.mx\/index.php\/wp-json\/wp\/v2\/posts\/50689","targetHints":{"allow":["GET"]}}],"collection":[{"href":"http:\/\/www.grieta.org.mx\/index.php\/wp-json\/wp\/v2\/posts"}],"about":[{"href":"http:\/\/www.grieta.org.mx\/index.php\/wp-json\/wp\/v2\/types\/post"}],"author":[{"embeddable":true,"href":"http:\/\/www.grieta.org.mx\/index.php\/wp-json\/wp\/v2\/users\/2"}],"replies":[{"embeddable":true,"href":"http:\/\/www.grieta.org.mx\/index.php\/wp-json\/wp\/v2\/comments?post=50689"}],"version-history":[{"count":1,"href":"http:\/\/www.grieta.org.mx\/index.php\/wp-json\/wp\/v2\/posts\/50689\/revisions"}],"predecessor-version":[{"id":50691,"href":"http:\/\/www.grieta.org.mx\/index.php\/wp-json\/wp\/v2\/posts\/50689\/revisions\/50691"}],"wp:featuredmedia":[{"embeddable":true,"href":"http:\/\/www.grieta.org.mx\/index.php\/wp-json\/wp\/v2\/media\/50690"}],"wp:attachment":[{"href":"http:\/\/www.grieta.org.mx\/index.php\/wp-json\/wp\/v2\/media?parent=50689"}],"wp:term":[{"taxonomy":"category","embeddable":true,"href":"http:\/\/www.grieta.org.mx\/index.php\/wp-json\/wp\/v2\/categories?post=50689"},{"taxonomy":"post_tag","embeddable":true,"href":"http:\/\/www.grieta.org.mx\/index.php\/wp-json\/wp\/v2\/tags?post=50689"}],"curies":[{"name":"wp","href":"https:\/\/api.w.org\/{rel}","templated":true}]}}