{"id":50670,"date":"2020-06-10T22:53:19","date_gmt":"2020-06-11T03:53:19","guid":{"rendered":"http:\/\/www.grieta.org.mx\/?p=50670"},"modified":"2020-06-11T23:23:16","modified_gmt":"2020-06-12T04:23:16","slug":"los-49-de-cadereyta-ocho-anos-de-injusticia-y-un-expediente-extraviado","status":"publish","type":"post","link":"http:\/\/www.grieta.org.mx\/index.php\/2020\/06\/10\/los-49-de-cadereyta-ocho-anos-de-injusticia-y-un-expediente-extraviado\/","title":{"rendered":"Los 49 de Cadereyta Ocho a\u00f1os de injusticia\u2026 y un expediente extraviado"},"content":{"rendered":"<p>Luciano Campos Garza\/ PROCESO<\/p>\n<figure id=\"attachment_50671\" aria-describedby=\"caption-attachment-50671\" style=\"width: 800px\" class=\"wp-caption aligncenter\"><img loading=\"lazy\" decoding=\"async\" data-attachment-id=\"50671\" data-permalink=\"http:\/\/www.grieta.org.mx\/index.php\/2020\/06\/10\/los-49-de-cadereyta-ocho-anos-de-injusticia-y-un-expediente-extraviado\/cadereyta-870x522\/\" data-orig-file=\"http:\/\/www.grieta.org.mx\/wp-content\/uploads\/2020\/06\/cadereyta-870x522.jpeg\" data-orig-size=\"870,522\" data-comments-opened=\"0\" data-image-meta=\"{&quot;aperture&quot;:&quot;0&quot;,&quot;credit&quot;:&quot;&quot;,&quot;camera&quot;:&quot;&quot;,&quot;caption&quot;:&quot;&quot;,&quot;created_timestamp&quot;:&quot;0&quot;,&quot;copyright&quot;:&quot;&quot;,&quot;focal_length&quot;:&quot;0&quot;,&quot;iso&quot;:&quot;0&quot;,&quot;shutter_speed&quot;:&quot;0&quot;,&quot;title&quot;:&quot;&quot;,&quot;orientation&quot;:&quot;0&quot;}\" data-image-title=\"cadereyta-870&amp;#215;522\" data-image-description=\"\" data-image-caption=\"&lt;p&gt;Pesquisas en Cadereyta. Foto: Miguel Sierra&lt;\/p&gt;\n\" data-medium-file=\"http:\/\/www.grieta.org.mx\/wp-content\/uploads\/2020\/06\/cadereyta-870x522-300x180.jpeg\" data-large-file=\"http:\/\/www.grieta.org.mx\/wp-content\/uploads\/2020\/06\/cadereyta-870x522.jpeg\" class=\"wp-image-50671\" src=\"http:\/\/www.grieta.org.mx\/wp-content\/uploads\/2020\/06\/cadereyta-870x522.jpeg\" alt=\"\" width=\"800\" height=\"480\" srcset=\"http:\/\/www.grieta.org.mx\/wp-content\/uploads\/2020\/06\/cadereyta-870x522.jpeg 870w, http:\/\/www.grieta.org.mx\/wp-content\/uploads\/2020\/06\/cadereyta-870x522-300x180.jpeg 300w, http:\/\/www.grieta.org.mx\/wp-content\/uploads\/2020\/06\/cadereyta-870x522-768x461.jpeg 768w, http:\/\/www.grieta.org.mx\/wp-content\/uploads\/2020\/06\/cadereyta-870x522-833x500.jpeg 833w\" sizes=\"auto, (max-width: 800px) 100vw, 800px\" \/><figcaption id=\"caption-attachment-50671\" class=\"wp-caption-text\">Pesquisas en Cadereyta. Foto: Miguel Sierra<\/figcaption><\/figure>\n<p>La ejecuci\u00f3n, hace ocho a\u00f1os, de 49 migrantes cuyos cad\u00e1veres aparecieron en Cadereyta, es un caso paradigm\u00e1tico de ineptitud en la aplicaci\u00f3n de justicia. Desde el principio hubo negligencia de la fiscal\u00eda de Nuevo Le\u00f3n, que hace dos a\u00f1os se deshizo del expediente del caso y lo envi\u00f3 a la FGR mediante una empresa de servicios de paqueter\u00eda, pero \u00e9sta nunca lo entreg\u00f3. Y aunque las autoridades nuevoleonesas reenviaron otro expediente con constancias certificadas hace un a\u00f1o, las indagatorias siguen empantanadas.<\/p>\n<p>MONTERREY, N.L.\u2013 El expediente de la investigaci\u00f3n sobre el asesinato de 49 personas ocurrido en el municipio de Cadereyta est\u00e1 desaparecido.<\/p>\n<p>El legajo que conten\u00eda documentos y evidencias materiales de esa matanza descubierta el 13 de mayo de 2012 fue destruido durante el env\u00edo por paqueter\u00eda efectuado en 2018, seg\u00fan la versi\u00f3n que la fiscal\u00eda estatal entreg\u00f3 a la General de la Rep\u00fablica (FGR), que atrajo el caso.<\/p>\n<p>La fiscal\u00eda estatal, que dirige Gustavo Adolfo Guerrero Guti\u00e9rrez, no ha explicado a\u00fan la desaparici\u00f3n de ese expediente, que inclu\u00eda la manta que los homicidas dejaron sobre los cad\u00e1veres, sostienen los representantes legales de los deudos de las v\u00edctimas, en su mayor\u00eda oriundos de Honduras.<\/p>\n<p>\u201cNo podr\u00eda creer en una situaci\u00f3n fortuita o accidental, porque (esa desaparici\u00f3n) nos lleva a varias preguntas, como qui\u00e9n es responsable de la p\u00e9rdida o destrucci\u00f3n, qui\u00e9n dio la orden (del traslado), de qu\u00e9 manera fue destruido, si se confirma, y sobre todo qu\u00e9 informaci\u00f3n conten\u00eda y qu\u00e9 objetos ten\u00eda\u201d, dice Fabienne Cabaret, coordinadora del \u00e1rea de defensa integral de la Fundaci\u00f3n para la Justicia y el Estado Democr\u00e1tico de Derecho (FJEDD).<\/p>\n<p>Es inaceptable que en ocho a\u00f1os no se haya resuelto este caso, uno de los m\u00e1s emblem\u00e1ticos de la violencia reciente en M\u00e9xico, ni se haya registrado avance en las indagatorias, dice la activista de la asociaci\u00f3n civil radicada en la Ciudad de M\u00e9xico.<\/p>\n<p>La fiscal\u00eda de Nuevo Le\u00f3n admiti\u00f3 haber enviado el expediente por paqueter\u00eda, pero la empresa no lo entreg\u00f3 y de manera extraoficial comunic\u00f3 a las autoridades estatales que lo hab\u00eda destruido, por lo que la fiscal\u00eda repuso la documentaci\u00f3n y la envi\u00f3 de nuevo a la FGR.<\/p>\n<p>La desaparici\u00f3n<\/p>\n<p>La madrugada del 13 de mayo de 2012 en Cadereyta Jim\u00e9nez, 30 kil\u00f3metros al oriente de Monterrey, a un costado del kil\u00f3metro 47 Carretera Libre Monterrey-Reynosa, en el entronque con la comunidad San Juan, se localiz\u00f3 una pila de restos humanos que pertenec\u00edan a 49 personas a las que les hab\u00edan cercenado la cabeza y las extremidades.<\/p>\n<p>Hab\u00eda una manta con un texto presuntamente escrito por un grupo criminal que hasta hoy no ha sido identificado.<\/p>\n<p>Ese hallazgo ocurri\u00f3 meses despu\u00e9s del incendio perpetrado por Los Zetas el 25 de agosto de 2011 en el Casino Royale, en Monterrey, en el cual murieron 52 personas.<br \/>\nEn el caso de Cadereyta (AP121\/2012) la Secretar\u00eda de la Defensa Nacional notific\u00f3 a la entonces procuradur\u00eda local el 19 de mayo sobre la detenci\u00f3n de personas presuntamente relacionadas con la matanza.<\/p>\n<p>Fragmento del reportaje publicado en la edici\u00f3n 2275 de la revista Proceso, ya en circulaci\u00f3n.<\/p>\n<p><a href=\"https:\/\/www.proceso.com.mx\/633843\/los-49-de-cadereyta-ocho-anos-de-injusticia-y-un-expediente-extraviado\" target=\"_blank\" rel=\"noopener noreferrer\">https:\/\/www.proceso.com.mx\/633843\/los-49-de-cadereyta-ocho-anos-de-injusticia-y-un-expediente-extraviado<\/a><\/p>\n","protected":false},"excerpt":{"rendered":"<p>Luciano Campos Garza\/ PROCESO La ejecuci\u00f3n, hace ocho a\u00f1os, de 49 migrantes cuyos cad\u00e1veres aparecieron en Cadereyta, es un caso paradigm\u00e1tico de ineptitud en la aplicaci\u00f3n de justicia. Desde el &hellip; <a href=\"http:\/\/www.grieta.org.mx\/index.php\/2020\/06\/10\/los-49-de-cadereyta-ocho-anos-de-injusticia-y-un-expediente-extraviado\/\" class=\"more-link\">Leer m\u00e1s<\/a><\/p>\n","protected":false},"author":2,"featured_media":50671,"comment_status":"closed","ping_status":"closed","sticky":false,"template":"","format":"standard","meta":{"ngg_post_thumbnail":0,"_jetpack_newsletter_access":"","_jetpack_dont_email_post_to_subs":false,"_jetpack_newsletter_tier_id":0,"_jetpack_memberships_contains_paywalled_content":false,"_jetpack_memberships_contains_paid_content":false,"footnotes":""},"categories":[80,87,1043,2628,370,2627,912,2,24,83],"tags":[3503,1491,2253,2520,1738,3504,3498,3494,2329,3502,3497,265,3496,158,3499,3501,3144,3505],"class_list":["post-50670","post","type-post","status-publish","format-standard","has-post-thumbnail","hentry","category-cintillo","category-desaparecidos","category-desaparecidos-en-nuevo-leon","category-incremento-de-la-violencia-en-nuevo-leon","category-migrantes-analisis","category-migrantes-en-nuevo-leon","category-militarizacion","category-noticias-nacionales","category-nuevo-leon","category-temas-nacionales","tag-49-migrantes","tag-cadereyta","tag-centroamericanos","tag-crimen-organizado","tag-crimenes-de-lesa-humanidad","tag-crueldaad","tag-desaparicion-de-expediente","tag-desapariciones","tag-ejecuciones","tag-estado-mexicano","tag-familiares-de-migrantes-asesinados","tag-impunidad","tag-masacre","tag-migrantes","tag-muertes-atroces","tag-negacion-de-la-justicia","tag-secuestro","tag-violacion-sistematica-de-derechos-humanos","entry"],"jetpack_featured_media_url":"http:\/\/www.grieta.org.mx\/wp-content\/uploads\/2020\/06\/cadereyta-870x522.jpeg","jetpack_sharing_enabled":true,"jetpack_shortlink":"https:\/\/wp.me\/p7ZJR4-dbg","jetpack_likes_enabled":false,"jetpack-related-posts":[{"id":50662,"url":"http:\/\/www.grieta.org.mx\/index.php\/2020\/05\/26\/la-masacre-de-migrantes-en-cadereyta-impunidad-y-negacion-de-la-justicia-nuevo-leon\/","url_meta":{"origin":50670,"position":0},"title":"La masacre de migrantes en Cadereyta: impunidad y negaci\u00f3n de la justicia (Nuevo Le\u00f3n)","author":"grieta","date":"26 mayo, 2020","format":false,"excerpt":"Dos gobernadores de Nuevo Le\u00f3n, y seis procuradores y fiscales de la Rep\u00fablica han desfilado por sus puestos desde que 49 cuerpos mutilados de migrantes fueron hallados en Cadereyta, sin que haya justicia. En esta historia de impunidad ocurrida en mayo de 2012, el expediente de este caso ha desaparecido.\u2026","rel":"","context":"En &quot;CINTILLO&quot;","block_context":{"text":"CINTILLO","link":"http:\/\/www.grieta.org.mx\/index.php\/category\/cintillo\/"},"img":{"alt_text":"","src":"https:\/\/i0.wp.com\/www.grieta.org.mx\/wp-content\/uploads\/2020\/06\/Cadereyta_dona_norma.jpg?resize=350%2C200","width":350,"height":200,"srcset":"https:\/\/i0.wp.com\/www.grieta.org.mx\/wp-content\/uploads\/2020\/06\/Cadereyta_dona_norma.jpg?resize=350%2C200 1x, https:\/\/i0.wp.com\/www.grieta.org.mx\/wp-content\/uploads\/2020\/06\/Cadereyta_dona_norma.jpg?resize=525%2C300 1.5x, https:\/\/i0.wp.com\/www.grieta.org.mx\/wp-content\/uploads\/2020\/06\/Cadereyta_dona_norma.jpg?resize=700%2C400 2x"},"classes":[]},{"id":33039,"url":"http:\/\/www.grieta.org.mx\/index.php\/2019\/05\/04\/hay-632-migrantes-queretanos-desaparecidos-queretaro\/","url_meta":{"origin":50670,"position":1},"title":"Hay 632 migrantes queretanos desaparecidos (Quer\u00e9taro)","author":"grieta","date":"4 mayo, 2019","format":false,"excerpt":"Quer\u00e9taro, Cadereyta y Tolim\u00e1n son los municipios en los que se tiene un mayor registro de migrantes queretanos desaparecidos Roxana Romero \/ am de Quer\u00e9taro El periodista Agust\u00edn Escobar Ledesma inform\u00f3 que, de acuerdo con una investigaci\u00f3n que realiz\u00f3 de 2013 a 2016, en Quer\u00e9taro hay alrededor de 632 migrantes\u2026","rel":"","context":"En &quot;CINTILLO&quot;","block_context":{"text":"CINTILLO","link":"http:\/\/www.grieta.org.mx\/index.php\/category\/cintillo\/"},"img":{"alt_text":"","src":"https:\/\/i0.wp.com\/www.grieta.org.mx\/wp-content\/uploads\/2019\/05\/qromig.jpg?resize=350%2C200","width":350,"height":200,"srcset":"https:\/\/i0.wp.com\/www.grieta.org.mx\/wp-content\/uploads\/2019\/05\/qromig.jpg?resize=350%2C200 1x, https:\/\/i0.wp.com\/www.grieta.org.mx\/wp-content\/uploads\/2019\/05\/qromig.jpg?resize=525%2C300 1.5x, https:\/\/i0.wp.com\/www.grieta.org.mx\/wp-content\/uploads\/2019\/05\/qromig.jpg?resize=700%2C400 2x"},"classes":[]},{"id":38728,"url":"http:\/\/www.grieta.org.mx\/index.php\/2019\/08\/22\/masacre-de-migrantes-en-san-fernando-cambio-el-rostro-de-tamaulipas\/","url_meta":{"origin":50670,"position":2},"title":"Masacre de migrantes en San Fernando cambi\u00f3 el rostro de Tamaulipas","author":"grieta","date":"22 agosto, 2019","format":false,"excerpt":"Antonio Hern\u00e1ndez \/ Milenio Al recordar en Ciudad Victoria la masacre de 72 migrantes en San Fernando, Guillermo Guti\u00e9rrez, vocero del Colectivo de Familiares y Amigos de Desaparecidos en Tamaulipas, tambi\u00e9n asegur\u00f3 que la delincuencia est\u00e1 mejor armada que las fuerzas del orden y que mientras no se les afecte\u2026","rel":"","context":"En &quot;CINTILLO&quot;","block_context":{"text":"CINTILLO","link":"http:\/\/www.grieta.org.mx\/index.php\/category\/cintillo\/"},"img":{"alt_text":"","src":"https:\/\/i0.wp.com\/www.grieta.org.mx\/wp-content\/uploads\/2019\/09\/secretaria-marina-hallo-cuerpos-personas_10_14_584_363.jpeg?resize=350%2C200","width":350,"height":200,"srcset":"https:\/\/i0.wp.com\/www.grieta.org.mx\/wp-content\/uploads\/2019\/09\/secretaria-marina-hallo-cuerpos-personas_10_14_584_363.jpeg?resize=350%2C200 1x, https:\/\/i0.wp.com\/www.grieta.org.mx\/wp-content\/uploads\/2019\/09\/secretaria-marina-hallo-cuerpos-personas_10_14_584_363.jpeg?resize=525%2C300 1.5x, https:\/\/i0.wp.com\/www.grieta.org.mx\/wp-content\/uploads\/2019\/09\/secretaria-marina-hallo-cuerpos-personas_10_14_584_363.jpeg?resize=700%2C400 2x"},"classes":[]},{"id":24754,"url":"http:\/\/www.grieta.org.mx\/index.php\/2018\/07\/17\/hay-105-pueblos-en-cadereyta-con-riesgo-de-fracking-nuevo-leon\/","url_meta":{"origin":50670,"position":3},"title":"Hay 105 pueblos en Cadereyta con riesgo de fracking (Nuevo Le\u00f3n)","author":"grieta","date":"17 julio, 2018","format":false,"excerpt":"Los 105 pueblos, se encuentran dentro del padr\u00f3n de la Comisi\u00f3n Nacional de Hidrocarburos. (Foto: Ra\u00fal Palacios) Victoria F\u00e9lix \/ Milenio Alrededor de 30 vecinos se reunieron para analizar estrategias legales de prevenci\u00f3n hacia la t\u00e9cnica de fractura hidra\u00falica. Debido a que existen 105 comunidades en Cadereyta susceptibles a la\u2026","rel":"","context":"En &quot;CINTILLO&quot;","block_context":{"text":"CINTILLO","link":"http:\/\/www.grieta.org.mx\/index.php\/category\/cintillo\/"},"img":{"alt_text":"","src":"https:\/\/i0.wp.com\/www.grieta.org.mx\/wp-content\/uploads\/2018\/07\/Hay-105-pueblos-en-Cadereyta-con-riesgo-de-fracking-Nuevo-Leon.jpg?resize=350%2C200","width":350,"height":200,"srcset":"https:\/\/i0.wp.com\/www.grieta.org.mx\/wp-content\/uploads\/2018\/07\/Hay-105-pueblos-en-Cadereyta-con-riesgo-de-fracking-Nuevo-Leon.jpg?resize=350%2C200 1x, https:\/\/i0.wp.com\/www.grieta.org.mx\/wp-content\/uploads\/2018\/07\/Hay-105-pueblos-en-Cadereyta-con-riesgo-de-fracking-Nuevo-Leon.jpg?resize=525%2C300 1.5x, https:\/\/i0.wp.com\/www.grieta.org.mx\/wp-content\/uploads\/2018\/07\/Hay-105-pueblos-en-Cadereyta-con-riesgo-de-fracking-Nuevo-Leon.jpg?resize=700%2C400 2x, https:\/\/i0.wp.com\/www.grieta.org.mx\/wp-content\/uploads\/2018\/07\/Hay-105-pueblos-en-Cadereyta-con-riesgo-de-fracking-Nuevo-Leon.jpg?resize=1050%2C600 3x"},"classes":[]},{"id":52751,"url":"http:\/\/www.grieta.org.mx\/index.php\/2020\/08\/22\/72migrantes-10-anos-de-lucha-por-la-verdad\/","url_meta":{"origin":50670,"position":4},"title":"#72migrantes: 10 a\u00f1os de lucha por la verdad","author":"grieta","date":"22 agosto, 2020","format":false,"excerpt":"Este 22 y 23 de agosto se cumplen 10 a\u00f1os de la masacre de 72 personas migrantes en San Fernando. No hay sentencias, ni se ha investigado la participaci\u00f3n de autoridades. Tamaulipas sigue, como entonces, controlada por grupos criminales que esparcen el terror. Y los migrantes siguen buscando una vida\u2026","rel":"","context":"En &quot;CINTILLO&quot;","block_context":{"text":"CINTILLO","link":"http:\/\/www.grieta.org.mx\/index.php\/category\/cintillo\/"},"img":{"alt_text":"","src":"https:\/\/i0.wp.com\/www.grieta.org.mx\/wp-content\/uploads\/2020\/08\/San_fernando_10Anos_Duilio_Rodriguez.jpg?resize=350%2C200","width":350,"height":200,"srcset":"https:\/\/i0.wp.com\/www.grieta.org.mx\/wp-content\/uploads\/2020\/08\/San_fernando_10Anos_Duilio_Rodriguez.jpg?resize=350%2C200 1x, https:\/\/i0.wp.com\/www.grieta.org.mx\/wp-content\/uploads\/2020\/08\/San_fernando_10Anos_Duilio_Rodriguez.jpg?resize=525%2C300 1.5x, https:\/\/i0.wp.com\/www.grieta.org.mx\/wp-content\/uploads\/2020\/08\/San_fernando_10Anos_Duilio_Rodriguez.jpg?resize=700%2C400 2x"},"classes":[]},{"id":60676,"url":"http:\/\/www.grieta.org.mx\/index.php\/2021\/07\/18\/se-los-traga-la-tierra-desaparecen-menores-migrantes-al-cruzar-slp\/","url_meta":{"origin":50670,"position":5},"title":"Se los traga la tierra, desaparecen menores migrantes al cruzar SLP","author":"grieta","date":"18 julio, 2021","format":false,"excerpt":"Juan Hern\u00e1ndez\/Quadrat\u00edn San Luis Potos\u00ed 18 julio 2021 Al menos 10 menores de entre 12 y 17 a\u00f1os, nacidos en Honduras y El Salvador, han desaparecido en su paso por San Luis Potos\u00ed en el transcurso de este a\u00f1o. La Fiscal\u00eda Especializada en Derechos Humanos mantiene activas las fichas de\u2026","rel":"","context":"En &quot;CINTILLO&quot;","block_context":{"text":"CINTILLO","link":"http:\/\/www.grieta.org.mx\/index.php\/category\/cintillo\/"},"img":{"alt_text":"","src":"https:\/\/i0.wp.com\/www.grieta.org.mx\/wp-content\/uploads\/2021\/07\/ninos-mig.jpeg?resize=350%2C200","width":350,"height":200,"srcset":"https:\/\/i0.wp.com\/www.grieta.org.mx\/wp-content\/uploads\/2021\/07\/ninos-mig.jpeg?resize=350%2C200 1x, https:\/\/i0.wp.com\/www.grieta.org.mx\/wp-content\/uploads\/2021\/07\/ninos-mig.jpeg?resize=525%2C300 1.5x, https:\/\/i0.wp.com\/www.grieta.org.mx\/wp-content\/uploads\/2021\/07\/ninos-mig.jpeg?resize=700%2C400 2x, https:\/\/i0.wp.com\/www.grieta.org.mx\/wp-content\/uploads\/2021\/07\/ninos-mig.jpeg?resize=1050%2C600 3x"},"classes":[]}],"_links":{"self":[{"href":"http:\/\/www.grieta.org.mx\/index.php\/wp-json\/wp\/v2\/posts\/50670","targetHints":{"allow":["GET"]}}],"collection":[{"href":"http:\/\/www.grieta.org.mx\/index.php\/wp-json\/wp\/v2\/posts"}],"about":[{"href":"http:\/\/www.grieta.org.mx\/index.php\/wp-json\/wp\/v2\/types\/post"}],"author":[{"embeddable":true,"href":"http:\/\/www.grieta.org.mx\/index.php\/wp-json\/wp\/v2\/users\/2"}],"replies":[{"embeddable":true,"href":"http:\/\/www.grieta.org.mx\/index.php\/wp-json\/wp\/v2\/comments?post=50670"}],"version-history":[{"count":1,"href":"http:\/\/www.grieta.org.mx\/index.php\/wp-json\/wp\/v2\/posts\/50670\/revisions"}],"predecessor-version":[{"id":50672,"href":"http:\/\/www.grieta.org.mx\/index.php\/wp-json\/wp\/v2\/posts\/50670\/revisions\/50672"}],"wp:featuredmedia":[{"embeddable":true,"href":"http:\/\/www.grieta.org.mx\/index.php\/wp-json\/wp\/v2\/media\/50671"}],"wp:attachment":[{"href":"http:\/\/www.grieta.org.mx\/index.php\/wp-json\/wp\/v2\/media?parent=50670"}],"wp:term":[{"taxonomy":"category","embeddable":true,"href":"http:\/\/www.grieta.org.mx\/index.php\/wp-json\/wp\/v2\/categories?post=50670"},{"taxonomy":"post_tag","embeddable":true,"href":"http:\/\/www.grieta.org.mx\/index.php\/wp-json\/wp\/v2\/tags?post=50670"}],"curies":[{"name":"wp","href":"https:\/\/api.w.org\/{rel}","templated":true}]}}