{"id":5067,"date":"2016-05-30T02:44:37","date_gmt":"2016-05-30T02:44:37","guid":{"rendered":"http:\/\/50.22.11.12\/~grietaor\/?p=5067"},"modified":"2016-05-31T04:42:15","modified_gmt":"2016-05-31T04:42:15","slug":"organizaciones-se-pronuncian-contra-la-ley-atenco","status":"publish","type":"post","link":"http:\/\/www.grieta.org.mx\/index.php\/2016\/05\/30\/organizaciones-se-pronuncian-contra-la-ley-atenco\/","title":{"rendered":"Organizaciones se pronuncian contra la ley que regula el uso de la fuerza p\u00fablica en el Estado de M\u00e9xico"},"content":{"rendered":"<p><strong>30\/05\/16. <\/strong><a href=\"http:\/\/www.grieta.org.mx\/index.php\/2016\/05\/30\/video-realizan-en-toluca-primer-encuentro-popular-contra-la-ley-de-la-fuerza-publica\/\">VIDEO: Realizan en Toluca Primer Encuentro Popular Contra la \u2018Ley de la Fuerza P\u00fablica\u2019<\/a><br  \/><em>Diario Portal<\/em><br  \/><br \/>\n<strong>29\/04\/16. <\/strong><a href=\"http:\/\/www.grieta.org.mx\/index.php\/2016\/04\/29\/cinco-pueblos-originarios-se-unen-contra-la-ley-eruviel\/\">Cinco pueblos originarios se unen contra la \u201cLey Eruviel\u201d<\/a><br  \/><em>Sin Embargo<\/em><br  \/><br \/>\n<strong>05\/04\/16. <\/strong><a href=\"http:\/\/www.grieta.org.mx\/index.php\/2016\/04\/05\/movilizaciones-en-toluca-frente-al-congreso-por-rechazo-a-la-ley-atenco\/\">Movilizaciones en Toluca frente al Congreso por rechazo a la \u201cLey Atenco\u201d<\/a><br  \/><em>Red-Accion <\/em><br  \/><br \/>\n<strong>04\/04\/16. <\/strong><a href=\"http:\/\/www.grieta.org.mx\/index.php\/2016\/04\/04\/ley-eruviel-represalia-contra-atenco\/\">\u201cLey Eruviel\u201d, represalia contra Atenco<\/a><br  \/><em>CIMAC Noticias<\/em><br  \/><br \/>\n<strong>25\/03\/16. <\/strong><a href=\"http:\/\/grieta.org.mx\/index.php\/2016\/03\/25\/alistan-ong-movilizaciones-contra-la-ley-atenco\/\">Alistan ONG movilizaciones contra la \u201cley Atenco\u201d<\/a><br  \/><em>Proceso<\/em><br  \/><br \/>\n<strong>24\/03\/16. <\/strong><a href=\"http:\/\/grieta.org.mx\/index.php\/2016\/03\/26\/grupos-civiles-alertan-que-la-ley-atenco-del-edomex-es-un-modelo-a-aplicar-en-todo-el-pais\/\">Grupos civiles alertan que la \u201cLey Atenco\u201d del Edomex es un modelo a aplicar en todo el pa\u00eds<\/a><br  \/><em>Sin Embargo<\/em><br  \/><br \/>\n<strong>23\/03\/16. <\/strong><a href=\"http:\/\/grieta.org.mx\/index.php\/2016\/03\/23\/eruviel-y-su-ley-del-garrote\/\">Eruviel y su ley del garrote<\/a><br  \/><em>El Universal<\/em><br  \/><br \/>\n<strong>23\/03\/16. <\/strong><a href=\"http:\/\/grieta.org.mx\/index.php\/2016\/03\/23\/pronunciamiento-contra-la-nueva-ley-atenco\/\">Pronunciamiento contra la nueva \u201cLey Atenco\u201d<\/a><br  \/><em>Centro de Medios Libres<\/em><br  \/><br \/>\n<strong>19\/03\/16. <\/strong><a href=\"http:\/\/grieta.org.mx\/index.php\/2016\/03\/19\/edomex-mejora-la-ley-bala-ley-atenco-promete-acabar-rapido-con-la-protesta-social\/\">Edomex &#8216;mejora&#8217; la &#8216;Ley Bala&#8217;: &#8216;Ley Atenco&#8217; promete acabar r\u00e1pido con la protesta social<\/a><br  \/><em>Vanguardia<\/em><br  \/><\/p>\n","protected":false},"excerpt":{"rendered":"<p>30\/05\/16. VIDEO: Realizan en Toluca Primer Encuentro Popular Contra la \u2018Ley de la Fuerza P\u00fablica\u2019Diario Portal 29\/04\/16. Cinco pueblos originarios se unen contra la \u201cLey Eruviel\u201dSin Embargo 05\/04\/16. Movilizaciones en &hellip; <a href=\"http:\/\/www.grieta.org.mx\/index.php\/2016\/05\/30\/organizaciones-se-pronuncian-contra-la-ley-atenco\/\" class=\"more-link\">Leer m\u00e1s<\/a><\/p>\n","protected":false},"author":2,"featured_media":21928,"comment_status":"closed","ping_status":"open","sticky":false,"template":"","format":"standard","meta":{"ngg_post_thumbnail":0,"_jetpack_newsletter_access":"","_jetpack_dont_email_post_to_subs":false,"_jetpack_newsletter_tier_id":0,"_jetpack_memberships_contains_paywalled_content":false,"_jetpack_memberships_contains_paid_content":false,"footnotes":""},"categories":[16,2],"tags":[],"class_list":["post-5067","post","type-post","status-publish","format-standard","has-post-thumbnail","hentry","category-estado-de-mexico","category-noticias-nacionales","entry"],"jetpack_featured_media_url":"http:\/\/www.grieta.org.mx\/wp-content\/uploads\/2018\/03\/14524434_1106112876131411_958039263622046936_o.jpg","jetpack_sharing_enabled":true,"jetpack_shortlink":"https:\/\/wp.me\/p7ZJR4-1jJ","jetpack_likes_enabled":false,"jetpack-related-posts":[{"id":9908,"url":"http:\/\/www.grieta.org.mx\/index.php\/2016\/04\/05\/movilizaciones-en-toluca-frente-al-congreso-por-rechazo-a-la-ley-atenco\/","url_meta":{"origin":5067,"position":0},"title":"Movilizaciones en Toluca frente al Congreso por rechazo a la \u201cLey Atenco\u201d","author":"grieta","date":"5 abril, 2016","format":false,"excerpt":"* Lanzan invitaci\u00f3n mundial para visitar el Edom\u00e9x y comprobar la violaci\u00f3n sistem\u00e1tica de derechos humanos de las autoridades a los pueblos por imponer obras y despojaros de sus tierras y recursos TOLUCA, M\u00e9x. Organizaciones sociales que forman la alianza \u201cFuego de la Digna Resistencia\u201d se movilizaron hoy al Congreso\u2026","rel":"","context":"En &quot;CINTILLO&quot;","block_context":{"text":"CINTILLO","link":"http:\/\/www.grieta.org.mx\/index.php\/category\/cintillo\/"},"img":{"alt_text":"","src":"https:\/\/i0.wp.com\/www.grieta.org.mx\/wp-content\/uploads\/2018\/03\/14524434_1106112876131411_958039263622046936_o.jpg?resize=350%2C200","width":350,"height":200,"srcset":"https:\/\/i0.wp.com\/www.grieta.org.mx\/wp-content\/uploads\/2018\/03\/14524434_1106112876131411_958039263622046936_o.jpg?resize=350%2C200 1x, https:\/\/i0.wp.com\/www.grieta.org.mx\/wp-content\/uploads\/2018\/03\/14524434_1106112876131411_958039263622046936_o.jpg?resize=525%2C300 1.5x, https:\/\/i0.wp.com\/www.grieta.org.mx\/wp-content\/uploads\/2018\/03\/14524434_1106112876131411_958039263622046936_o.jpg?resize=700%2C400 2x"},"classes":[]},{"id":12251,"url":"http:\/\/www.grieta.org.mx\/index.php\/2016\/04\/29\/cinco-pueblos-originarios-se-unen-contra-la-ley-eruviel\/","url_meta":{"origin":5067,"position":1},"title":"Cinco pueblos originarios se unen contra la \u201cLey Eruviel\u201d","author":"grieta","date":"29 abril, 2016","format":false,"excerpt":"Dulce Olvera Ciudad de M\u00e9xico, 29 de abril (SinEmbargo).\u2013 Representantes de cinco pueblos ind\u00edgenas del Estado de M\u00e9xico alertaron que el Gobierno de Eruviel \u00c1vila Villegas ha lanzado una ofensiva en su contra para despojarlos de su territorio, agua y bosques para pasarlos a manos de empresas privadas que buscan\u2026","rel":"","context":"En &quot;CINTILLO&quot;","block_context":{"text":"CINTILLO","link":"http:\/\/www.grieta.org.mx\/index.php\/category\/cintillo\/"},"img":{"alt_text":"","src":"https:\/\/i0.wp.com\/www.grieta.org.mx\/wp-content\/uploads\/2018\/03\/14524434_1106112876131411_958039263622046936_o.jpg?resize=350%2C200","width":350,"height":200,"srcset":"https:\/\/i0.wp.com\/www.grieta.org.mx\/wp-content\/uploads\/2018\/03\/14524434_1106112876131411_958039263622046936_o.jpg?resize=350%2C200 1x, https:\/\/i0.wp.com\/www.grieta.org.mx\/wp-content\/uploads\/2018\/03\/14524434_1106112876131411_958039263622046936_o.jpg?resize=525%2C300 1.5x, https:\/\/i0.wp.com\/www.grieta.org.mx\/wp-content\/uploads\/2018\/03\/14524434_1106112876131411_958039263622046936_o.jpg?resize=700%2C400 2x"},"classes":[]},{"id":5058,"url":"http:\/\/www.grieta.org.mx\/index.php\/2016\/03\/23\/eruviel-y-su-ley-del-garrote\/","url_meta":{"origin":5067,"position":2},"title":"Eruviel y su ley del garrote","author":"grieta","date":"23 marzo, 2016","format":false,"excerpt":"Salvador Garc\u00eda Soto Bautizada por sus opositores como la \u201cLey Atenco\u201d, en alusi\u00f3n a los desalojos violentos en San Salvador Atenco en 2005 (cuando el presidente Enrique Pe\u00f1a Nieto era gobernador), el Congreso local del Estado de M\u00e9xico aprob\u00f3 la semana pasada una pol\u00e9mica ley, propuesta por el gobernador Eruviel\u2026","rel":"","context":"En &quot;CINTILLO&quot;","block_context":{"text":"CINTILLO","link":"http:\/\/www.grieta.org.mx\/index.php\/category\/cintillo\/"},"img":{"alt_text":"","src":"https:\/\/i0.wp.com\/www.grieta.org.mx\/wp-content\/uploads\/2018\/03\/14524434_1106112876131411_958039263622046936_o.jpg?resize=350%2C200","width":350,"height":200,"srcset":"https:\/\/i0.wp.com\/www.grieta.org.mx\/wp-content\/uploads\/2018\/03\/14524434_1106112876131411_958039263622046936_o.jpg?resize=350%2C200 1x, https:\/\/i0.wp.com\/www.grieta.org.mx\/wp-content\/uploads\/2018\/03\/14524434_1106112876131411_958039263622046936_o.jpg?resize=525%2C300 1.5x, https:\/\/i0.wp.com\/www.grieta.org.mx\/wp-content\/uploads\/2018\/03\/14524434_1106112876131411_958039263622046936_o.jpg?resize=700%2C400 2x"},"classes":[]},{"id":13294,"url":"http:\/\/www.grieta.org.mx\/index.php\/2016\/05\/30\/video-realizan-en-toluca-primer-encuentro-popular-contra-la-ley-de-la-fuerza-publica\/","url_meta":{"origin":5067,"position":3},"title":"VIDEO: Realizan en Toluca Primer Encuentro Popular Contra la \u2018Ley de la Fuerza P\u00fablica\u2019","author":"grieta","date":"30 mayo, 2016","format":false,"excerpt":"Marisela Gonz\u00e1lez Habitantes de al menos cinco municipios y organizaciones civiles acudieron frente a Palacio de Gobierno para llevar a cabo el Primer Encuentro Popular contra la \u201cLey de la Fuerza P\u00fablica\u201d, que es la que regula el Uso de las Fuerzas P\u00fablicas. Entre las agrupaciones presentes se encuentra el\u2026","rel":"","context":"En &quot;CINTILLO&quot;","block_context":{"text":"CINTILLO","link":"http:\/\/www.grieta.org.mx\/index.php\/category\/cintillo\/"},"img":{"alt_text":"","src":"https:\/\/i0.wp.com\/www.grieta.org.mx\/wp-content\/uploads\/2018\/03\/14524434_1106112876131411_958039263622046936_o.jpg?resize=350%2C200","width":350,"height":200,"srcset":"https:\/\/i0.wp.com\/www.grieta.org.mx\/wp-content\/uploads\/2018\/03\/14524434_1106112876131411_958039263622046936_o.jpg?resize=350%2C200 1x, https:\/\/i0.wp.com\/www.grieta.org.mx\/wp-content\/uploads\/2018\/03\/14524434_1106112876131411_958039263622046936_o.jpg?resize=525%2C300 1.5x, https:\/\/i0.wp.com\/www.grieta.org.mx\/wp-content\/uploads\/2018\/03\/14524434_1106112876131411_958039263622046936_o.jpg?resize=700%2C400 2x"},"classes":[]},{"id":40518,"url":"http:\/\/www.grieta.org.mx\/index.php\/2019\/10\/25\/chatarreros-y-recolectores-de-basura-asfixian-accesos-a-cdmx-van-contra-ley-de-reciclaje-ciudad-de-mexico\/","url_meta":{"origin":5067,"position":4},"title":"Chatarreros y recolectores de basura asfixian accesos a CDMX; van contra Ley de Reciclaje (Ciudad de M\u00e9xico)","author":"grieta","date":"25 octubre, 2019","format":false,"excerpt":"El Gr\u00e1fico Los inconformes exigen a legisladores no aprobar propuesta del Verde que podr\u00eda dejar sin empleo a 6 mil familias Chatarreros y recolectores de basura realizaron bloqueos parciales y totales en las autopistas M\u00e9xico-Quer\u00e9taro, Toluca y Pachuca, as\u00ed como en Naucalpan y Atlacomulco, con lo que asfixiaron los accesos\u2026","rel":"","context":"En &quot;CINTILLO&quot;","block_context":{"text":"CINTILLO","link":"http:\/\/www.grieta.org.mx\/index.php\/category\/cintillo\/"},"img":{"alt_text":"","src":"https:\/\/i0.wp.com\/www.grieta.org.mx\/wp-content\/uploads\/2019\/10\/Chatarreros-y-recolectores-de-basura-asfixian-accesos-a-CDMX-van-contra-ley-de-riciclaje-cdmx-oct.jpg?resize=350%2C200","width":350,"height":200},"classes":[]},{"id":5061,"url":"http:\/\/www.grieta.org.mx\/index.php\/2016\/03\/19\/edomex-mejora-la-ley-bala-ley-atenco-promete-acabar-rapido-con-la-protesta-social\/","url_meta":{"origin":5067,"position":5},"title":"Edomex &#8216;mejora&#8217; la &#8216;Ley Bala&#8217;: &#8216;Ley Atenco&#8217; promete acabar r\u00e1pido con la protesta social","author":"grieta","date":"19 marzo, 2016","format":false,"excerpt":"CIUDAD DE M\u00c9XICO.- El Congreso del Estado de M\u00e9xico aval\u00f3 la iniciativa enviada por el Gobernador Eruviel \u00c1vila Villegas que avala el uso de la Fuerza P\u00fablica durante manifestaciones p\u00fablicas. La tambi\u00e9n llamada \u201cLey Atenco\u201d, fue avala ayer en lo general por la mayor\u00eda de los legisladores mexiquenses, y con\u2026","rel":"","context":"En &quot;CINTILLO&quot;","block_context":{"text":"CINTILLO","link":"http:\/\/www.grieta.org.mx\/index.php\/category\/cintillo\/"},"img":{"alt_text":"","src":"https:\/\/i0.wp.com\/www.grieta.org.mx\/wp-content\/uploads\/2018\/03\/14524434_1106112876131411_958039263622046936_o.jpg?resize=350%2C200","width":350,"height":200,"srcset":"https:\/\/i0.wp.com\/www.grieta.org.mx\/wp-content\/uploads\/2018\/03\/14524434_1106112876131411_958039263622046936_o.jpg?resize=350%2C200 1x, https:\/\/i0.wp.com\/www.grieta.org.mx\/wp-content\/uploads\/2018\/03\/14524434_1106112876131411_958039263622046936_o.jpg?resize=525%2C300 1.5x, https:\/\/i0.wp.com\/www.grieta.org.mx\/wp-content\/uploads\/2018\/03\/14524434_1106112876131411_958039263622046936_o.jpg?resize=700%2C400 2x"},"classes":[]}],"_links":{"self":[{"href":"http:\/\/www.grieta.org.mx\/index.php\/wp-json\/wp\/v2\/posts\/5067","targetHints":{"allow":["GET"]}}],"collection":[{"href":"http:\/\/www.grieta.org.mx\/index.php\/wp-json\/wp\/v2\/posts"}],"about":[{"href":"http:\/\/www.grieta.org.mx\/index.php\/wp-json\/wp\/v2\/types\/post"}],"author":[{"embeddable":true,"href":"http:\/\/www.grieta.org.mx\/index.php\/wp-json\/wp\/v2\/users\/2"}],"replies":[{"embeddable":true,"href":"http:\/\/www.grieta.org.mx\/index.php\/wp-json\/wp\/v2\/comments?post=5067"}],"version-history":[{"count":1,"href":"http:\/\/www.grieta.org.mx\/index.php\/wp-json\/wp\/v2\/posts\/5067\/revisions"}],"predecessor-version":[{"id":13298,"href":"http:\/\/www.grieta.org.mx\/index.php\/wp-json\/wp\/v2\/posts\/5067\/revisions\/13298"}],"wp:featuredmedia":[{"embeddable":true,"href":"http:\/\/www.grieta.org.mx\/index.php\/wp-json\/wp\/v2\/media\/21928"}],"wp:attachment":[{"href":"http:\/\/www.grieta.org.mx\/index.php\/wp-json\/wp\/v2\/media?parent=5067"}],"wp:term":[{"taxonomy":"category","embeddable":true,"href":"http:\/\/www.grieta.org.mx\/index.php\/wp-json\/wp\/v2\/categories?post=5067"},{"taxonomy":"post_tag","embeddable":true,"href":"http:\/\/www.grieta.org.mx\/index.php\/wp-json\/wp\/v2\/tags?post=5067"}],"curies":[{"name":"wp","href":"https:\/\/api.w.org\/{rel}","templated":true}]}}