{"id":5061,"date":"2016-03-19T02:40:22","date_gmt":"2016-03-19T02:40:22","guid":{"rendered":"http:\/\/50.22.11.12\/~grietaor\/?p=5061"},"modified":"2016-03-26T02:43:23","modified_gmt":"2016-03-26T02:43:23","slug":"edomex-mejora-la-ley-bala-ley-atenco-promete-acabar-rapido-con-la-protesta-social","status":"publish","type":"post","link":"http:\/\/www.grieta.org.mx\/index.php\/2016\/03\/19\/edomex-mejora-la-ley-bala-ley-atenco-promete-acabar-rapido-con-la-protesta-social\/","title":{"rendered":"Edomex &#8216;mejora&#8217; la &#8216;Ley Bala&#8217;: &#8216;Ley Atenco&#8217; promete acabar r\u00e1pido con la protesta social"},"content":{"rendered":"<p>CIUDAD DE M\u00c9XICO.- El Congreso del Estado de M\u00e9xico aval\u00f3 la iniciativa enviada por el Gobernador Eruviel \u00c1vila Villegas que avala el uso de la Fuerza P\u00fablica durante manifestaciones p\u00fablicas.<\/p>\n<p>La tambi\u00e9n llamada \u201cLey Atenco\u201d, fue avala ayer en lo general por la mayor\u00eda de los legisladores mexiquenses, y con el voto en contra de la bancada del partido Movimiento de Regeneraci\u00f3n Nacional (Morena), quien argument\u00f3 que esta legislaci\u00f3n avala el uso excesivo de la fuerza en el Estado de M\u00e9xico, y que incluso, \u00e9sta es mucho m\u00e1s grave que la \u201cLey Bala\u201d, que fue aprobada en Puebla y revocada luego de la muerte de un menor durante un desalojo violento en el municipio de Chalchihuapan en 2014.<\/p>\n<p>El art\u00edculo 8 de la legislaci\u00f3n aprobada ayer por el Congreso del Estado de M\u00e9xico, faculta el uso de armas letales a los agentes policiacos en casos \u201cestrictamente inevitables\u201d.<\/p>\n<p>\u201cCuando sea estrictamente inevitable para proteger la vida de las personas y la del elemento, \u00e9stos podr\u00e1n hacer uso intencional de armas letales. S\u00f3lo se emplear\u00e1n armas de fuego en defensa propia o de terceros, en caso de peligro inminente de muerte, lesiones graves o con el prop\u00f3sito de evitar la comisi\u00f3n de un delito particularmente grave que entra\u00f1e una seria amenaza para la vida o con el objeto de detener a una persona que represente ese peligro y oponga resistencia a su autoridad o por impedir su fuga, as\u00ed como en el caso de resultar insuficientes las medidas menos extremas para lograr dichos objetivos\u201d, detalla el art\u00edculo.<\/p>\n<p>Esta legislaci\u00f3n busca definir los casos en los que las polic\u00edas mexiquenses podr\u00e1n intervenir para restablecer el orden en desalojos, embargos, adem\u00e1s en los centros de readaptaci\u00f3n social. La Ley detalla tambi\u00e9n que el uso de la fuerza p\u00fablica podr\u00e1 aplicarse en asambleas, reuniones o manifestaciones que se realicen en lugares p\u00fablicos y que se vuelvan violentas.<\/p>\n<p>La \u201cLey Atenco\u201d permite tambi\u00e9n el uso de esposas r\u00edgidas, semirr\u00edgidas, candados de pulgares y cinturones pl\u00e1sticos; y de armas intermedias como el bast\u00f3n PR-24, tolete o su equivalente. Tambi\u00e9n avala el uso de dispositivos de descargas el\u00e9ctricas, inmovilizadores, sustancias irritantes en aerosol, equipo autoprotector, como cascos, chalecos y medios de transporte a prueba de balas.<\/p>\n<p>Previamente, el Diputado local por Morena, Marco Antonio Ram\u00edrez, denunci\u00f3, en un video subido a sus redes sociales, que la Ley promovida por el Gobernador Eruviel \u00c1vila \u201cno protege a los ciudadanos, ni conduce a la impartici\u00f3n de justicia, es una ley que criminaliza la protesta social al regular el uso de la fuerza del Estado\u201d.<\/p>\n<p>\u201cEs una Ley que busca leg\u00edtimar futuros Atencos\u201d, alert\u00f3.<\/p>\n<p>Por su parte, el tambi\u00e9n legislador mexiquense de Morena, Vladimir Hern\u00e1ndez, explic\u00f3 que el art\u00edculo 12 de esta Ley plante \u201cque se podr\u00e1 usar la fuerza cuando haya una resistencia pasiva, es decir, cuando la persona no obedezca las \u00f3rdenes directas de un elemento de la fuerza policial aunque no est\u00e9 da\u00f1ando a nadie. Esto implica que una manifestaci\u00f3n que est\u00e9 haciendo uso de la resistencia civil pac\u00edfica puede ser califica como desobediente y entonces reprimirla\u201d.<\/p>\n<p>Hern\u00e1ndez Villegas record\u00f3 que lo sucedido en Atenco en 2006, cuando la represi\u00f3n de la polic\u00eda contra los pobladores de esa comunidad que opon\u00edan la construcci\u00f3n del Nuevo Aeropuerto en sus tierras, dej\u00f3 dos personas muertas, m\u00e1s de 200 detenidos y decenas de heridos, fue responsabilidad del entonces Gobernador Enrique Pe\u00f1a Nieto.<\/p>\n<p>Ahora, acus\u00f3 el legislador, el art\u00edculo 16 de esta legislaci\u00f3n detalla que \u201cla determinaci\u00f3n de hacer uso de la fuerza en el caso de asambleas manifestaciones o reuniones violentas ser\u00e1 tomada por el mando responsable del operativo bajo su m\u00e1s estricta responsabilidad, con esto el actual Gobernador Eruviel \u00c1vila no s\u00f3lo rehuye al juramento que hizo de cumplir y hacer cumplir las leyes, sino que transfiere a los mandos operativos toda la responsabilidad de una eventual represi\u00f3n [\u2026] as\u00ed \u00e9l se lava las manos\u201d.<\/p>\n<p>Los legisladores acusaron que los art\u00edculos 22 y 23 de esta Ley, que permiten el uso de la fuerza para cumplir con las determinaciones emitidas por autoridades judiciales, ministeriales y administrativas que \u201cparecen un traje hecho a la medida a casos como Xochicuautla, el Aeropuerto, o cualquier otra obra que pretendan realizar, cuenten o no con el respaldo de la comunidad\u201d.<\/p>\n<p>Durante la sesi\u00f3n del d\u00eda de ayer, los legisladores presentaron en la tribuna del Congreso local sus razones por las que rechazaron la Ley que regula el uso de la fuerza en el Estado de M\u00e9xico, entre ellas, dijeron, debido a que reprime y viola los derechos humanos de los ciudadanos. Adem\u00e1s protestaron con carteles en contra de la \u201cLey Atenco\u201d.<\/p>\n<p>Los legisladores de Morena tambi\u00e9n advirtieron que solicitar\u00e1n a la Comisi\u00f3n Nacional de los Derechos Humanos (CNDH) para que impulse una acci\u00f3n de inconstitucionalidad en contra de la legislaci\u00f3n. E incluso a la Suprema Corte Justicia de la Naci\u00f3n (SCJN).<\/p>\n<div class=\"jetpack-video-wrapper\"><iframe loading=\"lazy\" title=\"Recordando la Masacre de Atenco\" width=\"1170\" height=\"658\" src=\"https:\/\/www.youtube.com\/embed\/P0J9GEEhqPc?feature=oembed\" frameborder=\"0\" allow=\"accelerometer; autoplay; clipboard-write; encrypted-media; gyroscope; picture-in-picture\" allowfullscreen><\/iframe><\/div>\n<p><a href=\"http:\/\/www.vanguardia.com.mx\/articulo\/edomex-mejora-la-ley-bala-ley-atenco-promete-acabar-rapido-con-la-protesta-social\" target=\"_blank\">www.vanguardia.com.mx\/articulo\/edomex-mejora-la-ley-bala-ley-atenco-promete-acabar-rapido-con-la-protesta-social<\/a><\/p>\n","protected":false},"excerpt":{"rendered":"<p>CIUDAD DE M\u00c9XICO.- El Congreso del Estado de M\u00e9xico aval\u00f3 la iniciativa enviada por el Gobernador Eruviel \u00c1vila Villegas que avala el uso de la Fuerza P\u00fablica durante manifestaciones p\u00fablicas. &hellip; <a href=\"http:\/\/www.grieta.org.mx\/index.php\/2016\/03\/19\/edomex-mejora-la-ley-bala-ley-atenco-promete-acabar-rapido-con-la-protesta-social\/\" class=\"more-link\">Leer m\u00e1s<\/a><\/p>\n","protected":false},"author":2,"featured_media":21928,"comment_status":"closed","ping_status":"open","sticky":false,"template":"","format":"standard","meta":{"ngg_post_thumbnail":0,"_jetpack_newsletter_access":"","_jetpack_dont_email_post_to_subs":false,"_jetpack_newsletter_tier_id":0,"_jetpack_memberships_contains_paywalled_content":false,"_jetpack_memberships_contains_paid_content":false,"footnotes":""},"categories":[80],"tags":[92,130],"class_list":["post-5061","post","type-post","status-publish","format-standard","has-post-thumbnail","hentry","category-cintillo","tag-estado-de-mexico","tag-represion","entry"],"jetpack_featured_media_url":"http:\/\/www.grieta.org.mx\/wp-content\/uploads\/2018\/03\/14524434_1106112876131411_958039263622046936_o.jpg","jetpack_sharing_enabled":true,"jetpack_shortlink":"https:\/\/wp.me\/p7ZJR4-1jD","jetpack_likes_enabled":false,"jetpack-related-posts":[{"id":5067,"url":"http:\/\/www.grieta.org.mx\/index.php\/2016\/05\/30\/organizaciones-se-pronuncian-contra-la-ley-atenco\/","url_meta":{"origin":5061,"position":0},"title":"Organizaciones se pronuncian contra la ley que regula el uso de la fuerza p\u00fablica en el Estado de M\u00e9xico","author":"grieta","date":"30 mayo, 2016","format":false,"excerpt":"30\/05\/16. VIDEO: Realizan en Toluca Primer Encuentro Popular Contra la \u2018Ley de la Fuerza P\u00fablica\u2019Diario Portal 29\/04\/16. Cinco pueblos originarios se unen contra la \u201cLey Eruviel\u201dSin Embargo 05\/04\/16. Movilizaciones en Toluca frente al Congreso por rechazo a la \u201cLey Atenco\u201dRed-Accion 04\/04\/16. \u201cLey Eruviel\u201d, represalia contra AtencoCIMAC Noticias 25\/03\/16. Alistan ONG\u2026","rel":"","context":"En &quot;Estado de M\u00e9xico&quot;","block_context":{"text":"Estado de M\u00e9xico","link":"http:\/\/www.grieta.org.mx\/index.php\/category\/noticias-nacionales\/estado-de-mexico\/"},"img":{"alt_text":"","src":"https:\/\/i0.wp.com\/www.grieta.org.mx\/wp-content\/uploads\/2018\/03\/14524434_1106112876131411_958039263622046936_o.jpg?resize=350%2C200","width":350,"height":200,"srcset":"https:\/\/i0.wp.com\/www.grieta.org.mx\/wp-content\/uploads\/2018\/03\/14524434_1106112876131411_958039263622046936_o.jpg?resize=350%2C200 1x, https:\/\/i0.wp.com\/www.grieta.org.mx\/wp-content\/uploads\/2018\/03\/14524434_1106112876131411_958039263622046936_o.jpg?resize=525%2C300 1.5x, https:\/\/i0.wp.com\/www.grieta.org.mx\/wp-content\/uploads\/2018\/03\/14524434_1106112876131411_958039263622046936_o.jpg?resize=700%2C400 2x"},"classes":[]},{"id":5039,"url":"http:\/\/www.grieta.org.mx\/index.php\/2016\/03\/26\/grupos-civiles-alertan-que-la-ley-atenco-del-edomex-es-un-modelo-a-aplicar-en-todo-el-pais\/","url_meta":{"origin":5061,"position":1},"title":"Grupos civiles alertan que la \u201cLey Atenco\u201d del Edomex es un modelo a aplicar en todo el pa\u00eds","author":"grieta","date":"26 marzo, 2016","format":false,"excerpt":"Sergio Rinc\u00f3n Ciudad de M\u00e9xico, 24 de marzo (SinEmbargo).\u2013 La Ley que Regula el Uso de la Fuerza P\u00fablica en el Estado de M\u00e9xico, aprobada el pasado 17 de marzo por la C\u00e1mara de Diputados mexiquense, pretende ser un experimento para luego replicarla en otras entidades federativas, acusaron activistas. Jos\u00e9\u2026","rel":"","context":"En &quot;CINTILLO&quot;","block_context":{"text":"CINTILLO","link":"http:\/\/www.grieta.org.mx\/index.php\/category\/cintillo\/"},"img":{"alt_text":"","src":"https:\/\/i0.wp.com\/www.grieta.org.mx\/wp-content\/uploads\/2018\/03\/14524434_1106112876131411_958039263622046936_o.jpg?resize=350%2C200","width":350,"height":200,"srcset":"https:\/\/i0.wp.com\/www.grieta.org.mx\/wp-content\/uploads\/2018\/03\/14524434_1106112876131411_958039263622046936_o.jpg?resize=350%2C200 1x, https:\/\/i0.wp.com\/www.grieta.org.mx\/wp-content\/uploads\/2018\/03\/14524434_1106112876131411_958039263622046936_o.jpg?resize=525%2C300 1.5x, https:\/\/i0.wp.com\/www.grieta.org.mx\/wp-content\/uploads\/2018\/03\/14524434_1106112876131411_958039263622046936_o.jpg?resize=700%2C400 2x"},"classes":[]},{"id":9908,"url":"http:\/\/www.grieta.org.mx\/index.php\/2016\/04\/05\/movilizaciones-en-toluca-frente-al-congreso-por-rechazo-a-la-ley-atenco\/","url_meta":{"origin":5061,"position":2},"title":"Movilizaciones en Toluca frente al Congreso por rechazo a la \u201cLey Atenco\u201d","author":"grieta","date":"5 abril, 2016","format":false,"excerpt":"* Lanzan invitaci\u00f3n mundial para visitar el Edom\u00e9x y comprobar la violaci\u00f3n sistem\u00e1tica de derechos humanos de las autoridades a los pueblos por imponer obras y despojaros de sus tierras y recursos TOLUCA, M\u00e9x. Organizaciones sociales que forman la alianza \u201cFuego de la Digna Resistencia\u201d se movilizaron hoy al Congreso\u2026","rel":"","context":"En &quot;CINTILLO&quot;","block_context":{"text":"CINTILLO","link":"http:\/\/www.grieta.org.mx\/index.php\/category\/cintillo\/"},"img":{"alt_text":"","src":"https:\/\/i0.wp.com\/www.grieta.org.mx\/wp-content\/uploads\/2018\/03\/14524434_1106112876131411_958039263622046936_o.jpg?resize=350%2C200","width":350,"height":200,"srcset":"https:\/\/i0.wp.com\/www.grieta.org.mx\/wp-content\/uploads\/2018\/03\/14524434_1106112876131411_958039263622046936_o.jpg?resize=350%2C200 1x, https:\/\/i0.wp.com\/www.grieta.org.mx\/wp-content\/uploads\/2018\/03\/14524434_1106112876131411_958039263622046936_o.jpg?resize=525%2C300 1.5x, https:\/\/i0.wp.com\/www.grieta.org.mx\/wp-content\/uploads\/2018\/03\/14524434_1106112876131411_958039263622046936_o.jpg?resize=700%2C400 2x"},"classes":[]},{"id":5058,"url":"http:\/\/www.grieta.org.mx\/index.php\/2016\/03\/23\/eruviel-y-su-ley-del-garrote\/","url_meta":{"origin":5061,"position":3},"title":"Eruviel y su ley del garrote","author":"grieta","date":"23 marzo, 2016","format":false,"excerpt":"Salvador Garc\u00eda Soto Bautizada por sus opositores como la \u201cLey Atenco\u201d, en alusi\u00f3n a los desalojos violentos en San Salvador Atenco en 2005 (cuando el presidente Enrique Pe\u00f1a Nieto era gobernador), el Congreso local del Estado de M\u00e9xico aprob\u00f3 la semana pasada una pol\u00e9mica ley, propuesta por el gobernador Eruviel\u2026","rel":"","context":"En &quot;CINTILLO&quot;","block_context":{"text":"CINTILLO","link":"http:\/\/www.grieta.org.mx\/index.php\/category\/cintillo\/"},"img":{"alt_text":"","src":"https:\/\/i0.wp.com\/www.grieta.org.mx\/wp-content\/uploads\/2018\/03\/14524434_1106112876131411_958039263622046936_o.jpg?resize=350%2C200","width":350,"height":200,"srcset":"https:\/\/i0.wp.com\/www.grieta.org.mx\/wp-content\/uploads\/2018\/03\/14524434_1106112876131411_958039263622046936_o.jpg?resize=350%2C200 1x, https:\/\/i0.wp.com\/www.grieta.org.mx\/wp-content\/uploads\/2018\/03\/14524434_1106112876131411_958039263622046936_o.jpg?resize=525%2C300 1.5x, https:\/\/i0.wp.com\/www.grieta.org.mx\/wp-content\/uploads\/2018\/03\/14524434_1106112876131411_958039263622046936_o.jpg?resize=700%2C400 2x"},"classes":[]},{"id":5056,"url":"http:\/\/www.grieta.org.mx\/index.php\/2016\/03\/25\/alistan-ong-movilizaciones-contra-la-ley-atenco\/","url_meta":{"origin":5061,"position":4},"title":"Alistan ONG movilizaciones contra la \u201cley Atenco\u201d","author":"grieta","date":"25 marzo, 2016","format":false,"excerpt":"Veneranda Mendoza SAN SALVADOR ATENCO, Edomex. (apro).- Por considerarla una \u201cestrategia legaloide y perversa para criminalizar la protesta social\u201d, el Frente de Pueblos en Defensa de la Tierra (FPDT) anunci\u00f3 que combatir\u00e1 la \u201cley Atenco\u201d. Ignacio del Valle, dirigente de este movimiento, indic\u00f3 que su organizaci\u00f3n no est\u00e1 sorprendida por\u2026","rel":"","context":"En &quot;CINTILLO&quot;","block_context":{"text":"CINTILLO","link":"http:\/\/www.grieta.org.mx\/index.php\/category\/cintillo\/"},"img":{"alt_text":"","src":"https:\/\/i0.wp.com\/www.grieta.org.mx\/wp-content\/uploads\/2018\/03\/14524434_1106112876131411_958039263622046936_o.jpg?resize=350%2C200","width":350,"height":200,"srcset":"https:\/\/i0.wp.com\/www.grieta.org.mx\/wp-content\/uploads\/2018\/03\/14524434_1106112876131411_958039263622046936_o.jpg?resize=350%2C200 1x, https:\/\/i0.wp.com\/www.grieta.org.mx\/wp-content\/uploads\/2018\/03\/14524434_1106112876131411_958039263622046936_o.jpg?resize=525%2C300 1.5x, https:\/\/i0.wp.com\/www.grieta.org.mx\/wp-content\/uploads\/2018\/03\/14524434_1106112876131411_958039263622046936_o.jpg?resize=700%2C400 2x"},"classes":[]},{"id":17739,"url":"http:\/\/www.grieta.org.mx\/index.php\/2016\/07\/11\/puebla-dos-anos-bajo-el-dominio-de-la-ley-bala-el-congreso-desatiende-iniciativa-para-abrogarla\/","url_meta":{"origin":5061,"position":5},"title":"Puebla, dos a\u00f1os bajo el dominio de la Ley Bala; el Congreso desatiende iniciativa para abrogarla","author":"grieta","date":"11 julio, 2016","format":false,"excerpt":"Por M\u00f3nica Camacho A dos a\u00f1os de la represi\u00f3n en la comunidad de Chalchihuapan, el 9 de julio de 2014, en Puebla sigue vigente la conocida Ley Bala, cuya aplicaci\u00f3n deriv\u00f3 en ese episodio de violencia que provoc\u00f3 la muerte del ni\u00f1o Jos\u00e9 Luis Tehuatlie Tamayo y dej\u00f3 lesionados de\u2026","rel":"","context":"En &quot;CINTILLO&quot;","block_context":{"text":"CINTILLO","link":"http:\/\/www.grieta.org.mx\/index.php\/category\/cintillo\/"},"img":{"alt_text":"","src":"https:\/\/i0.wp.com\/www.grieta.org.mx\/wp-content\/uploads\/2018\/03\/14524434_1106112876131411_958039263622046936_o.jpg?resize=350%2C200","width":350,"height":200,"srcset":"https:\/\/i0.wp.com\/www.grieta.org.mx\/wp-content\/uploads\/2018\/03\/14524434_1106112876131411_958039263622046936_o.jpg?resize=350%2C200 1x, https:\/\/i0.wp.com\/www.grieta.org.mx\/wp-content\/uploads\/2018\/03\/14524434_1106112876131411_958039263622046936_o.jpg?resize=525%2C300 1.5x, https:\/\/i0.wp.com\/www.grieta.org.mx\/wp-content\/uploads\/2018\/03\/14524434_1106112876131411_958039263622046936_o.jpg?resize=700%2C400 2x"},"classes":[]}],"_links":{"self":[{"href":"http:\/\/www.grieta.org.mx\/index.php\/wp-json\/wp\/v2\/posts\/5061","targetHints":{"allow":["GET"]}}],"collection":[{"href":"http:\/\/www.grieta.org.mx\/index.php\/wp-json\/wp\/v2\/posts"}],"about":[{"href":"http:\/\/www.grieta.org.mx\/index.php\/wp-json\/wp\/v2\/types\/post"}],"author":[{"embeddable":true,"href":"http:\/\/www.grieta.org.mx\/index.php\/wp-json\/wp\/v2\/users\/2"}],"replies":[{"embeddable":true,"href":"http:\/\/www.grieta.org.mx\/index.php\/wp-json\/wp\/v2\/comments?post=5061"}],"version-history":[{"count":1,"href":"http:\/\/www.grieta.org.mx\/index.php\/wp-json\/wp\/v2\/posts\/5061\/revisions"}],"predecessor-version":[{"id":5066,"href":"http:\/\/www.grieta.org.mx\/index.php\/wp-json\/wp\/v2\/posts\/5061\/revisions\/5066"}],"wp:featuredmedia":[{"embeddable":true,"href":"http:\/\/www.grieta.org.mx\/index.php\/wp-json\/wp\/v2\/media\/21928"}],"wp:attachment":[{"href":"http:\/\/www.grieta.org.mx\/index.php\/wp-json\/wp\/v2\/media?parent=5061"}],"wp:term":[{"taxonomy":"category","embeddable":true,"href":"http:\/\/www.grieta.org.mx\/index.php\/wp-json\/wp\/v2\/categories?post=5061"},{"taxonomy":"post_tag","embeddable":true,"href":"http:\/\/www.grieta.org.mx\/index.php\/wp-json\/wp\/v2\/tags?post=5061"}],"curies":[{"name":"wp","href":"https:\/\/api.w.org\/{rel}","templated":true}]}}