{"id":5060,"date":"2016-03-23T02:40:21","date_gmt":"2016-03-23T02:40:21","guid":{"rendered":"http:\/\/50.22.11.12\/~grietaor\/?p=5060"},"modified":"2016-03-26T02:42:11","modified_gmt":"2016-03-26T02:42:11","slug":"pronunciamiento-contra-la-nueva-ley-atenco","status":"publish","type":"post","link":"http:\/\/www.grieta.org.mx\/index.php\/2016\/03\/23\/pronunciamiento-contra-la-nueva-ley-atenco\/","title":{"rendered":"Pronunciamiento contra la nueva \u201cLey Atenco\u201d"},"content":{"rendered":"<p>Ante la ?#?LeyAtenco? el Digno Fuego se posiciona.<br \/>\nAnte la aprobaci\u00f3n de la llamada #LeyAtenco las personas, pueblos y organizaciones que conformamos el Fuego de la Digna Resistencia, manifestamos lo siguiente:<\/p>\n<p>Denunciamos la opacidad con que se condujo el Congreso Local del Estado de M\u00e9xico. Ning\u00fan partido pol\u00edtico se atrevi\u00f3 a hacer p\u00fablica la iniciativa de ley sino hasta el momento de su aprobaci\u00f3n, previo a las vacaciones de semana santa. Esta iniciativa se mantuvo en secreto para aspirar, ingenuamente, a que nadie haga nada para hacer contrapeso a dicha ley.<\/p>\n<p>Queda claro que esta absurda ley tiene como objetivo reprimir impunemente a las personas, pueblos y organizaciones que desde el Estado de M\u00e9xico defendemos la tierra, el territorio, los bienes naturales como el agua y los bosques, la autonom\u00eda ind\u00edgena y los derechos humanos en general ante las reformas estructurales y los megaproyectos. Sin embargo, tambi\u00e9n debe quedar claro que somos nosotras y nosotros quienes, adem\u00e1s de seguir defendiendo lo que de por s\u00ed defendemos, echaremos atr\u00e1s estos ataques autoritarios y represivos.<\/p>\n<p>Hemos solicitado al Centro de Derechos Humanos Zeferino Ladrillero un estudio pormenorizado de la ?#?Ley? Atenco para un mejor entendimiento de sus alcances y la denuncia de lo que implica. Sabemos que si permitimos que pase una ley como \u00e9sta en el Estado de M\u00e9xico ser\u00eda permitir su instauraci\u00f3n en todo el pa\u00eds.<\/p>\n<p>Nos vamos a consulta y discusi\u00f3n interna en nuestros espacios de decisi\u00f3n, pero desde este momento anunciamos que ser\u00e1 el LUNES 28 DE MARZO DE 2016 cuando haremos p\u00fablico nuestro posicionamiento integral, as\u00ed como las acciones legales, pol\u00edticas y sociales que habremos de realizar en pr\u00f3ximas fechas. Por ello solicitamos a los medios de comunicaci\u00f3n y a los medios libres y alternativos mantenerse al pendiente del lugar y hora de la conferencia de prensa que realizaremos.<\/p>\n<p>El Fuego de la Digna Resistencia<\/p>\n<p>Twitter: @DignoFuego Facebook: Fuego de la Digna Resistencia<br \/>\nE-mail: elfuegodeladignaresistencia @gmail.com<\/p>\n<p>Frente de Pueblos en Defensa de la Tierra \u2013 Atenco<br \/>\nAdministraci\u00f3n Aut\u00f3noma del Agua Potable de Coyotepec A. C.<br \/>\nAlianza \u00danica del Valle<br \/>\nApaxco Comunidades por la Vida<br \/>\nCoordinaci\u00f3n de Pueblos Unidos en Defensa de la Energ\u00eda El\u00e9ctrica<br \/>\nDelegaci\u00f3n Ind\u00edgena Otom\u00ed San Francisco Mag\u00fa<br \/>\nFrente de Pueblos Ind\u00edgenas en Defensa de la Madre Tierra San Francisco Xochicuautla<br \/>\nFrente de Pueblos Ind\u00edgenas en Defensa de la Madre Tierra San Lorenzo Huitzizilapan<br \/>\nFrente de Pueblos Ind\u00edgenas en Defensa de la Madre Tierra San Lorenzo Ayotuxco<br \/>\nFrente Popular 9 de Junio en Defensa de los Recursos Naturales A. C.<br \/>\nMagisterio Mexiquense Contra la Reforma Educativa \u2013 CNTE<br \/>\nSistema de Agua Potable de Tec\u00e1mac A. C.<br \/>\nTemascalapa<br \/>\nVecinos Unidos del Poniente<\/p>\n<p><a href=\"http:\/\/www.centrodemedioslibres.org\/2016\/03\/23\/pronunciamiento-contra-la-nueva-ley-atenco\/\" target=\"_blank\">www.centrodemedioslibres.org\/2016\/03\/23\/pronunciamiento-contra-la-nueva-ley-atenco\/<\/a><\/p>\n","protected":false},"excerpt":{"rendered":"<p>Ante la ?#?LeyAtenco? el Digno Fuego se posiciona. Ante la aprobaci\u00f3n de la llamada #LeyAtenco las personas, pueblos y organizaciones que conformamos el Fuego de la Digna Resistencia, manifestamos lo &hellip; <a href=\"http:\/\/www.grieta.org.mx\/index.php\/2016\/03\/23\/pronunciamiento-contra-la-nueva-ley-atenco\/\" class=\"more-link\">Leer m\u00e1s<\/a><\/p>\n","protected":false},"author":2,"featured_media":21928,"comment_status":"closed","ping_status":"open","sticky":false,"template":"","format":"standard","meta":{"ngg_post_thumbnail":0,"_jetpack_newsletter_access":"","_jetpack_dont_email_post_to_subs":false,"_jetpack_newsletter_tier_id":0,"_jetpack_memberships_contains_paywalled_content":false,"_jetpack_memberships_contains_paid_content":false,"footnotes":""},"categories":[80],"tags":[92,130],"class_list":["post-5060","post","type-post","status-publish","format-standard","has-post-thumbnail","hentry","category-cintillo","tag-estado-de-mexico","tag-represion","entry"],"jetpack_featured_media_url":"http:\/\/www.grieta.org.mx\/wp-content\/uploads\/2018\/03\/14524434_1106112876131411_958039263622046936_o.jpg","jetpack_sharing_enabled":true,"jetpack_shortlink":"https:\/\/wp.me\/p7ZJR4-1jC","jetpack_likes_enabled":false,"jetpack-related-posts":[{"id":5056,"url":"http:\/\/www.grieta.org.mx\/index.php\/2016\/03\/25\/alistan-ong-movilizaciones-contra-la-ley-atenco\/","url_meta":{"origin":5060,"position":0},"title":"Alistan ONG movilizaciones contra la \u201cley Atenco\u201d","author":"grieta","date":"25 marzo, 2016","format":false,"excerpt":"Veneranda Mendoza SAN SALVADOR ATENCO, Edomex. (apro).- Por considerarla una \u201cestrategia legaloide y perversa para criminalizar la protesta social\u201d, el Frente de Pueblos en Defensa de la Tierra (FPDT) anunci\u00f3 que combatir\u00e1 la \u201cley Atenco\u201d. Ignacio del Valle, dirigente de este movimiento, indic\u00f3 que su organizaci\u00f3n no est\u00e1 sorprendida por\u2026","rel":"","context":"En &quot;CINTILLO&quot;","block_context":{"text":"CINTILLO","link":"http:\/\/www.grieta.org.mx\/index.php\/category\/cintillo\/"},"img":{"alt_text":"","src":"https:\/\/i0.wp.com\/www.grieta.org.mx\/wp-content\/uploads\/2018\/03\/14524434_1106112876131411_958039263622046936_o.jpg?resize=350%2C200","width":350,"height":200,"srcset":"https:\/\/i0.wp.com\/www.grieta.org.mx\/wp-content\/uploads\/2018\/03\/14524434_1106112876131411_958039263622046936_o.jpg?resize=350%2C200 1x, https:\/\/i0.wp.com\/www.grieta.org.mx\/wp-content\/uploads\/2018\/03\/14524434_1106112876131411_958039263622046936_o.jpg?resize=525%2C300 1.5x, https:\/\/i0.wp.com\/www.grieta.org.mx\/wp-content\/uploads\/2018\/03\/14524434_1106112876131411_958039263622046936_o.jpg?resize=700%2C400 2x"},"classes":[]},{"id":9908,"url":"http:\/\/www.grieta.org.mx\/index.php\/2016\/04\/05\/movilizaciones-en-toluca-frente-al-congreso-por-rechazo-a-la-ley-atenco\/","url_meta":{"origin":5060,"position":1},"title":"Movilizaciones en Toluca frente al Congreso por rechazo a la \u201cLey Atenco\u201d","author":"grieta","date":"5 abril, 2016","format":false,"excerpt":"* Lanzan invitaci\u00f3n mundial para visitar el Edom\u00e9x y comprobar la violaci\u00f3n sistem\u00e1tica de derechos humanos de las autoridades a los pueblos por imponer obras y despojaros de sus tierras y recursos TOLUCA, M\u00e9x. Organizaciones sociales que forman la alianza \u201cFuego de la Digna Resistencia\u201d se movilizaron hoy al Congreso\u2026","rel":"","context":"En &quot;CINTILLO&quot;","block_context":{"text":"CINTILLO","link":"http:\/\/www.grieta.org.mx\/index.php\/category\/cintillo\/"},"img":{"alt_text":"","src":"https:\/\/i0.wp.com\/www.grieta.org.mx\/wp-content\/uploads\/2018\/03\/14524434_1106112876131411_958039263622046936_o.jpg?resize=350%2C200","width":350,"height":200,"srcset":"https:\/\/i0.wp.com\/www.grieta.org.mx\/wp-content\/uploads\/2018\/03\/14524434_1106112876131411_958039263622046936_o.jpg?resize=350%2C200 1x, https:\/\/i0.wp.com\/www.grieta.org.mx\/wp-content\/uploads\/2018\/03\/14524434_1106112876131411_958039263622046936_o.jpg?resize=525%2C300 1.5x, https:\/\/i0.wp.com\/www.grieta.org.mx\/wp-content\/uploads\/2018\/03\/14524434_1106112876131411_958039263622046936_o.jpg?resize=700%2C400 2x"},"classes":[]},{"id":5039,"url":"http:\/\/www.grieta.org.mx\/index.php\/2016\/03\/26\/grupos-civiles-alertan-que-la-ley-atenco-del-edomex-es-un-modelo-a-aplicar-en-todo-el-pais\/","url_meta":{"origin":5060,"position":2},"title":"Grupos civiles alertan que la \u201cLey Atenco\u201d del Edomex es un modelo a aplicar en todo el pa\u00eds","author":"grieta","date":"26 marzo, 2016","format":false,"excerpt":"Sergio Rinc\u00f3n Ciudad de M\u00e9xico, 24 de marzo (SinEmbargo).\u2013 La Ley que Regula el Uso de la Fuerza P\u00fablica en el Estado de M\u00e9xico, aprobada el pasado 17 de marzo por la C\u00e1mara de Diputados mexiquense, pretende ser un experimento para luego replicarla en otras entidades federativas, acusaron activistas. Jos\u00e9\u2026","rel":"","context":"En &quot;CINTILLO&quot;","block_context":{"text":"CINTILLO","link":"http:\/\/www.grieta.org.mx\/index.php\/category\/cintillo\/"},"img":{"alt_text":"","src":"https:\/\/i0.wp.com\/www.grieta.org.mx\/wp-content\/uploads\/2018\/03\/14524434_1106112876131411_958039263622046936_o.jpg?resize=350%2C200","width":350,"height":200,"srcset":"https:\/\/i0.wp.com\/www.grieta.org.mx\/wp-content\/uploads\/2018\/03\/14524434_1106112876131411_958039263622046936_o.jpg?resize=350%2C200 1x, https:\/\/i0.wp.com\/www.grieta.org.mx\/wp-content\/uploads\/2018\/03\/14524434_1106112876131411_958039263622046936_o.jpg?resize=525%2C300 1.5x, https:\/\/i0.wp.com\/www.grieta.org.mx\/wp-content\/uploads\/2018\/03\/14524434_1106112876131411_958039263622046936_o.jpg?resize=700%2C400 2x"},"classes":[]},{"id":57976,"url":"http:\/\/www.grieta.org.mx\/index.php\/2021\/03\/24\/tercer-dia-de-huelga-de-hambre-de-colectivos-de-personas-transexuales-estado-de-mexico\/","url_meta":{"origin":5060,"position":3},"title":"Tercer d\u00eda de huelga de hambre de colectivos de personas transexuales (Estado de M\u00e9xico","author":"grieta","date":"24 marzo, 2021","format":false,"excerpt":"Fotos: Luis Camacho | El Sol de Toluca Adriana Garc\u00eda | El Sol de Toluca Piden que la Ley de Identidad Sexogen\u00e9rica se turne al pleno de la C\u00e1mara de Diputados local Este mi\u00e9rcoles se cumpli\u00f3 el tercer d\u00eda consecutivo de la huelga de hambre que iniciaron colectivos de personas\u2026","rel":"","context":"En &quot;CINTILLO&quot;","block_context":{"text":"CINTILLO","link":"http:\/\/www.grieta.org.mx\/index.php\/category\/cintillo\/"},"img":{"alt_text":"","src":"https:\/\/i0.wp.com\/www.grieta.org.mx\/wp-content\/uploads\/2021\/03\/Tercer-dia-de-huelga-de-hambre-de-colectivos-de-personas-transexuales-edomex-mzo.jpg?resize=350%2C200","width":350,"height":200,"srcset":"https:\/\/i0.wp.com\/www.grieta.org.mx\/wp-content\/uploads\/2021\/03\/Tercer-dia-de-huelga-de-hambre-de-colectivos-de-personas-transexuales-edomex-mzo.jpg?resize=350%2C200 1x, https:\/\/i0.wp.com\/www.grieta.org.mx\/wp-content\/uploads\/2021\/03\/Tercer-dia-de-huelga-de-hambre-de-colectivos-de-personas-transexuales-edomex-mzo.jpg?resize=525%2C300 1.5x, https:\/\/i0.wp.com\/www.grieta.org.mx\/wp-content\/uploads\/2021\/03\/Tercer-dia-de-huelga-de-hambre-de-colectivos-de-personas-transexuales-edomex-mzo.jpg?resize=700%2C400 2x"},"classes":[]},{"id":71428,"url":"http:\/\/www.grieta.org.mx\/index.php\/2025\/03\/21\/organizaciones-civiles-de-la-peninsula-se-oponen-a-reformas-a-la-ley-de-amparo-yucatan\/","url_meta":{"origin":5060,"position":4},"title":"Organizaciones civiles de la Pen\u00ednsula se oponen a reformas a la Ley de Amparo (Yucat\u00e1n)","author":"grieta","date":"21 marzo, 2025","format":false,"excerpt":"Haz Ruido Se\u00f1alan que la Presidencia de la Rep\u00fablica interpone quejas para evitar que se analicen las demandas de la sociedad civil, arriesgando la utilidad y efectividad del juicio de amparo ante actos de autoridad que pongan en peligro los derechos de las personas y comunidades vulnerables. M\u00e9rida, Yucat\u00e1n, 21\u2026","rel":"","context":"En &quot;CINTILLO&quot;","block_context":{"text":"CINTILLO","link":"http:\/\/www.grieta.org.mx\/index.php\/category\/cintillo\/"},"img":{"alt_text":"","src":"https:\/\/i0.wp.com\/www.grieta.org.mx\/wp-content\/uploads\/2025\/03\/LeyAmparo-e1743198360242.jpg?resize=350%2C200","width":350,"height":200,"srcset":"https:\/\/i0.wp.com\/www.grieta.org.mx\/wp-content\/uploads\/2025\/03\/LeyAmparo-e1743198360242.jpg?resize=350%2C200 1x, https:\/\/i0.wp.com\/www.grieta.org.mx\/wp-content\/uploads\/2025\/03\/LeyAmparo-e1743198360242.jpg?resize=525%2C300 1.5x, https:\/\/i0.wp.com\/www.grieta.org.mx\/wp-content\/uploads\/2025\/03\/LeyAmparo-e1743198360242.jpg?resize=700%2C400 2x"},"classes":[]},{"id":5067,"url":"http:\/\/www.grieta.org.mx\/index.php\/2016\/05\/30\/organizaciones-se-pronuncian-contra-la-ley-atenco\/","url_meta":{"origin":5060,"position":5},"title":"Organizaciones se pronuncian contra la ley que regula el uso de la fuerza p\u00fablica en el Estado de M\u00e9xico","author":"grieta","date":"30 mayo, 2016","format":false,"excerpt":"30\/05\/16. VIDEO: Realizan en Toluca Primer Encuentro Popular Contra la \u2018Ley de la Fuerza P\u00fablica\u2019Diario Portal 29\/04\/16. Cinco pueblos originarios se unen contra la \u201cLey Eruviel\u201dSin Embargo 05\/04\/16. Movilizaciones en Toluca frente al Congreso por rechazo a la \u201cLey Atenco\u201dRed-Accion 04\/04\/16. \u201cLey Eruviel\u201d, represalia contra AtencoCIMAC Noticias 25\/03\/16. Alistan ONG\u2026","rel":"","context":"En &quot;Estado de M\u00e9xico&quot;","block_context":{"text":"Estado de M\u00e9xico","link":"http:\/\/www.grieta.org.mx\/index.php\/category\/noticias-nacionales\/estado-de-mexico\/"},"img":{"alt_text":"","src":"https:\/\/i0.wp.com\/www.grieta.org.mx\/wp-content\/uploads\/2018\/03\/14524434_1106112876131411_958039263622046936_o.jpg?resize=350%2C200","width":350,"height":200,"srcset":"https:\/\/i0.wp.com\/www.grieta.org.mx\/wp-content\/uploads\/2018\/03\/14524434_1106112876131411_958039263622046936_o.jpg?resize=350%2C200 1x, https:\/\/i0.wp.com\/www.grieta.org.mx\/wp-content\/uploads\/2018\/03\/14524434_1106112876131411_958039263622046936_o.jpg?resize=525%2C300 1.5x, https:\/\/i0.wp.com\/www.grieta.org.mx\/wp-content\/uploads\/2018\/03\/14524434_1106112876131411_958039263622046936_o.jpg?resize=700%2C400 2x"},"classes":[]}],"_links":{"self":[{"href":"http:\/\/www.grieta.org.mx\/index.php\/wp-json\/wp\/v2\/posts\/5060","targetHints":{"allow":["GET"]}}],"collection":[{"href":"http:\/\/www.grieta.org.mx\/index.php\/wp-json\/wp\/v2\/posts"}],"about":[{"href":"http:\/\/www.grieta.org.mx\/index.php\/wp-json\/wp\/v2\/types\/post"}],"author":[{"embeddable":true,"href":"http:\/\/www.grieta.org.mx\/index.php\/wp-json\/wp\/v2\/users\/2"}],"replies":[{"embeddable":true,"href":"http:\/\/www.grieta.org.mx\/index.php\/wp-json\/wp\/v2\/comments?post=5060"}],"version-history":[{"count":1,"href":"http:\/\/www.grieta.org.mx\/index.php\/wp-json\/wp\/v2\/posts\/5060\/revisions"}],"predecessor-version":[{"id":5064,"href":"http:\/\/www.grieta.org.mx\/index.php\/wp-json\/wp\/v2\/posts\/5060\/revisions\/5064"}],"wp:featuredmedia":[{"embeddable":true,"href":"http:\/\/www.grieta.org.mx\/index.php\/wp-json\/wp\/v2\/media\/21928"}],"wp:attachment":[{"href":"http:\/\/www.grieta.org.mx\/index.php\/wp-json\/wp\/v2\/media?parent=5060"}],"wp:term":[{"taxonomy":"category","embeddable":true,"href":"http:\/\/www.grieta.org.mx\/index.php\/wp-json\/wp\/v2\/categories?post=5060"},{"taxonomy":"post_tag","embeddable":true,"href":"http:\/\/www.grieta.org.mx\/index.php\/wp-json\/wp\/v2\/tags?post=5060"}],"curies":[{"name":"wp","href":"https:\/\/api.w.org\/{rel}","templated":true}]}}