{"id":506,"date":"2015-10-31T23:31:45","date_gmt":"2015-10-31T23:31:45","guid":{"rendered":"http:\/\/50.22.11.12\/~grietaor\/?p=506"},"modified":"2016-03-01T00:09:04","modified_gmt":"2016-03-01T00:09:04","slug":"ejidatarios-denuncian-abusos-de-ohl-por-circuito-exterior-mexiquense","status":"publish","type":"post","link":"http:\/\/www.grieta.org.mx\/index.php\/2015\/10\/31\/ejidatarios-denuncian-abusos-de-ohl-por-circuito-exterior-mexiquense\/","title":{"rendered":"Ejidatarios denuncian abusos de OHL por Circuito Exterior Mexiquense"},"content":{"rendered":"<p><strong>31\/10\/15. <\/strong><a href=\"http:\/\/grieta.org.mx\/index.php\/2015\/10\/31\/ejidatarios-denuncian-abusos-de-ohl\/\">Ejidatarios denuncian abusos de OHL<\/a><br  \/><em>La Silla Rota<\/em><br  \/><br \/>\n<strong>05\/09\/15. <\/strong><a href=\"http:\/\/grieta.org.mx\/?p=510&#038;preview=true\">Ejidatarios de Tultepec protestan contra OHL<\/a><br  \/><em>El Universal<\/em><br  \/><br \/>\n<strong>03\/08\/15. <\/strong><a href=\"http:\/\/grieta.org.mx\/?p=512&#038;preview=true\">OHL, corrupci\u00f3n de Montiel a Pe\u00f1a (Segunda Parte)<\/a><br  \/><em>Homozapping<\/em><br  \/><br \/>\n<strong>02\/08\/15. <\/strong><a href=\"http:\/\/grieta.org.mx\/?p=514&#038;preview=true\">OHL, corrupci\u00f3n de Montiel a Pe\u00f1a (Primera Parte)<\/a><br  \/><em>Homozapping<\/em><br  \/><\/p>\n","protected":false},"excerpt":{"rendered":"<p>31\/10\/15. Ejidatarios denuncian abusos de OHLLa Silla Rota 05\/09\/15. Ejidatarios de Tultepec protestan contra OHLEl Universal 03\/08\/15. OHL, corrupci\u00f3n de Montiel a Pe\u00f1a (Segunda Parte)Homozapping 02\/08\/15. OHL, corrupci\u00f3n de Montiel &hellip; <a href=\"http:\/\/www.grieta.org.mx\/index.php\/2015\/10\/31\/ejidatarios-denuncian-abusos-de-ohl-por-circuito-exterior-mexiquense\/\" class=\"more-link\">Leer m\u00e1s<\/a><\/p>\n","protected":false},"author":2,"featured_media":21928,"comment_status":"closed","ping_status":"open","sticky":false,"template":"","format":"standard","meta":{"ngg_post_thumbnail":0,"_jetpack_newsletter_access":"","_jetpack_dont_email_post_to_subs":false,"_jetpack_newsletter_tier_id":0,"_jetpack_memberships_contains_paywalled_content":false,"_jetpack_memberships_contains_paid_content":false,"footnotes":""},"categories":[16],"tags":[],"class_list":["post-506","post","type-post","status-publish","format-standard","has-post-thumbnail","hentry","category-estado-de-mexico","entry"],"jetpack_featured_media_url":"http:\/\/www.grieta.org.mx\/wp-content\/uploads\/2018\/03\/14524434_1106112876131411_958039263622046936_o.jpg","jetpack_sharing_enabled":true,"jetpack_shortlink":"https:\/\/wp.me\/p7ZJR4-8a","jetpack_likes_enabled":false,"jetpack-related-posts":[{"id":507,"url":"http:\/\/www.grieta.org.mx\/index.php\/2015\/10\/31\/ejidatarios-denuncian-abusos-de-ohl\/","url_meta":{"origin":506,"position":0},"title":"Ejidatarios denuncian abusos de OHL","author":"grieta","date":"31 octubre, 2015","format":false,"excerpt":"La empresa espa\u00f1ola OHL se ha visto envuelta en diversos esc\u00e1ndalos de corrupci\u00f3n y se prepara para ensanchar su controvertido Circuito Exterior Mexiquense La obra fue nombrada por el otrora gobernador Enrique Pe\u00f1a Nieto, como la obra carretera m\u00e1s importante del pa\u00eds. En una entrevista realizada por PROCESO, ejidatarios han\u2026","rel":"","context":"En &quot;CINTILLO&quot;","block_context":{"text":"CINTILLO","link":"http:\/\/www.grieta.org.mx\/index.php\/category\/cintillo\/"},"img":{"alt_text":"","src":"https:\/\/i0.wp.com\/www.grieta.org.mx\/wp-content\/uploads\/2018\/03\/14524434_1106112876131411_958039263622046936_o.jpg?resize=350%2C200","width":350,"height":200,"srcset":"https:\/\/i0.wp.com\/www.grieta.org.mx\/wp-content\/uploads\/2018\/03\/14524434_1106112876131411_958039263622046936_o.jpg?resize=350%2C200 1x, https:\/\/i0.wp.com\/www.grieta.org.mx\/wp-content\/uploads\/2018\/03\/14524434_1106112876131411_958039263622046936_o.jpg?resize=525%2C300 1.5x, https:\/\/i0.wp.com\/www.grieta.org.mx\/wp-content\/uploads\/2018\/03\/14524434_1106112876131411_958039263622046936_o.jpg?resize=700%2C400 2x"},"classes":[]},{"id":510,"url":"http:\/\/www.grieta.org.mx\/index.php\/2015\/09\/05\/ejidatarios-de-tultepec-protestan-contra-ohl\/","url_meta":{"origin":506,"position":1},"title":"Ejidatarios de Tultepec protestan contra OHL","author":"grieta","date":"5 septiembre, 2015","format":false,"excerpt":"Juan Manuel Barrera TULTEPEC, M\u00e9x.\u2014 Polic\u00edas estatales desalojaron a ejidatarios de este municipio que bloquearon durante dos horas el Circuito Exterior Mexiquense, a la altura de la caseta de cobro de Tultepec. Los inconformes exigieron a la empresa espa\u00f1ola OHL y al gobierno mexiquense el pago de predios ejidales que\u2026","rel":"","context":"En &quot;CINTILLO&quot;","block_context":{"text":"CINTILLO","link":"http:\/\/www.grieta.org.mx\/index.php\/category\/cintillo\/"},"img":{"alt_text":"","src":"https:\/\/i0.wp.com\/www.grieta.org.mx\/wp-content\/uploads\/2018\/03\/14524434_1106112876131411_958039263622046936_o.jpg?resize=350%2C200","width":350,"height":200,"srcset":"https:\/\/i0.wp.com\/www.grieta.org.mx\/wp-content\/uploads\/2018\/03\/14524434_1106112876131411_958039263622046936_o.jpg?resize=350%2C200 1x, https:\/\/i0.wp.com\/www.grieta.org.mx\/wp-content\/uploads\/2018\/03\/14524434_1106112876131411_958039263622046936_o.jpg?resize=525%2C300 1.5x, https:\/\/i0.wp.com\/www.grieta.org.mx\/wp-content\/uploads\/2018\/03\/14524434_1106112876131411_958039263622046936_o.jpg?resize=700%2C400 2x"},"classes":[]},{"id":512,"url":"http:\/\/www.grieta.org.mx\/index.php\/2015\/08\/03\/ohl-corrupcion-de-montiel-a-pena-segunda-parte\/","url_meta":{"origin":506,"position":2},"title":"OHL, corrupci\u00f3n de Montiel a Pe\u00f1a (Segunda Parte)","author":"grieta","date":"3 agosto, 2015","format":false,"excerpt":"Jenaro Villamil Autoesc\u00e1ndalos y corrupci\u00f3n Nada fren\u00f3 el desarrollo y los negocios de OHL en el Estado de M\u00e9xico. Ni las denuncias por despojo contra ejidatarios y propietarios de predios en la construcci\u00f3n del Circuito Exterior Mexiquense y del Viaducto Bicentenario, ni las denuncias por abuso y colusi\u00f3n en el\u2026","rel":"","context":"En &quot;CINTILLO&quot;","block_context":{"text":"CINTILLO","link":"http:\/\/www.grieta.org.mx\/index.php\/category\/cintillo\/"},"img":{"alt_text":"","src":"https:\/\/i0.wp.com\/www.grieta.org.mx\/wp-content\/uploads\/2018\/03\/14524434_1106112876131411_958039263622046936_o.jpg?resize=350%2C200","width":350,"height":200,"srcset":"https:\/\/i0.wp.com\/www.grieta.org.mx\/wp-content\/uploads\/2018\/03\/14524434_1106112876131411_958039263622046936_o.jpg?resize=350%2C200 1x, https:\/\/i0.wp.com\/www.grieta.org.mx\/wp-content\/uploads\/2018\/03\/14524434_1106112876131411_958039263622046936_o.jpg?resize=525%2C300 1.5x, https:\/\/i0.wp.com\/www.grieta.org.mx\/wp-content\/uploads\/2018\/03\/14524434_1106112876131411_958039263622046936_o.jpg?resize=700%2C400 2x"},"classes":[]},{"id":514,"url":"http:\/\/www.grieta.org.mx\/index.php\/2015\/08\/02\/ohl-corrupcion-de-montiel-a-pena-primera-parte\/","url_meta":{"origin":506,"position":3},"title":"OHL, corrupci\u00f3n de Montiel a Pe\u00f1a (Primera Parte)","author":"grieta","date":"2 agosto, 2015","format":false,"excerpt":"Jenaro Villamil Hace 11 a\u00f1os, el entonces gobernador del Estado de M\u00e9xico, Arturo Montiel, tir\u00f3 la casa por la ventana para festejar el bautizo de sus dos hijos gemelos, Sof\u00eda y Adri\u00e1n, con la joven francesa Maude Versini, su segunda esposa. Al convivio en El Santuario de Valle de Bravo,\u2026","rel":"","context":"En &quot;CINTILLO&quot;","block_context":{"text":"CINTILLO","link":"http:\/\/www.grieta.org.mx\/index.php\/category\/cintillo\/"},"img":{"alt_text":"","src":"https:\/\/i0.wp.com\/www.grieta.org.mx\/wp-content\/uploads\/2018\/03\/14524434_1106112876131411_958039263622046936_o.jpg?resize=350%2C200","width":350,"height":200,"srcset":"https:\/\/i0.wp.com\/www.grieta.org.mx\/wp-content\/uploads\/2018\/03\/14524434_1106112876131411_958039263622046936_o.jpg?resize=350%2C200 1x, https:\/\/i0.wp.com\/www.grieta.org.mx\/wp-content\/uploads\/2018\/03\/14524434_1106112876131411_958039263622046936_o.jpg?resize=525%2C300 1.5x, https:\/\/i0.wp.com\/www.grieta.org.mx\/wp-content\/uploads\/2018\/03\/14524434_1106112876131411_958039263622046936_o.jpg?resize=700%2C400 2x"},"classes":[]},{"id":8157,"url":"http:\/\/www.grieta.org.mx\/index.php\/2015\/08\/26\/denuncian-que-organizacion-engano-a-ejidatarios-de-ayotitlan\/","url_meta":{"origin":506,"position":4},"title":"Denuncian que organizaci\u00f3n enga\u00f1\u00f3 a ejidatarios de Ayotitl\u00e1n","author":"grieta","date":"26 agosto, 2015","format":false,"excerpt":"Alejandra Guill\u00e9n.- El Consejo de Mayores y el Consejo Consultivo Agrario de Ayotitl\u00e1n se reunieron el jueves 20 de agosto en la comunidad de Quiroma para analizar detenidamente lo que hab\u00eda sucedido en torno a la detenci\u00f3n de 33 ejidatarios y el abogado Eduardo Mosqueda luego de que \u00e9stos bloquearon\u2026","rel":"","context":"En &quot;CINTILLO&quot;","block_context":{"text":"CINTILLO","link":"http:\/\/www.grieta.org.mx\/index.php\/category\/cintillo\/"},"img":{"alt_text":"","src":"https:\/\/i0.wp.com\/www.grieta.org.mx\/wp-content\/uploads\/2018\/03\/14524434_1106112876131411_958039263622046936_o.jpg?resize=350%2C200","width":350,"height":200,"srcset":"https:\/\/i0.wp.com\/www.grieta.org.mx\/wp-content\/uploads\/2018\/03\/14524434_1106112876131411_958039263622046936_o.jpg?resize=350%2C200 1x, https:\/\/i0.wp.com\/www.grieta.org.mx\/wp-content\/uploads\/2018\/03\/14524434_1106112876131411_958039263622046936_o.jpg?resize=525%2C300 1.5x, https:\/\/i0.wp.com\/www.grieta.org.mx\/wp-content\/uploads\/2018\/03\/14524434_1106112876131411_958039263622046936_o.jpg?resize=700%2C400 2x"},"classes":[]},{"id":34464,"url":"http:\/\/www.grieta.org.mx\/index.php\/2019\/06\/08\/la-eterna-construccion-del-tren-mexico-toluca-y-los-mismos-atropellos-con-pena-y-la-4t\/","url_meta":{"origin":506,"position":5},"title":"La eterna construcci\u00f3n del tren M\u00e9xico-Toluca y\u2026 los mismos atropellos con Pe\u00f1a y la 4T","author":"grieta","date":"8 junio, 2019","format":false,"excerpt":"Rodrigo Vera\/ PROCESO Los ejidatarios mexiquenses afectados por el tren M\u00e9xico-Toluca \u2013una obra interminable del Grupo Atlacomulco iniciada en 2014 y cuya inversi\u00f3n creci\u00f3 en los \u00faltimos a\u00f1os\u2013 no cejan en su lucha y reiteran: \u201cLo \u00fanico que queremos es justicia: un pago justo por nuestras tierras y la reparaci\u00f3n\u2026","rel":"","context":"En &quot;CINTILLO&quot;","block_context":{"text":"CINTILLO","link":"http:\/\/www.grieta.org.mx\/index.php\/category\/cintillo\/"},"img":{"alt_text":"","src":"https:\/\/i0.wp.com\/www.grieta.org.mx\/wp-content\/uploads\/2019\/06\/Los-comuneros-inconformes-Foto-Benjam%C3%ADn-Flores.jpg?resize=350%2C200","width":350,"height":200,"srcset":"https:\/\/i0.wp.com\/www.grieta.org.mx\/wp-content\/uploads\/2019\/06\/Los-comuneros-inconformes-Foto-Benjam%C3%ADn-Flores.jpg?resize=350%2C200 1x, https:\/\/i0.wp.com\/www.grieta.org.mx\/wp-content\/uploads\/2019\/06\/Los-comuneros-inconformes-Foto-Benjam%C3%ADn-Flores.jpg?resize=525%2C300 1.5x, https:\/\/i0.wp.com\/www.grieta.org.mx\/wp-content\/uploads\/2019\/06\/Los-comuneros-inconformes-Foto-Benjam%C3%ADn-Flores.jpg?resize=700%2C400 2x"},"classes":[]}],"_links":{"self":[{"href":"http:\/\/www.grieta.org.mx\/index.php\/wp-json\/wp\/v2\/posts\/506","targetHints":{"allow":["GET"]}}],"collection":[{"href":"http:\/\/www.grieta.org.mx\/index.php\/wp-json\/wp\/v2\/posts"}],"about":[{"href":"http:\/\/www.grieta.org.mx\/index.php\/wp-json\/wp\/v2\/types\/post"}],"author":[{"embeddable":true,"href":"http:\/\/www.grieta.org.mx\/index.php\/wp-json\/wp\/v2\/users\/2"}],"replies":[{"embeddable":true,"href":"http:\/\/www.grieta.org.mx\/index.php\/wp-json\/wp\/v2\/comments?post=506"}],"version-history":[{"count":1,"href":"http:\/\/www.grieta.org.mx\/index.php\/wp-json\/wp\/v2\/posts\/506\/revisions"}],"predecessor-version":[{"id":520,"href":"http:\/\/www.grieta.org.mx\/index.php\/wp-json\/wp\/v2\/posts\/506\/revisions\/520"}],"wp:featuredmedia":[{"embeddable":true,"href":"http:\/\/www.grieta.org.mx\/index.php\/wp-json\/wp\/v2\/media\/21928"}],"wp:attachment":[{"href":"http:\/\/www.grieta.org.mx\/index.php\/wp-json\/wp\/v2\/media?parent=506"}],"wp:term":[{"taxonomy":"category","embeddable":true,"href":"http:\/\/www.grieta.org.mx\/index.php\/wp-json\/wp\/v2\/categories?post=506"},{"taxonomy":"post_tag","embeddable":true,"href":"http:\/\/www.grieta.org.mx\/index.php\/wp-json\/wp\/v2\/tags?post=506"}],"curies":[{"name":"wp","href":"https:\/\/api.w.org\/{rel}","templated":true}]}}