{"id":5058,"date":"2016-03-23T02:39:13","date_gmt":"2016-03-23T02:39:13","guid":{"rendered":"http:\/\/50.22.11.12\/~grietaor\/?p=5058"},"modified":"2016-03-26T02:41:32","modified_gmt":"2016-03-26T02:41:32","slug":"eruviel-y-su-ley-del-garrote","status":"publish","type":"post","link":"http:\/\/www.grieta.org.mx\/index.php\/2016\/03\/23\/eruviel-y-su-ley-del-garrote\/","title":{"rendered":"Eruviel y su ley del garrote"},"content":{"rendered":"<p>Salvador Garc\u00eda Soto<\/p>\n<p>Bautizada por sus opositores como la \u201cLey Atenco\u201d, en alusi\u00f3n a los desalojos violentos en San Salvador Atenco en 2005 (cuando el presidente Enrique Pe\u00f1a Nieto era gobernador), el Congreso local del Estado de M\u00e9xico aprob\u00f3 la semana pasada una pol\u00e9mica ley, propuesta por el gobernador Eruviel \u00c1vila Villegas, que regula el uso de la fuerza en las polic\u00edas estatales y municipales y establece en qu\u00e9 casos estos cuerpos policiacos pueden y deben intervenir para disolver una manifestaci\u00f3n, bajo dos criterios que no est\u00e1n lo suficientemente claros ni expl\u00edcitos en la nueva legislaci\u00f3n: cuando consideren que la protesta es \u201cilegal\u201d, y dos cuando altere \u201cla paz y el orden p\u00fablico\u201d.<\/p>\n<p>Aunque extra\u00f1amente diputados de oposici\u00f3n, particularmente del PAN y el PRD, votaron a favor de la pol\u00e9mica legislaci\u00f3n junto con la mayor\u00eda del PRI-PVEM, y s\u00f3lo se dio el voto en contra de los diputados de Morena, el nuevo ordenamiento enfrenta duras cr\u00edticas y el rechazo de grupos y organizaciones sociales que la ven como una amenaza a los derechos constitucionales de libre manifestaci\u00f3n y libre expresi\u00f3n, pues en su cap\u00edtulo III, titulado \u201cDe las Reglas para mantener la paz y el orden p\u00fablico\u201d, la ley de Eruviel \u00c1vila faculta a los \u201celementos\u201d, entendidos como los cuerpos policiacos, \u201ca emplear la fuerza para restablecer el orden p\u00fablico y la paz social\u201d.<\/p>\n<p>Y la pregunta que surge es \u00bfqui\u00e9n o c\u00f3mo se define qu\u00e9 es el orden p\u00fablico y la paz social? Porque en la llamada \u201cLey Atenco\u201d \u2014que algunos comparan con la fallida \u201cLey Bala\u201d del gobernador poblano Rafael Moreno Valle\u2014 no se establece claramente cu\u00e1les son las condiciones que se deben dar para que un jefe policiaco, sea estatal o municipal, determine en qu\u00e9 momento una protesta social se torna ilegal y pone en peligro \u201cla paz y el orden p\u00fablico\u201d.<\/p>\n<p>Apenas hace un par de semanas la Suprema Corte de Justicia de la Naci\u00f3n acaba de declarar \u201cinconstitucional\u201d por mayor\u00eda de sus miembros, el art\u00edculo 287 del C\u00f3digo Penal del Distrito Federal (ahora de la Ciudad de M\u00e9xico) que castigaba con c\u00e1rcel el delito de \u201cultrajes a la autoridad\u201d, al mismo tiempo que facultaba el uso de la fuerza en el supuesto de que se cometiera ese delito en una manifestaci\u00f3n p\u00fablica. Aunque hubo diferentes criterios, en su ponencia el ministro Jos\u00e9 Ram\u00f3n Coss\u00edo consider\u00f3 que ese art\u00edculo vulneraba el derecho constitucional de libre expresi\u00f3n y manifestaci\u00f3n por la \u201ctaxatividad\u201d con que estaba definido el presunto delito, al no explicar claramente cu\u00e1ndo y de qu\u00e9 manera se defin\u00eda y comet\u00eda el \u201cultraje a la autoridad\u201d. Eso fue suficiente para la declaraci\u00f3n de inconstitucionalidad.<\/p>\n<p>Algo similar ocurre con la \u201cLey Atenco\u201d de Eruviel \u00c1vila. Al no definir con claridad en qu\u00e9 momento una manifestaci\u00f3n p\u00fablica se torna \u201cilegal\u201d y altera \u201cel orden y la paz p\u00fablicas\u201d deja a la discrecionalidad de autoridades policiacas \u2014que adem\u00e1s son obligadas por la misma ley a intervenir mediante el uso de la fuerza so pena de ser castigadas o inhabilitadas\u2014 el definir la presunta comisi\u00f3n de un delito vulnerando no s\u00f3lo principios de la Constituci\u00f3n federal, como la libre manifestaci\u00f3n y expresi\u00f3n, sino el principio de presunci\u00f3n de inocencia. Eso y otras medidas cuestionadas en dicha ley, como la que permite el uso de armas de fuego a las polic\u00edas \u201cen caso de amenaza de muerte y en defensa propia y de terceros\u201d, ha hecho que ya se anuncien acciones y demandas de inconstitucionalidad en contra de la legislaci\u00f3n recientemente aprobada en el Estado de M\u00e9xico.<\/p>\n<p>\u201c\u00bfRestablecer el orden p\u00fablico?, \u00bfCu\u00e1l orden p\u00fablico? El que particularmente entiende el gobernador, el que suponen el procurador o el secretario de Seguridad o el jefe de Granaderos, el comandante de brigada o incluso todo polic\u00eda armado?\u201d, cuestiona en un art\u00edculo publicado en su p\u00e1gina de internet Jes\u00fas Ortega, ex presidente nacional del PRD, quien refiere lo peligroso de la ambig\u00fcedad de \u201cconcepciones morales, pol\u00edticas o ideol\u00f3gicas\u201d del orden p\u00fablico. \u201c\u00bfCu\u00e1l es la concepci\u00f3n del orden p\u00fablico del gobernador Eruviel \u00c1vila y los diputados del Estado de M\u00e9xico?, pregunta el ex senador perredista quien tambi\u00e9n fustiga a los diputados de su partido que aprobaron esa ley y los acusa de \u201cbipolaridad pol\u00edtica\u201d.<\/p>\n<p>En la misma Suprema Corte de Justicia de la Naci\u00f3n est\u00e1 pendiente la discusi\u00f3n y votaci\u00f3n de un recurso de inconstitucionalidad contra el art\u00edculo 362 del C\u00f3digo Penal del DF que tambi\u00e9n castiga con c\u00e1rcel el \u201cataque a la paz p\u00fablica\u201d; en una de esas la Corte se adelanta y con su fallo sienta un precedente que dejar\u00e1 mal parado a Eruviel \u00c1vila y su cuestionada \u201cLey Atenco\u201d.<\/p>\n<p><a href=\"http:\/\/www.eluniversal.com.mx\/entrada-de-opinion\/columna\/salvador-garcia-soto\/nacion\/2016\/03\/23\/eruviel-y-su-ley-del-garrote\" target=\"_blank\">www.eluniversal.com.mx\/entrada-de-opinion\/columna\/salvador-garcia-soto\/nacion\/2016\/03\/23\/eruviel-y-su-ley-del-garrote<\/a><\/p>\n","protected":false},"excerpt":{"rendered":"<p>Salvador Garc\u00eda Soto Bautizada por sus opositores como la \u201cLey Atenco\u201d, en alusi\u00f3n a los desalojos violentos en San Salvador Atenco en 2005 (cuando el presidente Enrique Pe\u00f1a Nieto era &hellip; <a href=\"http:\/\/www.grieta.org.mx\/index.php\/2016\/03\/23\/eruviel-y-su-ley-del-garrote\/\" class=\"more-link\">Leer m\u00e1s<\/a><\/p>\n","protected":false},"author":2,"featured_media":21928,"comment_status":"closed","ping_status":"open","sticky":false,"template":"","format":"standard","meta":{"ngg_post_thumbnail":0,"_jetpack_newsletter_access":"","_jetpack_dont_email_post_to_subs":false,"_jetpack_newsletter_tier_id":0,"_jetpack_memberships_contains_paywalled_content":false,"_jetpack_memberships_contains_paid_content":false,"footnotes":""},"categories":[80],"tags":[92,130],"class_list":["post-5058","post","type-post","status-publish","format-standard","has-post-thumbnail","hentry","category-cintillo","tag-estado-de-mexico","tag-represion","entry"],"jetpack_featured_media_url":"http:\/\/www.grieta.org.mx\/wp-content\/uploads\/2018\/03\/14524434_1106112876131411_958039263622046936_o.jpg","jetpack_sharing_enabled":true,"jetpack_shortlink":"https:\/\/wp.me\/p7ZJR4-1jA","jetpack_likes_enabled":false,"jetpack-related-posts":[{"id":5061,"url":"http:\/\/www.grieta.org.mx\/index.php\/2016\/03\/19\/edomex-mejora-la-ley-bala-ley-atenco-promete-acabar-rapido-con-la-protesta-social\/","url_meta":{"origin":5058,"position":0},"title":"Edomex &#8216;mejora&#8217; la &#8216;Ley Bala&#8217;: &#8216;Ley Atenco&#8217; promete acabar r\u00e1pido con la protesta social","author":"grieta","date":"19 marzo, 2016","format":false,"excerpt":"CIUDAD DE M\u00c9XICO.- El Congreso del Estado de M\u00e9xico aval\u00f3 la iniciativa enviada por el Gobernador Eruviel \u00c1vila Villegas que avala el uso de la Fuerza P\u00fablica durante manifestaciones p\u00fablicas. La tambi\u00e9n llamada \u201cLey Atenco\u201d, fue avala ayer en lo general por la mayor\u00eda de los legisladores mexiquenses, y con\u2026","rel":"","context":"En &quot;CINTILLO&quot;","block_context":{"text":"CINTILLO","link":"http:\/\/www.grieta.org.mx\/index.php\/category\/cintillo\/"},"img":{"alt_text":"","src":"https:\/\/i0.wp.com\/www.grieta.org.mx\/wp-content\/uploads\/2018\/03\/14524434_1106112876131411_958039263622046936_o.jpg?resize=350%2C200","width":350,"height":200,"srcset":"https:\/\/i0.wp.com\/www.grieta.org.mx\/wp-content\/uploads\/2018\/03\/14524434_1106112876131411_958039263622046936_o.jpg?resize=350%2C200 1x, https:\/\/i0.wp.com\/www.grieta.org.mx\/wp-content\/uploads\/2018\/03\/14524434_1106112876131411_958039263622046936_o.jpg?resize=525%2C300 1.5x, https:\/\/i0.wp.com\/www.grieta.org.mx\/wp-content\/uploads\/2018\/03\/14524434_1106112876131411_958039263622046936_o.jpg?resize=700%2C400 2x"},"classes":[]},{"id":9908,"url":"http:\/\/www.grieta.org.mx\/index.php\/2016\/04\/05\/movilizaciones-en-toluca-frente-al-congreso-por-rechazo-a-la-ley-atenco\/","url_meta":{"origin":5058,"position":1},"title":"Movilizaciones en Toluca frente al Congreso por rechazo a la \u201cLey Atenco\u201d","author":"grieta","date":"5 abril, 2016","format":false,"excerpt":"* Lanzan invitaci\u00f3n mundial para visitar el Edom\u00e9x y comprobar la violaci\u00f3n sistem\u00e1tica de derechos humanos de las autoridades a los pueblos por imponer obras y despojaros de sus tierras y recursos TOLUCA, M\u00e9x. Organizaciones sociales que forman la alianza \u201cFuego de la Digna Resistencia\u201d se movilizaron hoy al Congreso\u2026","rel":"","context":"En &quot;CINTILLO&quot;","block_context":{"text":"CINTILLO","link":"http:\/\/www.grieta.org.mx\/index.php\/category\/cintillo\/"},"img":{"alt_text":"","src":"https:\/\/i0.wp.com\/www.grieta.org.mx\/wp-content\/uploads\/2018\/03\/14524434_1106112876131411_958039263622046936_o.jpg?resize=350%2C200","width":350,"height":200,"srcset":"https:\/\/i0.wp.com\/www.grieta.org.mx\/wp-content\/uploads\/2018\/03\/14524434_1106112876131411_958039263622046936_o.jpg?resize=350%2C200 1x, https:\/\/i0.wp.com\/www.grieta.org.mx\/wp-content\/uploads\/2018\/03\/14524434_1106112876131411_958039263622046936_o.jpg?resize=525%2C300 1.5x, https:\/\/i0.wp.com\/www.grieta.org.mx\/wp-content\/uploads\/2018\/03\/14524434_1106112876131411_958039263622046936_o.jpg?resize=700%2C400 2x"},"classes":[]},{"id":5067,"url":"http:\/\/www.grieta.org.mx\/index.php\/2016\/05\/30\/organizaciones-se-pronuncian-contra-la-ley-atenco\/","url_meta":{"origin":5058,"position":2},"title":"Organizaciones se pronuncian contra la ley que regula el uso de la fuerza p\u00fablica en el Estado de M\u00e9xico","author":"grieta","date":"30 mayo, 2016","format":false,"excerpt":"30\/05\/16. VIDEO: Realizan en Toluca Primer Encuentro Popular Contra la \u2018Ley de la Fuerza P\u00fablica\u2019Diario Portal 29\/04\/16. Cinco pueblos originarios se unen contra la \u201cLey Eruviel\u201dSin Embargo 05\/04\/16. Movilizaciones en Toluca frente al Congreso por rechazo a la \u201cLey Atenco\u201dRed-Accion 04\/04\/16. \u201cLey Eruviel\u201d, represalia contra AtencoCIMAC Noticias 25\/03\/16. Alistan ONG\u2026","rel":"","context":"En &quot;Estado de M\u00e9xico&quot;","block_context":{"text":"Estado de M\u00e9xico","link":"http:\/\/www.grieta.org.mx\/index.php\/category\/noticias-nacionales\/estado-de-mexico\/"},"img":{"alt_text":"","src":"https:\/\/i0.wp.com\/www.grieta.org.mx\/wp-content\/uploads\/2018\/03\/14524434_1106112876131411_958039263622046936_o.jpg?resize=350%2C200","width":350,"height":200,"srcset":"https:\/\/i0.wp.com\/www.grieta.org.mx\/wp-content\/uploads\/2018\/03\/14524434_1106112876131411_958039263622046936_o.jpg?resize=350%2C200 1x, https:\/\/i0.wp.com\/www.grieta.org.mx\/wp-content\/uploads\/2018\/03\/14524434_1106112876131411_958039263622046936_o.jpg?resize=525%2C300 1.5x, https:\/\/i0.wp.com\/www.grieta.org.mx\/wp-content\/uploads\/2018\/03\/14524434_1106112876131411_958039263622046936_o.jpg?resize=700%2C400 2x"},"classes":[]},{"id":9893,"url":"http:\/\/www.grieta.org.mx\/index.php\/2016\/04\/04\/ley-eruviel-represalia-contra-atenco\/","url_meta":{"origin":5058,"position":3},"title":"\u201cLey Eruviel\u201d, represalia contra Atenco","author":"grieta","date":"4 abril, 2016","format":false,"excerpt":"Anayeli Garc\u00eda Mart\u00ednez Con dedicatoria al Frente de Pueblos en Defensa de la Tierra (FPDT), el gobierno del Estado de M\u00e9xico aprob\u00f3 una ley que faculta a la Polic\u00eda Estatal para reprimir las protestas sociales que en el futuro traten de impedir, por ejemplo, la construcci\u00f3n del nuevo aeropuerto en\u2026","rel":"","context":"En &quot;CINTILLO&quot;","block_context":{"text":"CINTILLO","link":"http:\/\/www.grieta.org.mx\/index.php\/category\/cintillo\/"},"img":{"alt_text":"","src":"https:\/\/i0.wp.com\/www.grieta.org.mx\/wp-content\/uploads\/2018\/03\/14524434_1106112876131411_958039263622046936_o.jpg?resize=350%2C200","width":350,"height":200,"srcset":"https:\/\/i0.wp.com\/www.grieta.org.mx\/wp-content\/uploads\/2018\/03\/14524434_1106112876131411_958039263622046936_o.jpg?resize=350%2C200 1x, https:\/\/i0.wp.com\/www.grieta.org.mx\/wp-content\/uploads\/2018\/03\/14524434_1106112876131411_958039263622046936_o.jpg?resize=525%2C300 1.5x, https:\/\/i0.wp.com\/www.grieta.org.mx\/wp-content\/uploads\/2018\/03\/14524434_1106112876131411_958039263622046936_o.jpg?resize=700%2C400 2x"},"classes":[]},{"id":12251,"url":"http:\/\/www.grieta.org.mx\/index.php\/2016\/04\/29\/cinco-pueblos-originarios-se-unen-contra-la-ley-eruviel\/","url_meta":{"origin":5058,"position":4},"title":"Cinco pueblos originarios se unen contra la \u201cLey Eruviel\u201d","author":"grieta","date":"29 abril, 2016","format":false,"excerpt":"Dulce Olvera Ciudad de M\u00e9xico, 29 de abril (SinEmbargo).\u2013 Representantes de cinco pueblos ind\u00edgenas del Estado de M\u00e9xico alertaron que el Gobierno de Eruviel \u00c1vila Villegas ha lanzado una ofensiva en su contra para despojarlos de su territorio, agua y bosques para pasarlos a manos de empresas privadas que buscan\u2026","rel":"","context":"En &quot;CINTILLO&quot;","block_context":{"text":"CINTILLO","link":"http:\/\/www.grieta.org.mx\/index.php\/category\/cintillo\/"},"img":{"alt_text":"","src":"https:\/\/i0.wp.com\/www.grieta.org.mx\/wp-content\/uploads\/2018\/03\/14524434_1106112876131411_958039263622046936_o.jpg?resize=350%2C200","width":350,"height":200,"srcset":"https:\/\/i0.wp.com\/www.grieta.org.mx\/wp-content\/uploads\/2018\/03\/14524434_1106112876131411_958039263622046936_o.jpg?resize=350%2C200 1x, https:\/\/i0.wp.com\/www.grieta.org.mx\/wp-content\/uploads\/2018\/03\/14524434_1106112876131411_958039263622046936_o.jpg?resize=525%2C300 1.5x, https:\/\/i0.wp.com\/www.grieta.org.mx\/wp-content\/uploads\/2018\/03\/14524434_1106112876131411_958039263622046936_o.jpg?resize=700%2C400 2x"},"classes":[]},{"id":5039,"url":"http:\/\/www.grieta.org.mx\/index.php\/2016\/03\/26\/grupos-civiles-alertan-que-la-ley-atenco-del-edomex-es-un-modelo-a-aplicar-en-todo-el-pais\/","url_meta":{"origin":5058,"position":5},"title":"Grupos civiles alertan que la \u201cLey Atenco\u201d del Edomex es un modelo a aplicar en todo el pa\u00eds","author":"grieta","date":"26 marzo, 2016","format":false,"excerpt":"Sergio Rinc\u00f3n Ciudad de M\u00e9xico, 24 de marzo (SinEmbargo).\u2013 La Ley que Regula el Uso de la Fuerza P\u00fablica en el Estado de M\u00e9xico, aprobada el pasado 17 de marzo por la C\u00e1mara de Diputados mexiquense, pretende ser un experimento para luego replicarla en otras entidades federativas, acusaron activistas. Jos\u00e9\u2026","rel":"","context":"En &quot;CINTILLO&quot;","block_context":{"text":"CINTILLO","link":"http:\/\/www.grieta.org.mx\/index.php\/category\/cintillo\/"},"img":{"alt_text":"","src":"https:\/\/i0.wp.com\/www.grieta.org.mx\/wp-content\/uploads\/2018\/03\/14524434_1106112876131411_958039263622046936_o.jpg?resize=350%2C200","width":350,"height":200,"srcset":"https:\/\/i0.wp.com\/www.grieta.org.mx\/wp-content\/uploads\/2018\/03\/14524434_1106112876131411_958039263622046936_o.jpg?resize=350%2C200 1x, https:\/\/i0.wp.com\/www.grieta.org.mx\/wp-content\/uploads\/2018\/03\/14524434_1106112876131411_958039263622046936_o.jpg?resize=525%2C300 1.5x, https:\/\/i0.wp.com\/www.grieta.org.mx\/wp-content\/uploads\/2018\/03\/14524434_1106112876131411_958039263622046936_o.jpg?resize=700%2C400 2x"},"classes":[]}],"_links":{"self":[{"href":"http:\/\/www.grieta.org.mx\/index.php\/wp-json\/wp\/v2\/posts\/5058","targetHints":{"allow":["GET"]}}],"collection":[{"href":"http:\/\/www.grieta.org.mx\/index.php\/wp-json\/wp\/v2\/posts"}],"about":[{"href":"http:\/\/www.grieta.org.mx\/index.php\/wp-json\/wp\/v2\/types\/post"}],"author":[{"embeddable":true,"href":"http:\/\/www.grieta.org.mx\/index.php\/wp-json\/wp\/v2\/users\/2"}],"replies":[{"embeddable":true,"href":"http:\/\/www.grieta.org.mx\/index.php\/wp-json\/wp\/v2\/comments?post=5058"}],"version-history":[{"count":1,"href":"http:\/\/www.grieta.org.mx\/index.php\/wp-json\/wp\/v2\/posts\/5058\/revisions"}],"predecessor-version":[{"id":5063,"href":"http:\/\/www.grieta.org.mx\/index.php\/wp-json\/wp\/v2\/posts\/5058\/revisions\/5063"}],"wp:featuredmedia":[{"embeddable":true,"href":"http:\/\/www.grieta.org.mx\/index.php\/wp-json\/wp\/v2\/media\/21928"}],"wp:attachment":[{"href":"http:\/\/www.grieta.org.mx\/index.php\/wp-json\/wp\/v2\/media?parent=5058"}],"wp:term":[{"taxonomy":"category","embeddable":true,"href":"http:\/\/www.grieta.org.mx\/index.php\/wp-json\/wp\/v2\/categories?post=5058"},{"taxonomy":"post_tag","embeddable":true,"href":"http:\/\/www.grieta.org.mx\/index.php\/wp-json\/wp\/v2\/tags?post=5058"}],"curies":[{"name":"wp","href":"https:\/\/api.w.org\/{rel}","templated":true}]}}