{"id":5057,"date":"2015-07-24T02:38:49","date_gmt":"2015-07-24T02:38:49","guid":{"rendered":"http:\/\/50.22.11.12\/~grietaor\/?p=5057"},"modified":"2018-06-17T00:59:26","modified_gmt":"2018-06-17T05:59:26","slug":"marcha-seccion-22-en-oaxaca-exige-dialogo-con-segob","status":"publish","type":"post","link":"http:\/\/www.grieta.org.mx\/index.php\/2015\/07\/24\/marcha-seccion-22-en-oaxaca-exige-dialogo-con-segob\/","title":{"rendered":"Marcha Secci\u00f3n 22 en Oaxaca; exige di\u00e1logo con Segob"},"content":{"rendered":"<p>El Financiero.<\/p>\n<p>Redacci\u00f3n,<\/p>\n<p>Oaxaca.- Maestros de la Secci\u00f3n 22 marcharon este viernes en distintos municipios de Oaxaca para pedir, entre otros puntos, que la Secretar\u00eda de Gobernaci\u00f3n retome el di\u00e1logo con este gremio.<br \/>\n?<br \/>\nLos docentes de la Costa y el Valle Central se concentraron en el Monumento a la Madre para caminar sobre calzada Madero, Independencia y concluir en el Z\u00f3calo.<\/p>\n<p>La Secretar\u00eda de Seguridad P\u00fablica (SSP) report\u00f3 movilizaciones en Tuxtepec, en Huajuapan, en el Istmo y la Costa, adem\u00e1s del Valle Central.<\/p>\n<p>En el contingente del Valle Central iba a la cabeza Norma Cleyver Cruz V\u00e1squez, del sector Valle y Oth\u00f3n Nazariega Segura, del sector Periferia.<\/p>\n<p>\u201cPedimos la instalaci\u00f3n inmediata de la mesa de negociaci\u00f3n con la Segob\u201d, areng\u00f3 Norma Cruz para sus compa\u00f1eros durante la marcha.<\/p>\n<p>Demand\u00f3 tambi\u00e9n la salida de la Polic\u00eda Federal y la Gendarmer\u00eda de Oaxaca, as\u00ed como el cese a los operativos de seguridad que han iniciado.<\/p>\n<p>Entre otras demandas est\u00e1 la aparici\u00f3n con vida de los 43 normalistas, el respeto a los derechos de los trabajadores de la educaci\u00f3n, as\u00ed como sus logros sindicales.<\/p>\n<p>En esta marcha, que lleg\u00f3 al Z\u00f3calo de la ciudad, participaron tambi\u00e9n integrantes de organizaciones sociales, entre los que estimaron unos 800 participantes.<\/p>\n<p><a href=\"http:\/\/www.elfinanciero.com.mx\/nacional\/marcha-seccion-22-en-oaxaca-exige-dialogo-con-segob.html\" target=\"_blank\" rel=\"noopener\">www.elfinanciero.com.mx\/nacional\/marcha-seccion-22-en-oaxaca-exige-dialogo-con-segob.html<\/a><\/p>\n","protected":false},"excerpt":{"rendered":"<p>El Financiero. Redacci\u00f3n, Oaxaca.- Maestros de la Secci\u00f3n 22 marcharon este viernes en distintos municipios de Oaxaca para pedir, entre otros puntos, que la Secretar\u00eda de Gobernaci\u00f3n retome el di\u00e1logo &hellip; <a href=\"http:\/\/www.grieta.org.mx\/index.php\/2015\/07\/24\/marcha-seccion-22-en-oaxaca-exige-dialogo-con-segob\/\" class=\"more-link\">Leer m\u00e1s<\/a><\/p>\n","protected":false},"author":2,"featured_media":21928,"comment_status":"closed","ping_status":"open","sticky":false,"template":"","format":"standard","meta":{"ngg_post_thumbnail":0,"_jetpack_newsletter_access":"","_jetpack_dont_email_post_to_subs":false,"_jetpack_newsletter_tier_id":0,"_jetpack_memberships_contains_paywalled_content":false,"_jetpack_memberships_contains_paid_content":false,"footnotes":""},"categories":[80,1341,2,25],"tags":[133,93,135],"class_list":["post-5057","post","type-post","status-publish","format-standard","has-post-thumbnail","hentry","category-cintillo","category-movilizaciones-contra-la-reforma-educativa-y-evaluacion-magisterial-en-oaxaca","category-noticias-nacionales","category-oaxaca","tag-maestros","tag-oaxaca","tag-reforma-educativa","entry"],"jetpack_featured_media_url":"http:\/\/www.grieta.org.mx\/wp-content\/uploads\/2018\/03\/14524434_1106112876131411_958039263622046936_o.jpg","jetpack_sharing_enabled":true,"jetpack_shortlink":"https:\/\/wp.me\/p7ZJR4-1jz","jetpack_likes_enabled":false,"jetpack-related-posts":[{"id":21076,"url":"http:\/\/www.grieta.org.mx\/index.php\/2016\/09\/02\/cierra-seccion-22-plazas-comerciales-de-oaxaca\/","url_meta":{"origin":5057,"position":0},"title":"Cierra secci\u00f3n 22 plazas comerciales de Oaxaca","author":"grieta","date":"2 septiembre, 2016","format":false,"excerpt":"Quadrat\u00edn. Luis Jer\u00f3nimo, Oaxaca.- Maestros de la Secci\u00f3n 22 del Sindicato Nacional de Trabajadores de la Educaci\u00f3n (SNTE) bloquearon los accesos a plazas comerciales de Oaxaca, en protesta contra la reforma educativa. Los docentes tomaron las entradas de la Plaza Oaxaca, Plaza del Valle y Macroplaza, en la que impidieron\u2026","rel":"","context":"En &quot;CINTILLO&quot;","block_context":{"text":"CINTILLO","link":"http:\/\/www.grieta.org.mx\/index.php\/category\/cintillo\/"},"img":{"alt_text":"","src":"https:\/\/i0.wp.com\/www.grieta.org.mx\/wp-content\/uploads\/2018\/03\/14524434_1106112876131411_958039263622046936_o.jpg?resize=350%2C200","width":350,"height":200,"srcset":"https:\/\/i0.wp.com\/www.grieta.org.mx\/wp-content\/uploads\/2018\/03\/14524434_1106112876131411_958039263622046936_o.jpg?resize=350%2C200 1x, https:\/\/i0.wp.com\/www.grieta.org.mx\/wp-content\/uploads\/2018\/03\/14524434_1106112876131411_958039263622046936_o.jpg?resize=525%2C300 1.5x, https:\/\/i0.wp.com\/www.grieta.org.mx\/wp-content\/uploads\/2018\/03\/14524434_1106112876131411_958039263622046936_o.jpg?resize=700%2C400 2x"},"classes":[]},{"id":19715,"url":"http:\/\/www.grieta.org.mx\/index.php\/2016\/08\/16\/pese-a-amenazas-de-pena-nieto-s-22-continua-con-bloqueos-tomas-de-oficinas-y-plazas-comerciales-oaxaca\/","url_meta":{"origin":5057,"position":1},"title":"Pese a amenazas de Pe\u00f1a Nieto, S-22 contin\u00faa con bloqueos, tomas de oficinas y plazas comerciales (Oaxaca)","author":"grieta","date":"16 agosto, 2016","format":false,"excerpt":"Pagina 3. Pedro Mat\u00edas, Oaxaca.- Pese a la amenaza del Presidente Enrique Pe\u00f1a Nieto de que \u201cel gobierno de la Rep\u00fablica no tendr\u00e1 reparo alguno en aplicar el uso de la fuerza\u201d cuando la v\u00eda del di\u00e1logo se haya agotado con la Coordinadora Nacional de Trabajadores de la Educaci\u00f3n (CNTE),\u2026","rel":"","context":"En &quot;CINTILLO&quot;","block_context":{"text":"CINTILLO","link":"http:\/\/www.grieta.org.mx\/index.php\/category\/cintillo\/"},"img":{"alt_text":"","src":"https:\/\/i0.wp.com\/www.grieta.org.mx\/wp-content\/uploads\/2018\/03\/14524434_1106112876131411_958039263622046936_o.jpg?resize=350%2C200","width":350,"height":200,"srcset":"https:\/\/i0.wp.com\/www.grieta.org.mx\/wp-content\/uploads\/2018\/03\/14524434_1106112876131411_958039263622046936_o.jpg?resize=350%2C200 1x, https:\/\/i0.wp.com\/www.grieta.org.mx\/wp-content\/uploads\/2018\/03\/14524434_1106112876131411_958039263622046936_o.jpg?resize=525%2C300 1.5x, https:\/\/i0.wp.com\/www.grieta.org.mx\/wp-content\/uploads\/2018\/03\/14524434_1106112876131411_958039263622046936_o.jpg?resize=700%2C400 2x"},"classes":[]},{"id":19763,"url":"http:\/\/www.grieta.org.mx\/index.php\/2016\/08\/17\/ante-cerrazon-del-gobierno-federal-maestros-toman-plazas-comerciales-y-ciudad-administrativa-oaxaca\/","url_meta":{"origin":5057,"position":2},"title":"Ante \u201ccerraz\u00f3n\u201d del gobierno federal, maestros toman plazas comerciales y ciudad administrativa (OAXACA)","author":"grieta","date":"17 agosto, 2016","format":false,"excerpt":"Pedro Mat\u00edas, Oaxaca. OAXACA, Oax. (#pagina3.mx).- Por tercer d\u00eda consecutivo, maestros de la Secci\u00f3n 22 del Sindicato Nacional de Trabajadores de la Educaci\u00f3n (SNTE-CNTE) bloquean centros comerciales y suspenden actividades en 72 dependencias gubernamentales al tomar el complejo de Ciudad Administrativa. Ante los \u201cnulos\u201d avances en la mesa de negociaci\u00f3n\u2026","rel":"","context":"En &quot;CINTILLO&quot;","block_context":{"text":"CINTILLO","link":"http:\/\/www.grieta.org.mx\/index.php\/category\/cintillo\/"},"img":{"alt_text":"","src":"https:\/\/i0.wp.com\/www.grieta.org.mx\/wp-content\/uploads\/2018\/03\/14524434_1106112876131411_958039263622046936_o.jpg?resize=350%2C200","width":350,"height":200,"srcset":"https:\/\/i0.wp.com\/www.grieta.org.mx\/wp-content\/uploads\/2018\/03\/14524434_1106112876131411_958039263622046936_o.jpg?resize=350%2C200 1x, https:\/\/i0.wp.com\/www.grieta.org.mx\/wp-content\/uploads\/2018\/03\/14524434_1106112876131411_958039263622046936_o.jpg?resize=525%2C300 1.5x, https:\/\/i0.wp.com\/www.grieta.org.mx\/wp-content\/uploads\/2018\/03\/14524434_1106112876131411_958039263622046936_o.jpg?resize=700%2C400 2x"},"classes":[]},{"id":13227,"url":"http:\/\/www.grieta.org.mx\/index.php\/2016\/05\/27\/reune-seccion-22-del-snte-a-miles-en-su-apoyo-en-oaxaca\/","url_meta":{"origin":5057,"position":3},"title":"Re\u00fane secci\u00f3n 22 del SNTE a miles en su apoyo en Oaxaca","author":"grieta","date":"27 mayo, 2016","format":false,"excerpt":"Quadrat\u00edn. Vidalia Cruz, Oaxaca, 27 de mayo de 2016.- Padres de familia e integrantes de diversas organizaciones respaldaron este viernes al magisterio oaxaque\u00f1o que mantiene algunas escuelas cerradas en Oaxaca para pedir di\u00e1logo con las autoridades federales y estatales. De acuerdo con los organizadores, unas 10 mil personas acudieron al\u2026","rel":"","context":"En &quot;CINTILLO&quot;","block_context":{"text":"CINTILLO","link":"http:\/\/www.grieta.org.mx\/index.php\/category\/cintillo\/"},"img":{"alt_text":"","src":"https:\/\/i0.wp.com\/www.grieta.org.mx\/wp-content\/uploads\/2018\/03\/14524434_1106112876131411_958039263622046936_o.jpg?resize=350%2C200","width":350,"height":200,"srcset":"https:\/\/i0.wp.com\/www.grieta.org.mx\/wp-content\/uploads\/2018\/03\/14524434_1106112876131411_958039263622046936_o.jpg?resize=350%2C200 1x, https:\/\/i0.wp.com\/www.grieta.org.mx\/wp-content\/uploads\/2018\/03\/14524434_1106112876131411_958039263622046936_o.jpg?resize=525%2C300 1.5x, https:\/\/i0.wp.com\/www.grieta.org.mx\/wp-content\/uploads\/2018\/03\/14524434_1106112876131411_958039263622046936_o.jpg?resize=700%2C400 2x"},"classes":[]},{"id":14577,"url":"http:\/\/www.grieta.org.mx\/index.php\/2016\/06\/17\/se-suman-trabajadores-del-sector-salud-en-apoyo-a-la-seccion-22-istmo\/","url_meta":{"origin":5057,"position":4},"title":"Se suman trabajadores del sector Salud en apoyo a la secci\u00f3n 22 Istmo","author":"grieta","date":"17 junio, 2016","format":false,"excerpt":"Istmopress. E. Santiago, Tehuantepec, Oaxaca, 17 junio.- Trabajadores del sector Salud, IMSS e ISSSTE, marcharon en esta ciudad para sumarse al bloqueo que mantienen padres de familia y maestros de la secci\u00f3n 22, a la altura del campo rojo, en la carretera Panamericana. Los m\u00e9dicos, enfermeras y administrativos partieron con\u2026","rel":"","context":"En &quot;CINTILLO&quot;","block_context":{"text":"CINTILLO","link":"http:\/\/www.grieta.org.mx\/index.php\/category\/cintillo\/"},"img":{"alt_text":"","src":"https:\/\/i0.wp.com\/www.grieta.org.mx\/wp-content\/uploads\/2018\/03\/14524434_1106112876131411_958039263622046936_o.jpg?resize=350%2C200","width":350,"height":200,"srcset":"https:\/\/i0.wp.com\/www.grieta.org.mx\/wp-content\/uploads\/2018\/03\/14524434_1106112876131411_958039263622046936_o.jpg?resize=350%2C200 1x, https:\/\/i0.wp.com\/www.grieta.org.mx\/wp-content\/uploads\/2018\/03\/14524434_1106112876131411_958039263622046936_o.jpg?resize=525%2C300 1.5x, https:\/\/i0.wp.com\/www.grieta.org.mx\/wp-content\/uploads\/2018\/03\/14524434_1106112876131411_958039263622046936_o.jpg?resize=700%2C400 2x"},"classes":[]},{"id":16165,"url":"http:\/\/www.grieta.org.mx\/index.php\/2016\/07\/06\/por-tercer-dia-consecutivo-maestros-bloquean-plazas-comerciales\/","url_meta":{"origin":5057,"position":5},"title":"Por tercer d\u00eda consecutivo, maestros bloquean plazas comerciales (Oaxaca)","author":"grieta","date":"6 julio, 2016","format":false,"excerpt":"P\u00e1gina 3. Arturo Rodr\u00edguez\/Pedro Mat\u00edas, Oaxaca.- Por tercer d\u00eda consecutivo, maestros de la Secci\u00f3n 22 del Sindicato Nacional de Trabajadores de la Educaci\u00f3n (SNTE) realizaron por lo menos 13 bloqueos carreteros y la toma de centros comerciales como parte del plan de acci\u00f3n de 72 horas que acord\u00f3 la CNTE.La\u2026","rel":"","context":"En &quot;CINTILLO&quot;","block_context":{"text":"CINTILLO","link":"http:\/\/www.grieta.org.mx\/index.php\/category\/cintillo\/"},"img":{"alt_text":"","src":"https:\/\/i0.wp.com\/www.grieta.org.mx\/wp-content\/uploads\/2018\/03\/14524434_1106112876131411_958039263622046936_o.jpg?resize=350%2C200","width":350,"height":200,"srcset":"https:\/\/i0.wp.com\/www.grieta.org.mx\/wp-content\/uploads\/2018\/03\/14524434_1106112876131411_958039263622046936_o.jpg?resize=350%2C200 1x, https:\/\/i0.wp.com\/www.grieta.org.mx\/wp-content\/uploads\/2018\/03\/14524434_1106112876131411_958039263622046936_o.jpg?resize=525%2C300 1.5x, https:\/\/i0.wp.com\/www.grieta.org.mx\/wp-content\/uploads\/2018\/03\/14524434_1106112876131411_958039263622046936_o.jpg?resize=700%2C400 2x"},"classes":[]}],"_links":{"self":[{"href":"http:\/\/www.grieta.org.mx\/index.php\/wp-json\/wp\/v2\/posts\/5057","targetHints":{"allow":["GET"]}}],"collection":[{"href":"http:\/\/www.grieta.org.mx\/index.php\/wp-json\/wp\/v2\/posts"}],"about":[{"href":"http:\/\/www.grieta.org.mx\/index.php\/wp-json\/wp\/v2\/types\/post"}],"author":[{"embeddable":true,"href":"http:\/\/www.grieta.org.mx\/index.php\/wp-json\/wp\/v2\/users\/2"}],"replies":[{"embeddable":true,"href":"http:\/\/www.grieta.org.mx\/index.php\/wp-json\/wp\/v2\/comments?post=5057"}],"version-history":[{"count":1,"href":"http:\/\/www.grieta.org.mx\/index.php\/wp-json\/wp\/v2\/posts\/5057\/revisions"}],"predecessor-version":[{"id":23799,"href":"http:\/\/www.grieta.org.mx\/index.php\/wp-json\/wp\/v2\/posts\/5057\/revisions\/23799"}],"wp:featuredmedia":[{"embeddable":true,"href":"http:\/\/www.grieta.org.mx\/index.php\/wp-json\/wp\/v2\/media\/21928"}],"wp:attachment":[{"href":"http:\/\/www.grieta.org.mx\/index.php\/wp-json\/wp\/v2\/media?parent=5057"}],"wp:term":[{"taxonomy":"category","embeddable":true,"href":"http:\/\/www.grieta.org.mx\/index.php\/wp-json\/wp\/v2\/categories?post=5057"},{"taxonomy":"post_tag","embeddable":true,"href":"http:\/\/www.grieta.org.mx\/index.php\/wp-json\/wp\/v2\/tags?post=5057"}],"curies":[{"name":"wp","href":"https:\/\/api.w.org\/{rel}","templated":true}]}}