{"id":5056,"date":"2016-03-25T02:38:47","date_gmt":"2016-03-25T02:38:47","guid":{"rendered":"http:\/\/50.22.11.12\/~grietaor\/?p=5056"},"modified":"2016-03-26T02:40:12","modified_gmt":"2016-03-26T02:40:12","slug":"alistan-ong-movilizaciones-contra-la-ley-atenco","status":"publish","type":"post","link":"http:\/\/www.grieta.org.mx\/index.php\/2016\/03\/25\/alistan-ong-movilizaciones-contra-la-ley-atenco\/","title":{"rendered":"Alistan ONG movilizaciones contra la \u201cley Atenco\u201d"},"content":{"rendered":"<p>Veneranda Mendoza<\/p>\n<p>SAN SALVADOR ATENCO, Edomex. (apro).- Por considerarla una \u201cestrategia legaloide y perversa para criminalizar la protesta social\u201d, el Frente de Pueblos en Defensa de la Tierra (FPDT) anunci\u00f3 que combatir\u00e1 la \u201cley Atenco\u201d.<\/p>\n<p>Ignacio del Valle, dirigente de este movimiento, indic\u00f3 que su organizaci\u00f3n no est\u00e1 sorprendida por la promoci\u00f3n y la aprobaci\u00f3n de la \u201cLey que regula el uso de la fuerza p\u00fablica en el Estado de M\u00e9xico\u201d.<\/p>\n<p>\u201cEs uno de tantos medios que han utilizado para advertir que no nos movilicemos en contra del despojo de la tierra\u201d, denunci\u00f3 luego de se\u00f1alar que detr\u00e1s de esta nueva norma se encuentra el Estado, convertido en \u201ct\u00edtere\u201d de intereses econ\u00f3micos.<\/p>\n<p>\u201cEs aberrante, no tiene una justificaci\u00f3n social relacionada con la ley y la justicia. Es un mensaje, una estrategia legaloide para justificar cualquier acto de represi\u00f3n, una amenaza velada y perversa que pretende la criminalizaci\u00f3n de un derecho\u201d, expuso.<\/p>\n<p>Del Valle Medina, detenido durante los enfrentamientos del 3 y 4 de mayo de 2006 entre pobladores de Texcoco y San Salvador Atenco y la fuerza p\u00fablica, anticip\u00f3 una serie de actividades jur\u00eddicas y de movilizaci\u00f3n que el Frente realizar\u00e1 para denunciar y argumentar las razones por las que el pueblo no puede aceptar la imposici\u00f3n de ese instrumento \u201cque atenta contra el derecho leg\u00edtimo a la protesta y manifestaci\u00f3n en defensa de lo que pertenece a nuestra gente\u201d.<\/p>\n<p>Pese a la advertencia ya regulada del uso de la fuerza p\u00fablica, dijo que a partir del lunes 28 celebrar\u00e1n diversas actividades p\u00fablicas para combatir la ley y hacer conciencia de sus alcances, entre ellas ruedas de prensa, foros y hasta marchas: \u201cEstamos en nuestro derecho y no tenemos por qu\u00e9 asumir una actitud sumisa\u201d.<\/p>\n<p>Adem\u00e1s, el Frente realiza diversas reuniones con las comunidades y ha emitido un posicionamiento p\u00fablico en el que informa su solicitud al Centro de Derechos Humanos Zeferino Ladrillero para que realice el estudio pormenorizado de la norma, a fin de conocer sus alcances y determinar las estrategias jur\u00eddicas a seguir, en el entendido de que no combatirla abrir\u00e1 la puerta para que se extienda a todo el pa\u00eds.<\/p>\n<p>A esta lucha, se han sumado, entre otras organizaciones, Administraci\u00f3n Aut\u00f3noma del Agua Potable de Coyotepec AC, Alianza \u00danica del Valle, Apaxco Comunidades por la Vida, Coordinaci\u00f3n de Pueblos Unidos en Defensa de la Energ\u00eda El\u00e9ctrica, Delegaci\u00f3n Ind\u00edgena Otom\u00ed San Francisco Mag\u00fa, Frente de Pueblos Ind\u00edgenas en Defensa de la Madre Tierra San Francisco Xochicuautla, Frente de Pueblos Ind\u00edgenas en Defensa de la Madre Tierra San Lorenzo Huitzizilapan, Frente de Pueblos Ind\u00edgenas en Defensa de la Madre Tierra San Lorenzo Ayotuxco, Frente Popular 9 de Junio en Defensa de los Recursos Naturales AC, Magisterio Mexiquense Contra la Reforma Educativa-CNTE y el Sistema de Agua Potable de Tec\u00e1mac AC.<\/p>\n<p>A trav\u00e9s de una misiva, estas organizaciones tambi\u00e9n lamentaron la opacidad de los diputados del Estado de M\u00e9xico, pues \u201cning\u00fan partido pol\u00edtico se atrevi\u00f3 a hacer p\u00fablica la iniciativa de ley sino hasta el momento de su aprobaci\u00f3n, previo a las vacaciones de Semana Santa\u201d.<\/p>\n<p>\u201cEsta iniciativa se mantuvo en secreto para aspirar, ingenuamente, a que nadie haga nada para hacer contrapeso a dicha ley\u201d, denunciaron.<\/p>\n<p><a href=\"http:\/\/www.proceso.com.mx\/434747\/una-docena-ong-alista-movilizaciones-contra-ley-atenco\" target=\"_blank\">www.proceso.com.mx\/434747\/una-docena-ong-alista-movilizaciones-contra-ley-atenco<\/a><\/p>\n","protected":false},"excerpt":{"rendered":"<p>Veneranda Mendoza SAN SALVADOR ATENCO, Edomex. (apro).- Por considerarla una \u201cestrategia legaloide y perversa para criminalizar la protesta social\u201d, el Frente de Pueblos en Defensa de la Tierra (FPDT) anunci\u00f3 &hellip; <a href=\"http:\/\/www.grieta.org.mx\/index.php\/2016\/03\/25\/alistan-ong-movilizaciones-contra-la-ley-atenco\/\" class=\"more-link\">Leer m\u00e1s<\/a><\/p>\n","protected":false},"author":2,"featured_media":21928,"comment_status":"closed","ping_status":"open","sticky":false,"template":"","format":"standard","meta":{"ngg_post_thumbnail":0,"_jetpack_newsletter_access":"","_jetpack_dont_email_post_to_subs":false,"_jetpack_newsletter_tier_id":0,"_jetpack_memberships_contains_paywalled_content":false,"_jetpack_memberships_contains_paid_content":false,"footnotes":""},"categories":[80],"tags":[92,130],"class_list":["post-5056","post","type-post","status-publish","format-standard","has-post-thumbnail","hentry","category-cintillo","tag-estado-de-mexico","tag-represion","entry"],"jetpack_featured_media_url":"http:\/\/www.grieta.org.mx\/wp-content\/uploads\/2018\/03\/14524434_1106112876131411_958039263622046936_o.jpg","jetpack_sharing_enabled":true,"jetpack_shortlink":"https:\/\/wp.me\/p7ZJR4-1jy","jetpack_likes_enabled":false,"jetpack-related-posts":[{"id":5067,"url":"http:\/\/www.grieta.org.mx\/index.php\/2016\/05\/30\/organizaciones-se-pronuncian-contra-la-ley-atenco\/","url_meta":{"origin":5056,"position":0},"title":"Organizaciones se pronuncian contra la ley que regula el uso de la fuerza p\u00fablica en el Estado de M\u00e9xico","author":"grieta","date":"30 mayo, 2016","format":false,"excerpt":"30\/05\/16. VIDEO: Realizan en Toluca Primer Encuentro Popular Contra la \u2018Ley de la Fuerza P\u00fablica\u2019Diario Portal 29\/04\/16. Cinco pueblos originarios se unen contra la \u201cLey Eruviel\u201dSin Embargo 05\/04\/16. Movilizaciones en Toluca frente al Congreso por rechazo a la \u201cLey Atenco\u201dRed-Accion 04\/04\/16. \u201cLey Eruviel\u201d, represalia contra AtencoCIMAC Noticias 25\/03\/16. Alistan ONG\u2026","rel":"","context":"En &quot;Estado de M\u00e9xico&quot;","block_context":{"text":"Estado de M\u00e9xico","link":"http:\/\/www.grieta.org.mx\/index.php\/category\/noticias-nacionales\/estado-de-mexico\/"},"img":{"alt_text":"","src":"https:\/\/i0.wp.com\/www.grieta.org.mx\/wp-content\/uploads\/2018\/03\/14524434_1106112876131411_958039263622046936_o.jpg?resize=350%2C200","width":350,"height":200,"srcset":"https:\/\/i0.wp.com\/www.grieta.org.mx\/wp-content\/uploads\/2018\/03\/14524434_1106112876131411_958039263622046936_o.jpg?resize=350%2C200 1x, https:\/\/i0.wp.com\/www.grieta.org.mx\/wp-content\/uploads\/2018\/03\/14524434_1106112876131411_958039263622046936_o.jpg?resize=525%2C300 1.5x, https:\/\/i0.wp.com\/www.grieta.org.mx\/wp-content\/uploads\/2018\/03\/14524434_1106112876131411_958039263622046936_o.jpg?resize=700%2C400 2x"},"classes":[]},{"id":5060,"url":"http:\/\/www.grieta.org.mx\/index.php\/2016\/03\/23\/pronunciamiento-contra-la-nueva-ley-atenco\/","url_meta":{"origin":5056,"position":1},"title":"Pronunciamiento contra la nueva \u201cLey Atenco\u201d","author":"grieta","date":"23 marzo, 2016","format":false,"excerpt":"Ante la ?#?LeyAtenco? el Digno Fuego se posiciona. Ante la aprobaci\u00f3n de la llamada #LeyAtenco las personas, pueblos y organizaciones que conformamos el Fuego de la Digna Resistencia, manifestamos lo siguiente: Denunciamos la opacidad con que se condujo el Congreso Local del Estado de M\u00e9xico. Ning\u00fan partido pol\u00edtico se atrevi\u00f3\u2026","rel":"","context":"En &quot;CINTILLO&quot;","block_context":{"text":"CINTILLO","link":"http:\/\/www.grieta.org.mx\/index.php\/category\/cintillo\/"},"img":{"alt_text":"","src":"https:\/\/i0.wp.com\/www.grieta.org.mx\/wp-content\/uploads\/2018\/03\/14524434_1106112876131411_958039263622046936_o.jpg?resize=350%2C200","width":350,"height":200,"srcset":"https:\/\/i0.wp.com\/www.grieta.org.mx\/wp-content\/uploads\/2018\/03\/14524434_1106112876131411_958039263622046936_o.jpg?resize=350%2C200 1x, https:\/\/i0.wp.com\/www.grieta.org.mx\/wp-content\/uploads\/2018\/03\/14524434_1106112876131411_958039263622046936_o.jpg?resize=525%2C300 1.5x, https:\/\/i0.wp.com\/www.grieta.org.mx\/wp-content\/uploads\/2018\/03\/14524434_1106112876131411_958039263622046936_o.jpg?resize=700%2C400 2x"},"classes":[]},{"id":9908,"url":"http:\/\/www.grieta.org.mx\/index.php\/2016\/04\/05\/movilizaciones-en-toluca-frente-al-congreso-por-rechazo-a-la-ley-atenco\/","url_meta":{"origin":5056,"position":2},"title":"Movilizaciones en Toluca frente al Congreso por rechazo a la \u201cLey Atenco\u201d","author":"grieta","date":"5 abril, 2016","format":false,"excerpt":"* Lanzan invitaci\u00f3n mundial para visitar el Edom\u00e9x y comprobar la violaci\u00f3n sistem\u00e1tica de derechos humanos de las autoridades a los pueblos por imponer obras y despojaros de sus tierras y recursos TOLUCA, M\u00e9x. Organizaciones sociales que forman la alianza \u201cFuego de la Digna Resistencia\u201d se movilizaron hoy al Congreso\u2026","rel":"","context":"En &quot;CINTILLO&quot;","block_context":{"text":"CINTILLO","link":"http:\/\/www.grieta.org.mx\/index.php\/category\/cintillo\/"},"img":{"alt_text":"","src":"https:\/\/i0.wp.com\/www.grieta.org.mx\/wp-content\/uploads\/2018\/03\/14524434_1106112876131411_958039263622046936_o.jpg?resize=350%2C200","width":350,"height":200,"srcset":"https:\/\/i0.wp.com\/www.grieta.org.mx\/wp-content\/uploads\/2018\/03\/14524434_1106112876131411_958039263622046936_o.jpg?resize=350%2C200 1x, https:\/\/i0.wp.com\/www.grieta.org.mx\/wp-content\/uploads\/2018\/03\/14524434_1106112876131411_958039263622046936_o.jpg?resize=525%2C300 1.5x, https:\/\/i0.wp.com\/www.grieta.org.mx\/wp-content\/uploads\/2018\/03\/14524434_1106112876131411_958039263622046936_o.jpg?resize=700%2C400 2x"},"classes":[]},{"id":987,"url":"http:\/\/www.grieta.org.mx\/index.php\/2015\/11\/11\/atenco-continua-lucha-contra-aeropuerto-y-la-defensa-de-la-tierra-video\/","url_meta":{"origin":5056,"position":3},"title":"Atenco: contin\u00faa lucha contra aeropuerto y la defensa de la tierra (video)","author":"grieta","date":"11 noviembre, 2015","format":false,"excerpt":"En el municipio de Atenco, Estado de M\u00e9xico, pobladores del pueblo de San Crist\u00f3bal Nexquipayac contin\u00faan en lucha contra el despojo de sus tierras por la construcci\u00f3n del nuevo aeropuerto de la Ciudad de M\u00e9xico, un proyecto de Enrique Pe\u00f1a Nieto. www.laizquierdadiario.com.mx\/Atenco-continua-lucha-contra-aeropuerto-y-la-defensa-de-la-tierra","rel":"","context":"En &quot;CINTILLO&quot;","block_context":{"text":"CINTILLO","link":"http:\/\/www.grieta.org.mx\/index.php\/category\/cintillo\/"},"img":{"alt_text":"","src":"https:\/\/i0.wp.com\/www.grieta.org.mx\/wp-content\/uploads\/2018\/03\/14524434_1106112876131411_958039263622046936_o.jpg?resize=350%2C200","width":350,"height":200,"srcset":"https:\/\/i0.wp.com\/www.grieta.org.mx\/wp-content\/uploads\/2018\/03\/14524434_1106112876131411_958039263622046936_o.jpg?resize=350%2C200 1x, https:\/\/i0.wp.com\/www.grieta.org.mx\/wp-content\/uploads\/2018\/03\/14524434_1106112876131411_958039263622046936_o.jpg?resize=525%2C300 1.5x, https:\/\/i0.wp.com\/www.grieta.org.mx\/wp-content\/uploads\/2018\/03\/14524434_1106112876131411_958039263622046936_o.jpg?resize=700%2C400 2x"},"classes":[]},{"id":25758,"url":"http:\/\/www.grieta.org.mx\/index.php\/2018\/08\/23\/tierra-si-aviones-no-la-exigencia-de-atenco-ante-consulta-por-el-naim\/","url_meta":{"origin":5056,"position":4},"title":"\u201cTierra s\u00ed, aviones no\u201d, la exigencia de Atenco ante consulta por el NAIM","author":"grieta","date":"23 agosto, 2018","format":false,"excerpt":"PROCESO CIUDAD DE M\u00c9XICO (apro).- Ejidatarios de Atenco se manifestaron en la capital, de nueva cuenta, para expresar su repudio al Nuevo Aeropuerto Internacional de M\u00e9xico (NAIM). ttps:\/\/www.proceso.com.mx\/548135\/tierra-si-aviones-no-la-exigencia-de-atenco-ante-consulta-por-el-naim","rel":"","context":"En &quot;CINTILLO&quot;","block_context":{"text":"CINTILLO","link":"http:\/\/www.grieta.org.mx\/index.php\/category\/cintillo\/"},"img":{"alt_text":"","src":"https:\/\/i0.wp.com\/www.grieta.org.mx\/wp-content\/uploads\/2018\/08\/230818-atenco-as1-1078x719.jpg?resize=350%2C200","width":350,"height":200,"srcset":"https:\/\/i0.wp.com\/www.grieta.org.mx\/wp-content\/uploads\/2018\/08\/230818-atenco-as1-1078x719.jpg?resize=350%2C200 1x, https:\/\/i0.wp.com\/www.grieta.org.mx\/wp-content\/uploads\/2018\/08\/230818-atenco-as1-1078x719.jpg?resize=525%2C300 1.5x, https:\/\/i0.wp.com\/www.grieta.org.mx\/wp-content\/uploads\/2018\/08\/230818-atenco-as1-1078x719.jpg?resize=700%2C400 2x, https:\/\/i0.wp.com\/www.grieta.org.mx\/wp-content\/uploads\/2018\/08\/230818-atenco-as1-1078x719.jpg?resize=1050%2C600 3x"},"classes":[]},{"id":5061,"url":"http:\/\/www.grieta.org.mx\/index.php\/2016\/03\/19\/edomex-mejora-la-ley-bala-ley-atenco-promete-acabar-rapido-con-la-protesta-social\/","url_meta":{"origin":5056,"position":5},"title":"Edomex &#8216;mejora&#8217; la &#8216;Ley Bala&#8217;: &#8216;Ley Atenco&#8217; promete acabar r\u00e1pido con la protesta social","author":"grieta","date":"19 marzo, 2016","format":false,"excerpt":"CIUDAD DE M\u00c9XICO.- El Congreso del Estado de M\u00e9xico aval\u00f3 la iniciativa enviada por el Gobernador Eruviel \u00c1vila Villegas que avala el uso de la Fuerza P\u00fablica durante manifestaciones p\u00fablicas. La tambi\u00e9n llamada \u201cLey Atenco\u201d, fue avala ayer en lo general por la mayor\u00eda de los legisladores mexiquenses, y con\u2026","rel":"","context":"En &quot;CINTILLO&quot;","block_context":{"text":"CINTILLO","link":"http:\/\/www.grieta.org.mx\/index.php\/category\/cintillo\/"},"img":{"alt_text":"","src":"https:\/\/i0.wp.com\/www.grieta.org.mx\/wp-content\/uploads\/2018\/03\/14524434_1106112876131411_958039263622046936_o.jpg?resize=350%2C200","width":350,"height":200,"srcset":"https:\/\/i0.wp.com\/www.grieta.org.mx\/wp-content\/uploads\/2018\/03\/14524434_1106112876131411_958039263622046936_o.jpg?resize=350%2C200 1x, https:\/\/i0.wp.com\/www.grieta.org.mx\/wp-content\/uploads\/2018\/03\/14524434_1106112876131411_958039263622046936_o.jpg?resize=525%2C300 1.5x, https:\/\/i0.wp.com\/www.grieta.org.mx\/wp-content\/uploads\/2018\/03\/14524434_1106112876131411_958039263622046936_o.jpg?resize=700%2C400 2x"},"classes":[]}],"_links":{"self":[{"href":"http:\/\/www.grieta.org.mx\/index.php\/wp-json\/wp\/v2\/posts\/5056","targetHints":{"allow":["GET"]}}],"collection":[{"href":"http:\/\/www.grieta.org.mx\/index.php\/wp-json\/wp\/v2\/posts"}],"about":[{"href":"http:\/\/www.grieta.org.mx\/index.php\/wp-json\/wp\/v2\/types\/post"}],"author":[{"embeddable":true,"href":"http:\/\/www.grieta.org.mx\/index.php\/wp-json\/wp\/v2\/users\/2"}],"replies":[{"embeddable":true,"href":"http:\/\/www.grieta.org.mx\/index.php\/wp-json\/wp\/v2\/comments?post=5056"}],"version-history":[{"count":1,"href":"http:\/\/www.grieta.org.mx\/index.php\/wp-json\/wp\/v2\/posts\/5056\/revisions"}],"predecessor-version":[{"id":5059,"href":"http:\/\/www.grieta.org.mx\/index.php\/wp-json\/wp\/v2\/posts\/5056\/revisions\/5059"}],"wp:featuredmedia":[{"embeddable":true,"href":"http:\/\/www.grieta.org.mx\/index.php\/wp-json\/wp\/v2\/media\/21928"}],"wp:attachment":[{"href":"http:\/\/www.grieta.org.mx\/index.php\/wp-json\/wp\/v2\/media?parent=5056"}],"wp:term":[{"taxonomy":"category","embeddable":true,"href":"http:\/\/www.grieta.org.mx\/index.php\/wp-json\/wp\/v2\/categories?post=5056"},{"taxonomy":"post_tag","embeddable":true,"href":"http:\/\/www.grieta.org.mx\/index.php\/wp-json\/wp\/v2\/tags?post=5056"}],"curies":[{"name":"wp","href":"https:\/\/api.w.org\/{rel}","templated":true}]}}