{"id":50543,"date":"2020-05-18T00:49:51","date_gmt":"2020-05-18T05:49:51","guid":{"rendered":"http:\/\/www.grieta.org.mx\/?p=50543"},"modified":"2020-06-08T01:04:48","modified_gmt":"2020-06-08T06:04:48","slug":"alcoholera-zapopan-acaba-con-afluentes-video","status":"publish","type":"post","link":"http:\/\/www.grieta.org.mx\/index.php\/2020\/05\/18\/alcoholera-zapopan-acaba-con-afluentes-video\/","title":{"rendered":"Alcoholera Zapopan acaba con afluentes (Video)"},"content":{"rendered":"<p><a href=\"http:\/\/www.grieta.org.mx\/wp-content\/uploads\/2020\/06\/Screenshot_2020-06-08-Alcoholera-Zapopan-acaba-con-afluentes-Vanguardia-de-Veracruz.png\"><img loading=\"lazy\" decoding=\"async\" data-attachment-id=\"50544\" data-permalink=\"http:\/\/www.grieta.org.mx\/index.php\/2020\/05\/18\/alcoholera-zapopan-acaba-con-afluentes-video\/screenshot_2020-06-08-alcoholera-zapopan-acaba-con-afluentes-vanguardia-de-veracruz\/\" data-orig-file=\"http:\/\/www.grieta.org.mx\/wp-content\/uploads\/2020\/06\/Screenshot_2020-06-08-Alcoholera-Zapopan-acaba-con-afluentes-Vanguardia-de-Veracruz.png\" data-orig-size=\"870,452\" data-comments-opened=\"0\" data-image-meta=\"{&quot;aperture&quot;:&quot;0&quot;,&quot;credit&quot;:&quot;&quot;,&quot;camera&quot;:&quot;&quot;,&quot;caption&quot;:&quot;&quot;,&quot;created_timestamp&quot;:&quot;0&quot;,&quot;copyright&quot;:&quot;&quot;,&quot;focal_length&quot;:&quot;0&quot;,&quot;iso&quot;:&quot;0&quot;,&quot;shutter_speed&quot;:&quot;0&quot;,&quot;title&quot;:&quot;&quot;,&quot;orientation&quot;:&quot;0&quot;}\" data-image-title=\"Screenshot_2020-06-08 Alcoholera Zapopan acaba con afluentes &amp;#8211; Vanguardia de Veracruz\" data-image-description=\"\" data-image-caption=\"\" data-medium-file=\"http:\/\/www.grieta.org.mx\/wp-content\/uploads\/2020\/06\/Screenshot_2020-06-08-Alcoholera-Zapopan-acaba-con-afluentes-Vanguardia-de-Veracruz-300x156.png\" data-large-file=\"http:\/\/www.grieta.org.mx\/wp-content\/uploads\/2020\/06\/Screenshot_2020-06-08-Alcoholera-Zapopan-acaba-con-afluentes-Vanguardia-de-Veracruz.png\" class=\"aligncenter wp-image-50544\" src=\"http:\/\/www.grieta.org.mx\/wp-content\/uploads\/2020\/06\/Screenshot_2020-06-08-Alcoholera-Zapopan-acaba-con-afluentes-Vanguardia-de-Veracruz.png\" alt=\"\" width=\"800\" height=\"416\" srcset=\"http:\/\/www.grieta.org.mx\/wp-content\/uploads\/2020\/06\/Screenshot_2020-06-08-Alcoholera-Zapopan-acaba-con-afluentes-Vanguardia-de-Veracruz.png 870w, http:\/\/www.grieta.org.mx\/wp-content\/uploads\/2020\/06\/Screenshot_2020-06-08-Alcoholera-Zapopan-acaba-con-afluentes-Vanguardia-de-Veracruz-300x156.png 300w, http:\/\/www.grieta.org.mx\/wp-content\/uploads\/2020\/06\/Screenshot_2020-06-08-Alcoholera-Zapopan-acaba-con-afluentes-Vanguardia-de-Veracruz-768x399.png 768w\" sizes=\"auto, (max-width: 800px) 100vw, 800px\" \/><\/a><\/p>\n<p>Jos\u00e9 Vicente Osorio Vargas \/ Vanguardia<\/p>\n<p>Atoyac, Ver.- La grave contaminaci\u00f3n causada por la alcoholera Zapopan y la Central Energ\u00e9tica Atoyac ha causado un grave ecocidio y da\u00f1os irreversibles en los afluentes de este municipio, donde se arrojan l\u00edquidos industriales y vinaza.<\/p>\n<p>En un recorrido realizado en estos puntos donde se registra el desag\u00fce con apoyo de integrantes de la agrupaci\u00f3n \u201cSalvemos el r\u00edo Atoyac\u201d, se confirm\u00f3 la salida de miles de litros por minuto que vienen directamente de la tuber\u00eda de la industria y llegan al canal de riego Alfredo V. Bonfil.<\/p>\n<div class=\"jetpack-video-wrapper\"><iframe loading=\"lazy\" title=\"Alcoholera Zapopan acaba con afluentes en Atoyac\" width=\"1170\" height=\"658\" src=\"https:\/\/www.youtube.com\/embed\/KoAx-OxDKNY?feature=oembed\" frameborder=\"0\" allow=\"accelerometer; autoplay; clipboard-write; encrypted-media; gyroscope; picture-in-picture\" allowfullscreen><\/iframe><\/div>\n<p>Adem\u00e1s, tambi\u00e9n contamina parte del r\u00edo Atoyac y los arroyos El Tepachero y La Angostura, mismos que surten de agua a los habitantes de Potrero o congregaci\u00f3n general Miguel Alem\u00e1n.<\/p>\n<p>\u201cSe supone que las compuertas no deben estar abiertas y los residuos de la industria deben llegar a una planta de tratamiento, no al canal de riego que lleva el agua a los sembrad\u00edos de ca\u00f1a y lim\u00f3n de Cuitl\u00e1huac, Yanga y Carrillo Puerto, eso afecta la cosecha\u201d, manifestaron los habitantes al recorrer la zona.<\/p>\n<p><a href=\"http:\/\/www.grieta.org.mx\/wp-content\/uploads\/2020\/06\/1.-alcoholera-2.jpg\"><img loading=\"lazy\" decoding=\"async\" data-attachment-id=\"50545\" data-permalink=\"http:\/\/www.grieta.org.mx\/index.php\/2020\/05\/18\/alcoholera-zapopan-acaba-con-afluentes-video\/1-alcoholera-2\/\" data-orig-file=\"http:\/\/www.grieta.org.mx\/wp-content\/uploads\/2020\/06\/1.-alcoholera-2.jpg\" data-orig-size=\"1000,520\" data-comments-opened=\"0\" data-image-meta=\"{&quot;aperture&quot;:&quot;0&quot;,&quot;credit&quot;:&quot;&quot;,&quot;camera&quot;:&quot;&quot;,&quot;caption&quot;:&quot;&quot;,&quot;created_timestamp&quot;:&quot;0&quot;,&quot;copyright&quot;:&quot;&quot;,&quot;focal_length&quot;:&quot;0&quot;,&quot;iso&quot;:&quot;0&quot;,&quot;shutter_speed&quot;:&quot;0&quot;,&quot;title&quot;:&quot;&quot;,&quot;orientation&quot;:&quot;0&quot;}\" data-image-title=\"1.-alcoholera-2\" data-image-description=\"\" data-image-caption=\"\" data-medium-file=\"http:\/\/www.grieta.org.mx\/wp-content\/uploads\/2020\/06\/1.-alcoholera-2-300x156.jpg\" data-large-file=\"http:\/\/www.grieta.org.mx\/wp-content\/uploads\/2020\/06\/1.-alcoholera-2.jpg\" class=\"aligncenter wp-image-50545\" src=\"http:\/\/www.grieta.org.mx\/wp-content\/uploads\/2020\/06\/1.-alcoholera-2.jpg\" alt=\"\" width=\"800\" height=\"416\" srcset=\"http:\/\/www.grieta.org.mx\/wp-content\/uploads\/2020\/06\/1.-alcoholera-2.jpg 1000w, http:\/\/www.grieta.org.mx\/wp-content\/uploads\/2020\/06\/1.-alcoholera-2-300x156.jpg 300w, http:\/\/www.grieta.org.mx\/wp-content\/uploads\/2020\/06\/1.-alcoholera-2-768x399.jpg 768w, http:\/\/www.grieta.org.mx\/wp-content\/uploads\/2020\/06\/1.-alcoholera-2-962x500.jpg 962w\" sizes=\"auto, (max-width: 800px) 100vw, 800px\" \/><\/a><\/p>\n<p><a href=\"http:\/\/www.grieta.org.mx\/wp-content\/uploads\/2020\/06\/Screenshot_2020-06-08-Alcoholera-Zapopan-acaba-con-afluentes-Vanguardia-de-Veracruz1.png\"><img loading=\"lazy\" decoding=\"async\" data-attachment-id=\"50546\" data-permalink=\"http:\/\/www.grieta.org.mx\/index.php\/2020\/05\/18\/alcoholera-zapopan-acaba-con-afluentes-video\/screenshot_2020-06-08-alcoholera-zapopan-acaba-con-afluentes-vanguardia-de-veracruz1\/\" data-orig-file=\"http:\/\/www.grieta.org.mx\/wp-content\/uploads\/2020\/06\/Screenshot_2020-06-08-Alcoholera-Zapopan-acaba-con-afluentes-Vanguardia-de-Veracruz1.png\" data-orig-size=\"1250,648\" data-comments-opened=\"0\" data-image-meta=\"{&quot;aperture&quot;:&quot;0&quot;,&quot;credit&quot;:&quot;&quot;,&quot;camera&quot;:&quot;&quot;,&quot;caption&quot;:&quot;&quot;,&quot;created_timestamp&quot;:&quot;0&quot;,&quot;copyright&quot;:&quot;&quot;,&quot;focal_length&quot;:&quot;0&quot;,&quot;iso&quot;:&quot;0&quot;,&quot;shutter_speed&quot;:&quot;0&quot;,&quot;title&quot;:&quot;&quot;,&quot;orientation&quot;:&quot;0&quot;}\" data-image-title=\"Screenshot_2020-06-08 Alcoholera Zapopan acaba con afluentes &amp;#8211; Vanguardia de Veracruz(1)\" data-image-description=\"\" data-image-caption=\"\" data-medium-file=\"http:\/\/www.grieta.org.mx\/wp-content\/uploads\/2020\/06\/Screenshot_2020-06-08-Alcoholera-Zapopan-acaba-con-afluentes-Vanguardia-de-Veracruz1-300x156.png\" data-large-file=\"http:\/\/www.grieta.org.mx\/wp-content\/uploads\/2020\/06\/Screenshot_2020-06-08-Alcoholera-Zapopan-acaba-con-afluentes-Vanguardia-de-Veracruz1-1024x531.png\" class=\"aligncenter wp-image-50546\" src=\"http:\/\/www.grieta.org.mx\/wp-content\/uploads\/2020\/06\/Screenshot_2020-06-08-Alcoholera-Zapopan-acaba-con-afluentes-Vanguardia-de-Veracruz1-1024x531.png\" alt=\"\" width=\"800\" height=\"415\" srcset=\"http:\/\/www.grieta.org.mx\/wp-content\/uploads\/2020\/06\/Screenshot_2020-06-08-Alcoholera-Zapopan-acaba-con-afluentes-Vanguardia-de-Veracruz1-1024x531.png 1024w, http:\/\/www.grieta.org.mx\/wp-content\/uploads\/2020\/06\/Screenshot_2020-06-08-Alcoholera-Zapopan-acaba-con-afluentes-Vanguardia-de-Veracruz1-300x156.png 300w, http:\/\/www.grieta.org.mx\/wp-content\/uploads\/2020\/06\/Screenshot_2020-06-08-Alcoholera-Zapopan-acaba-con-afluentes-Vanguardia-de-Veracruz1-768x398.png 768w, http:\/\/www.grieta.org.mx\/wp-content\/uploads\/2020\/06\/Screenshot_2020-06-08-Alcoholera-Zapopan-acaba-con-afluentes-Vanguardia-de-Veracruz1-965x500.png 965w, http:\/\/www.grieta.org.mx\/wp-content\/uploads\/2020\/06\/Screenshot_2020-06-08-Alcoholera-Zapopan-acaba-con-afluentes-Vanguardia-de-Veracruz1.png 1250w\" sizes=\"auto, (max-width: 800px) 100vw, 800px\" \/><\/a><\/p>\n<p>Al comprobar la salida del agua contaminada, los inconformes procedieron a la toma de una muestra, evidenciando con videos e im\u00e1genes el lugar en donde era sustra\u00eddo el l\u00edquido, lo cual dijeron, servir\u00e1 para presentar la denuncia correspondiente ante la Comisi\u00f3n Nacional del Agua y la Procuradur\u00eda del Medio Ambiente en una pr\u00f3xima reuni\u00f3n.<\/p>\n<p>Los desechos que son arrojados al canal y han acabado con la cr\u00eda de langostino, mojarra y otras especies, los ha llevado a manifestarse en repetidas ocasiones, en busca de una soluci\u00f3n que lleve al saneamiento de tan importante caudal que llega hasta las localidades de Boca del R\u00edo y Medell\u00edn, sum\u00e1ndose a la contaminaci\u00f3n del r\u00edo Blanco, que recibe descargas de aguas negras de municipios como Omealca y Cuichapa.<\/p>\n<p><a href=\"https:\/\/www.vanguardiaveracruz.mx\/video-%F0%9F%93%B9-alcoholera-zapopan-acaba-con-afluentes\/\">https:\/\/www.vanguardiaveracruz.mx\/video-%F0%9F%93%B9-alcoholera-zapopan-acaba-con-afluentes\/<\/a><\/p>\n","protected":false},"excerpt":{"rendered":"<p>Jos\u00e9 Vicente Osorio Vargas \/ Vanguardia Atoyac, Ver.- La grave contaminaci\u00f3n causada por la alcoholera Zapopan y la Central Energ\u00e9tica Atoyac ha causado un grave ecocidio y da\u00f1os irreversibles en &hellip; <a href=\"http:\/\/www.grieta.org.mx\/index.php\/2020\/05\/18\/alcoholera-zapopan-acaba-con-afluentes-video\/\" class=\"more-link\">Leer m\u00e1s<\/a><\/p>\n","protected":false},"author":1,"featured_media":50544,"comment_status":"closed","ping_status":"closed","sticky":false,"template":"","format":"standard","meta":{"ngg_post_thumbnail":0,"_jetpack_newsletter_access":"","_jetpack_dont_email_post_to_subs":false,"_jetpack_newsletter_tier_id":0,"_jetpack_memberships_contains_paywalled_content":false,"_jetpack_memberships_contains_paid_content":false,"footnotes":""},"categories":[80,3057,2500,2,35],"tags":[425,3041,2931],"class_list":["post-50543","post","type-post","status-publish","format-standard","has-post-thumbnail","hentry","category-cintillo","category-contaminacion-y-salud-publica-en-veracruz","category-danos-ambientales-por-desarrollo-industrial","category-noticias-nacionales","category-veracruz","tag-contaminacion-agua","tag-contaminacion-de-rios","tag-contaminacion-industrial","entry"],"jetpack_featured_media_url":"http:\/\/www.grieta.org.mx\/wp-content\/uploads\/2020\/06\/Screenshot_2020-06-08-Alcoholera-Zapopan-acaba-con-afluentes-Vanguardia-de-Veracruz.png","jetpack_sharing_enabled":true,"jetpack_shortlink":"https:\/\/wp.me\/p7ZJR4-d9d","jetpack_likes_enabled":false,"jetpack-related-posts":[{"id":43713,"url":"http:\/\/www.grieta.org.mx\/index.php\/2020\/01\/09\/grave-contaminacion-por-el-abandono-de-plantas-tratadoras-veracruz\/","url_meta":{"origin":50543,"position":0},"title":"Grave contaminaci\u00f3n por el abandono de plantas tratadoras (Veracruz)","author":"grieta","date":"9 enero, 2020","format":false,"excerpt":"Isa\u00edas Garc\u00eda Perez \/ Vanguardia Coatzintla, Ver.- Compa\u00f1\u00edas desarrolladoras de vivienda son solapadas por autoridades, pues no se les exige la edificaci\u00f3n de plantas de tratamiento de aguas residuales, mismas que van a parar directamente al r\u00edo y sus afluentes. Vecinos de las colonias Ruiz Cortines, Sector Coatzintla y Barrio\u2026","rel":"","context":"En &quot;CINTILLO&quot;","block_context":{"text":"CINTILLO","link":"http:\/\/www.grieta.org.mx\/index.php\/category\/cintillo\/"},"img":{"alt_text":"","src":"https:\/\/i0.wp.com\/www.grieta.org.mx\/wp-content\/uploads\/2020\/01\/https-_www.vanguardiaveracruz.mx_wp-content_uploads_2020_01_1.-.-plantas.jpg?resize=350%2C200","width":350,"height":200,"srcset":"https:\/\/i0.wp.com\/www.grieta.org.mx\/wp-content\/uploads\/2020\/01\/https-_www.vanguardiaveracruz.mx_wp-content_uploads_2020_01_1.-.-plantas.jpg?resize=350%2C200 1x, https:\/\/i0.wp.com\/www.grieta.org.mx\/wp-content\/uploads\/2020\/01\/https-_www.vanguardiaveracruz.mx_wp-content_uploads_2020_01_1.-.-plantas.jpg?resize=525%2C300 1.5x, https:\/\/i0.wp.com\/www.grieta.org.mx\/wp-content\/uploads\/2020\/01\/https-_www.vanguardiaveracruz.mx_wp-content_uploads_2020_01_1.-.-plantas.jpg?resize=700%2C400 2x, https:\/\/i0.wp.com\/www.grieta.org.mx\/wp-content\/uploads\/2020\/01\/https-_www.vanguardiaveracruz.mx_wp-content_uploads_2020_01_1.-.-plantas.jpg?resize=1050%2C600 3x"},"classes":[]},{"id":39913,"url":"http:\/\/www.grieta.org.mx\/index.php\/2019\/10\/01\/contaminacion-del-atoyac-por-corrupcion-en-puebla\/","url_meta":{"origin":50543,"position":1},"title":"Contaminaci\u00f3n del Atoyac, por corrupci\u00f3n en Puebla","author":"Admin","date":"1 octubre, 2019","format":false,"excerpt":"Redacci\u00f3n \/ El Popular Entre 2013 y 2017, el gobierno federal destin\u00f3 m\u00e1s de 940 millones de pesos para la instalaci\u00f3n de 16 plantas de tratamiento de agua en Puebla y Tlaxcala; sin embargo, esto ha propiciado casos de desv\u00edo de dinero y complejos construidos, pero sin entrar en operaciones\u2026","rel":"","context":"En &quot;CINTILLO&quot;","block_context":{"text":"CINTILLO","link":"http:\/\/www.grieta.org.mx\/index.php\/category\/cintillo\/"},"img":{"alt_text":"","src":"https:\/\/i0.wp.com\/www.grieta.org.mx\/wp-content\/uploads\/2019\/10\/efe4127836c64d4186b054b5aa0f69a1_nota_685x411_thumb.jpg?resize=350%2C200","width":350,"height":200,"srcset":"https:\/\/i0.wp.com\/www.grieta.org.mx\/wp-content\/uploads\/2019\/10\/efe4127836c64d4186b054b5aa0f69a1_nota_685x411_thumb.jpg?resize=350%2C200 1x, https:\/\/i0.wp.com\/www.grieta.org.mx\/wp-content\/uploads\/2019\/10\/efe4127836c64d4186b054b5aa0f69a1_nota_685x411_thumb.jpg?resize=525%2C300 1.5x"},"classes":[]},{"id":43431,"url":"http:\/\/www.grieta.org.mx\/index.php\/2020\/01\/22\/desechos-industriales-vertidos-en-rio-atoyac-llevan-muerte-a-tlaxcala-y-puebla\/","url_meta":{"origin":50543,"position":2},"title":"Desechos industriales vertidos en R\u00edo Atoyac llevan muerte a Tlaxcala y Puebla","author":"Admin","date":"22 enero, 2020","format":false,"excerpt":"Redacci\u00f3n \/ La Verdad Poblados de Tlaxcala y Puebla, se han envuelto en contaminantes, luego de que, el R\u00edo Atoyac, corriente fluvial que atraviesa ambos estados, lleva la muerte a los seres vivos con los que se cruza a su paso. R\u00edo Atoyac mata todo a su paso Las que\u2026","rel":"","context":"En &quot;CINTILLO&quot;","block_context":{"text":"CINTILLO","link":"http:\/\/www.grieta.org.mx\/index.php\/category\/cintillo\/"},"img":{"alt_text":"","src":"https:\/\/i0.wp.com\/www.grieta.org.mx\/wp-content\/uploads\/2020\/01\/Captura-de-pantalla-2020-01-24-a-las-1.25.49-p.m..png?resize=350%2C200","width":350,"height":200,"srcset":"https:\/\/i0.wp.com\/www.grieta.org.mx\/wp-content\/uploads\/2020\/01\/Captura-de-pantalla-2020-01-24-a-las-1.25.49-p.m..png?resize=350%2C200 1x, https:\/\/i0.wp.com\/www.grieta.org.mx\/wp-content\/uploads\/2020\/01\/Captura-de-pantalla-2020-01-24-a-las-1.25.49-p.m..png?resize=525%2C300 1.5x"},"classes":[]},{"id":43716,"url":"http:\/\/www.grieta.org.mx\/index.php\/2020\/01\/03\/alza-en-casos-de-cancer-en-veracruz-por-contaminacion-de-fabricas\/","url_meta":{"origin":50543,"position":3},"title":"Alza en casos de c\u00e1ncer en Veracruz por contaminaci\u00f3n de f\u00e1bricas","author":"grieta","date":"3 enero, 2020","format":false,"excerpt":"Laura Morales \/ Imagen del Golfo A trav\u00e9s de la Secretar\u00eda de Salud, el Gobierno del Estado debe regular a las empresas por la contaminaci\u00f3n que generan pues los casos de c\u00e1ncer van en aumento, se\u00f1al\u00f3 Roxana Gu\u00edzar, directora de Casa MAM. Afirm\u00f3 que la alimentaci\u00f3n, junto con la contaminaci\u00f3n\u2026","rel":"","context":"En &quot;CINTILLO&quot;","block_context":{"text":"CINTILLO","link":"http:\/\/www.grieta.org.mx\/index.php\/category\/cintillo\/"},"img":{"alt_text":"","src":"https:\/\/i0.wp.com\/www.grieta.org.mx\/wp-content\/uploads\/2020\/01\/570464_d.jgp_.jpg?resize=350%2C200","width":350,"height":200,"srcset":"https:\/\/i0.wp.com\/www.grieta.org.mx\/wp-content\/uploads\/2020\/01\/570464_d.jgp_.jpg?resize=350%2C200 1x, https:\/\/i0.wp.com\/www.grieta.org.mx\/wp-content\/uploads\/2020\/01\/570464_d.jgp_.jpg?resize=525%2C300 1.5x"},"classes":[]},{"id":12257,"url":"http:\/\/www.grieta.org.mx\/index.php\/2016\/07\/25\/danos-ambientales-por-industria-maquiladora-en-puebla\/","url_meta":{"origin":50543,"position":4},"title":"Contaminaci\u00f3n del agua por industria maquiladora en Puebla","author":"grieta","date":"25 julio, 2016","format":false,"excerpt":"26\/07\/16. No funcionan 20 plantas de tratamiento de aguas residuales en Puebla: Conagua Contraparte 18\/07\/16. R\u00edo Atoyac: responsabilidad compartida o corrupci\u00f3n ininterrumpida (Puebla) e-consulta 11\/05\/16. Lavander\u00eda contamina r\u00edo y tierras en comunidad de Huejotzingo (Puebla) Municipios Puebla","rel":"","context":"En &quot;NOTICIAS NACIONALES&quot;","block_context":{"text":"NOTICIAS NACIONALES","link":"http:\/\/www.grieta.org.mx\/index.php\/category\/noticias-nacionales\/"},"img":{"alt_text":"","src":"https:\/\/i0.wp.com\/www.grieta.org.mx\/wp-content\/uploads\/2018\/03\/14524434_1106112876131411_958039263622046936_o.jpg?resize=350%2C200","width":350,"height":200,"srcset":"https:\/\/i0.wp.com\/www.grieta.org.mx\/wp-content\/uploads\/2018\/03\/14524434_1106112876131411_958039263622046936_o.jpg?resize=350%2C200 1x, https:\/\/i0.wp.com\/www.grieta.org.mx\/wp-content\/uploads\/2018\/03\/14524434_1106112876131411_958039263622046936_o.jpg?resize=525%2C300 1.5x, https:\/\/i0.wp.com\/www.grieta.org.mx\/wp-content\/uploads\/2018\/03\/14524434_1106112876131411_958039263622046936_o.jpg?resize=700%2C400 2x"},"classes":[]},{"id":41362,"url":"http:\/\/www.grieta.org.mx\/index.php\/2019\/10\/20\/contaminacion-en-rio-atoyac-deja-mas-de-25-mil-muertos-puebla-y-tlaxcala\/","url_meta":{"origin":50543,"position":5},"title":"Contaminaci\u00f3n en r\u00edo Atoyac deja m\u00e1s de 25 mil muertos (Puebla y Tlaxcala)","author":"Admin","date":"20 octubre, 2019","format":false,"excerpt":"Redacci\u00f3n \/ Milenio digital PUEBLA.- A lo largo de su vida, Isabel Cano Flores no solo vio morir al r\u00edo Atoyac, tambi\u00e9n sufri\u00f3 la muerte de una de sus hijas a causa de c\u00e1ncer en la sangre que adquiri\u00f3 por la exposici\u00f3n a t\u00f3xicos como el benceno, plomo y ars\u00e9nico\u2026","rel":"","context":"En &quot;CINTILLO&quot;","block_context":{"text":"CINTILLO","link":"http:\/\/www.grieta.org.mx\/index.php\/category\/cintillo\/"},"img":{"alt_text":"","src":"https:\/\/i0.wp.com\/www.grieta.org.mx\/wp-content\/uploads\/2019\/11\/rio-atoyac-andres-lobato_0_28_640_398.jpg?resize=350%2C200","width":350,"height":200,"srcset":"https:\/\/i0.wp.com\/www.grieta.org.mx\/wp-content\/uploads\/2019\/11\/rio-atoyac-andres-lobato_0_28_640_398.jpg?resize=350%2C200 1x, https:\/\/i0.wp.com\/www.grieta.org.mx\/wp-content\/uploads\/2019\/11\/rio-atoyac-andres-lobato_0_28_640_398.jpg?resize=525%2C300 1.5x, https:\/\/i0.wp.com\/www.grieta.org.mx\/wp-content\/uploads\/2019\/11\/rio-atoyac-andres-lobato_0_28_640_398.jpg?resize=700%2C400 2x"},"classes":[]}],"_links":{"self":[{"href":"http:\/\/www.grieta.org.mx\/index.php\/wp-json\/wp\/v2\/posts\/50543","targetHints":{"allow":["GET"]}}],"collection":[{"href":"http:\/\/www.grieta.org.mx\/index.php\/wp-json\/wp\/v2\/posts"}],"about":[{"href":"http:\/\/www.grieta.org.mx\/index.php\/wp-json\/wp\/v2\/types\/post"}],"author":[{"embeddable":true,"href":"http:\/\/www.grieta.org.mx\/index.php\/wp-json\/wp\/v2\/users\/1"}],"replies":[{"embeddable":true,"href":"http:\/\/www.grieta.org.mx\/index.php\/wp-json\/wp\/v2\/comments?post=50543"}],"version-history":[{"count":1,"href":"http:\/\/www.grieta.org.mx\/index.php\/wp-json\/wp\/v2\/posts\/50543\/revisions"}],"predecessor-version":[{"id":50549,"href":"http:\/\/www.grieta.org.mx\/index.php\/wp-json\/wp\/v2\/posts\/50543\/revisions\/50549"}],"wp:featuredmedia":[{"embeddable":true,"href":"http:\/\/www.grieta.org.mx\/index.php\/wp-json\/wp\/v2\/media\/50544"}],"wp:attachment":[{"href":"http:\/\/www.grieta.org.mx\/index.php\/wp-json\/wp\/v2\/media?parent=50543"}],"wp:term":[{"taxonomy":"category","embeddable":true,"href":"http:\/\/www.grieta.org.mx\/index.php\/wp-json\/wp\/v2\/categories?post=50543"},{"taxonomy":"post_tag","embeddable":true,"href":"http:\/\/www.grieta.org.mx\/index.php\/wp-json\/wp\/v2\/tags?post=50543"}],"curies":[{"name":"wp","href":"https:\/\/api.w.org\/{rel}","templated":true}]}}