{"id":5050,"date":"2015-11-30T02:34:34","date_gmt":"2015-11-30T02:34:34","guid":{"rendered":"http:\/\/50.22.11.12\/~grietaor\/?p=5050"},"modified":"2016-03-26T02:37:36","modified_gmt":"2016-03-26T02:37:36","slug":"juicio-contra-tajamar-se-extendera-al-2016","status":"publish","type":"post","link":"http:\/\/www.grieta.org.mx\/index.php\/2015\/11\/30\/juicio-contra-tajamar-se-extendera-al-2016\/","title":{"rendered":"Juicio contra Tajamar se extender\u00e1 al 2016"},"content":{"rendered":"<p>Fonatur minti\u00f3 a las autoridades: Cemda<br \/>\nLa prolongaci\u00f3n del juicio implica que Fonatur vuelva a tramitar una nueva manifestaci\u00f3n de impacto ambiental.<\/p>\n<p>Jes\u00fas V\u00e1zquez<\/p>\n<p>Canc\u00fan, QR. El juicio contra los promotores de Malec\u00f3n Tajamar irremediablemente se extender\u00e1 m\u00e1s all\u00e1 de febrero del 2016, fecha en la que vencen los permisos ambientales de los que hoy goza dicho desarrollo inmobiliario, asegura la dirigente del movimiento Grupo Ecologista del Mayab (Mayab), Araceli Dom\u00ednguez.<\/p>\n<p>La prolongaci\u00f3n del juicio implicar\u00eda forzosamente que el Fondo Nacional de Fomento al Turismo (Fonatur) tenga que volver a tramitar una Manifestaci\u00f3n de Impacto Ambiental con las condicionantes actuales que hoy proh\u00edben expresamente construir sobre zonas de manglar, lo cual cancelar\u00eda toda posibilidad de construir en 65% de las 58 hect\u00e1reas que comprenden el Malec\u00f3n, explic\u00f3 la activista.<\/p>\n<p>Adem\u00e1s del amparo promovido por los 113 ni\u00f1os, respecto del cual el juez cuarto de distrito anul\u00f3 la suspensi\u00f3n definitiva porque los menores no pudieron pagar la multa de 21 millones de pesos, est\u00e1 pendiente de resolverse otro amparo promovido por el Centro Mexicano de Derecho Ambiental (Cemda), en contra de los permisos otorgados por la Secretar\u00eda de Medio Ambiente y Recursos Naturales (Semarnat) al Malec\u00f3n Tajamar en el 2005.<\/p>\n<p>El Cemda asegura que en la Manifestaci\u00f3n de Impacto Ambiental otorgada en ese entonces, Fonatur minti\u00f3 a la autoridad asegurando que en las 58 hect\u00e1reas del proyecto no exist\u00eda manglar.<\/p>\n<p>Araceli Dom\u00ednguez asegura que hay documentos que prueban que el gobierno de Quintana Roo advirti\u00f3 en ese entonces a la Direcci\u00f3n General de Impacto y Riesgo Ambiental (DGIRA) que no se pod\u00edan otorgar los permisos ambientales al proyecto, porque 65% de los terrenos a desarrollarse estaba cubierto de manglar.<\/p>\n<p>Adem\u00e1s de ese amparo, est\u00e1n pendientes de resolverse las 4,333 denuncias ciudadanas interpuestas ante la Procuradur\u00eda Federal de Protecci\u00f3n al Ambiente (Profepa), en contra de las obras iniciadas por la empresa italiana Bi&#038;Di, en agosto de este mismo a\u00f1o.<\/p>\n<p>La activista asegur\u00f3 que dado el n\u00famero de impugnaciones y demandas, muy dif\u00edcilmente se podr\u00e1 resolver el asunto antes de febrero del 2016, lo cual obligar\u00e1 a Fonatur a promover una nueva Manifestaci\u00f3n de Impacto Ambiental pero con las condicionantes que marca el art\u00edculo 60 TER, incluido en el 2008 en la Ley General de Vida Silvestre, el cual proh\u00edbe la tala, desmonte o devastaci\u00f3n de manglar, e incluso prev\u00e9 sanciones penales.<\/p>\n<p><a href=\"http:\/\/eleconomista.com.mx\/estados\/2015\/11\/30\/juicio-contra-tajamar-se-extendera-2016\" target=\"_blank\">eleconomista.com.mx\/estados\/2015\/11\/30\/juicio-contra-tajamar-se-extendera-2016<\/a><\/p>\n","protected":false},"excerpt":{"rendered":"<p>Fonatur minti\u00f3 a las autoridades: Cemda La prolongaci\u00f3n del juicio implica que Fonatur vuelva a tramitar una nueva manifestaci\u00f3n de impacto ambiental. Jes\u00fas V\u00e1zquez Canc\u00fan, QR. El juicio contra los &hellip; <a href=\"http:\/\/www.grieta.org.mx\/index.php\/2015\/11\/30\/juicio-contra-tajamar-se-extendera-al-2016\/\" class=\"more-link\">Leer m\u00e1s<\/a><\/p>\n","protected":false},"author":2,"featured_media":21928,"comment_status":"closed","ping_status":"open","sticky":false,"template":"","format":"standard","meta":{"ngg_post_thumbnail":0,"_jetpack_newsletter_access":"","_jetpack_dont_email_post_to_subs":false,"_jetpack_newsletter_tier_id":0,"_jetpack_memberships_contains_paywalled_content":false,"_jetpack_memberships_contains_paid_content":false,"footnotes":""},"categories":[80,151],"tags":[356,285],"class_list":["post-5050","post","type-post","status-publish","format-standard","has-post-thumbnail","hentry","category-cintillo","category-quintana-roo","tag-tajamar","tag-turismo","entry"],"jetpack_featured_media_url":"http:\/\/www.grieta.org.mx\/wp-content\/uploads\/2018\/03\/14524434_1106112876131411_958039263622046936_o.jpg","jetpack_sharing_enabled":true,"jetpack_shortlink":"https:\/\/wp.me\/p7ZJR4-1js","jetpack_likes_enabled":false,"jetpack-related-posts":[{"id":5046,"url":"http:\/\/www.grieta.org.mx\/index.php\/2015\/12\/30\/empresarios-dan-un-mes-para-definir-proyecto-tajamar\/","url_meta":{"origin":5050,"position":0},"title":"Empresarios dan un mes para definir proyecto Tajamar","author":"grieta","date":"30 diciembre, 2015","format":false,"excerpt":"Ese es el plazo que le han dado los 23 inversionistas del proyecto Malec\u00f3n Tajamar al Fondo Nacional de Turismo, Fonatur, para que d\u00e9 una soluci\u00f3n para el desarrollo tur\u00edstico. Tras establecer que ya se ha perdido mucho tiempo, los propietarios de predios en Malec\u00f3n, decidieron que s\u00f3lo dejar\u00e1n pasar\u2026","rel":"","context":"En &quot;CINTILLO&quot;","block_context":{"text":"CINTILLO","link":"http:\/\/www.grieta.org.mx\/index.php\/category\/cintillo\/"},"img":{"alt_text":"","src":"https:\/\/i0.wp.com\/www.grieta.org.mx\/wp-content\/uploads\/2018\/03\/14524434_1106112876131411_958039263622046936_o.jpg?resize=350%2C200","width":350,"height":200,"srcset":"https:\/\/i0.wp.com\/www.grieta.org.mx\/wp-content\/uploads\/2018\/03\/14524434_1106112876131411_958039263622046936_o.jpg?resize=350%2C200 1x, https:\/\/i0.wp.com\/www.grieta.org.mx\/wp-content\/uploads\/2018\/03\/14524434_1106112876131411_958039263622046936_o.jpg?resize=525%2C300 1.5x, https:\/\/i0.wp.com\/www.grieta.org.mx\/wp-content\/uploads\/2018\/03\/14524434_1106112876131411_958039263622046936_o.jpg?resize=700%2C400 2x"},"classes":[]},{"id":5476,"url":"http:\/\/www.grieta.org.mx\/index.php\/2015\/08\/12\/suspendio-la-profepa-malecon-tajamar\/","url_meta":{"origin":5050,"position":1},"title":"Suspendi\u00f3 la Profepa ?el Malec\u00f3n Tajamar","author":"grieta","date":"12 agosto, 2015","format":false,"excerpt":"Canc\u00fan, QR. La Procuradur\u00eda Federal de Protecci\u00f3n al Ambiente (Profepa) coloc\u00f3 los sellos de suspensi\u00f3n en las obras iniciadas haces dos semanas por la empresa italiana Bi&DI en Malec\u00f3n Tajamar, por no contar con la validaci\u00f3n de la Secretar\u00eda de Medio Ambiente y Recursos Naturales (Semarnat) para el desmonte de\u2026","rel":"","context":"En &quot;CINTILLO&quot;","block_context":{"text":"CINTILLO","link":"http:\/\/www.grieta.org.mx\/index.php\/category\/cintillo\/"},"img":{"alt_text":"","src":"https:\/\/i0.wp.com\/www.grieta.org.mx\/wp-content\/uploads\/2018\/03\/14524434_1106112876131411_958039263622046936_o.jpg?resize=350%2C200","width":350,"height":200,"srcset":"https:\/\/i0.wp.com\/www.grieta.org.mx\/wp-content\/uploads\/2018\/03\/14524434_1106112876131411_958039263622046936_o.jpg?resize=350%2C200 1x, https:\/\/i0.wp.com\/www.grieta.org.mx\/wp-content\/uploads\/2018\/03\/14524434_1106112876131411_958039263622046936_o.jpg?resize=525%2C300 1.5x, https:\/\/i0.wp.com\/www.grieta.org.mx\/wp-content\/uploads\/2018\/03\/14524434_1106112876131411_958039263622046936_o.jpg?resize=700%2C400 2x"},"classes":[]},{"id":5094,"url":"http:\/\/www.grieta.org.mx\/index.php\/2015\/08\/09\/interponen-amparo-vs-malecon-tajamar\/","url_meta":{"origin":5050,"position":2},"title":"Interponen amparo vs Malec\u00f3n Tajamar","author":"grieta","date":"9 agosto, 2015","format":false,"excerpt":"Canc\u00fan, QR. El Centro Mexicano de Derecho Ambiental (Cemda) interpuso el pasado 31 de julio un amparo en contra de la autorizaci\u00f3n de la Manifestaci\u00f3n Impacto Ambiental (MIA) condicionada que la Secretar\u00eda de Medio Ambiente y Recursos Naturales (Semarnat) otorg\u00f3 en favor del Fondo Nacional de Fomento al Turismo (Fonatur)\u2026","rel":"","context":"En &quot;CINTILLO&quot;","block_context":{"text":"CINTILLO","link":"http:\/\/www.grieta.org.mx\/index.php\/category\/cintillo\/"},"img":{"alt_text":"","src":"https:\/\/i0.wp.com\/www.grieta.org.mx\/wp-content\/uploads\/2018\/03\/14524434_1106112876131411_958039263622046936_o.jpg?resize=350%2C200","width":350,"height":200,"srcset":"https:\/\/i0.wp.com\/www.grieta.org.mx\/wp-content\/uploads\/2018\/03\/14524434_1106112876131411_958039263622046936_o.jpg?resize=350%2C200 1x, https:\/\/i0.wp.com\/www.grieta.org.mx\/wp-content\/uploads\/2018\/03\/14524434_1106112876131411_958039263622046936_o.jpg?resize=525%2C300 1.5x, https:\/\/i0.wp.com\/www.grieta.org.mx\/wp-content\/uploads\/2018\/03\/14524434_1106112876131411_958039263622046936_o.jpg?resize=700%2C400 2x"},"classes":[]},{"id":4486,"url":"http:\/\/www.grieta.org.mx\/index.php\/2016\/06\/10\/protestas-ante-devastacion-provocada-por-malecon-tajamar-quintana-roo\/","url_meta":{"origin":5050,"position":3},"title":"Protestas ante devastaci\u00f3n provocada por Malec\u00f3n Tajamar (Quintana Roo)","author":"grieta","date":"10 junio, 2016","format":false,"excerpt":"10\/06\/16. Afrenta para Canc\u00fan aval de Profepa a Fonatur por destrucci\u00f3n en TajamarMarcrixnoticias 07\/06\/16. No hay delito ambiental en Tajamar Canc\u00fan resolvi\u00f3 la Profepa. El Fonatur actu\u00f3 apegado a lo autorizado por SemarnatNoticaribeNews 12\/04\/16. Ignoran 7 mil denuncias por TajamarLuces del Siglo 11\/02\/16. Defensores del Tajamar se dividen, desconocen a\u2026","rel":"","context":"En &quot;NOTICIAS NACIONALES&quot;","block_context":{"text":"NOTICIAS NACIONALES","link":"http:\/\/www.grieta.org.mx\/index.php\/category\/noticias-nacionales\/"},"img":{"alt_text":"","src":"https:\/\/i0.wp.com\/www.grieta.org.mx\/wp-content\/uploads\/2018\/03\/14524434_1106112876131411_958039263622046936_o.jpg?resize=350%2C200","width":350,"height":200,"srcset":"https:\/\/i0.wp.com\/www.grieta.org.mx\/wp-content\/uploads\/2018\/03\/14524434_1106112876131411_958039263622046936_o.jpg?resize=350%2C200 1x, https:\/\/i0.wp.com\/www.grieta.org.mx\/wp-content\/uploads\/2018\/03\/14524434_1106112876131411_958039263622046936_o.jpg?resize=525%2C300 1.5x, https:\/\/i0.wp.com\/www.grieta.org.mx\/wp-content\/uploads\/2018\/03\/14524434_1106112876131411_958039263622046936_o.jpg?resize=700%2C400 2x"},"classes":[]},{"id":5033,"url":"http:\/\/www.grieta.org.mx\/index.php\/2016\/01\/20\/mexico-denuncian-destruccion-en-emblematica-laguna-de-cancun\/","url_meta":{"origin":5050,"position":4},"title":"M\u00e9xico: denuncian destrucci\u00f3n en emblem\u00e1tica laguna de Canc\u00fan","author":"grieta","date":"20 enero, 2016","format":false,"excerpt":"Juan Paullier BBC Mundo, Ciudad de M\u00e9xico (@juanpaullier) 20 enero 2016 Organizaciones civiles en Canc\u00fan denuncian la destrucci\u00f3n total de una zona de manglar en una emblem\u00e1tica laguna de ese centro tur\u00edstico en el Caribe mexicano. De acuerdo a la organizaci\u00f3n Salvemos Manglar Tajamar, creada para aunar esfuerzos en torno\u2026","rel":"","context":"En &quot;CINTILLO&quot;","block_context":{"text":"CINTILLO","link":"http:\/\/www.grieta.org.mx\/index.php\/category\/cintillo\/"},"img":{"alt_text":"","src":"https:\/\/i0.wp.com\/www.grieta.org.mx\/wp-content\/uploads\/2018\/03\/14524434_1106112876131411_958039263622046936_o.jpg?resize=350%2C200","width":350,"height":200,"srcset":"https:\/\/i0.wp.com\/www.grieta.org.mx\/wp-content\/uploads\/2018\/03\/14524434_1106112876131411_958039263622046936_o.jpg?resize=350%2C200 1x, https:\/\/i0.wp.com\/www.grieta.org.mx\/wp-content\/uploads\/2018\/03\/14524434_1106112876131411_958039263622046936_o.jpg?resize=525%2C300 1.5x, https:\/\/i0.wp.com\/www.grieta.org.mx\/wp-content\/uploads\/2018\/03\/14524434_1106112876131411_958039263622046936_o.jpg?resize=700%2C400 2x"},"classes":[]},{"id":14546,"url":"http:\/\/www.grieta.org.mx\/index.php\/2016\/06\/07\/no-hay-delito-ambiental-en-tajamar-cancun-resolvio-la-profepa-el-fonatur-actuo-apegado-a-lo-autorizado-por-semarnat\/","url_meta":{"origin":5050,"position":5},"title":"No hay delito ambiental en Tajamar Canc\u00fan resolvi\u00f3 la Profepa. El Fonatur actu\u00f3 apegado a lo autorizado por Semarnat","author":"grieta","date":"7 junio, 2016","format":false,"excerpt":"CANC\u00daN, MX.- La Procuradur\u00eda Federal de Protecci\u00f3n al Ambiente (Profepa) resolvi\u00f3 que la remoci\u00f3n de vegetaci\u00f3n forestal en el Proyecto Malec\u00f3n Tur\u00edstico Tajamar Canc\u00fan, ejecutada por el Fondo Nacional de Fomento al Turismo (Fonatur) en enero pasado, se realiz\u00f3 en apego a la autorizaci\u00f3n en materia de impacto ambiental vigente.\u2026","rel":"","context":"En &quot;CINTILLO&quot;","block_context":{"text":"CINTILLO","link":"http:\/\/www.grieta.org.mx\/index.php\/category\/cintillo\/"},"img":{"alt_text":"","src":"https:\/\/i0.wp.com\/www.grieta.org.mx\/wp-content\/uploads\/2018\/03\/14524434_1106112876131411_958039263622046936_o.jpg?resize=350%2C200","width":350,"height":200,"srcset":"https:\/\/i0.wp.com\/www.grieta.org.mx\/wp-content\/uploads\/2018\/03\/14524434_1106112876131411_958039263622046936_o.jpg?resize=350%2C200 1x, https:\/\/i0.wp.com\/www.grieta.org.mx\/wp-content\/uploads\/2018\/03\/14524434_1106112876131411_958039263622046936_o.jpg?resize=525%2C300 1.5x, https:\/\/i0.wp.com\/www.grieta.org.mx\/wp-content\/uploads\/2018\/03\/14524434_1106112876131411_958039263622046936_o.jpg?resize=700%2C400 2x"},"classes":[]}],"_links":{"self":[{"href":"http:\/\/www.grieta.org.mx\/index.php\/wp-json\/wp\/v2\/posts\/5050","targetHints":{"allow":["GET"]}}],"collection":[{"href":"http:\/\/www.grieta.org.mx\/index.php\/wp-json\/wp\/v2\/posts"}],"about":[{"href":"http:\/\/www.grieta.org.mx\/index.php\/wp-json\/wp\/v2\/types\/post"}],"author":[{"embeddable":true,"href":"http:\/\/www.grieta.org.mx\/index.php\/wp-json\/wp\/v2\/users\/2"}],"replies":[{"embeddable":true,"href":"http:\/\/www.grieta.org.mx\/index.php\/wp-json\/wp\/v2\/comments?post=5050"}],"version-history":[{"count":1,"href":"http:\/\/www.grieta.org.mx\/index.php\/wp-json\/wp\/v2\/posts\/5050\/revisions"}],"predecessor-version":[{"id":5051,"href":"http:\/\/www.grieta.org.mx\/index.php\/wp-json\/wp\/v2\/posts\/5050\/revisions\/5051"}],"wp:featuredmedia":[{"embeddable":true,"href":"http:\/\/www.grieta.org.mx\/index.php\/wp-json\/wp\/v2\/media\/21928"}],"wp:attachment":[{"href":"http:\/\/www.grieta.org.mx\/index.php\/wp-json\/wp\/v2\/media?parent=5050"}],"wp:term":[{"taxonomy":"category","embeddable":true,"href":"http:\/\/www.grieta.org.mx\/index.php\/wp-json\/wp\/v2\/categories?post=5050"},{"taxonomy":"post_tag","embeddable":true,"href":"http:\/\/www.grieta.org.mx\/index.php\/wp-json\/wp\/v2\/tags?post=5050"}],"curies":[{"name":"wp","href":"https:\/\/api.w.org\/{rel}","templated":true}]}}