{"id":50493,"date":"2020-05-31T12:17:18","date_gmt":"2020-05-31T17:17:18","guid":{"rendered":"http:\/\/www.grieta.org.mx\/?p=50493"},"modified":"2020-06-07T19:17:25","modified_gmt":"2020-06-08T00:17:25","slug":"miles-de-ninos-migrantes-en-eeuu-son-deportados-durante-pandemia-unicef","status":"publish","type":"post","link":"http:\/\/www.grieta.org.mx\/index.php\/2020\/05\/31\/miles-de-ninos-migrantes-en-eeuu-son-deportados-durante-pandemia-unicef\/","title":{"rendered":"Miles de ni\u00f1os migrantes en EEUU son deportados durante pandemia: Unicef"},"content":{"rendered":"<p>Rosie Orbach, Los \u00c1ngeles\/ HISPANTV<\/p>\n<p>El Fondo de Naciones Unidas para la Infancia (Unicef) denunci\u00f3 que, desde que el Gobierno de Donald Trump cerr\u00f3 la frontera con M\u00e9xico, detuvo el programa de asilo, congel\u00f3 el Programa de Protecci\u00f3n al Migrante y puso en riesgo las vidas de cientos de menores no acompa\u00f1ados.<\/p>\n<p>La deportaci\u00f3n de m\u00e1s de mil ni\u00f1os migrantes en los \u00faltimos meses ha encendido las alertas no solo en los pa\u00edses de los cuales huyeron para salvar sus vidas, sino tambi\u00e9n en el Fondo de las Naciones Unidas para la Infancia.<\/p>\n<p>La frontera entre Estados Unidos y M\u00e9xico fue cerrada el 18 de marzo para todos los viajes no esenciales para prevenir y evitar la propagaci\u00f3n del nuevo coronavirus. La medida suspendi\u00f3 entre otros, el programa de asilo, dejando a la deriva en territorio mexicano a miles de personas que aguardan sus audiencias judiciales y cerrando la puerta a nuevos peticionarios, tal el caso de menores de edad.<\/p>\n<p>La catedr\u00e1tica de Derecho del Boston College, Kari Hong consider\u00f3 que lo que est\u00e1 sucediendo en este momento en la frontera \u201ces una tragedia\u201d y advirti\u00f3 que Estados Unidos est\u00e1 abandonando su compromiso legal de dar asilo a las personas cuyas vidas est\u00e1n en peligro en otros pa\u00edses\u201d.<\/p>\n<p>Seg\u00fan la Unicef los deportados en este tiempo se ven m\u00e1s expuestos a las nuevas manifestaciones de violencia generadas por la pandemia.<\/p>\n<p><a href=\"https:\/\/www.hispantv.com\/noticias\/ee-uu-\/467462\/unicef-ninos-migrantes-deportados\" target=\"_blank\" rel=\"noopener noreferrer\">https:\/\/www.hispantv.com\/noticias\/ee-uu-\/467462\/unicef-ninos-migrantes-deportados<\/a><\/p>\n<p>&nbsp;<\/p>\n","protected":false},"excerpt":{"rendered":"<p>Rosie Orbach, Los \u00c1ngeles\/ HISPANTV El Fondo de Naciones Unidas para la Infancia (Unicef) denunci\u00f3 que, desde que el Gobierno de Donald Trump cerr\u00f3 la frontera con M\u00e9xico, detuvo el &hellip; <a href=\"http:\/\/www.grieta.org.mx\/index.php\/2020\/05\/31\/miles-de-ninos-migrantes-en-eeuu-son-deportados-durante-pandemia-unicef\/\" class=\"more-link\">Leer m\u00e1s<\/a><\/p>\n","protected":false},"author":2,"featured_media":21928,"comment_status":"closed","ping_status":"closed","sticky":false,"template":"","format":"standard","meta":{"ngg_post_thumbnail":0,"_jetpack_newsletter_access":"","_jetpack_dont_email_post_to_subs":false,"_jetpack_newsletter_tier_id":0,"_jetpack_memberships_contains_paywalled_content":false,"_jetpack_memberships_contains_paid_content":false,"footnotes":""},"categories":[80,86,83],"tags":[3198,3460,158,3464],"class_list":["post-50493","post","type-post","status-publish","format-standard","has-post-thumbnail","hentry","category-cintillo","category-migrantes","category-temas-nacionales","tag-covid19","tag-deportaciones","tag-migrantes","tag-ninos","entry"],"jetpack_featured_media_url":"http:\/\/www.grieta.org.mx\/wp-content\/uploads\/2018\/03\/14524434_1106112876131411_958039263622046936_o.jpg","jetpack_sharing_enabled":true,"jetpack_shortlink":"https:\/\/wp.me\/p7ZJR4-d8p","jetpack_likes_enabled":false,"jetpack-related-posts":[{"id":61475,"url":"http:\/\/www.grieta.org.mx\/index.php\/2021\/09\/01\/unicef-condena-agresiones-contra-migrantes-en-chiapas-pide-investigacion\/","url_meta":{"origin":50493,"position":0},"title":"Unicef condena agresiones contra migrantes en Chiapas; pide investigaci\u00f3n","author":"grieta","date":"1 septiembre, 2021","format":false,"excerpt":"El organismo est\u00e1 monitoreando la situaci\u00f3n en la frontera sur de M\u00e9xico, identificando \u201cel uso desproporcionado de fuerza por parte de cuerpos de seguridad contra familias con ni\u00f1os peque\u00f1os y destrucci\u00f3n de documentos de identidad que avalaban la estancia legal\". Gloria Leticia D\u00edaz\/ PROCESO CIUDAD DE M\u00c9XICO (apro).- El encargado\u2026","rel":"","context":"En &quot;CINTILLO&quot;","block_context":{"text":"CINTILLO","link":"http:\/\/www.grieta.org.mx\/index.php\/category\/cintillo\/"},"img":{"alt_text":"","src":"https:\/\/i0.wp.com\/www.grieta.org.mx\/wp-content\/uploads\/2021\/09\/141789.jpeg?resize=350%2C200","width":350,"height":200,"srcset":"https:\/\/i0.wp.com\/www.grieta.org.mx\/wp-content\/uploads\/2021\/09\/141789.jpeg?resize=350%2C200 1x, https:\/\/i0.wp.com\/www.grieta.org.mx\/wp-content\/uploads\/2021\/09\/141789.jpeg?resize=525%2C300 1.5x, https:\/\/i0.wp.com\/www.grieta.org.mx\/wp-content\/uploads\/2021\/09\/141789.jpeg?resize=700%2C400 2x, https:\/\/i0.wp.com\/www.grieta.org.mx\/wp-content\/uploads\/2021\/09\/141789.jpeg?resize=1050%2C600 3x"},"classes":[]},{"id":35666,"url":"http:\/\/www.grieta.org.mx\/index.php\/2019\/06\/30\/al-menos-13-ninos-han-muerto-en-la-frontera-mexico-eu-durante-2019-oim\/","url_meta":{"origin":50493,"position":1},"title":"Al menos 13 ni\u00f1os han muerto en la frontera M\u00e9xico-EU durante 2019: OIM","author":"grieta","date":"30 junio, 2019","format":false,"excerpt":"Maurizio Guerrero\/ PROCESO NUEVA YORK (proceso.com.mx).- Al menos 13 menores de edad han muerto en los primeros seis meses de 2019 en su intento por cruzar la frontera M\u00e9xico-Estados Unidos, lo que convierte a este a\u00f1o en el m\u00e1s mort\u00edfero en la historia moderna para los ni\u00f1os que emigran a\u2026","rel":"","context":"En &quot;CINTILLO&quot;","block_context":{"text":"CINTILLO","link":"http:\/\/www.grieta.org.mx\/index.php\/category\/cintillo\/"},"img":{"alt_text":"","src":"https:\/\/i0.wp.com\/www.grieta.org.mx\/wp-content\/uploads\/2019\/06\/muro-1-702x468.jpg?resize=350%2C200","width":350,"height":200,"srcset":"https:\/\/i0.wp.com\/www.grieta.org.mx\/wp-content\/uploads\/2019\/06\/muro-1-702x468.jpg?resize=350%2C200 1x, https:\/\/i0.wp.com\/www.grieta.org.mx\/wp-content\/uploads\/2019\/06\/muro-1-702x468.jpg?resize=525%2C300 1.5x, https:\/\/i0.wp.com\/www.grieta.org.mx\/wp-content\/uploads\/2019\/06\/muro-1-702x468.jpg?resize=700%2C400 2x"},"classes":[]},{"id":39190,"url":"http:\/\/www.grieta.org.mx\/index.php\/2019\/09\/13\/nueva-ola-de-desesperacion-entre-migrantes-en-frontera-mexicana\/","url_meta":{"origin":50493,"position":2},"title":"Nueva ola de desesperaci\u00f3n entre migrantes en frontera mexicana","author":"grieta","date":"13 septiembre, 2019","format":false,"excerpt":"HISPANTV Debido al nuevo fallo de la Corte Suprema de EE.UU., decenas de miles de migrantes sienten desesperados en la frontera con M\u00e9xico. La nueva ola de desesperaci\u00f3n se extiende entre decenas de miles de migrantes que esperaban en la frontera mexicana para buscar refugio en EE.UU. despu\u00e9s de las\u2026","rel":"","context":"En &quot;CINTILLO&quot;","block_context":{"text":"CINTILLO","link":"http:\/\/www.grieta.org.mx\/index.php\/category\/cintillo\/"},"img":{"alt_text":"","src":"https:\/\/i0.wp.com\/www.grieta.org.mx\/wp-content\/uploads\/2019\/09\/migrantes-varados.jpg?resize=350%2C200","width":350,"height":200,"srcset":"https:\/\/i0.wp.com\/www.grieta.org.mx\/wp-content\/uploads\/2019\/09\/migrantes-varados.jpg?resize=350%2C200 1x, https:\/\/i0.wp.com\/www.grieta.org.mx\/wp-content\/uploads\/2019\/09\/migrantes-varados.jpg?resize=525%2C300 1.5x, https:\/\/i0.wp.com\/www.grieta.org.mx\/wp-content\/uploads\/2019\/09\/migrantes-varados.jpg?resize=700%2C400 2x, https:\/\/i0.wp.com\/www.grieta.org.mx\/wp-content\/uploads\/2019\/09\/migrantes-varados.jpg?resize=1050%2C600 3x"},"classes":[]},{"id":61478,"url":"http:\/\/www.grieta.org.mx\/index.php\/2021\/09\/01\/inm-y-gn-desarticulan-caravana-y-detienen-a-migrantes-en-mapastepec-chiapas\/","url_meta":{"origin":50493,"position":3},"title":"INM y GN desarticulan caravana y detienen a migrantes en Mapastepec, Chiapas","author":"grieta","date":"1 septiembre, 2021","format":false,"excerpt":"Los migrantes de Hait\u00ed, Guatemala, Honduras, Nicaragua, El Salvador y otros pa\u00edses sudamericanos, del Caribe y hasta africanos, hab\u00edan caminado ya 107 kil\u00f3metros desde Tapachula hasta ese punto y esperaban en ese lugar a una segunda caravana que hab\u00eda partido de Tapachula el d\u00eda de ayer lunes. Isa\u00edn Mandujano\/PROCESO TUXTLA\u2026","rel":"","context":"En &quot;CINTILLO&quot;","block_context":{"text":"CINTILLO","link":"http:\/\/www.grieta.org.mx\/index.php\/category\/cintillo\/"},"img":{"alt_text":"","src":"https:\/\/i0.wp.com\/www.grieta.org.mx\/wp-content\/uploads\/2021\/09\/f800x450-141739_193185_5073.jpg?resize=350%2C200","width":350,"height":200,"srcset":"https:\/\/i0.wp.com\/www.grieta.org.mx\/wp-content\/uploads\/2021\/09\/f800x450-141739_193185_5073.jpg?resize=350%2C200 1x, https:\/\/i0.wp.com\/www.grieta.org.mx\/wp-content\/uploads\/2021\/09\/f800x450-141739_193185_5073.jpg?resize=525%2C300 1.5x, https:\/\/i0.wp.com\/www.grieta.org.mx\/wp-content\/uploads\/2021\/09\/f800x450-141739_193185_5073.jpg?resize=700%2C400 2x"},"classes":[]},{"id":60426,"url":"http:\/\/www.grieta.org.mx\/index.php\/2021\/07\/06\/ninos-migrantes-atraviesan-mexico-entre-riesgos-y-protocolos-deficientes\/","url_meta":{"origin":50493,"position":4},"title":"NI\u00d1OS MIGRANTES ATRAVIESAN M\u00c9XICO ENTRE RIESGOS Y PROTOCOLOS DEFICIENTES","author":"grieta","date":"6 julio, 2021","format":false,"excerpt":"Xilonen M\u00e9ndez y Odarys Guzm\u00e1n, estudiantes, y Violeta Santiago, reportera \/ CORRIENTE ALTERNA\/ CULTURA UNAM Un ni\u00f1o de dos a\u00f1os se qued\u00f3 varado en la carretera, luego de que se descompusiera el cami\u00f3n donde viajaba con decenas de migrantes centroamericanos. Su caso evidenci\u00f3 la falta de protocolos y albergues para\u2026","rel":"","context":"En &quot;CINTILLO&quot;","block_context":{"text":"CINTILLO","link":"http:\/\/www.grieta.org.mx\/index.php\/category\/cintillo\/"},"img":{"alt_text":"","src":"https:\/\/i0.wp.com\/www.grieta.org.mx\/wp-content\/uploads\/2021\/07\/ninos-migrantes-viaje.jpg?resize=350%2C200","width":350,"height":200,"srcset":"https:\/\/i0.wp.com\/www.grieta.org.mx\/wp-content\/uploads\/2021\/07\/ninos-migrantes-viaje.jpg?resize=350%2C200 1x, https:\/\/i0.wp.com\/www.grieta.org.mx\/wp-content\/uploads\/2021\/07\/ninos-migrantes-viaje.jpg?resize=525%2C300 1.5x, https:\/\/i0.wp.com\/www.grieta.org.mx\/wp-content\/uploads\/2021\/07\/ninos-migrantes-viaje.jpg?resize=700%2C400 2x, https:\/\/i0.wp.com\/www.grieta.org.mx\/wp-content\/uploads\/2021\/07\/ninos-migrantes-viaje.jpg?resize=1050%2C600 3x"},"classes":[]},{"id":36806,"url":"http:\/\/www.grieta.org.mx\/index.php\/2019\/07\/12\/migrar-por-mexico-mas-riesgoso-para-los-ninos\/","url_meta":{"origin":50493,"position":5},"title":"Migrar por M\u00e9xico, m\u00e1s riesgoso para los ni\u00f1os","author":"Admin","date":"12 julio, 2019","format":false,"excerpt":"Las nuevas pol\u00edticas migratorias en M\u00e9xico vulneran a\u00fan m\u00e1s a las infancias migrantes que cruzan por el pa\u00eds. El Estado mexicano carece de una metodolog\u00eda para medir de forma eficaz las violencias que enfrentan los ni\u00f1os y ni\u00f1as en su paso por el territorio nacional. Texto: Mar\u00eda Ruiz Foto: Archivo\/\u2026","rel":"","context":"En &quot;CINTILLO&quot;","block_context":{"text":"CINTILLO","link":"http:\/\/www.grieta.org.mx\/index.php\/category\/cintillo\/"},"img":{"alt_text":"","src":"https:\/\/i0.wp.com\/www.grieta.org.mx\/wp-content\/uploads\/2019\/07\/Captura-de-pantalla-2019-07-21-15.27.00-300x213.png?resize=350%2C200","width":350,"height":200,"srcset":"https:\/\/i0.wp.com\/www.grieta.org.mx\/wp-content\/uploads\/2019\/07\/Captura-de-pantalla-2019-07-21-15.27.00-300x213.png?resize=350%2C200 1x, https:\/\/i0.wp.com\/www.grieta.org.mx\/wp-content\/uploads\/2019\/07\/Captura-de-pantalla-2019-07-21-15.27.00-300x213.png?resize=525%2C300 1.5x, https:\/\/i0.wp.com\/www.grieta.org.mx\/wp-content\/uploads\/2019\/07\/Captura-de-pantalla-2019-07-21-15.27.00-300x213.png?resize=700%2C400 2x"},"classes":[]}],"_links":{"self":[{"href":"http:\/\/www.grieta.org.mx\/index.php\/wp-json\/wp\/v2\/posts\/50493","targetHints":{"allow":["GET"]}}],"collection":[{"href":"http:\/\/www.grieta.org.mx\/index.php\/wp-json\/wp\/v2\/posts"}],"about":[{"href":"http:\/\/www.grieta.org.mx\/index.php\/wp-json\/wp\/v2\/types\/post"}],"author":[{"embeddable":true,"href":"http:\/\/www.grieta.org.mx\/index.php\/wp-json\/wp\/v2\/users\/2"}],"replies":[{"embeddable":true,"href":"http:\/\/www.grieta.org.mx\/index.php\/wp-json\/wp\/v2\/comments?post=50493"}],"version-history":[{"count":1,"href":"http:\/\/www.grieta.org.mx\/index.php\/wp-json\/wp\/v2\/posts\/50493\/revisions"}],"predecessor-version":[{"id":50495,"href":"http:\/\/www.grieta.org.mx\/index.php\/wp-json\/wp\/v2\/posts\/50493\/revisions\/50495"}],"wp:featuredmedia":[{"embeddable":true,"href":"http:\/\/www.grieta.org.mx\/index.php\/wp-json\/wp\/v2\/media\/21928"}],"wp:attachment":[{"href":"http:\/\/www.grieta.org.mx\/index.php\/wp-json\/wp\/v2\/media?parent=50493"}],"wp:term":[{"taxonomy":"category","embeddable":true,"href":"http:\/\/www.grieta.org.mx\/index.php\/wp-json\/wp\/v2\/categories?post=50493"},{"taxonomy":"post_tag","embeddable":true,"href":"http:\/\/www.grieta.org.mx\/index.php\/wp-json\/wp\/v2\/tags?post=50493"}],"curies":[{"name":"wp","href":"https:\/\/api.w.org\/{rel}","templated":true}]}}