{"id":5040,"date":"2015-07-22T02:25:30","date_gmt":"2015-07-22T02:25:30","guid":{"rendered":"http:\/\/50.22.11.12\/~grietaor\/?p=5040"},"modified":"2018-06-15T17:33:47","modified_gmt":"2018-06-15T22:33:47","slug":"representantes-seccionales-de-los-26-estados-que-aglutina-la-cnte-se-reuniran-en-oaxaca","status":"publish","type":"post","link":"http:\/\/www.grieta.org.mx\/index.php\/2015\/07\/22\/representantes-seccionales-de-los-26-estados-que-aglutina-la-cnte-se-reuniran-en-oaxaca\/","title":{"rendered":"Representantes seccionales de los 26 estados que aglutina la CNTE se reunir\u00e1n en Oaxaca"},"content":{"rendered":"<p>P\u00e1gina 3.<\/p>\n<p>Jazm\u00edn G\u00f3mez, <\/p>\n<p>Oaxaca.- Representantes de los 26 estados que aglutina la Coordinadora Nacional de Trabajadores de la Educaci\u00f3n (CNTE) se reunir\u00e1n en el estado de Oaxaca en un asamblea general para el pr\u00f3ximo s\u00e1bado.<\/p>\n<p>As\u00ed lo dio a conocer el dirigente sindical de la Secci\u00f3n 22 del Sindicato Nacional de Trabajadores de la Educaci\u00f3n (SNTE), Rub\u00e9n N\u00fa\u00f1ez Gin\u00e9s, quien dijo que un promedio de 500 personas -entre ellas tambi\u00e9n de organizaciones sociales- llegar\u00e1n en Oaxaca para solidarizarse con el magisterio ante la reestructuraci\u00f3n del Instituto Estatal de Educaci\u00f3n P\u00fablica de Oaxaca (IEEPO).<\/p>\n<p>A media asamblea estatal dijo que tambi\u00e9n se est\u00e1 haciendo un an\u00e1lisis con el cuerpo jur\u00eddico para verificar cu\u00e1ntas \u00f3rdenes de aprehensi\u00f3n se giraron contra dirigentes de la Secci\u00f3n 22.<\/p>\n<p>Rub\u00e9n N\u00fa\u00f1ez expres\u00f3 que siguen analizando tambi\u00e9n las acciones que realizar\u00e1n ante la imposici\u00f3n de los gobiernos estatal y federal que pretenden echar bajo los logros de su lucha a trav\u00e9s de espacios que ocupan desde hace 35 a\u00f1os en el IEEPO.<\/p>\n<p>Asimismo, dijo que no aceptan la imposici\u00f3n de Mois\u00e9s Robles a Cruz al frente del Instituto, ni de ninguna persona m\u00e1s, es por ello que exigen una mesa de di\u00e1logo con el gobernador Gabino Cu\u00e9 Monteagudo.<\/p>\n<p><a href=\"http:\/\/pagina3.mx\/2015\/07\/representantes-seccionales-de-los-26-estados-que-aglutina-la-cnte-se-reuniran-en-oaxaca\/\" target=\"_blank\">pagina3.mx\/2015\/07\/representantes-seccionales-de-los-26-estados-que-aglutina-la-cnte-se-reuniran-en-oaxaca\/<\/a>22<\/p>\n","protected":false},"excerpt":{"rendered":"<p>P\u00e1gina 3. Jazm\u00edn G\u00f3mez, Oaxaca.- Representantes de los 26 estados que aglutina la Coordinadora Nacional de Trabajadores de la Educaci\u00f3n (CNTE) se reunir\u00e1n en el estado de Oaxaca en un &hellip; <a href=\"http:\/\/www.grieta.org.mx\/index.php\/2015\/07\/22\/representantes-seccionales-de-los-26-estados-que-aglutina-la-cnte-se-reuniran-en-oaxaca\/\" class=\"more-link\">Leer m\u00e1s<\/a><\/p>\n","protected":false},"author":2,"featured_media":21928,"comment_status":"closed","ping_status":"open","sticky":false,"template":"","format":"standard","meta":{"ngg_post_thumbnail":0,"_jetpack_newsletter_access":"","_jetpack_dont_email_post_to_subs":false,"_jetpack_newsletter_tier_id":0,"_jetpack_memberships_contains_paywalled_content":false,"_jetpack_memberships_contains_paid_content":false,"footnotes":""},"categories":[80,1341,2,25],"tags":[133,93,135],"class_list":["post-5040","post","type-post","status-publish","format-standard","has-post-thumbnail","hentry","category-cintillo","category-movilizaciones-contra-la-reforma-educativa-y-evaluacion-magisterial-en-oaxaca","category-noticias-nacionales","category-oaxaca","tag-maestros","tag-oaxaca","tag-reforma-educativa","entry"],"jetpack_featured_media_url":"http:\/\/www.grieta.org.mx\/wp-content\/uploads\/2018\/03\/14524434_1106112876131411_958039263622046936_o.jpg","jetpack_sharing_enabled":true,"jetpack_shortlink":"https:\/\/wp.me\/p7ZJR4-1ji","jetpack_likes_enabled":false,"jetpack-related-posts":[{"id":5037,"url":"http:\/\/www.grieta.org.mx\/index.php\/2015\/07\/22\/cnte-mantiene-bloqueo-en-centro-de-oaxaca\/","url_meta":{"origin":5040,"position":0},"title":"CNTE mantiene bloqueo en Centro de Oaxaca","author":"grieta","date":"22 julio, 2015","format":false,"excerpt":"Integrantes de la Secci\u00f3n 22 del Sindicato Nacional de Trabajadores de la Educaci\u00f3n (SNTE) realizan unbloqueo en las calles aleda\u00f1as a su edificio sindical en el Centro Hist\u00f3rico de la ciudad de Oaxaca. El objetivo es resguardar la reuni\u00f3n de la dirigencia por lo que cerraron las calles de Armenta\u2026","rel":"","context":"En &quot;CINTILLO&quot;","block_context":{"text":"CINTILLO","link":"http:\/\/www.grieta.org.mx\/index.php\/category\/cintillo\/"},"img":{"alt_text":"","src":"https:\/\/i0.wp.com\/www.grieta.org.mx\/wp-content\/uploads\/2018\/03\/14524434_1106112876131411_958039263622046936_o.jpg?resize=350%2C200","width":350,"height":200,"srcset":"https:\/\/i0.wp.com\/www.grieta.org.mx\/wp-content\/uploads\/2018\/03\/14524434_1106112876131411_958039263622046936_o.jpg?resize=350%2C200 1x, https:\/\/i0.wp.com\/www.grieta.org.mx\/wp-content\/uploads\/2018\/03\/14524434_1106112876131411_958039263622046936_o.jpg?resize=525%2C300 1.5x, https:\/\/i0.wp.com\/www.grieta.org.mx\/wp-content\/uploads\/2018\/03\/14524434_1106112876131411_958039263622046936_o.jpg?resize=700%2C400 2x"},"classes":[]},{"id":21076,"url":"http:\/\/www.grieta.org.mx\/index.php\/2016\/09\/02\/cierra-seccion-22-plazas-comerciales-de-oaxaca\/","url_meta":{"origin":5040,"position":1},"title":"Cierra secci\u00f3n 22 plazas comerciales de Oaxaca","author":"grieta","date":"2 septiembre, 2016","format":false,"excerpt":"Quadrat\u00edn. Luis Jer\u00f3nimo, Oaxaca.- Maestros de la Secci\u00f3n 22 del Sindicato Nacional de Trabajadores de la Educaci\u00f3n (SNTE) bloquearon los accesos a plazas comerciales de Oaxaca, en protesta contra la reforma educativa. Los docentes tomaron las entradas de la Plaza Oaxaca, Plaza del Valle y Macroplaza, en la que impidieron\u2026","rel":"","context":"En &quot;CINTILLO&quot;","block_context":{"text":"CINTILLO","link":"http:\/\/www.grieta.org.mx\/index.php\/category\/cintillo\/"},"img":{"alt_text":"","src":"https:\/\/i0.wp.com\/www.grieta.org.mx\/wp-content\/uploads\/2018\/03\/14524434_1106112876131411_958039263622046936_o.jpg?resize=350%2C200","width":350,"height":200,"srcset":"https:\/\/i0.wp.com\/www.grieta.org.mx\/wp-content\/uploads\/2018\/03\/14524434_1106112876131411_958039263622046936_o.jpg?resize=350%2C200 1x, https:\/\/i0.wp.com\/www.grieta.org.mx\/wp-content\/uploads\/2018\/03\/14524434_1106112876131411_958039263622046936_o.jpg?resize=525%2C300 1.5x, https:\/\/i0.wp.com\/www.grieta.org.mx\/wp-content\/uploads\/2018\/03\/14524434_1106112876131411_958039263622046936_o.jpg?resize=700%2C400 2x"},"classes":[]},{"id":1961,"url":"http:\/\/www.grieta.org.mx\/index.php\/2015\/11\/14\/marcha-seccion-22-vs-evaluacion-docente\/","url_meta":{"origin":5040,"position":2},"title":"Marcha Secci\u00f3n 22 vs evaluaci\u00f3n docente","author":"grieta","date":"14 noviembre, 2015","format":false,"excerpt":"Jazm\u00edn G\u00d3MEZ, Oaxaca OAXACA, (p\u00e1gina3.mx).- Integrantes de la Secci\u00f3n 22 del Sindicato Nacional de Trabajadores de la Educaci\u00f3n (SNTE), adherida a la Coordinadora Nacional de Trabajadores (CNTE) realizaron movilizaciones en la capital del estado y en otras regiones en contra de la evaluaci\u00f3n educativa anunciada para este d\u00eda por la\u2026","rel":"","context":"En &quot;CINTILLO&quot;","block_context":{"text":"CINTILLO","link":"http:\/\/www.grieta.org.mx\/index.php\/category\/cintillo\/"},"img":{"alt_text":"","src":"https:\/\/i0.wp.com\/www.grieta.org.mx\/wp-content\/uploads\/2018\/03\/14524434_1106112876131411_958039263622046936_o.jpg?resize=350%2C200","width":350,"height":200,"srcset":"https:\/\/i0.wp.com\/www.grieta.org.mx\/wp-content\/uploads\/2018\/03\/14524434_1106112876131411_958039263622046936_o.jpg?resize=350%2C200 1x, https:\/\/i0.wp.com\/www.grieta.org.mx\/wp-content\/uploads\/2018\/03\/14524434_1106112876131411_958039263622046936_o.jpg?resize=525%2C300 1.5x, https:\/\/i0.wp.com\/www.grieta.org.mx\/wp-content\/uploads\/2018\/03\/14524434_1106112876131411_958039263622046936_o.jpg?resize=700%2C400 2x"},"classes":[]},{"id":18696,"url":"http:\/\/www.grieta.org.mx\/index.php\/2016\/08\/01\/maestros-realizan-3-bloqueos-en-oaxaca-toman-accesos-a-guelaguetza\/","url_meta":{"origin":5040,"position":3},"title":"Maestros realizan 3 bloqueos en Oaxaca; toman accesos a Guelaguetza","author":"grieta","date":"1 agosto, 2016","format":false,"excerpt":"Redacci\u00f3n Reporte Indigo Varios grupos de integrantes de la Secci\u00f3n 22 de la Coordinadora Nacional de los Trabajadores de la Educaci\u00f3n (CNTE), tomaron varias vialidades de la ciudad de Oaxaca. Los profesores mantienen tomados los 3 accesos principales al Cerro del Fort\u00edn, en tanto polic\u00edas estatales vigilan los cercos portando\u2026","rel":"","context":"En &quot;CINTILLO&quot;","block_context":{"text":"CINTILLO","link":"http:\/\/www.grieta.org.mx\/index.php\/category\/cintillo\/"},"img":{"alt_text":"","src":"https:\/\/i0.wp.com\/www.grieta.org.mx\/wp-content\/uploads\/2018\/03\/14524434_1106112876131411_958039263622046936_o.jpg?resize=350%2C200","width":350,"height":200,"srcset":"https:\/\/i0.wp.com\/www.grieta.org.mx\/wp-content\/uploads\/2018\/03\/14524434_1106112876131411_958039263622046936_o.jpg?resize=350%2C200 1x, https:\/\/i0.wp.com\/www.grieta.org.mx\/wp-content\/uploads\/2018\/03\/14524434_1106112876131411_958039263622046936_o.jpg?resize=525%2C300 1.5x, https:\/\/i0.wp.com\/www.grieta.org.mx\/wp-content\/uploads\/2018\/03\/14524434_1106112876131411_958039263622046936_o.jpg?resize=700%2C400 2x"},"classes":[]},{"id":17091,"url":"http:\/\/www.grieta.org.mx\/index.php\/2016\/07\/09\/marcha-la-cnte-en-sinaloa-en-apoyo-a-maestros-de-oaxaca\/","url_meta":{"origin":5040,"position":4},"title":"Marcha la CNTE en Sinaloa en apoyo a maestros de Oaxaca","author":"grieta","date":"9 julio, 2016","format":false,"excerpt":"Blanca Peinado, Sinaloa. Culiac\u00e1n, Sin.- Maestros pertenecientes a la Coordinadora Nacional de Trabajadores de la Educaci\u00f3n en Sinaloa, marcharon en la capital del estado en apoyo a las v\u00edctimas y presos pol\u00edticos en Oaxaca que sufren los costos de oponerse a la reforma de este sector, declar\u00f3 Victoriano Reyes Rosas.\u2026","rel":"","context":"En &quot;CINTILLO&quot;","block_context":{"text":"CINTILLO","link":"http:\/\/www.grieta.org.mx\/index.php\/category\/cintillo\/"},"img":{"alt_text":"","src":"https:\/\/i0.wp.com\/www.grieta.org.mx\/wp-content\/uploads\/2018\/03\/14524434_1106112876131411_958039263622046936_o.jpg?resize=350%2C200","width":350,"height":200,"srcset":"https:\/\/i0.wp.com\/www.grieta.org.mx\/wp-content\/uploads\/2018\/03\/14524434_1106112876131411_958039263622046936_o.jpg?resize=350%2C200 1x, https:\/\/i0.wp.com\/www.grieta.org.mx\/wp-content\/uploads\/2018\/03\/14524434_1106112876131411_958039263622046936_o.jpg?resize=525%2C300 1.5x, https:\/\/i0.wp.com\/www.grieta.org.mx\/wp-content\/uploads\/2018\/03\/14524434_1106112876131411_958039263622046936_o.jpg?resize=700%2C400 2x"},"classes":[]},{"id":5073,"url":"http:\/\/www.grieta.org.mx\/index.php\/2015\/07\/24\/docentes-de-la-cnte-arriban-al-zocalo-de-oaxaca\/","url_meta":{"origin":5040,"position":5},"title":"Docentes de la CNTE arriban al Z\u00f3calo de Oaxaca","author":"grieta","date":"24 julio, 2015","format":false,"excerpt":"Redacci\u00f3n El Informador. OAXACA, OAXACA (24\/JUL\/2015).- \u201c\u00a1El pueblo est\u00e1 despierto! \u00a1El lunes es el d\u00eda decisivo!\u201d, aseguran los maestros al llegar al Z\u00f3calo de la ciudad de Oaxaca. Luego de recorrer las calles principales, el contingente del magisterio de la Coordinadora Nacional de Trabajadores de la Educaci\u00f3n (CNTE) arrib\u00f3 al\u2026","rel":"","context":"En &quot;CINTILLO&quot;","block_context":{"text":"CINTILLO","link":"http:\/\/www.grieta.org.mx\/index.php\/category\/cintillo\/"},"img":{"alt_text":"","src":"https:\/\/i0.wp.com\/www.grieta.org.mx\/wp-content\/uploads\/2018\/03\/14524434_1106112876131411_958039263622046936_o.jpg?resize=350%2C200","width":350,"height":200,"srcset":"https:\/\/i0.wp.com\/www.grieta.org.mx\/wp-content\/uploads\/2018\/03\/14524434_1106112876131411_958039263622046936_o.jpg?resize=350%2C200 1x, https:\/\/i0.wp.com\/www.grieta.org.mx\/wp-content\/uploads\/2018\/03\/14524434_1106112876131411_958039263622046936_o.jpg?resize=525%2C300 1.5x, https:\/\/i0.wp.com\/www.grieta.org.mx\/wp-content\/uploads\/2018\/03\/14524434_1106112876131411_958039263622046936_o.jpg?resize=700%2C400 2x"},"classes":[]}],"_links":{"self":[{"href":"http:\/\/www.grieta.org.mx\/index.php\/wp-json\/wp\/v2\/posts\/5040","targetHints":{"allow":["GET"]}}],"collection":[{"href":"http:\/\/www.grieta.org.mx\/index.php\/wp-json\/wp\/v2\/posts"}],"about":[{"href":"http:\/\/www.grieta.org.mx\/index.php\/wp-json\/wp\/v2\/types\/post"}],"author":[{"embeddable":true,"href":"http:\/\/www.grieta.org.mx\/index.php\/wp-json\/wp\/v2\/users\/2"}],"replies":[{"embeddable":true,"href":"http:\/\/www.grieta.org.mx\/index.php\/wp-json\/wp\/v2\/comments?post=5040"}],"version-history":[{"count":1,"href":"http:\/\/www.grieta.org.mx\/index.php\/wp-json\/wp\/v2\/posts\/5040\/revisions"}],"predecessor-version":[{"id":23714,"href":"http:\/\/www.grieta.org.mx\/index.php\/wp-json\/wp\/v2\/posts\/5040\/revisions\/23714"}],"wp:featuredmedia":[{"embeddable":true,"href":"http:\/\/www.grieta.org.mx\/index.php\/wp-json\/wp\/v2\/media\/21928"}],"wp:attachment":[{"href":"http:\/\/www.grieta.org.mx\/index.php\/wp-json\/wp\/v2\/media?parent=5040"}],"wp:term":[{"taxonomy":"category","embeddable":true,"href":"http:\/\/www.grieta.org.mx\/index.php\/wp-json\/wp\/v2\/categories?post=5040"},{"taxonomy":"post_tag","embeddable":true,"href":"http:\/\/www.grieta.org.mx\/index.php\/wp-json\/wp\/v2\/tags?post=5040"}],"curies":[{"name":"wp","href":"https:\/\/api.w.org\/{rel}","templated":true}]}}