{"id":5039,"date":"2016-03-26T02:38:22","date_gmt":"2016-03-26T02:38:22","guid":{"rendered":"http:\/\/50.22.11.12\/~grietaor\/?p=5039"},"modified":"2016-03-26T02:38:22","modified_gmt":"2016-03-26T02:38:22","slug":"grupos-civiles-alertan-que-la-ley-atenco-del-edomex-es-un-modelo-a-aplicar-en-todo-el-pais","status":"publish","type":"post","link":"http:\/\/www.grieta.org.mx\/index.php\/2016\/03\/26\/grupos-civiles-alertan-que-la-ley-atenco-del-edomex-es-un-modelo-a-aplicar-en-todo-el-pais\/","title":{"rendered":"Grupos civiles alertan que la \u201cLey Atenco\u201d del Edomex es un modelo a aplicar en todo el pa\u00eds"},"content":{"rendered":"<p>Sergio Rinc\u00f3n<\/p>\n<p>Ciudad de M\u00e9xico, 24 de marzo (SinEmbargo).\u2013 La Ley que Regula el Uso de la Fuerza P\u00fablica en el Estado de M\u00e9xico, aprobada el pasado 17 de marzo por la C\u00e1mara de Diputados mexiquense, pretende ser un experimento para luego replicarla en otras entidades federativas, acusaron activistas.<\/p>\n<p>Jos\u00e9 Antonio Lara Duque, abogado y coordinador general del Centro de Derechos Humanos Zeferino Ladrillero (CDHZL), consider\u00f3 que \u201cla Ley no es ning\u00fan instrumento apegado a derechos humanos, pues lo \u00fanico que podr\u00eda dejar es que haya ejecuciones extrajudiciales. En especial, asesinatos contra personas defensoras de derechos humanos, y lo peor de todo, ser\u00e1n homicidios legalizados\u201d.<\/p>\n<p>\u201cNuestra valoraci\u00f3n [de varios frentes en defensa del territorio] es que esta Ley no es m\u00e1s que un experimento, el cual est\u00e1n intentado imponer en esta entidad [el Estado de M\u00e9xico], y si resulta lo van a intentar imponer en otras entidades del pa\u00eds, o incluso  a nivel federal. Y eso es bastante preocupante\u201d, expuso Lara.<\/p>\n<p>La llamada \u201cLey Atenco\u201d, bautizada as\u00ed por sus detractores, permite el uso \u201ccuando sea estrictamente inevitable\u201d de armas letales, y cuando el elemento considere que el tipo de resistencia civil lo amerita.<\/p>\n<p>De acuerdo con el CDHZL, esta Ley legaliza las ejecuciones extrajudiciales y quita responsabilidad a los altos mandos, tanto del Gobierno del Estado de M\u00e9xico, como de las corporaciones policiacas.<\/p>\n<p>Adem\u00e1s de tener como objetivo atacar a los movimientos que se oponen a las megaobras, como es el caso del Nuevo Aeropuerto Internacional de la Ciudad de M\u00e9xico (NAICM) o la carretera del Grupo Higa a la cual se oponen habitantes de la comunidad San Francisco Xochicuautla, denunciaron activistas.<\/p>\n<p>\u201cLa denominada \u2018Ley Atenco\u2019 tiene como destinatarios a las personas, pueblos y organizaciones que han venido defendiendo la tierra, el territorio y los bienes naturales en la entidad. Por eso son ellos quienes ya se est\u00e1n articulando para echar abajo esta ley con tintes represivos y que viola los derechos humanos\u201d, dijo Lara Duque.<\/p>\n<p>La Ley fue avalada en lo general por la mayor\u00eda de los legisladores mexiquenses, y con el voto en contra de la bancada del partido Movimiento Regeneraci\u00f3n Nacional (Morena), quien argument\u00f3 que esta legislaci\u00f3n avala el uso excesivo de la fuerza en el Estado de M\u00e9xico, y que incluso, \u00e9sta es mucho m\u00e1s grave que la \u201cLey Bala\u201d, que fue aprobada en Puebla y revocada luego de la muerte de un menor durante un desalojo violento en la poblaci\u00f3n de Chalchihuapan, en 2014.<\/p>\n<p><a href=\"http:\/\/scriptid=infogram_0_los_tipos_de_agresiontitle=Lostiposdeagresi\u00f3nsrc=\/\/e.infogr.am\/js\/embed.js?rJdtype=text\/javascript\/script\"><script id=\"infogram_0_los_tipos_de_agresion\" title=\"Los tipos de agresi\u00f3n\" src=\"\/\/e.infogr.am\/js\/embed.js?rJd\" type=\"text\/javascript\"><\/script><\/a><\/p>\n<p>Cada resistencia puede ser contrarrestada, dependiendo su nivel, con: advertencias, sometimiento corporal, uso de equipo protector, bast\u00f3n PR-24, tolete o su equivalente, dispositivos que generan descargas el\u00e9ctricas, sustancias irritantes en aerosol y armas de fuego.<\/p>\n<p>\u201cCuando sea estrictamente inevitable para proteger la vida de las personas y la del elemento, \u00e9stos podr\u00e1n hacer uso intencional de armas letales. S\u00f3lo se emplear\u00e1n armas de fuego en defensa propia o de terceros, en caso de peligro inminente de muerte, lesiones graves o con el prop\u00f3sito de evitar la comisi\u00f3n de un delito particularmente grave que entra\u00f1e una seria amenaza para la vida o con el objeto de detener a una persona que represente ese peligro y oponga resistencia a su autoridad o por impedir su fuga, as\u00ed como en el caso de resultar insuficientes las medidas menos extremas para lograr dichos objetivos\u201d, detalla el art\u00edculo 8 de la normatividad.<\/p>\n<p>Esta legislaci\u00f3n busca definir los casos en los que las polic\u00edas mexiquenses podr\u00e1n intervenir para restablecer el orden en desalojos, embargos, adem\u00e1s en los centros de readaptaci\u00f3n social. La Ley detalla tambi\u00e9n que el uso de la fuerza p\u00fablica podr\u00e1 aplicarse en asambleas, reuniones o manifestaciones que se realicen en lugares p\u00fablicos y que se vuelvan violentas.<\/p>\n<p>EL OBJETIVO REPRESOR<\/p>\n<p>Ignacio del Valle Medina del Frente de Pueblos en Defensa de la Tierra (FPDT) inform\u00f3 que esta nueva ley de uso de la fuerza p\u00fablica es una medida para liberar los territorios donde existen proyectos o intereses empresariales.<\/p>\n<p>\u201cLo que quieren hacer es justificar la fuerza en actos de resistencia, reprimir los actos de denuncia\u201d, refiri\u00f3 Del Valle, quien estuvo preso en un penal de alta seguridad, por defender, durante el sexenio del panista Vicente Fox Quesada [200-2006], los terrenos de Atenco.<br \/>\nLa \u201cLey Atenco\u201d entrar\u00e1 en vigor luego de 90 d\u00edas de su publicaci\u00f3n en la Gaceta Oficial del Gobierno mexiquense \u2013acto concretado el pasado 18 de marzo\u2013; en esos 90 d\u00edas h\u00e1biles el Gobernador priista Eruvial \u00c1vila Villegas deber\u00e1 expedir el reglamento, y las instituciones de seguridad p\u00fablica tendr\u00e1n 180 d\u00edas para la capacitaci\u00f3n de los elementos, de acuerdo con los art\u00edculos transitorios.<\/p>\n<p>El Congreso del Estado de M\u00e9xico aval\u00f3 la iniciativa enviada por el Gobernador Eruviel \u00c1vila Villegas; sin embargo, organizaciones denunciaron que se trat\u00f3 de un acto de opacidad.<\/p>\n<p>\u201cLa aprobaci\u00f3n de esta Ley fue un ejercicio de opacidad y herm\u00e9tico a la sociedad. Lo primero que estamos se\u00f1alando es que el Congreso local y todos los partidos que lo conforman tienen una responsabilidad con la sociedad. Debieron hacer p\u00fablica la discusi\u00f3n de esta Ley para incorporar la sociedad desde antes. Aqu\u00ed el d\u00eda que se discuti\u00f3 se aprob\u00f3\u201d, expres\u00f3 Antonio Lara Duque.<\/p>\n<p>Por su parte, el Frente por la Libertad de Expresi\u00f3n y la Protesta Social consider\u00f3 que la aprobaci\u00f3n de la Ley abrir\u00eda la puerta a un uso de la fuerza arbitrario por parte de las autoridades, que amenaza a toda la sociedad mexiquense.<\/p>\n<p>\u201cContiene numerosas deficiencias, relacionados con la falta de definiciones precisas, la ausencia de mecanismos efectivos de rendici\u00f3n de cuentas, la inclusi\u00f3n de causales de uso de la fuerza que resultan excesivamente amplias, la ausencia de perspectiva de g\u00e9nero y la falta de persecuci\u00f3n efectiva de la tortura sexual, entre otras\u201d, refiri\u00f3 el Frente por medio de un comunicado.<\/p>\n<p>Dicha red, integrada por Art\u00edculo 19, el Centro de Derechos Humanos Fray Francisco de Vitoria, el Centro ProDH, Fundar Centro de An\u00e1lisis e Investigaci\u00f3n, el Instituto Mexicano de Derechos Humanos y Democracia, Propuesta C\u00edvica, Servicios y Asesor\u00eda para la Paz, y la Red Nacional Todos los Derechos para Todas y Todos, dijo que la \u201cLey Atenco\u201d amenaza tambi\u00e9n el ejercicio de la libertad de expresi\u00f3n y la protesta, al autorizar el uso de la fuerza frente a manifestaciones \u201cviolentas\u201d.<\/p>\n<p>\u201cSin embargo, las conductas violentas que pudieran producirse en el marco de una manifestaci\u00f3n son de car\u00e1cter y responsabilidad individuales, y como tal deben abordarse. En opini\u00f3n del Frente por la Libertad de Expresi\u00f3n y la Protesta Social, la calificaci\u00f3n de manifestaciones como violentas supone la criminalizaci\u00f3n de todas las personas participantes en una determinada manifestaci\u00f3n y podr\u00eda generar el incentivo perverso de generar deliberadamente incidentes violentos contra manifestaciones para legitimar la posterior represi\u00f3n policial\u201d, expuso.<\/p>\n<p><a href=\"http:\/\/www.sinembargo.mx\/24-03-2016\/1640180\" target=\"_blank\">http:\/\/www.sinembargo.mx\/24-03-2016\/1640180<\/a><\/p>\n","protected":false},"excerpt":{"rendered":"<p>Sergio Rinc\u00f3n Ciudad de M\u00e9xico, 24 de marzo (SinEmbargo).\u2013 La Ley que Regula el Uso de la Fuerza P\u00fablica en el Estado de M\u00e9xico, aprobada el pasado 17 de marzo &hellip; <a href=\"http:\/\/www.grieta.org.mx\/index.php\/2016\/03\/26\/grupos-civiles-alertan-que-la-ley-atenco-del-edomex-es-un-modelo-a-aplicar-en-todo-el-pais\/\" class=\"more-link\">Leer m\u00e1s<\/a><\/p>\n","protected":false},"author":2,"featured_media":21928,"comment_status":"closed","ping_status":"open","sticky":false,"template":"","format":"standard","meta":{"ngg_post_thumbnail":0,"_jetpack_newsletter_access":"","_jetpack_dont_email_post_to_subs":false,"_jetpack_newsletter_tier_id":0,"_jetpack_memberships_contains_paywalled_content":false,"_jetpack_memberships_contains_paid_content":false,"footnotes":""},"categories":[80],"tags":[92,130],"class_list":["post-5039","post","type-post","status-publish","format-standard","has-post-thumbnail","hentry","category-cintillo","tag-estado-de-mexico","tag-represion","entry"],"jetpack_featured_media_url":"http:\/\/www.grieta.org.mx\/wp-content\/uploads\/2018\/03\/14524434_1106112876131411_958039263622046936_o.jpg","jetpack_sharing_enabled":true,"jetpack_shortlink":"https:\/\/wp.me\/p7ZJR4-1jh","jetpack_likes_enabled":false,"jetpack-related-posts":[{"id":9908,"url":"http:\/\/www.grieta.org.mx\/index.php\/2016\/04\/05\/movilizaciones-en-toluca-frente-al-congreso-por-rechazo-a-la-ley-atenco\/","url_meta":{"origin":5039,"position":0},"title":"Movilizaciones en Toluca frente al Congreso por rechazo a la \u201cLey Atenco\u201d","author":"grieta","date":"5 abril, 2016","format":false,"excerpt":"* Lanzan invitaci\u00f3n mundial para visitar el Edom\u00e9x y comprobar la violaci\u00f3n sistem\u00e1tica de derechos humanos de las autoridades a los pueblos por imponer obras y despojaros de sus tierras y recursos TOLUCA, M\u00e9x. Organizaciones sociales que forman la alianza \u201cFuego de la Digna Resistencia\u201d se movilizaron hoy al Congreso\u2026","rel":"","context":"En &quot;CINTILLO&quot;","block_context":{"text":"CINTILLO","link":"http:\/\/www.grieta.org.mx\/index.php\/category\/cintillo\/"},"img":{"alt_text":"","src":"https:\/\/i0.wp.com\/www.grieta.org.mx\/wp-content\/uploads\/2018\/03\/14524434_1106112876131411_958039263622046936_o.jpg?resize=350%2C200","width":350,"height":200,"srcset":"https:\/\/i0.wp.com\/www.grieta.org.mx\/wp-content\/uploads\/2018\/03\/14524434_1106112876131411_958039263622046936_o.jpg?resize=350%2C200 1x, https:\/\/i0.wp.com\/www.grieta.org.mx\/wp-content\/uploads\/2018\/03\/14524434_1106112876131411_958039263622046936_o.jpg?resize=525%2C300 1.5x, https:\/\/i0.wp.com\/www.grieta.org.mx\/wp-content\/uploads\/2018\/03\/14524434_1106112876131411_958039263622046936_o.jpg?resize=700%2C400 2x"},"classes":[]},{"id":5060,"url":"http:\/\/www.grieta.org.mx\/index.php\/2016\/03\/23\/pronunciamiento-contra-la-nueva-ley-atenco\/","url_meta":{"origin":5039,"position":1},"title":"Pronunciamiento contra la nueva \u201cLey Atenco\u201d","author":"grieta","date":"23 marzo, 2016","format":false,"excerpt":"Ante la ?#?LeyAtenco? el Digno Fuego se posiciona. Ante la aprobaci\u00f3n de la llamada #LeyAtenco las personas, pueblos y organizaciones que conformamos el Fuego de la Digna Resistencia, manifestamos lo siguiente: Denunciamos la opacidad con que se condujo el Congreso Local del Estado de M\u00e9xico. Ning\u00fan partido pol\u00edtico se atrevi\u00f3\u2026","rel":"","context":"En &quot;CINTILLO&quot;","block_context":{"text":"CINTILLO","link":"http:\/\/www.grieta.org.mx\/index.php\/category\/cintillo\/"},"img":{"alt_text":"","src":"https:\/\/i0.wp.com\/www.grieta.org.mx\/wp-content\/uploads\/2018\/03\/14524434_1106112876131411_958039263622046936_o.jpg?resize=350%2C200","width":350,"height":200,"srcset":"https:\/\/i0.wp.com\/www.grieta.org.mx\/wp-content\/uploads\/2018\/03\/14524434_1106112876131411_958039263622046936_o.jpg?resize=350%2C200 1x, https:\/\/i0.wp.com\/www.grieta.org.mx\/wp-content\/uploads\/2018\/03\/14524434_1106112876131411_958039263622046936_o.jpg?resize=525%2C300 1.5x, https:\/\/i0.wp.com\/www.grieta.org.mx\/wp-content\/uploads\/2018\/03\/14524434_1106112876131411_958039263622046936_o.jpg?resize=700%2C400 2x"},"classes":[]},{"id":12127,"url":"http:\/\/www.grieta.org.mx\/index.php\/2016\/05\/11\/cientos-de-madres-marchan-por-una-ley-general-de-desaparicion\/","url_meta":{"origin":5039,"position":2},"title":"Cientos de madres marchan por una Ley General de Desaparici\u00f3n","author":"grieta","date":"11 mayo, 2016","format":false,"excerpt":"Daniela \u00c1lvarez C\u00e9sar Popoca Arturo Lara Es el quinto a\u00f1o consecutivo que se realiza esta marcha Fotograf\u00edas de Arturo Lara\/Somoselmedio.org Con la consigna \u201cPor una Ley General de Desaparici\u00f3n: SinLasFamiliasNo\u201d se llev\u00f3 a cabo en la Ciudad de M\u00e9xico la \u201cV Marcha de la Dignidad Nacional: madres buscando a sus\u2026","rel":"","context":"En &quot;cdmx&quot;","block_context":{"text":"cdmx","link":"http:\/\/www.grieta.org.mx\/index.php\/category\/cdmx\/"},"img":{"alt_text":"","src":"https:\/\/i0.wp.com\/www.grieta.org.mx\/wp-content\/uploads\/2018\/03\/14524434_1106112876131411_958039263622046936_o.jpg?resize=350%2C200","width":350,"height":200,"srcset":"https:\/\/i0.wp.com\/www.grieta.org.mx\/wp-content\/uploads\/2018\/03\/14524434_1106112876131411_958039263622046936_o.jpg?resize=350%2C200 1x, https:\/\/i0.wp.com\/www.grieta.org.mx\/wp-content\/uploads\/2018\/03\/14524434_1106112876131411_958039263622046936_o.jpg?resize=525%2C300 1.5x, https:\/\/i0.wp.com\/www.grieta.org.mx\/wp-content\/uploads\/2018\/03\/14524434_1106112876131411_958039263622046936_o.jpg?resize=700%2C400 2x"},"classes":[]},{"id":64911,"url":"http:\/\/www.grieta.org.mx\/index.php\/2022\/08\/17\/ley-de-manifestaciones-publicas-del-estado-de-aguascalientes-grave-retroceso-para-los-derechos-humanos-fleps\/","url_meta":{"origin":5039,"position":3},"title":"Ley de Manifestaciones P\u00fablicas del Estado de Aguascalientes grave retroceso para los derechos humanos: FLEPS","author":"grieta","date":"17 agosto, 2022","format":false,"excerpt":"Mary Borja\/Somos el medio 17 agosto 2022 La Ley de Manifestaciones P\u00fablicas del Estado de Aguascalientes, \u201ctransgrede flagrantemente los par\u00e1metros nacionales e internacionales en materia de derechos humanos, particularmente de los derechos a la libertad de expresi\u00f3n, asociaci\u00f3n, reuni\u00f3n y manifestaci\u00f3n p\u00fablica y pac\u00edfica\u00bb, asegura el FLEPS. El pasado 9\u2026","rel":"","context":"En &quot;Abuso policiaco y tortura en Aguascalientes&quot;","block_context":{"text":"Abuso policiaco y tortura en Aguascalientes","link":"http:\/\/www.grieta.org.mx\/index.php\/category\/noticias-nacionales\/aguascalientes\/tortura-en-aguascalientes\/"},"img":{"alt_text":"","src":"https:\/\/i0.wp.com\/www.grieta.org.mx\/wp-content\/uploads\/2022\/08\/Abuso-policiaca-manifestacion-8M-1.jpg?resize=350%2C200","width":350,"height":200,"srcset":"https:\/\/i0.wp.com\/www.grieta.org.mx\/wp-content\/uploads\/2022\/08\/Abuso-policiaca-manifestacion-8M-1.jpg?resize=350%2C200 1x, https:\/\/i0.wp.com\/www.grieta.org.mx\/wp-content\/uploads\/2022\/08\/Abuso-policiaca-manifestacion-8M-1.jpg?resize=525%2C300 1.5x, https:\/\/i0.wp.com\/www.grieta.org.mx\/wp-content\/uploads\/2022\/08\/Abuso-policiaca-manifestacion-8M-1.jpg?resize=700%2C400 2x"},"classes":[]},{"id":49471,"url":"http:\/\/www.grieta.org.mx\/index.php\/2020\/05\/13\/a-contracorriente-de-los-derechos-humanos-avanza-la-militarizacion-de-la-seguridad-publica-en-mexico\/","url_meta":{"origin":5039,"position":4},"title":"A contracorriente de los derechos humanos, avanza la militarizaci\u00f3n de la seguridad p\u00fablica en M\u00e9xico","author":"grieta","date":"13 mayo, 2020","format":false,"excerpt":"Tania Reneaum Panszi*\/Infobae 13 mayo 2020 Las personas que vivimos en M\u00e9xico merecemos una explicaci\u00f3n sobre una decisi\u00f3n tan trascendental, sobre todo cuando el Ejecutivo rinde, a diario, cuentas de sus acciones Cuartoscuro Nos tuvimos que enterar por un decreto, publicado en el Diario Oficial de la Federaci\u00f3n el 11\u2026","rel":"","context":"En &quot;CINTILLO&quot;","block_context":{"text":"CINTILLO","link":"http:\/\/www.grieta.org.mx\/index.php\/category\/cintillo\/"},"img":{"alt_text":"","src":"https:\/\/i0.wp.com\/www.grieta.org.mx\/wp-content\/uploads\/2020\/05\/cuartoscuro_731745_digital-1.jpeg?resize=350%2C200","width":350,"height":200,"srcset":"https:\/\/i0.wp.com\/www.grieta.org.mx\/wp-content\/uploads\/2020\/05\/cuartoscuro_731745_digital-1.jpeg?resize=350%2C200 1x, https:\/\/i0.wp.com\/www.grieta.org.mx\/wp-content\/uploads\/2020\/05\/cuartoscuro_731745_digital-1.jpeg?resize=525%2C300 1.5x, https:\/\/i0.wp.com\/www.grieta.org.mx\/wp-content\/uploads\/2020\/05\/cuartoscuro_731745_digital-1.jpeg?resize=700%2C400 2x"},"classes":[]},{"id":12986,"url":"http:\/\/www.grieta.org.mx\/index.php\/2016\/05\/25\/ciudad-de-mexico-estado-de-sitio-de-facto-impiden-manifestarse-a-profes\/","url_meta":{"origin":5039,"position":5},"title":"Ciudad de M\u00e9xico: Estado de sitio de facto, impiden manifestarse a profes","author":"grieta","date":"25 mayo, 2016","format":false,"excerpt":"Ciudad de M\u00e9xico, 25 de mayo de 2016.- Desde la ma\u00f1ana se reporta un estado de sitio de facto que mediante retenes en todas las entradas de la ciudad impide el ingreso de contingentes de maestros y maestras que marchar\u00edan hoy del Hemiciclo a Ju\u00e1rez a Gobernaci\u00f3n, dentro de las\u2026","rel":"","context":"En &quot;cdmx&quot;","block_context":{"text":"cdmx","link":"http:\/\/www.grieta.org.mx\/index.php\/category\/cdmx\/"},"img":{"alt_text":"","src":"https:\/\/i0.wp.com\/www.grieta.org.mx\/wp-content\/uploads\/2018\/03\/14524434_1106112876131411_958039263622046936_o.jpg?resize=350%2C200","width":350,"height":200,"srcset":"https:\/\/i0.wp.com\/www.grieta.org.mx\/wp-content\/uploads\/2018\/03\/14524434_1106112876131411_958039263622046936_o.jpg?resize=350%2C200 1x, https:\/\/i0.wp.com\/www.grieta.org.mx\/wp-content\/uploads\/2018\/03\/14524434_1106112876131411_958039263622046936_o.jpg?resize=525%2C300 1.5x, https:\/\/i0.wp.com\/www.grieta.org.mx\/wp-content\/uploads\/2018\/03\/14524434_1106112876131411_958039263622046936_o.jpg?resize=700%2C400 2x"},"classes":[]}],"_links":{"self":[{"href":"http:\/\/www.grieta.org.mx\/index.php\/wp-json\/wp\/v2\/posts\/5039","targetHints":{"allow":["GET"]}}],"collection":[{"href":"http:\/\/www.grieta.org.mx\/index.php\/wp-json\/wp\/v2\/posts"}],"about":[{"href":"http:\/\/www.grieta.org.mx\/index.php\/wp-json\/wp\/v2\/types\/post"}],"author":[{"embeddable":true,"href":"http:\/\/www.grieta.org.mx\/index.php\/wp-json\/wp\/v2\/users\/2"}],"replies":[{"embeddable":true,"href":"http:\/\/www.grieta.org.mx\/index.php\/wp-json\/wp\/v2\/comments?post=5039"}],"version-history":[{"count":1,"href":"http:\/\/www.grieta.org.mx\/index.php\/wp-json\/wp\/v2\/posts\/5039\/revisions"}],"predecessor-version":[{"id":5052,"href":"http:\/\/www.grieta.org.mx\/index.php\/wp-json\/wp\/v2\/posts\/5039\/revisions\/5052"}],"wp:featuredmedia":[{"embeddable":true,"href":"http:\/\/www.grieta.org.mx\/index.php\/wp-json\/wp\/v2\/media\/21928"}],"wp:attachment":[{"href":"http:\/\/www.grieta.org.mx\/index.php\/wp-json\/wp\/v2\/media?parent=5039"}],"wp:term":[{"taxonomy":"category","embeddable":true,"href":"http:\/\/www.grieta.org.mx\/index.php\/wp-json\/wp\/v2\/categories?post=5039"},{"taxonomy":"post_tag","embeddable":true,"href":"http:\/\/www.grieta.org.mx\/index.php\/wp-json\/wp\/v2\/tags?post=5039"}],"curies":[{"name":"wp","href":"https:\/\/api.w.org\/{rel}","templated":true}]}}