{"id":50380,"date":"2020-06-04T12:41:20","date_gmt":"2020-06-04T17:41:20","guid":{"rendered":"http:\/\/www.grieta.org.mx\/?p=50380"},"modified":"2020-06-06T12:48:23","modified_gmt":"2020-06-06T17:48:23","slug":"van-ongs-por-inconstitucionalidad-de-nueva-ley-de-educacion-de-aguascalientes","status":"publish","type":"post","link":"http:\/\/www.grieta.org.mx\/index.php\/2020\/06\/04\/van-ongs-por-inconstitucionalidad-de-nueva-ley-de-educacion-de-aguascalientes\/","title":{"rendered":"Van ONG\u00b4s por inconstitucionalidad de nueva Ley de Educaci\u00f3n de Aguascalientes"},"content":{"rendered":"<p>Alejandro Romo\/Newsweek Aguascalientes<br \/>\n4 junio 2020<\/p>\n<p><img loading=\"lazy\" decoding=\"async\" data-attachment-id=\"50381\" data-permalink=\"http:\/\/www.grieta.org.mx\/index.php\/2020\/06\/04\/van-ongs-por-inconstitucionalidad-de-nueva-ley-de-educacion-de-aguascalientes\/clases-escuela\/\" data-orig-file=\"http:\/\/www.grieta.org.mx\/wp-content\/uploads\/2020\/06\/clases-escuela.jpg\" data-orig-size=\"675,450\" data-comments-opened=\"0\" data-image-meta=\"{&quot;aperture&quot;:&quot;0&quot;,&quot;credit&quot;:&quot;&quot;,&quot;camera&quot;:&quot;&quot;,&quot;caption&quot;:&quot;&quot;,&quot;created_timestamp&quot;:&quot;0&quot;,&quot;copyright&quot;:&quot;&quot;,&quot;focal_length&quot;:&quot;0&quot;,&quot;iso&quot;:&quot;0&quot;,&quot;shutter_speed&quot;:&quot;0&quot;,&quot;title&quot;:&quot;&quot;,&quot;orientation&quot;:&quot;1&quot;}\" data-image-title=\"clases-escuela\" data-image-description=\"\" data-image-caption=\"\" data-medium-file=\"http:\/\/www.grieta.org.mx\/wp-content\/uploads\/2020\/06\/clases-escuela-300x200.jpg\" data-large-file=\"http:\/\/www.grieta.org.mx\/wp-content\/uploads\/2020\/06\/clases-escuela.jpg\" src=\"http:\/\/www.grieta.org.mx\/wp-content\/uploads\/2020\/06\/clases-escuela.jpg\" alt=\"\" width=\"675\" height=\"450\" class=\"aligncenter size-full wp-image-50381\" srcset=\"http:\/\/www.grieta.org.mx\/wp-content\/uploads\/2020\/06\/clases-escuela.jpg 675w, http:\/\/www.grieta.org.mx\/wp-content\/uploads\/2020\/06\/clases-escuela-300x200.jpg 300w\" sizes=\"auto, (max-width: 675px) 100vw, 675px\" \/><\/p>\n<p>Por unanimidad de todos los diputados locales y alejada de los reflectores medi\u00e1ticos, fue aprobada una nueva Ley de Educaci\u00f3n del Estado de Aguascalientes, en la que se destaca la aprobaci\u00f3n del \u201cpin parental\u201d, con lo que los padres de familia pueden tener la opci\u00f3n de autorizar el tipo de contenidos educativos que se imparten en las escuelas a sus hijos, principalmente los que tengan que ver con una carga ideol\u00f3gica o moral contraria a sus convicciones. <\/p>\n<p>Por lo anterior, m\u00e1s de 460 ciudadanos e integrantes de organizaciones no gubernamentales y colectivos a favor de los derechos humanos a nivel local se han pronunciado en contra de la reforma y a trav\u00e9s de una carta han solicitado a la Comisi\u00f3n de los Derechos Humanos del Estado de Aguascalientes (CDHEA) que interponga una acci\u00f3n de inconstitucionalidad a la Suprema Corte de Justicia de la Naci\u00f3n, a fin de echar abajo los cambios en la Ley de Educaci\u00f3n. <\/p>\n<p>En entrevista con Newsweek Aguascalientes la integrante de la Comunidad Feminista de Aguascalientes, Ang\u00e9lica Contreras, se\u00f1al\u00f3 que la carta fue entregada con la intenci\u00f3n de que el organismo garante de los derechos humanos en el estado recurra a la acci\u00f3n de inconstitucionalidad, a la que est\u00e1 facultada, tras considerar que el art\u00edculo 4\u00b0 de la nueva ley se contrapone al art\u00edculo 3\u00b0 de la Constituci\u00f3n Pol\u00edtica de los Estados Unidos Mexicanos, que indica que la educaci\u00f3n debe estar apegada a la perspectiva de g\u00e9nero. <\/p>\n<p>\u201cSiempre se tiene que pensar en garantizar el derecho superior del menor y en este caso implica su derecho a poder acceder a informaci\u00f3n, obviamente no quiere decir que a un ni\u00f1o de primero de primaria les van a ense\u00f1ar sexualidad como se la pueden ense\u00f1ar a un ni\u00f1o de tercero de secundaria, los planes de estudio y una correcta pedagog\u00eda se les puede ense\u00f1ar de formas diferentes\u201d. <\/p>\n<p>Dicho art\u00edculo se\u00f1ala lo siguiente: <\/p>\n<p>\u201cAsimismo la autoridad educativa estatal dar\u00e1 a conocer de manera previa a su impartici\u00f3n, los programas, cursos, talleres y actividades an\u00e1logas en rubros de moralidad, sexualidad y valores a los padres de familia a fin de que determinen su consentimiento con la asistencia de los educandos a los mismos, de conformidad con sus convicciones\u201d. <\/p>\n<p>La activista agreg\u00f3 que adem\u00e1s de contraponerse a la Carta Magna, la modificaci\u00f3n legislativa atenta contra algunos tratados internacionales que ha firmado M\u00e9xico, como el caso de la Convenci\u00f3n sobre los Derechos del Ni\u00f1o. <\/p>\n<p>\u201cYa la Suprema Corte de Justicia ya ha hablado sobre este tema, en donde dice que el derecho al acceso a la informaci\u00f3n de los menores de edad respecto a los temas de sexualidad, m\u00e9todos anticonceptivos, etc\u2026, es considerado parte del inter\u00e9s superior del menor y no genera un ambiente nocivo para su desarrollo, porque estos conocimientos son b\u00e1sicos para su salud y no se genera ning\u00fan tipo de violencia\u201d, coment\u00f3. <\/p>\n<p>Con la reforma, los legisladores colocaron un candado que podr\u00eda restringir el derecho de las ni\u00f1as, ni\u00f1os y adolescentes de Aguascalientes para tener acceso a una educaci\u00f3n plural, incluyente y acorde a sus derechos sexuales y reproductivos conforme a su edad, afirm\u00f3. <\/p>\n<p>\u201cLa reforma estuvo muy mal hecha porque la hicieron sin conocimiento de la sociedad civil, nadie nos enteramos hasta que un medio lo public\u00f3 y tuvimos que ver lo que hab\u00eda pasado y a partir de ah\u00ed nos sumamos como sociedad interesada a hacer observaciones que hicimos de esta ley y abonar a esta acci\u00f3n de inconstitucionalidad\u201d, asever\u00f3. <\/p>\n<p>La novel Ley de Educaci\u00f3n del Estado de Aguascalientes fue publicada en el Peri\u00f3dico Oficial del Estado el 25 de mayo, por lo que a partir de ese d\u00eda se tiene un plazo de 30 d\u00edas para la interposici\u00f3n de una acci\u00f3n de inconstitucionalidad por parte de la tercera parte del Congreso del Estado, de la Comisi\u00f3n de los Derechos Humanos del Estado (CDHEA) o de la Comisi\u00f3n Nacional de los Derechos Humanos (CNDH), instancia a donde las organizaciones podr\u00edan recurrir en caso de que a nivel local no proceda la solicitud, a\u00f1adi\u00f3 Ang\u00e9lica Contreras. <\/p>\n<p>\u201cAqu\u00ed lo que queremos es exigirle a la Comisi\u00f3n Estatal de Derechos Humanos que meta esta acci\u00f3n de inconstitucionalidad, porque no queremos brincarlos y que adem\u00e1s hagan su chamba, pero si vemos que no fructifica ir\u00edamos a la Comisi\u00f3n Nacional\u201d. Algunas de las organizaciones firmantes de la carta son: la Comunidad Feminista de Aguascalientes, el Centro de Capacitaci\u00f3n para el Desarrollo Comunitario (CECADEC), el Instituto Superior de Educaci\u00f3n Sexual (ISES), la Red por los Derechos de la Infancia en M\u00e9xico (REDIM), el Colectivo SerGay Aguascalientes, entre otras.<\/p>\n<p><a href=\"https:\/\/newsweekespanol.com\/2020\/06\/van-ongs-por-inconstitucionalidad-de-nueva-ley-de-educacion-de-aguascalientes\/\" rel=\"noopener noreferrer\" target=\"_blank\">https:\/\/newsweekespanol.com\/2020\/06\/van-ongs-por-inconstitucionalidad-de-nueva-ley-de-educacion-de-aguascalientes\/<\/a><\/p>\n","protected":false},"excerpt":{"rendered":"<p>Alejandro Romo\/Newsweek Aguascalientes 4 junio 2020 Por unanimidad de todos los diputados locales y alejada de los reflectores medi\u00e1ticos, fue aprobada una nueva Ley de Educaci\u00f3n del Estado de Aguascalientes, &hellip; <a href=\"http:\/\/www.grieta.org.mx\/index.php\/2020\/06\/04\/van-ongs-por-inconstitucionalidad-de-nueva-ley-de-educacion-de-aguascalientes\/\" class=\"more-link\">Leer m\u00e1s<\/a><\/p>\n","protected":false},"author":2,"featured_media":50381,"comment_status":"closed","ping_status":"closed","sticky":false,"template":"","format":"standard","meta":{"ngg_post_thumbnail":0,"_jetpack_newsletter_access":"","_jetpack_dont_email_post_to_subs":false,"_jetpack_newsletter_tier_id":0,"_jetpack_memberships_contains_paywalled_content":false,"_jetpack_memberships_contains_paid_content":false,"footnotes":""},"categories":[4,80,916,2926,2,83],"tags":[3454,135,2444],"class_list":["post-50380","post","type-post","status-publish","format-standard","has-post-thumbnail","hentry","category-aguascalientes","category-cintillo","category-privatizacion-del-la-educacion-publica","category-crisis-de-la-educacion-publica-en-aguascalientes","category-noticias-nacionales","category-temas-nacionales","tag-crisis-de-la-educacion-publica","tag-reforma-educativa","tag-violacion-derechos-humanos","entry"],"jetpack_featured_media_url":"http:\/\/www.grieta.org.mx\/wp-content\/uploads\/2020\/06\/clases-escuela.jpg","jetpack_sharing_enabled":true,"jetpack_shortlink":"https:\/\/wp.me\/p7ZJR4-d6A","jetpack_likes_enabled":false,"jetpack-related-posts":[{"id":65172,"url":"http:\/\/www.grieta.org.mx\/index.php\/2022\/09\/09\/continuan-manifestaciones-de-docentes-de-11-dgetis-de-aguascalientes\/","url_meta":{"origin":50380,"position":0},"title":"CONTIN\u00daAN MANIFESTACIONES DE DOCENTES DE 11 DGETIS DE AGUASCALIENTES","author":"grieta","date":"9 septiembre, 2022","format":false,"excerpt":"Claudia Rodr\u00edguez Loera\/La Jornada Aguascalientes 9 septiembre 2022 Docentes trabajan bajo protesta para exigir su basificaci\u00f3n Se\u00f1alan varias arbitrariedades contra sus derechos laborales A partir de esta semana, docentes de 11 planteles adscritos a la Direcci\u00f3n General de Educaci\u00f3n Tecnol\u00f3gica Industrial y de Servicios (DGETI) del estado de Aguascalientes iniciaron\u2026","rel":"","context":"En &quot;Aguascalientes&quot;","block_context":{"text":"Aguascalientes","link":"http:\/\/www.grieta.org.mx\/index.php\/category\/noticias-nacionales\/aguascalientes\/"},"img":{"alt_text":"","src":"https:\/\/i0.wp.com\/www.grieta.org.mx\/wp-content\/uploads\/2022\/09\/10563567815_93d1e9f772_k-1024x678-1.webp?resize=350%2C200","width":350,"height":200,"srcset":"https:\/\/i0.wp.com\/www.grieta.org.mx\/wp-content\/uploads\/2022\/09\/10563567815_93d1e9f772_k-1024x678-1.webp?resize=350%2C200 1x, https:\/\/i0.wp.com\/www.grieta.org.mx\/wp-content\/uploads\/2022\/09\/10563567815_93d1e9f772_k-1024x678-1.webp?resize=525%2C300 1.5x, https:\/\/i0.wp.com\/www.grieta.org.mx\/wp-content\/uploads\/2022\/09\/10563567815_93d1e9f772_k-1024x678-1.webp?resize=700%2C400 2x"},"classes":[]},{"id":54804,"url":"http:\/\/www.grieta.org.mx\/index.php\/2020\/09\/22\/588-escuelas-de-tiempo-completo-en-aguascalientes-podrian-quedarse-sin-presupuesto\/","url_meta":{"origin":50380,"position":1},"title":"588 ESCUELAS DE TIEMPO COMPLETO EN AGUASCALIENTES PODR\u00cdAN QUEDARSE SIN PRESUPUESTO","author":"grieta","date":"22 septiembre, 2020","format":false,"excerpt":"Gabriel Soriano\/La Jornada Aguascalientes 22 septiembre 2020 Afectar\u00eda gravemente a las familias donde los padres tienen largas jornadas de trabajo Estudiantes se quedar\u00e1n sin acceso a materias extracurriculares y una alimentaci\u00f3n adecuada Posible eliminaci\u00f3n del programa de Escuelas de Tiempo Completo afectar\u00e1 gravemente a los padres que tienen largas jornadas\u2026","rel":"","context":"En &quot;Aguascalientes&quot;","block_context":{"text":"Aguascalientes","link":"http:\/\/www.grieta.org.mx\/index.php\/category\/noticias-nacionales\/aguascalientes\/"},"img":{"alt_text":"","src":"https:\/\/i0.wp.com\/www.grieta.org.mx\/wp-content\/uploads\/2020\/11\/escuelas-tiempo-completo.jpg?resize=350%2C200","width":350,"height":200},"classes":[]},{"id":40542,"url":"http:\/\/www.grieta.org.mx\/index.php\/2019\/10\/25\/son-espacios-violentos-secundarias-y-bachilleratos-de-aguascalientes\/","url_meta":{"origin":50380,"position":2},"title":"Son espacios violentos secundarias y bachilleratos de Aguascalientes","author":"grieta","date":"25 octubre, 2019","format":false,"excerpt":"Sandra Mac\u00edas\/Newsweek Aguascalientes 25 octubre 2019 Las secundarias en Aguascalientes son espacios violentos, lo reconocen padres de familia, maestros y los propios alumnos mientras que contin\u00faa la difusi\u00f3n de peleas de estudiantes apoyados incluso, por madres de familia videograbadas tambi\u00e9n. El propio Observatorio de Violencia Social y de G\u00e9nero ha\u2026","rel":"","context":"En &quot;Aguascalientes&quot;","block_context":{"text":"Aguascalientes","link":"http:\/\/www.grieta.org.mx\/index.php\/category\/noticias-nacionales\/aguascalientes\/"},"img":{"alt_text":"","src":"https:\/\/i0.wp.com\/www.grieta.org.mx\/wp-content\/uploads\/2019\/10\/PIXABAY-PIZARRON-750x530.jpg?resize=350%2C200","width":350,"height":200,"srcset":"https:\/\/i0.wp.com\/www.grieta.org.mx\/wp-content\/uploads\/2019\/10\/PIXABAY-PIZARRON-750x530.jpg?resize=350%2C200 1x, https:\/\/i0.wp.com\/www.grieta.org.mx\/wp-content\/uploads\/2019\/10\/PIXABAY-PIZARRON-750x530.jpg?resize=525%2C300 1.5x, https:\/\/i0.wp.com\/www.grieta.org.mx\/wp-content\/uploads\/2019\/10\/PIXABAY-PIZARRON-750x530.jpg?resize=700%2C400 2x"},"classes":[]},{"id":40545,"url":"http:\/\/www.grieta.org.mx\/index.php\/2019\/10\/21\/sin-propiedad-de-tierras-50-escuelas-de-aguascalientes\/","url_meta":{"origin":50380,"position":3},"title":"Sin propiedad de tierras 50 escuelas de Aguascalientes","author":"grieta","date":"21 octubre, 2019","format":false,"excerpt":"Alejandro Romo\/Newsweek Aguascalientes 21 octubre De las m\u00e1s de 2 mil escuelas de educaci\u00f3n b\u00e1sica y de educaci\u00f3n media superior de la entidad, en alrededor de 50 el Instituto de Educaci\u00f3n de Aguascalientes (IEA) no cuenta con la propiedad leg\u00edtima de los terrenos en donde se asientan los planteles, debido\u2026","rel":"","context":"En &quot;Aguascalientes&quot;","block_context":{"text":"Aguascalientes","link":"http:\/\/www.grieta.org.mx\/index.php\/category\/noticias-nacionales\/aguascalientes\/"},"img":{"alt_text":"","src":"https:\/\/i0.wp.com\/www.grieta.org.mx\/wp-content\/uploads\/2019\/10\/36975992530_8196075a9b_c-750x530-1.jpg?resize=350%2C200","width":350,"height":200,"srcset":"https:\/\/i0.wp.com\/www.grieta.org.mx\/wp-content\/uploads\/2019\/10\/36975992530_8196075a9b_c-750x530-1.jpg?resize=350%2C200 1x, https:\/\/i0.wp.com\/www.grieta.org.mx\/wp-content\/uploads\/2019\/10\/36975992530_8196075a9b_c-750x530-1.jpg?resize=525%2C300 1.5x, https:\/\/i0.wp.com\/www.grieta.org.mx\/wp-content\/uploads\/2019\/10\/36975992530_8196075a9b_c-750x530-1.jpg?resize=700%2C400 2x"},"classes":[]},{"id":40579,"url":"http:\/\/www.grieta.org.mx\/index.php\/2019\/10\/24\/van-diputados-contra-autonomia-de-la-uaa-aguascalientes\/","url_meta":{"origin":50380,"position":4},"title":"Van diputados contra autonom\u00eda de la UAA (Aguascalientes)","author":"grieta","date":"24 octubre, 2019","format":false,"excerpt":"Presentan iniciativa para controlar decisiones y manejo de recursos de la casa de estudios Mario Luis Ramos Rocha\/El Sol del Centro 24 octubre Diputados locales pretender terminar de tajo con la autonom\u00eda de la Universidad Aut\u00f3noma de Aguascalientes, al realizar cambios a la conformaci\u00f3n de su Junta de Gobierno y\u2026","rel":"","context":"En &quot;Aguascalientes&quot;","block_context":{"text":"Aguascalientes","link":"http:\/\/www.grieta.org.mx\/index.php\/category\/noticias-nacionales\/aguascalientes\/"},"img":{"alt_text":"","src":"https:\/\/i0.wp.com\/www.grieta.org.mx\/wp-content\/uploads\/2019\/10\/Universidad-Aut%C3%B3noma-de-Aguascalientes-calcetines.jpg?resize=350%2C200","width":350,"height":200,"srcset":"https:\/\/i0.wp.com\/www.grieta.org.mx\/wp-content\/uploads\/2019\/10\/Universidad-Aut%C3%B3noma-de-Aguascalientes-calcetines.jpg?resize=350%2C200 1x, https:\/\/i0.wp.com\/www.grieta.org.mx\/wp-content\/uploads\/2019\/10\/Universidad-Aut%C3%B3noma-de-Aguascalientes-calcetines.jpg?resize=525%2C300 1.5x, https:\/\/i0.wp.com\/www.grieta.org.mx\/wp-content\/uploads\/2019\/10\/Universidad-Aut%C3%B3noma-de-Aguascalientes-calcetines.jpg?resize=700%2C400 2x"},"classes":[]},{"id":41240,"url":"http:\/\/www.grieta.org.mx\/index.php\/2019\/11\/05\/recurso-es-insuficiente-para-mantenimiento-de-escuelas-de-aguascalientes\/","url_meta":{"origin":50380,"position":5},"title":"Recurso es insuficiente para mantenimiento de escuelas de Aguascalientes","author":"grieta","date":"5 noviembre, 2019","format":false,"excerpt":"Adrian Javier Flores Nieves\/La Jornada Aguascalientes 5 noviembre 2019 En el Paquete Econ\u00f3mico vienen etiquetados s\u00f3lo 75 mil pesos para mantenimiento de escuelas; Ra\u00fal Silva Perezchica lamenta la insuficiencia del recurso En Aguascalientes, el promedio de edad de las escuelas es de 40 a\u00f1os Actualmente 250 escuelas requieren mantenimiento, no\u2026","rel":"","context":"En &quot;Aguascalientes&quot;","block_context":{"text":"Aguascalientes","link":"http:\/\/www.grieta.org.mx\/index.php\/category\/noticias-nacionales\/aguascalientes\/"},"img":{"alt_text":"","src":"https:\/\/i0.wp.com\/www.grieta.org.mx\/wp-content\/uploads\/2019\/11\/esc.jpg?resize=350%2C200","width":350,"height":200,"srcset":"https:\/\/i0.wp.com\/www.grieta.org.mx\/wp-content\/uploads\/2019\/11\/esc.jpg?resize=350%2C200 1x, https:\/\/i0.wp.com\/www.grieta.org.mx\/wp-content\/uploads\/2019\/11\/esc.jpg?resize=525%2C300 1.5x, https:\/\/i0.wp.com\/www.grieta.org.mx\/wp-content\/uploads\/2019\/11\/esc.jpg?resize=700%2C400 2x"},"classes":[]}],"_links":{"self":[{"href":"http:\/\/www.grieta.org.mx\/index.php\/wp-json\/wp\/v2\/posts\/50380","targetHints":{"allow":["GET"]}}],"collection":[{"href":"http:\/\/www.grieta.org.mx\/index.php\/wp-json\/wp\/v2\/posts"}],"about":[{"href":"http:\/\/www.grieta.org.mx\/index.php\/wp-json\/wp\/v2\/types\/post"}],"author":[{"embeddable":true,"href":"http:\/\/www.grieta.org.mx\/index.php\/wp-json\/wp\/v2\/users\/2"}],"replies":[{"embeddable":true,"href":"http:\/\/www.grieta.org.mx\/index.php\/wp-json\/wp\/v2\/comments?post=50380"}],"version-history":[{"count":1,"href":"http:\/\/www.grieta.org.mx\/index.php\/wp-json\/wp\/v2\/posts\/50380\/revisions"}],"predecessor-version":[{"id":50382,"href":"http:\/\/www.grieta.org.mx\/index.php\/wp-json\/wp\/v2\/posts\/50380\/revisions\/50382"}],"wp:featuredmedia":[{"embeddable":true,"href":"http:\/\/www.grieta.org.mx\/index.php\/wp-json\/wp\/v2\/media\/50381"}],"wp:attachment":[{"href":"http:\/\/www.grieta.org.mx\/index.php\/wp-json\/wp\/v2\/media?parent=50380"}],"wp:term":[{"taxonomy":"category","embeddable":true,"href":"http:\/\/www.grieta.org.mx\/index.php\/wp-json\/wp\/v2\/categories?post=50380"},{"taxonomy":"post_tag","embeddable":true,"href":"http:\/\/www.grieta.org.mx\/index.php\/wp-json\/wp\/v2\/tags?post=50380"}],"curies":[{"name":"wp","href":"https:\/\/api.w.org\/{rel}","templated":true}]}}