{"id":50376,"date":"2020-06-04T12:14:34","date_gmt":"2020-06-04T17:14:34","guid":{"rendered":"http:\/\/www.grieta.org.mx\/?p=50376"},"modified":"2020-06-06T20:20:40","modified_gmt":"2020-06-07T01:20:40","slug":"nissan-despide-300-personas-en-aguascalientes","status":"publish","type":"post","link":"http:\/\/www.grieta.org.mx\/index.php\/2020\/06\/04\/nissan-despide-300-personas-en-aguascalientes\/","title":{"rendered":"Nissan despide 300 personas en Aguascalientes"},"content":{"rendered":"<p>Jennifer Gonz\u00e1lez\/Expansi\u00f3n<br \/>\n4 junio 2020<\/p>\n<blockquote><p>500 personas dejar\u00e1n de trabajar en la planta de Nissan y en el sector de autopartes a partir de este lunes, informaron organizaciones sindicales.<\/p><\/blockquote>\n<p><img loading=\"lazy\" decoding=\"async\" data-attachment-id=\"50377\" data-permalink=\"http:\/\/www.grieta.org.mx\/index.php\/2020\/06\/04\/nissan-despide-300-personas-en-aguascalientes\/autopartes\/\" data-orig-file=\"http:\/\/www.grieta.org.mx\/wp-content\/uploads\/2020\/06\/autopartes.jpg\" data-orig-size=\"1800,1131\" data-comments-opened=\"0\" data-image-meta=\"{&quot;aperture&quot;:&quot;0&quot;,&quot;credit&quot;:&quot;&quot;,&quot;camera&quot;:&quot;&quot;,&quot;caption&quot;:&quot;&quot;,&quot;created_timestamp&quot;:&quot;0&quot;,&quot;copyright&quot;:&quot;&quot;,&quot;focal_length&quot;:&quot;0&quot;,&quot;iso&quot;:&quot;0&quot;,&quot;shutter_speed&quot;:&quot;0&quot;,&quot;title&quot;:&quot;&quot;,&quot;orientation&quot;:&quot;0&quot;}\" data-image-title=\"autopartes\" data-image-description=\"\" data-image-caption=\"\" data-medium-file=\"http:\/\/www.grieta.org.mx\/wp-content\/uploads\/2020\/06\/autopartes-300x189.jpg\" data-large-file=\"http:\/\/www.grieta.org.mx\/wp-content\/uploads\/2020\/06\/autopartes-1024x643.jpg\" class=\"aligncenter wp-image-50377\" src=\"http:\/\/www.grieta.org.mx\/wp-content\/uploads\/2020\/06\/autopartes.jpg\" alt=\"\" width=\"800\" height=\"503\" srcset=\"http:\/\/www.grieta.org.mx\/wp-content\/uploads\/2020\/06\/autopartes.jpg 1800w, http:\/\/www.grieta.org.mx\/wp-content\/uploads\/2020\/06\/autopartes-300x189.jpg 300w, http:\/\/www.grieta.org.mx\/wp-content\/uploads\/2020\/06\/autopartes-768x483.jpg 768w, http:\/\/www.grieta.org.mx\/wp-content\/uploads\/2020\/06\/autopartes-1024x643.jpg 1024w, http:\/\/www.grieta.org.mx\/wp-content\/uploads\/2020\/06\/autopartes-796x500.jpg 796w\" sizes=\"auto, (max-width: 800px) 100vw, 800px\" \/><br \/>\nM\u00e9xico es el mayor proveedor de partes y componentes automotrices para Estados Unidos. (gerenme\/Getty Images\/iStockphoto)<\/p>\n<p>La armadora japonesa Nissan, que emplea a 7,800 personas en sus plantas A1, A2 y Compas \u2014que opera junto a Daimler\u2014, despedir\u00e1 a 300 personas a partir del pr\u00f3ximo lunes 8 de junio, mientras que sus proveedoras dejar\u00e1n ir a otros 200, detall\u00f3 este jueves el l\u00edder de la CTM en el estado, Alfredo Gonz\u00e1lez Gonz\u00e1lez.<\/p>\n<p>\u201cYa no pudimos soportar las negociaciones con las empresas a efecto de que mantuvieran la misma plantilla y, desafortunadamente, van a aparecer los ajustes de personal. Se tratar\u00e1 de que sean los menos posibles los trabajadores afectados, que esperamos que sea por breve tiempo para volverlos a recontratar\u201d, dijo Gonz\u00e1lez en un video enviado a los reporteros.<\/p>\n<p>Estos recortes, que podr\u00edan no ser los \u00faltimos, se suman a los 7,800 empleos que se han perdido en Aguascalientes entre enero y abril de este a\u00f1o.<\/p>\n<p>La armadora nipona registr\u00f3 un repunte mensual de 26.4% en sus ventas durante mayo, de acuerdo con el INEGI y la Asociaci\u00f3n Mexicana de Distribuidores Automotrices, pero no fue suficiente para compensar la tasa anual de ventas. En comparaci\u00f3n con 2019, su retroceso fue de 55.8%.<\/p>\n<p>Gonz\u00e1lez Gonz\u00e1lez puntualiz\u00f3 que estos ajustes son efecto de la crisis econ\u00f3mica provocada por la pandemia, que oblig\u00f3 a la industria a parar actividad dos meses.<\/p>\n<p>Las plantas de Nissan en Aguascalientes reanudaron actividades el pasado 25 de mayo, en tanto que algunos de sus proveedores lo hicieron una semana antes.<\/p>\n<p>El l\u00edder de la CTM en el estado afirm\u00f3 que, hasta este d\u00eda, no se hab\u00eda notificado la implementaci\u00f3n de otro paro t\u00e9cnico. La versi\u00f3n de que habr\u00eda uno a finales de junio se difundi\u00f3 en medios locales, pero no ha sido confirmada por le empresa.<\/p>\n<p><a href=\"https:\/\/expansion.mx\/economia\/2020\/06\/04\/la-industria-automotriz-de-aguascalientes-pierde-empleos\" target=\"_blank\" rel=\"noopener noreferrer\">https:\/\/expansion.mx\/economia\/2020\/06\/04\/la-industria-automotriz-de-aguascalientes-pierde-empleos<\/a><\/p>\n","protected":false},"excerpt":{"rendered":"<p>Jennifer Gonz\u00e1lez\/Expansi\u00f3n 4 junio 2020 500 personas dejar\u00e1n de trabajar en la planta de Nissan y en el sector de autopartes a partir de este lunes, informaron organizaciones sindicales. M\u00e9xico &hellip; <a href=\"http:\/\/www.grieta.org.mx\/index.php\/2020\/06\/04\/nissan-despide-300-personas-en-aguascalientes\/\" class=\"more-link\">Leer m\u00e1s<\/a><\/p>\n","protected":false},"author":2,"featured_media":50377,"comment_status":"closed","ping_status":"closed","sticky":false,"template":"","format":"standard","meta":{"ngg_post_thumbnail":0,"_jetpack_newsletter_access":"","_jetpack_dont_email_post_to_subs":false,"_jetpack_newsletter_tier_id":0,"_jetpack_memberships_contains_paywalled_content":false,"_jetpack_memberships_contains_paid_content":false,"footnotes":""},"categories":[80,3290,910,1373,2,83],"tags":[3241,163,2841,2003,3132,1957],"class_list":["post-50376","post","type-post","status-publish","format-standard","has-post-thumbnail","hentry","category-cintillo","category-covid-19-en-aguascalientes","category-explotacion-y-precariedad-laboral","category-explotacion-y-precariedad-laboral-en-aguascalientes","category-noticias-nacionales","category-temas-nacionales","tag-covid-19","tag-despidos","tag-explotacion-y-precariedad-laboral","tag-maquiladoras","tag-nissan","tag-trabajadores","entry"],"jetpack_featured_media_url":"http:\/\/www.grieta.org.mx\/wp-content\/uploads\/2020\/06\/autopartes.jpg","jetpack_sharing_enabled":true,"jetpack_shortlink":"https:\/\/wp.me\/p7ZJR4-d6w","jetpack_likes_enabled":false,"jetpack-related-posts":[{"id":51268,"url":"http:\/\/www.grieta.org.mx\/index.php\/2020\/06\/16\/trabajadores-y-ex-empleados-protestan-en-planta-de-nissan-en-aguascalientes\/","url_meta":{"origin":50376,"position":0},"title":"Trabajadores y ex empleados protestan en planta de Nissan, en Aguascalientes","author":"grieta","date":"16 junio, 2020","format":false,"excerpt":"Liberto Ure\u00f1a\/Milenio 16 junio 2020 Los manifestantes impidieron el tr\u00e1nsito en la carretera 45 Sur; exigen libertad sindical, reajuste en salarios y horarios de funciones. Los manifestantes se instalaron frente a los accesos de la empresa en Aguascalientes. (Foto: Liberto Ure\u00f1a) Cerca de 100 trabajadores despedidos y algunos en activo\u2026","rel":"","context":"En &quot;Aguascalientes&quot;","block_context":{"text":"Aguascalientes","link":"http:\/\/www.grieta.org.mx\/index.php\/category\/noticias-nacionales\/aguascalientes\/"},"img":{"alt_text":"","src":"https:\/\/i0.wp.com\/www.grieta.org.mx\/wp-content\/uploads\/2020\/06\/manifestantes-instalaron-frente-accesos-empresa_0_27_1200_746.jpeg?resize=350%2C200","width":350,"height":200,"srcset":"https:\/\/i0.wp.com\/www.grieta.org.mx\/wp-content\/uploads\/2020\/06\/manifestantes-instalaron-frente-accesos-empresa_0_27_1200_746.jpeg?resize=350%2C200 1x, https:\/\/i0.wp.com\/www.grieta.org.mx\/wp-content\/uploads\/2020\/06\/manifestantes-instalaron-frente-accesos-empresa_0_27_1200_746.jpeg?resize=525%2C300 1.5x, https:\/\/i0.wp.com\/www.grieta.org.mx\/wp-content\/uploads\/2020\/06\/manifestantes-instalaron-frente-accesos-empresa_0_27_1200_746.jpeg?resize=700%2C400 2x"},"classes":[]},{"id":48445,"url":"http:\/\/www.grieta.org.mx\/index.php\/2020\/04\/08\/kia-y-nissan-prolongan-paro-tecnico-sin-garantia-del-100-de-salarios\/","url_meta":{"origin":50376,"position":1},"title":"KIA y Nissan prolongan paro t\u00e9cnico, sin garant\u00eda del 100% de salarios","author":"grieta","date":"8 abril, 2020","format":false,"excerpt":"Alex Osorio\/La Izquierda Diario 8 abril 2020 Dos de las grandes automotrices instaladas en el pa\u00eds, sostendr\u00e1n el paro t\u00e9cnico hasta el 30 de abril, la incertidumbre sobre el salario y los despidos se hace presente entre los trabajadores. En un comunicado del vicepresidente de Nissan Aguascalientes, Armando \u00c1vila, indic\u00f3\u2026","rel":"","context":"En &quot;Aguascalientes&quot;","block_context":{"text":"Aguascalientes","link":"http:\/\/www.grieta.org.mx\/index.php\/category\/noticias-nacionales\/aguascalientes\/"},"img":{"alt_text":"","src":"https:\/\/i0.wp.com\/www.grieta.org.mx\/wp-content\/uploads\/2020\/05\/nissan.png?resize=350%2C200","width":350,"height":200,"srcset":"https:\/\/i0.wp.com\/www.grieta.org.mx\/wp-content\/uploads\/2020\/05\/nissan.png?resize=350%2C200 1x, https:\/\/i0.wp.com\/www.grieta.org.mx\/wp-content\/uploads\/2020\/05\/nissan.png?resize=525%2C300 1.5x, https:\/\/i0.wp.com\/www.grieta.org.mx\/wp-content\/uploads\/2020\/05\/nissan.png?resize=700%2C400 2x"},"classes":[]},{"id":51398,"url":"http:\/\/www.grieta.org.mx\/index.php\/2020\/06\/25\/nissan-anuncia-200-despidos-en-su-planta-de-aguascalientes\/","url_meta":{"origin":50376,"position":2},"title":"Nissan anuncia 200 despidos en su planta de Aguascalientes","author":"grieta","date":"25 junio, 2020","format":false,"excerpt":"Redacci\u00f3n\/Infobae 25 junio 2020 Sin embargo, asegur\u00f3 que no aplazar\u00e1 sus planes de inversi\u00f3n en el pa\u00eds Foto: archivo La pandemia del COVID-19 sigue golpeando con fuerza a la econom\u00eda mexicana. Este jueves, la automotriz japonesa Nissan anunci\u00f3 que despedir\u00e1 a 200 trabajadores de su planta ubicada en el estado\u2026","rel":"","context":"En &quot;Aguascalientes&quot;","block_context":{"text":"Aguascalientes","link":"http:\/\/www.grieta.org.mx\/index.php\/category\/noticias-nacionales\/aguascalientes\/"},"img":{"alt_text":"","src":"https:\/\/i0.wp.com\/www.grieta.org.mx\/wp-content\/uploads\/2020\/06\/Q72LI56ETJE4VBHT55T3P5IVEQ.jpg?resize=350%2C200","width":350,"height":200,"srcset":"https:\/\/i0.wp.com\/www.grieta.org.mx\/wp-content\/uploads\/2020\/06\/Q72LI56ETJE4VBHT55T3P5IVEQ.jpg?resize=350%2C200 1x, https:\/\/i0.wp.com\/www.grieta.org.mx\/wp-content\/uploads\/2020\/06\/Q72LI56ETJE4VBHT55T3P5IVEQ.jpg?resize=525%2C300 1.5x, https:\/\/i0.wp.com\/www.grieta.org.mx\/wp-content\/uploads\/2020\/06\/Q72LI56ETJE4VBHT55T3P5IVEQ.jpg?resize=700%2C400 2x"},"classes":[]},{"id":28058,"url":"http:\/\/www.grieta.org.mx\/index.php\/2018\/12\/19\/nissan-recorta-a-mil-trabajadores-en-aguascalientes-y-cuernavaca\/","url_meta":{"origin":50376,"position":3},"title":"Nissan recorta a mil trabajadores en Aguascalientes y Cuernavaca","author":"grieta","date":"19 diciembre, 2018","format":false,"excerpt":"AGUASCALIENTES, Ags., (apro).- La empresa automotriz Nissan Mexicana anunci\u00f3 un recorte de mil plazas en las plantas armadoras con las que cuenta, ubicadas en Aguascalientes y Cuernavaca, argumentando las cambiantes condiciones de mercado en M\u00e9xico y Estados Unidos. A trav\u00e9s de un comunicado oficial, Nissan explic\u00f3 que se ajustar\u00e1 a\u2026","rel":"","context":"En &quot;Aguascalientes&quot;","block_context":{"text":"Aguascalientes","link":"http:\/\/www.grieta.org.mx\/index.php\/category\/noticias-nacionales\/aguascalientes\/"},"img":{"alt_text":"","src":"https:\/\/i0.wp.com\/www.grieta.org.mx\/wp-content\/uploads\/2018\/03\/14524434_1106112876131411_958039263622046936_o.jpg?resize=350%2C200","width":350,"height":200,"srcset":"https:\/\/i0.wp.com\/www.grieta.org.mx\/wp-content\/uploads\/2018\/03\/14524434_1106112876131411_958039263622046936_o.jpg?resize=350%2C200 1x, https:\/\/i0.wp.com\/www.grieta.org.mx\/wp-content\/uploads\/2018\/03\/14524434_1106112876131411_958039263622046936_o.jpg?resize=525%2C300 1.5x, https:\/\/i0.wp.com\/www.grieta.org.mx\/wp-content\/uploads\/2018\/03\/14524434_1106112876131411_958039263622046936_o.jpg?resize=700%2C400 2x"},"classes":[]},{"id":49250,"url":"http:\/\/www.grieta.org.mx\/index.php\/2020\/04\/21\/en-aguascalientes-meseros-piden-ser-incluidos-en-apoyos-economicos\/","url_meta":{"origin":50376,"position":4},"title":"En Aguascalientes, meseros piden ser incluidos en apoyos econ\u00f3micos","author":"grieta","date":"21 abril, 2020","format":false,"excerpt":"Gabriel Soriano\/La Jornada Aguascalientes 21 abril 2020 Sin ingresos quedaron los meseros al prohibir la realizaci\u00f3n de eventos Gobierno del Estado prometi\u00f3 hacerle entrega a la brevedad de apoyos econ\u00f3micos Meseros que son contratados por eventos se manifiestan afuera del Palacio de Gobierno, pues ante la baja actividad en el\u2026","rel":"","context":"En &quot;Aguascalientes&quot;","block_context":{"text":"Aguascalientes","link":"http:\/\/www.grieta.org.mx\/index.php\/category\/noticias-nacionales\/aguascalientes\/"},"img":{"alt_text":"","src":"https:\/\/i0.wp.com\/www.grieta.org.mx\/wp-content\/uploads\/2020\/05\/48791281107_90b9f4861e_c.jpg?resize=350%2C200","width":350,"height":200,"srcset":"https:\/\/i0.wp.com\/www.grieta.org.mx\/wp-content\/uploads\/2020\/05\/48791281107_90b9f4861e_c.jpg?resize=350%2C200 1x, https:\/\/i0.wp.com\/www.grieta.org.mx\/wp-content\/uploads\/2020\/05\/48791281107_90b9f4861e_c.jpg?resize=525%2C300 1.5x, https:\/\/i0.wp.com\/www.grieta.org.mx\/wp-content\/uploads\/2020\/05\/48791281107_90b9f4861e_c.jpg?resize=700%2C400 2x"},"classes":[]},{"id":51585,"url":"http:\/\/www.grieta.org.mx\/index.php\/2020\/07\/05\/cierran-elektra-de-aguascalientes-por-brote-de-covid-19-entre-el-personal\/","url_meta":{"origin":50376,"position":5},"title":"Fallece trabajadora en Aguascalientes por brote de Covid-19 en Elektra","author":"grieta","date":"5 julio, 2020","format":false,"excerpt":"Redacci\u00f3n\/La Verdad 5 julio 2020 Uno de los empleados de Elektra de Aguascalientes falleci\u00f3 a causa del Covid-19; se detect\u00f3 un brote en el personal. Cierran Elektra de Aguascalientes por brote de Covid-19 entre el personal Una sucursal de Elektra de Aguascalientes cerr\u00f3 sus puertas temporalmente luego que se detect\u00f3\u2026","rel":"","context":"En &quot;Aguascalientes&quot;","block_context":{"text":"Aguascalientes","link":"http:\/\/www.grieta.org.mx\/index.php\/category\/noticias-nacionales\/aguascalientes\/"},"img":{"alt_text":"","src":"https:\/\/i0.wp.com\/www.grieta.org.mx\/wp-content\/uploads\/2020\/07\/elektra_aguascalientes.jpg_793492074.jpg?resize=350%2C200","width":350,"height":200,"srcset":"https:\/\/i0.wp.com\/www.grieta.org.mx\/wp-content\/uploads\/2020\/07\/elektra_aguascalientes.jpg_793492074.jpg?resize=350%2C200 1x, https:\/\/i0.wp.com\/www.grieta.org.mx\/wp-content\/uploads\/2020\/07\/elektra_aguascalientes.jpg_793492074.jpg?resize=525%2C300 1.5x, https:\/\/i0.wp.com\/www.grieta.org.mx\/wp-content\/uploads\/2020\/07\/elektra_aguascalientes.jpg_793492074.jpg?resize=700%2C400 2x"},"classes":[]}],"_links":{"self":[{"href":"http:\/\/www.grieta.org.mx\/index.php\/wp-json\/wp\/v2\/posts\/50376","targetHints":{"allow":["GET"]}}],"collection":[{"href":"http:\/\/www.grieta.org.mx\/index.php\/wp-json\/wp\/v2\/posts"}],"about":[{"href":"http:\/\/www.grieta.org.mx\/index.php\/wp-json\/wp\/v2\/types\/post"}],"author":[{"embeddable":true,"href":"http:\/\/www.grieta.org.mx\/index.php\/wp-json\/wp\/v2\/users\/2"}],"replies":[{"embeddable":true,"href":"http:\/\/www.grieta.org.mx\/index.php\/wp-json\/wp\/v2\/comments?post=50376"}],"version-history":[{"count":1,"href":"http:\/\/www.grieta.org.mx\/index.php\/wp-json\/wp\/v2\/posts\/50376\/revisions"}],"predecessor-version":[{"id":50464,"href":"http:\/\/www.grieta.org.mx\/index.php\/wp-json\/wp\/v2\/posts\/50376\/revisions\/50464"}],"wp:featuredmedia":[{"embeddable":true,"href":"http:\/\/www.grieta.org.mx\/index.php\/wp-json\/wp\/v2\/media\/50377"}],"wp:attachment":[{"href":"http:\/\/www.grieta.org.mx\/index.php\/wp-json\/wp\/v2\/media?parent=50376"}],"wp:term":[{"taxonomy":"category","embeddable":true,"href":"http:\/\/www.grieta.org.mx\/index.php\/wp-json\/wp\/v2\/categories?post=50376"},{"taxonomy":"post_tag","embeddable":true,"href":"http:\/\/www.grieta.org.mx\/index.php\/wp-json\/wp\/v2\/tags?post=50376"}],"curies":[{"name":"wp","href":"https:\/\/api.w.org\/{rel}","templated":true}]}}