{"id":5037,"date":"2015-07-22T02:23:07","date_gmt":"2015-07-22T02:23:07","guid":{"rendered":"http:\/\/50.22.11.12\/~grietaor\/?p=5037"},"modified":"2016-03-26T02:24:57","modified_gmt":"2016-03-26T02:24:57","slug":"cnte-mantiene-bloqueo-en-centro-de-oaxaca","status":"publish","type":"post","link":"http:\/\/www.grieta.org.mx\/index.php\/2015\/07\/22\/cnte-mantiene-bloqueo-en-centro-de-oaxaca\/","title":{"rendered":"CNTE mantiene bloqueo en Centro de Oaxaca"},"content":{"rendered":"<p>Integrantes de la Secci\u00f3n 22 del Sindicato Nacional de Trabajadores de la Educaci\u00f3n (SNTE) realizan unbloqueo en las calles aleda\u00f1as a su edificio sindical en el Centro Hist\u00f3rico de la ciudad de Oaxaca.<\/p>\n<p>El objetivo es resguardar la reuni\u00f3n de la dirigencia por lo que cerraron las calles de Armenta y L\u00f3pez, Guerrero e Hidalgo atravesando un autob\u00fas oficial del IEEPO.<\/p>\n<p>Luego del anuncio que hizo este martes el gobernador de Oaxaca, Gabino Cu\u00e9, acompa\u00f1ado del secretario de Educaci\u00f3n P\u00fablica, Emilio Chuayffet, y el vocero de la Presidencia, Eduardo S\u00e1nchez, de desaparecer el Instituto Estatal de Educaci\u00f3n P\u00fablica de Oaxaca, la dirigencia se encerr\u00f3 en su edificio sindical para realizar una reuni\u00f3n urgente.<\/p>\n<p>Los docentes anunciaron que continuar\u00edan este mi\u00e9rcoles con su encuentro por lo que mantienen cerradas estas calles, lo que afecta el tr\u00e1nsito en la zona, sobre todo esta temporada de festividades de la Guelaguetza en la que llegan una gran cantidad de visitantes a la ciudad de Oaxaca y zonas tur\u00edsticas.<\/p>\n<p>El dirigente de la Secci\u00f3n 22, Rub\u00e9n N\u00fa\u00f1ez, dijo este martes que dar\u00edan a conocer su plan de acci\u00f3n en respuesta a lo que llam\u00f3 \u201cuna traici\u00f3n al magisterio\u201d una vez que realicen su asamblea estatal que inicia este mi\u00e9rcoles.<\/p>\n<p>Asimismo, reportan que en el hotel del magisterio se est\u00e1n concentrando los delegados para participar en dicha asamblea.<\/p>\n<p><a href=\"http:\/\/www.eldiariodecoahuila.com.mx\/notas\/2015\/7\/22\/cnte-mantiene-bloqueo-centro-oaxaca-520623.asp\" target=\"_blank\">www.eldiariodecoahuila.com.mx\/notas\/2015\/7\/22\/cnte-mantiene-bloqueo-centro-oaxaca-520623.asp<\/a><\/p>\n","protected":false},"excerpt":{"rendered":"<p>Integrantes de la Secci\u00f3n 22 del Sindicato Nacional de Trabajadores de la Educaci\u00f3n (SNTE) realizan unbloqueo en las calles aleda\u00f1as a su edificio sindical en el Centro Hist\u00f3rico de la &hellip; <a href=\"http:\/\/www.grieta.org.mx\/index.php\/2015\/07\/22\/cnte-mantiene-bloqueo-en-centro-de-oaxaca\/\" class=\"more-link\">Leer m\u00e1s<\/a><\/p>\n","protected":false},"author":2,"featured_media":21928,"comment_status":"closed","ping_status":"open","sticky":false,"template":"","format":"standard","meta":{"ngg_post_thumbnail":0,"_jetpack_newsletter_access":"","_jetpack_dont_email_post_to_subs":false,"_jetpack_newsletter_tier_id":0,"_jetpack_memberships_contains_paywalled_content":false,"_jetpack_memberships_contains_paid_content":false,"footnotes":""},"categories":[80],"tags":[133,93,135],"class_list":["post-5037","post","type-post","status-publish","format-standard","has-post-thumbnail","hentry","category-cintillo","tag-maestros","tag-oaxaca","tag-reforma-educativa","entry"],"jetpack_featured_media_url":"http:\/\/www.grieta.org.mx\/wp-content\/uploads\/2018\/03\/14524434_1106112876131411_958039263622046936_o.jpg","jetpack_sharing_enabled":true,"jetpack_shortlink":"https:\/\/wp.me\/p7ZJR4-1jf","jetpack_likes_enabled":false,"jetpack-related-posts":[{"id":9383,"url":"http:\/\/www.grieta.org.mx\/index.php\/2016\/03\/17\/protestan-maestros-de-educacion-indigena-frente-al-ieepo\/","url_meta":{"origin":5037,"position":0},"title":"Protestan maestros de educaci\u00f3n ind\u00edgena frente al IEEPO","author":"grieta","date":"17 marzo, 2016","format":false,"excerpt":"Luis Jer\u00f3nimo, Oaxaca. OAXACA, Oax., 17 de marzo de 2016.- Maestros de educaci\u00f3n ind\u00edgena de Oaxaca de la Secci\u00f3n 22 del Sindicato Nacional de Trabajadores de la Educaci\u00f3n (SNTE) iniciaron este jueves un mitin frente a las oficinas del Instituto Estatal de Educaci\u00f3n P\u00fablica de Oaxaca (IEEPO) para protestar por\u2026","rel":"","context":"En &quot;CINTILLO&quot;","block_context":{"text":"CINTILLO","link":"http:\/\/www.grieta.org.mx\/index.php\/category\/cintillo\/"},"img":{"alt_text":"","src":"https:\/\/i0.wp.com\/www.grieta.org.mx\/wp-content\/uploads\/2018\/03\/14524434_1106112876131411_958039263622046936_o.jpg?resize=350%2C200","width":350,"height":200,"srcset":"https:\/\/i0.wp.com\/www.grieta.org.mx\/wp-content\/uploads\/2018\/03\/14524434_1106112876131411_958039263622046936_o.jpg?resize=350%2C200 1x, https:\/\/i0.wp.com\/www.grieta.org.mx\/wp-content\/uploads\/2018\/03\/14524434_1106112876131411_958039263622046936_o.jpg?resize=525%2C300 1.5x, https:\/\/i0.wp.com\/www.grieta.org.mx\/wp-content\/uploads\/2018\/03\/14524434_1106112876131411_958039263622046936_o.jpg?resize=700%2C400 2x"},"classes":[]},{"id":21073,"url":"http:\/\/www.grieta.org.mx\/index.php\/2016\/09\/05\/bloquean-docentes-accesos-a-las-oficinas-centrales-del-ieepo-oaxaca\/","url_meta":{"origin":5037,"position":1},"title":"Bloquean docentes accesos a las oficinas centrales del IEEPO (Oaxaca)","author":"grieta","date":"5 septiembre, 2016","format":false,"excerpt":"Quadrat\u00edn. Ernesto Rojas, Oaxaca.- Un grupo de maestros disidentes de la Secci\u00f3n 22 del SNTE bloquearon este lunes los accesos a las oficinas centrales del Instituto Estatal de Educaci\u00f3n P\u00fablica de Oaxaca (IEEPO). Seg\u00fan la convocatoria de la dirigencia magisterial, correspondi\u00f3 a profesores de los sectores Ca\u00f1ada, Tuxtepec, Istmo, Sierra\u2026","rel":"","context":"En &quot;CINTILLO&quot;","block_context":{"text":"CINTILLO","link":"http:\/\/www.grieta.org.mx\/index.php\/category\/cintillo\/"},"img":{"alt_text":"","src":"https:\/\/i0.wp.com\/www.grieta.org.mx\/wp-content\/uploads\/2018\/03\/14524434_1106112876131411_958039263622046936_o.jpg?resize=350%2C200","width":350,"height":200,"srcset":"https:\/\/i0.wp.com\/www.grieta.org.mx\/wp-content\/uploads\/2018\/03\/14524434_1106112876131411_958039263622046936_o.jpg?resize=350%2C200 1x, https:\/\/i0.wp.com\/www.grieta.org.mx\/wp-content\/uploads\/2018\/03\/14524434_1106112876131411_958039263622046936_o.jpg?resize=525%2C300 1.5x, https:\/\/i0.wp.com\/www.grieta.org.mx\/wp-content\/uploads\/2018\/03\/14524434_1106112876131411_958039263622046936_o.jpg?resize=700%2C400 2x"},"classes":[]},{"id":5031,"url":"http:\/\/www.grieta.org.mx\/index.php\/2015\/07\/21\/mexico-gobierno-federal-se-apropia-del-ieepo-para-golpear-a-la-seccion-xxii-de-oaxaca\/","url_meta":{"origin":5037,"position":2},"title":"Gobierno Federal se apropia del IEEPO para golpear a la Secci\u00f3n XXII de Oaxaca","author":"grieta","date":"21 julio, 2015","format":false,"excerpt":"Kaos en la Red. Redacci\u00f3n.-La ma\u00f1ana de este martes 21 de julio, el titular del gobierno de Oaxaca, Gabino Cu\u00e9 Monteagudo, junto al secretario de gobernaci\u00f3n, Emilio Chuayffet Chamor y el vocero de la Presidencia de la Rep\u00fablica, Eduardo S\u00e1nchez, anunciaron que el Instituto Estatal de Educaci\u00f3n P\u00fablica de Oaxaca\u2026","rel":"","context":"En &quot;CINTILLO&quot;","block_context":{"text":"CINTILLO","link":"http:\/\/www.grieta.org.mx\/index.php\/category\/cintillo\/"},"img":{"alt_text":"","src":"https:\/\/i0.wp.com\/www.grieta.org.mx\/wp-content\/uploads\/2018\/03\/14524434_1106112876131411_958039263622046936_o.jpg?resize=350%2C200","width":350,"height":200,"srcset":"https:\/\/i0.wp.com\/www.grieta.org.mx\/wp-content\/uploads\/2018\/03\/14524434_1106112876131411_958039263622046936_o.jpg?resize=350%2C200 1x, https:\/\/i0.wp.com\/www.grieta.org.mx\/wp-content\/uploads\/2018\/03\/14524434_1106112876131411_958039263622046936_o.jpg?resize=525%2C300 1.5x, https:\/\/i0.wp.com\/www.grieta.org.mx\/wp-content\/uploads\/2018\/03\/14524434_1106112876131411_958039263622046936_o.jpg?resize=700%2C400 2x"},"classes":[]},{"id":4853,"url":"http:\/\/www.grieta.org.mx\/index.php\/2015\/09\/26\/marcha-magisterio-de-oaxaca-por-ayotzinapa\/","url_meta":{"origin":5037,"position":3},"title":"Marcha magisterio de Oaxaca por Ayotzinapa","author":"grieta","date":"26 septiembre, 2015","format":false,"excerpt":"Carlos Torres, Oaxaca. Los reclamos de justicia sonaron en las calles Oaxaca, al cumplirse un a\u00f1o de la desaparici\u00f3n forzada de los 43 estudiantes de la Escuela Normal Rural \u201cRa\u00fal Isidro Burgos\u201d de Ayotzinapa, por lo que organizaciones sociales encabezadas por la secci\u00f3n 22 del Sindicato Nacional de trabajadores de\u2026","rel":"","context":"En &quot;CINTILLO&quot;","block_context":{"text":"CINTILLO","link":"http:\/\/www.grieta.org.mx\/index.php\/category\/cintillo\/"},"img":{"alt_text":"","src":"https:\/\/i0.wp.com\/www.grieta.org.mx\/wp-content\/uploads\/2018\/03\/14524434_1106112876131411_958039263622046936_o.jpg?resize=350%2C200","width":350,"height":200,"srcset":"https:\/\/i0.wp.com\/www.grieta.org.mx\/wp-content\/uploads\/2018\/03\/14524434_1106112876131411_958039263622046936_o.jpg?resize=350%2C200 1x, https:\/\/i0.wp.com\/www.grieta.org.mx\/wp-content\/uploads\/2018\/03\/14524434_1106112876131411_958039263622046936_o.jpg?resize=525%2C300 1.5x, https:\/\/i0.wp.com\/www.grieta.org.mx\/wp-content\/uploads\/2018\/03\/14524434_1106112876131411_958039263622046936_o.jpg?resize=700%2C400 2x"},"classes":[]},{"id":31905,"url":"http:\/\/www.grieta.org.mx\/index.php\/2019\/04\/09\/marcha-ejemplar-de-alumnos-del-ito-en-oaxaca\/","url_meta":{"origin":5037,"position":4},"title":"Marcha ejemplar de alumnos del ITO en Oaxaca","author":"grieta","date":"9 abril, 2019","format":false,"excerpt":"Noticias. Durante su recorrido, los alumnos \u2013vestidos con playeras de color blanco o naranja\u2013, recogieron botellas y envases de las calles. Octavio V\u00e9lez, De manera pac\u00edfica, cientos de estudiantes del ITO caminaron desde las instalaciones de esa instituci\u00f3n educativa hacia el atrio del templo de Santo Domingo de Guzm\u00e1n, para\u2026","rel":"","context":"En &quot;CINTILLO&quot;","block_context":{"text":"CINTILLO","link":"http:\/\/www.grieta.org.mx\/index.php\/category\/cintillo\/"},"img":{"alt_text":"","src":"https:\/\/i0.wp.com\/www.grieta.org.mx\/wp-content\/uploads\/2019\/04\/image_36_339.jpg?resize=350%2C200","width":350,"height":200,"srcset":"https:\/\/i0.wp.com\/www.grieta.org.mx\/wp-content\/uploads\/2019\/04\/image_36_339.jpg?resize=350%2C200 1x, https:\/\/i0.wp.com\/www.grieta.org.mx\/wp-content\/uploads\/2019\/04\/image_36_339.jpg?resize=525%2C300 1.5x, https:\/\/i0.wp.com\/www.grieta.org.mx\/wp-content\/uploads\/2019\/04\/image_36_339.jpg?resize=700%2C400 2x, https:\/\/i0.wp.com\/www.grieta.org.mx\/wp-content\/uploads\/2019\/04\/image_36_339.jpg?resize=1050%2C600 3x"},"classes":[]},{"id":29351,"url":"http:\/\/www.grieta.org.mx\/index.php\/2019\/02\/21\/ejecutan-a-dos-maestros-y-seccion-22-lanza-una-alerta-ante-crisis-de-seguridad-en-oaxaca\/","url_meta":{"origin":5037,"position":5},"title":"Ejecutan a dos maestros y Secci\u00f3n 22 lanza una alerta ante crisis de seguridad en Oaxaca","author":"grieta","date":"21 febrero, 2019","format":false,"excerpt":"P\u00e1gina 3. Pedro Mat\u00edas, Oaxaca, Oax.- \u201cEl magisterio oaxaque\u00f1o est\u00e1 de luto debido a la inseguridad que se adue\u00f1a cada vez m\u00e1s de nuestras regiones\u201d, afirm\u00f3 la Secci\u00f3n 22 del Sindicato Nacional de Trabajadores de la Educaci\u00f3n (SNTE-CNTE) al condenar los asesinatos de sus dirigentes en la regi\u00f3n de la\u2026","rel":"","context":"En &quot;CINTILLO&quot;","block_context":{"text":"CINTILLO","link":"http:\/\/www.grieta.org.mx\/index.php\/category\/cintillo\/"},"img":{"alt_text":"","src":"https:\/\/i0.wp.com\/www.grieta.org.mx\/wp-content\/uploads\/2019\/02\/thumbnail_IMG_7234.jpg?resize=350%2C200","width":350,"height":200,"srcset":"https:\/\/i0.wp.com\/www.grieta.org.mx\/wp-content\/uploads\/2019\/02\/thumbnail_IMG_7234.jpg?resize=350%2C200 1x, https:\/\/i0.wp.com\/www.grieta.org.mx\/wp-content\/uploads\/2019\/02\/thumbnail_IMG_7234.jpg?resize=525%2C300 1.5x"},"classes":[]}],"_links":{"self":[{"href":"http:\/\/www.grieta.org.mx\/index.php\/wp-json\/wp\/v2\/posts\/5037","targetHints":{"allow":["GET"]}}],"collection":[{"href":"http:\/\/www.grieta.org.mx\/index.php\/wp-json\/wp\/v2\/posts"}],"about":[{"href":"http:\/\/www.grieta.org.mx\/index.php\/wp-json\/wp\/v2\/types\/post"}],"author":[{"embeddable":true,"href":"http:\/\/www.grieta.org.mx\/index.php\/wp-json\/wp\/v2\/users\/2"}],"replies":[{"embeddable":true,"href":"http:\/\/www.grieta.org.mx\/index.php\/wp-json\/wp\/v2\/comments?post=5037"}],"version-history":[{"count":1,"href":"http:\/\/www.grieta.org.mx\/index.php\/wp-json\/wp\/v2\/posts\/5037\/revisions"}],"predecessor-version":[{"id":5038,"href":"http:\/\/www.grieta.org.mx\/index.php\/wp-json\/wp\/v2\/posts\/5037\/revisions\/5038"}],"wp:featuredmedia":[{"embeddable":true,"href":"http:\/\/www.grieta.org.mx\/index.php\/wp-json\/wp\/v2\/media\/21928"}],"wp:attachment":[{"href":"http:\/\/www.grieta.org.mx\/index.php\/wp-json\/wp\/v2\/media?parent=5037"}],"wp:term":[{"taxonomy":"category","embeddable":true,"href":"http:\/\/www.grieta.org.mx\/index.php\/wp-json\/wp\/v2\/categories?post=5037"},{"taxonomy":"post_tag","embeddable":true,"href":"http:\/\/www.grieta.org.mx\/index.php\/wp-json\/wp\/v2\/tags?post=5037"}],"curies":[{"name":"wp","href":"https:\/\/api.w.org\/{rel}","templated":true}]}}